{"id":1536,"date":"2026-01-03T07:03:18","date_gmt":"2026-01-03T07:03:18","guid":{"rendered":"https:\/\/bladnanews.com\/are-moroccan-fans-worried-about-facing-algeria-in-the-next-match\/"},"modified":"2026-01-03T07:03:18","modified_gmt":"2026-01-03T07:03:18","slug":"les-supporters-marocains-sont-ils-inquiets-a-lidee-daffronter-lalgerie-lors-du-prochain-match","status":"publish","type":"post","link":"https:\/\/bladnanews.com\/fr\/les-supporters-marocains-sont-ils-inquiets-a-lidee-daffronter-lalgerie-lors-du-prochain-match\/","title":{"rendered":"Les supporters marocains sont-ils inquiets \u00e0 l'id\u00e9e d'affronter l'Alg\u00e9rie lors du prochain match ?"},"content":{"rendered":"<p>Un court extrait partag\u00e9 sur les r\u00e9seaux sociaux a apport\u00e9 une r\u00e9ponse claire \u00e0 la question que beaucoup se posaient : les supporters marocains redoutent-ils une \u00e9ventuelle confrontation avec l'Alg\u00e9rie lors du prochain match ?<\/p>\n<p>Dans la vid\u00e9o, des supporters marocains ont \u00e9t\u00e9 interrog\u00e9s directement sur l'id\u00e9e d'affronter l'Alg\u00e9rie, et leur r\u00e9action a \u00e9t\u00e9 ferme. Les fans ont montr\u00e9 de la confiance plut\u00f4t que de la peur, insistant sur le fait qu'ils accueilleraient ce d\u00e9fi si le tirage au sort r\u00e9unissait les deux rivaux nord-africains.<\/p>\n<p>L'extrait s'est rapidement propag\u00e9 en ligne, car il abordait l'une des rencontres les plus sensibles et passionnantes de la r\u00e9gion. Un choc Maroc-Alg\u00e9rie est toujours charg\u00e9 d'\u00e9motion, mais le message des tribunes \u00e0 cet instant \u00e9tait simple : pas d'inqui\u00e9tude, seulement de la conviction.<\/p>\n<p>Les \u00e9changes dans la vid\u00e9o ont \u00e9galement refl\u00e9t\u00e9 la fa\u00e7on dont les supporters marocains per\u00e7oivent la force actuelle de leur \u00e9quipe, montrant clairement qu'ils pr\u00e9f\u00e8rent affronter n'importe quel adversaire, y compris l'Alg\u00e9rie, plut\u00f4t que d'\u00e9viter les grands matchs.<\/p>\n<p>Pour l'instant, ces images ont ajout\u00e9 du piment \u00e0 la pr\u00e9paration, les supporters \u00e9voquant d\u00e9j\u00e0 ce qui pourrait \u00eatre un affrontement colossal si les deux \u00e9quipes se rencontrent.<\/p>","protected":false},"excerpt":{"rendered":"<p>A short clip shared on social media has offered a clear answer to the question many have been asking: are [&hellip;]<\/p>\n","protected":false},"author":4,"featured_media":1535,"comment_status":"","ping_status":"open","sticky":false,"template":"","format":"standard","meta":{"googlesitekit_rrm_CAow_uzEDA:productID":"","site-sidebar-layout":"default","site-content-layout":"","ast-site-content-layout":"default","site-content-style":"default","site-sidebar-style":"default","ast-global-header-display":"","ast-banner-title-visibility":"","ast-main-header-display":"","ast-hfb-above-header-display":"","ast-hfb-below-header-display":"","ast-hfb-mobile-header-display":"","site-post-title":"","ast-breadcrumbs-content":"","ast-featured-img":"","footer-sml-layout":"","ast-disable-related-posts":"","theme-transparent-header-meta":"","adv-header-id-meta":"","stick-header-meta":"","header-above-stick-meta":"","header-main-stick-meta":"","header-below-stick-meta":"","astra-migrate-meta-layouts":"default","ast-page-background-enabled":"default","ast-page-background-meta":{"desktop":{"background-color":"var(--ast-global-color-5)","background-image":"","background-repeat":"repeat","background-position":"center center","background-size":"auto","background-attachment":"scroll","background-type":"","background-media":"","overlay-type":"","overlay-color":"","overlay-opacity":"","overlay-gradient":""},"tablet":{"background-color":"","background-image":"","background-repeat":"repeat","background-position":"center center","background-size":"auto","background-attachment":"scroll","background-type":"","background-media":"","overlay-type":"","overlay-color":"","overlay-opacity":"","overlay-gradient":""},"mobile":{"background-color":"","background-image":"","background-repeat":"repeat","background-position":"center center","background-size":"auto","background-attachment":"scroll","background-type":"","background-media":"","overlay-type":"","overlay-color":"","overlay-opacity":"","overlay-gradient":""}},"ast-content-background-meta":{"desktop":{"background-color":"var(--ast-global-color-4)","background-image":"","background-repeat":"repeat","background-position":"center center","background-size":"auto","background-attachment":"scroll","background-type":"","background-media":"","overlay-type":"","overlay-color":"","overlay-opacity":"","overlay-gradient":""},"tablet":{"background-color":"var(--ast-global-color-4)","background-image":"","background-repeat":"repeat","background-position":"center center","background-size":"auto","background-attachment":"scroll","background-type":"","background-media":"","overlay-type":"","overlay-color":"","overlay-opacity":"","overlay-gradient":""},"mobile":{"background-color":"var(--ast-global-color-4)","background-image":"","background-repeat":"repeat","background-position":"center center","background-size":"auto","background-attachment":"scroll","background-type":"","background-media":"","overlay-type":"","overlay-color":"","overlay-opacity":"","overlay-gradient":""}},"footnotes":""},"categories":[1,168],"tags":[],"class_list":["post-1536","post","type-post","status-publish","format-standard","has-post-thumbnail","hentry","category-football-latest-news","category-morocco-national-team"],"yoast_head":"<!-- This site is optimized with the Yoast SEO Premium plugin v26.6 (Yoast SEO v27.5) - https:\/\/yoast.com\/product\/yoast-seo-premium-wordpress\/ -->\n<title>Are Moroccan fans worried about facing Algeria in the next match - Bladna News<\/title>\n<meta name=\"robots\" content=\"index, follow, max-snippet:-1, max-image-preview:large, max-video-preview:-1\" \/>\n<link rel=\"canonical\" href=\"https:\/\/bladnanews.com\/fr\/les-supporters-marocains-sont-ils-inquiets-a-lidee-daffronter-lalgerie-lors-du-prochain-match\/\" \/>\n<meta property=\"og:locale\" content=\"fr_FR\" \/>\n<meta property=\"og:type\" content=\"article\" \/>\n<meta property=\"og:title\" content=\"Are Moroccan fans worried about facing Algeria in the next match\" \/>\n<meta property=\"og:description\" content=\"A short clip shared on social media has offered a clear answer to the question many have been asking: are [&hellip;]\" \/>\n<meta property=\"og:url\" content=\"https:\/\/bladnanews.com\/fr\/les-supporters-marocains-sont-ils-inquiets-a-lidee-daffronter-lalgerie-lors-du-prochain-match\/\" \/>\n<meta property=\"og:site_name\" content=\"Bladna News\" \/>\n<meta property=\"article:published_time\" content=\"2026-01-03T07:03:18+00:00\" \/>\n<meta property=\"og:image\" content=\"https:\/\/bladnanews.com\/wp-content\/uploads\/2026\/01\/Mahrez20Diaz.png.jpg\" \/>\n\t<meta property=\"og:image:width\" content=\"1920\" \/>\n\t<meta property=\"og:image:height\" content=\"1080\" \/>\n\t<meta property=\"og:image:type\" content=\"image\/jpeg\" \/>\n<meta name=\"author\" content=\"Bladna Sports Desk\" \/>\n<meta name=\"twitter:card\" content=\"summary_large_image\" \/>\n<meta name=\"twitter:label1\" content=\"\u00c9crit par\" \/>\n\t<meta name=\"twitter:data1\" content=\"Bladna Sports Desk\" \/>\n\t<meta name=\"twitter:label2\" content=\"Dur\u00e9e de lecture estim\u00e9e\" \/>\n\t<meta name=\"twitter:data2\" content=\"1 minute\" \/>\n<script type=\"application\/ld+json\" class=\"yoast-schema-graph\">{\"@context\":\"https:\\\/\\\/schema.org\",\"@graph\":[{\"@type\":\"Article\",\"@id\":\"https:\\\/\\\/bladnanews.com\\\/are-moroccan-fans-worried-about-facing-algeria-in-the-next-match\\\/#article\",\"isPartOf\":{\"@id\":\"https:\\\/\\\/bladnanews.com\\\/are-moroccan-fans-worried-about-facing-algeria-in-the-next-match\\\/\"},\"author\":{\"name\":\"Bladna Sports Desk\",\"@id\":\"https:\\\/\\\/mediumseagreen-eel-531711.hostingersite.com\\\/#\\\/schema\\\/person\\\/6712b38fabe810f7eb8d15ed30d90f1e\"},\"headline\":\"Are Moroccan fans worried about facing Algeria in the next match\",\"datePublished\":\"2026-01-03T07:03:18+00:00\",\"mainEntityOfPage\":{\"@id\":\"https:\\\/\\\/bladnanews.com\\\/are-moroccan-fans-worried-about-facing-algeria-in-the-next-match\\\/\"},\"wordCount\":190,\"publisher\":{\"@id\":\"https:\\\/\\\/mediumseagreen-eel-531711.hostingersite.com\\\/#organization\"},\"image\":{\"@id\":\"https:\\\/\\\/bladnanews.com\\\/are-moroccan-fans-worried-about-facing-algeria-in-the-next-match\\\/#primaryimage\"},\"thumbnailUrl\":\"https:\\\/\\\/bladnanews.com\\\/wp-content\\\/uploads\\\/2026\\\/01\\\/Mahrez20Diaz.png.jpg\",\"articleSection\":[\"Latest News\",\"Morocco National Team\"],\"inLanguage\":\"fr-FR\",\"copyrightYear\":\"2026\",\"copyrightHolder\":{\"@id\":\"https:\\\/\\\/bladnanews.com\\\/fr\\\/#organization\"}},{\"@type\":\"WebPage\",\"@id\":\"https:\\\/\\\/bladnanews.com\\\/are-moroccan-fans-worried-about-facing-algeria-in-the-next-match\\\/\",\"url\":\"https:\\\/\\\/bladnanews.com\\\/are-moroccan-fans-worried-about-facing-algeria-in-the-next-match\\\/\",\"name\":\"Are Moroccan fans worried about facing Algeria in the next match - Bladna News\",\"isPartOf\":{\"@id\":\"https:\\\/\\\/mediumseagreen-eel-531711.hostingersite.com\\\/#website\"},\"primaryImageOfPage\":{\"@id\":\"https:\\\/\\\/bladnanews.com\\\/are-moroccan-fans-worried-about-facing-algeria-in-the-next-match\\\/#primaryimage\"},\"image\":{\"@id\":\"https:\\\/\\\/bladnanews.com\\\/are-moroccan-fans-worried-about-facing-algeria-in-the-next-match\\\/#primaryimage\"},\"thumbnailUrl\":\"https:\\\/\\\/bladnanews.com\\\/wp-content\\\/uploads\\\/2026\\\/01\\\/Mahrez20Diaz.png.jpg\",\"datePublished\":\"2026-01-03T07:03:18+00:00\",\"breadcrumb\":{\"@id\":\"https:\\\/\\\/bladnanews.com\\\/are-moroccan-fans-worried-about-facing-algeria-in-the-next-match\\\/#breadcrumb\"},\"inLanguage\":\"fr-FR\",\"potentialAction\":[{\"@type\":\"ReadAction\",\"target\":[\"https:\\\/\\\/bladnanews.com\\\/are-moroccan-fans-worried-about-facing-algeria-in-the-next-match\\\/\"]}]},{\"@type\":\"ImageObject\",\"inLanguage\":\"fr-FR\",\"@id\":\"https:\\\/\\\/bladnanews.com\\\/are-moroccan-fans-worried-about-facing-algeria-in-the-next-match\\\/#primaryimage\",\"url\":\"https:\\\/\\\/bladnanews.com\\\/wp-content\\\/uploads\\\/2026\\\/01\\\/Mahrez20Diaz.png.jpg\",\"contentUrl\":\"https:\\\/\\\/bladnanews.com\\\/wp-content\\\/uploads\\\/2026\\\/01\\\/Mahrez20Diaz.png.jpg\",\"width\":1600,\"height\":900,\"caption\":\"Riyad Mahrez in Algeria's white kit smiles alongside a Moroccan player in a red kit, both showcasing their national pride.\"},{\"@type\":\"BreadcrumbList\",\"@id\":\"https:\\\/\\\/bladnanews.com\\\/are-moroccan-fans-worried-about-facing-algeria-in-the-next-match\\\/#breadcrumb\",\"itemListElement\":[{\"@type\":\"ListItem\",\"position\":1,\"name\":\"Home\",\"item\":\"https:\\\/\\\/bladnanews.com\\\/\"},{\"@type\":\"ListItem\",\"position\":2,\"name\":\"Are Moroccan fans worried about facing Algeria in the next match\"}]},{\"@type\":\"WebSite\",\"@id\":\"https:\\\/\\\/mediumseagreen-eel-531711.hostingersite.com\\\/#website\",\"url\":\"https:\\\/\\\/mediumseagreen-eel-531711.hostingersite.com\\\/\",\"name\":\"Bladna News - Morocco\",\"description\":\"Where Moroccan Football Meets the World\",\"publisher\":{\"@id\":\"https:\\\/\\\/mediumseagreen-eel-531711.hostingersite.com\\\/#organization\"},\"potentialAction\":[{\"@type\":\"SearchAction\",\"target\":{\"@type\":\"EntryPoint\",\"urlTemplate\":\"https:\\\/\\\/mediumseagreen-eel-531711.hostingersite.com\\\/?s={search_term_string}\"},\"query-input\":{\"@type\":\"PropertyValueSpecification\",\"valueRequired\":true,\"valueName\":\"search_term_string\"}}],\"inLanguage\":\"fr-FR\"},{\"@type\":\"Organization\",\"@id\":\"https:\\\/\\\/mediumseagreen-eel-531711.hostingersite.com\\\/#organization\",\"name\":\"Bladna News.com\",\"url\":\"https:\\\/\\\/mediumseagreen-eel-531711.hostingersite.com\\\/\",\"logo\":{\"@type\":\"ImageObject\",\"inLanguage\":\"fr-FR\",\"@id\":\"https:\\\/\\\/mediumseagreen-eel-531711.hostingersite.com\\\/#\\\/schema\\\/logo\\\/image\\\/\",\"url\":\"https:\\\/\\\/bladnanews.com\\\/wp-content\\\/uploads\\\/2025\\\/12\\\/logo-bladnanews-V2-web-black-red.png\",\"contentUrl\":\"https:\\\/\\\/bladnanews.com\\\/wp-content\\\/uploads\\\/2025\\\/12\\\/logo-bladnanews-V2-web-black-red.png\",\"width\":703,\"height\":287,\"caption\":\"Bladna News.com\"},\"image\":{\"@id\":\"https:\\\/\\\/mediumseagreen-eel-531711.hostingersite.com\\\/#\\\/schema\\\/logo\\\/image\\\/\"},\"email\":\"info@bladnanews.com\",\"legalName\":\"Bladna News\"},{\"@type\":\"Person\",\"@id\":\"https:\\\/\\\/mediumseagreen-eel-531711.hostingersite.com\\\/#\\\/schema\\\/person\\\/6712b38fabe810f7eb8d15ed30d90f1e\",\"name\":\"Bladna Sports Desk\",\"url\":\"https:\\\/\\\/bladnanews.com\\\/fr\\\/author\\\/bladna-sports-desk\\\/\"}]}<\/script>\n<!-- \/ Yoast SEO Premium plugin. -->","yoast_head_json":{"title":"Les supporters marocains sont-ils inquiets \u00e0 l'id\u00e9e d'affronter l'Alg\u00e9rie lors du prochain match - Bladna News","robots":{"index":"index","follow":"follow","max-snippet":"max-snippet:-1","max-image-preview":"max-image-preview:large","max-video-preview":"max-video-preview:-1"},"canonical":"https:\/\/bladnanews.com\/fr\/les-supporters-marocains-sont-ils-inquiets-a-lidee-daffronter-lalgerie-lors-du-prochain-match\/","og_locale":"fr_FR","og_type":"article","og_title":"Are Moroccan fans worried about facing Algeria in the next match","og_description":"A short clip shared on social media has offered a clear answer to the question many have been asking: are [&hellip;]","og_url":"https:\/\/bladnanews.com\/fr\/les-supporters-marocains-sont-ils-inquiets-a-lidee-daffronter-lalgerie-lors-du-prochain-match\/","og_site_name":"Bladna News","article_published_time":"2026-01-03T07:03:18+00:00","og_image":[{"width":1920,"height":1080,"url":"https:\/\/bladnanews.com\/wp-content\/uploads\/2026\/01\/Mahrez20Diaz.png.jpg","type":"image\/jpeg"}],"author":"Bladna Sports Desk","twitter_card":"summary_large_image","twitter_misc":{"\u00c9crit par":"Bladna Sports Desk","Dur\u00e9e de lecture estim\u00e9e":"1 minute"},"schema":{"@context":"https:\/\/schema.org","@graph":[{"@type":"Article","@id":"https:\/\/bladnanews.com\/are-moroccan-fans-worried-about-facing-algeria-in-the-next-match\/#article","isPartOf":{"@id":"https:\/\/bladnanews.com\/are-moroccan-fans-worried-about-facing-algeria-in-the-next-match\/"},"author":{"name":"Bladna Sports Desk","@id":"https:\/\/mediumseagreen-eel-531711.hostingersite.com\/#\/schema\/person\/6712b38fabe810f7eb8d15ed30d90f1e"},"headline":"Are Moroccan fans worried about facing Algeria in the next match","datePublished":"2026-01-03T07:03:18+00:00","mainEntityOfPage":{"@id":"https:\/\/bladnanews.com\/are-moroccan-fans-worried-about-facing-algeria-in-the-next-match\/"},"wordCount":190,"publisher":{"@id":"https:\/\/mediumseagreen-eel-531711.hostingersite.com\/#organization"},"image":{"@id":"https:\/\/bladnanews.com\/are-moroccan-fans-worried-about-facing-algeria-in-the-next-match\/#primaryimage"},"thumbnailUrl":"https:\/\/bladnanews.com\/wp-content\/uploads\/2026\/01\/Mahrez20Diaz.png.jpg","articleSection":["Latest News","Morocco National Team"],"inLanguage":"fr-FR","copyrightYear":"2026","copyrightHolder":{"@id":"https:\/\/bladnanews.com\/fr\/#organization"}},{"@type":"WebPage","@id":"https:\/\/bladnanews.com\/are-moroccan-fans-worried-about-facing-algeria-in-the-next-match\/","url":"https:\/\/bladnanews.com\/are-moroccan-fans-worried-about-facing-algeria-in-the-next-match\/","name":"Les supporters marocains sont-ils inquiets \u00e0 l'id\u00e9e d'affronter l'Alg\u00e9rie lors du prochain match - Bladna News","isPartOf":{"@id":"https:\/\/mediumseagreen-eel-531711.hostingersite.com\/#website"},"primaryImageOfPage":{"@id":"https:\/\/bladnanews.com\/are-moroccan-fans-worried-about-facing-algeria-in-the-next-match\/#primaryimage"},"image":{"@id":"https:\/\/bladnanews.com\/are-moroccan-fans-worried-about-facing-algeria-in-the-next-match\/#primaryimage"},"thumbnailUrl":"https:\/\/bladnanews.com\/wp-content\/uploads\/2026\/01\/Mahrez20Diaz.png.jpg","datePublished":"2026-01-03T07:03:18+00:00","breadcrumb":{"@id":"https:\/\/bladnanews.com\/are-moroccan-fans-worried-about-facing-algeria-in-the-next-match\/#breadcrumb"},"inLanguage":"fr-FR","potentialAction":[{"@type":"ReadAction","target":["https:\/\/bladnanews.com\/are-moroccan-fans-worried-about-facing-algeria-in-the-next-match\/"]}]},{"@type":"ImageObject","inLanguage":"fr-FR","@id":"https:\/\/bladnanews.com\/are-moroccan-fans-worried-about-facing-algeria-in-the-next-match\/#primaryimage","url":"https:\/\/bladnanews.com\/wp-content\/uploads\/2026\/01\/Mahrez20Diaz.png.jpg","contentUrl":"https:\/\/bladnanews.com\/wp-content\/uploads\/2026\/01\/Mahrez20Diaz.png.jpg","width":1600,"height":900,"caption":"Riyad Mahrez in Algeria's white kit smiles alongside a Moroccan player in a red kit, both showcasing their national pride."},{"@type":"BreadcrumbList","@id":"https:\/\/bladnanews.com\/are-moroccan-fans-worried-about-facing-algeria-in-the-next-match\/#breadcrumb","itemListElement":[{"@type":"ListItem","position":1,"name":"Home","item":"https:\/\/bladnanews.com\/"},{"@type":"ListItem","position":2,"name":"Are Moroccan fans worried about facing Algeria in the next match"}]},{"@type":"WebSite","@id":"https:\/\/mediumseagreen-eel-531711.hostingersite.com\/#website","url":"https:\/\/mediumseagreen-eel-531711.hostingersite.com\/","name":"Bladna News - Maroc","description":"Quand le football marocain rencontre le monde","publisher":{"@id":"https:\/\/mediumseagreen-eel-531711.hostingersite.com\/#organization"},"potentialAction":[{"@type":"SearchAction","target":{"@type":"EntryPoint","urlTemplate":"https:\/\/mediumseagreen-eel-531711.hostingersite.com\/?s={search_term_string}"},"query-input":{"@type":"PropertyValueSpecification","valueRequired":true,"valueName":"search_term_string"}}],"inLanguage":"fr-FR"},{"@type":"Organization","@id":"https:\/\/mediumseagreen-eel-531711.hostingersite.com\/#organization","name":"Bladna News.com","url":"https:\/\/mediumseagreen-eel-531711.hostingersite.com\/","logo":{"@type":"ImageObject","inLanguage":"fr-FR","@id":"https:\/\/mediumseagreen-eel-531711.hostingersite.com\/#\/schema\/logo\/image\/","url":"https:\/\/bladnanews.com\/wp-content\/uploads\/2025\/12\/logo-bladnanews-V2-web-black-red.png","contentUrl":"https:\/\/bladnanews.com\/wp-content\/uploads\/2025\/12\/logo-bladnanews-V2-web-black-red.png","width":703,"height":287,"caption":"Bladna News.com"},"image":{"@id":"https:\/\/mediumseagreen-eel-531711.hostingersite.com\/#\/schema\/logo\/image\/"},"email":"info@bladnanews.com","legalName":"Bladna News"},{"@type":"Person","@id":"https:\/\/mediumseagreen-eel-531711.hostingersite.com\/#\/schema\/person\/6712b38fabe810f7eb8d15ed30d90f1e","name":"Bladna Sports Desk","url":"https:\/\/bladnanews.com\/fr\/author\/bladna-sports-desk\/"}]}},"_links":{"self":[{"href":"https:\/\/bladnanews.com\/fr\/wp-json\/wp\/v2\/posts\/1536","targetHints":{"allow":["GET"]}}],"collection":[{"href":"https:\/\/bladnanews.com\/fr\/wp-json\/wp\/v2\/posts"}],"about":[{"href":"https:\/\/bladnanews.com\/fr\/wp-json\/wp\/v2\/types\/post"}],"author":[{"embeddable":true,"href":"https:\/\/bladnanews.com\/fr\/wp-json\/wp\/v2\/users\/4"}],"replies":[{"embeddable":true,"href":"https:\/\/bladnanews.com\/fr\/wp-json\/wp\/v2\/comments?post=1536"}],"version-history":[{"count":0,"href":"https:\/\/bladnanews.com\/fr\/wp-json\/wp\/v2\/posts\/1536\/revisions"}],"wp:featuredmedia":[{"embeddable":true,"href":"https:\/\/bladnanews.com\/fr\/wp-json\/wp\/v2\/media\/1535"}],"wp:attachment":[{"href":"https:\/\/bladnanews.com\/fr\/wp-json\/wp\/v2\/media?parent=1536"}],"wp:term":[{"taxonomy":"category","embeddable":true,"href":"https:\/\/bladnanews.com\/fr\/wp-json\/wp\/v2\/categories?post=1536"},{"taxonomy":"post_tag","embeddable":true,"href":"https:\/\/bladnanews.com\/fr\/wp-json\/wp\/v2\/tags?post=1536"}],"curies":[{"name":"wp","href":"https:\/\/api.w.org\/{rel}","templated":true}]}}