{"id":1538,"date":"2026-01-03T08:00:00","date_gmt":"2026-01-03T08:00:00","guid":{"rendered":"https:\/\/bladnanews.com\/eliesse-ben-seghir-reveals-heartbreaking-emotional-moment\/"},"modified":"2026-01-03T08:51:47","modified_gmt":"2026-01-03T08:51:47","slug":"eliesse-ben-seghir-revele-un-moment-emotionnel-dechirant","status":"publish","type":"post","link":"https:\/\/bladnanews.com\/fr\/eliesse-ben-seghir-revele-un-moment-emotionnel-dechirant\/","title":{"rendered":"Eliesse Ben Seghir r\u00e9v\u00e8le un moment \u00e9motionnel d\u00e9chirant"},"content":{"rendered":"<p>Eliesse Ben Seghir s'est exprim\u00e9 ouvertement sur un moment \u00e9motionnel qui l'a laiss\u00e9 en larmes, d\u00e9voilant de mani\u00e8re d\u00e9chirante ce qu'il s'est pass\u00e9 durant une p\u00e9riode difficile de sa vie.<\/p>\n<p>\u201c J'ai pleur\u00e9 \u201d, a admis Ben Seghir, expliquant \u00e0 quel point la situation l'a durement touch\u00e9 et combien il a eu du mal \u00e0 contenir ses \u00e9motions. Le jeune attaquant a d\u00e9clar\u00e9 que cette exp\u00e9rience l'a marqu\u00e9 et qu'il a eu besoin de temps pour dig\u00e9rer l'ensemble des \u00e9v\u00e9nements.<\/p>\n<p>Dans ses propos, Ben Seghir a clairement indiqu\u00e9 que les \u00e9motions \u00e9taient r\u00e9elles et brutes. Il a d\u00e9crit comment il a tent\u00e9 de rester fort, mais que la pression et le poids du moment sont devenus trop lourds, provoquant finalement les larmes.<\/p>\n<p>La franchise de Ben Seghir a attir\u00e9 l'attention, car il est rare que des joueurs s'expriment de mani\u00e8re aussi directe sur une souffrance personnelle et une pression mentale. Il a soulign\u00e9 que cet \u00e9pisode l'a fa\u00e7onn\u00e9 et qu'il en a tir\u00e9 d'importantes le\u00e7ons.<\/p>\n<p>Malgr\u00e9 les souvenirs difficiles, Ben Seghir a \u00e9galement insist\u00e9 sur le fait qu'il se concentre d\u00e9sormais sur l'avenir. Il a d\u00e9clar\u00e9 vouloir utiliser ce qu'il a travers\u00e9 comme une motivation, et esp\u00e8re que son histoire pourra aider d'autres \u00e0 comprendre que m\u00eame les footballeurs connaissent des moments o\u00f9 tout semble insurmontable.<\/p>","protected":false},"excerpt":{"rendered":"<p>Eliesse Ben Seghir has spoken openly about an emotional moment that left him in tears, making a heartbreaking revelation about [&hellip;]<\/p>\n","protected":false},"author":4,"featured_media":1537,"comment_status":"closed","ping_status":"open","sticky":false,"template":"","format":"standard","meta":{"googlesitekit_rrm_CAow_uzEDA:productID":"","site-sidebar-layout":"default","site-content-layout":"","ast-site-content-layout":"default","site-content-style":"default","site-sidebar-style":"default","ast-global-header-display":"","ast-banner-title-visibility":"","ast-main-header-display":"","ast-hfb-above-header-display":"","ast-hfb-below-header-display":"","ast-hfb-mobile-header-display":"","site-post-title":"","ast-breadcrumbs-content":"","ast-featured-img":"","footer-sml-layout":"","ast-disable-related-posts":"","theme-transparent-header-meta":"","adv-header-id-meta":"","stick-header-meta":"","header-above-stick-meta":"","header-main-stick-meta":"","header-below-stick-meta":"","astra-migrate-meta-layouts":"default","ast-page-background-enabled":"default","ast-page-background-meta":{"desktop":{"background-color":"var(--ast-global-color-5)","background-image":"","background-repeat":"repeat","background-position":"center center","background-size":"auto","background-attachment":"scroll","background-type":"","background-media":"","overlay-type":"","overlay-color":"","overlay-opacity":"","overlay-gradient":""},"tablet":{"background-color":"","background-image":"","background-repeat":"repeat","background-position":"center center","background-size":"auto","background-attachment":"scroll","background-type":"","background-media":"","overlay-type":"","overlay-color":"","overlay-opacity":"","overlay-gradient":""},"mobile":{"background-color":"","background-image":"","background-repeat":"repeat","background-position":"center center","background-size":"auto","background-attachment":"scroll","background-type":"","background-media":"","overlay-type":"","overlay-color":"","overlay-opacity":"","overlay-gradient":""}},"ast-content-background-meta":{"desktop":{"background-color":"var(--ast-global-color-4)","background-image":"","background-repeat":"repeat","background-position":"center center","background-size":"auto","background-attachment":"scroll","background-type":"","background-media":"","overlay-type":"","overlay-color":"","overlay-opacity":"","overlay-gradient":""},"tablet":{"background-color":"var(--ast-global-color-4)","background-image":"","background-repeat":"repeat","background-position":"center center","background-size":"auto","background-attachment":"scroll","background-type":"","background-media":"","overlay-type":"","overlay-color":"","overlay-opacity":"","overlay-gradient":""},"mobile":{"background-color":"var(--ast-global-color-4)","background-image":"","background-repeat":"repeat","background-position":"center center","background-size":"auto","background-attachment":"scroll","background-type":"","background-media":"","overlay-type":"","overlay-color":"","overlay-opacity":"","overlay-gradient":""}},"footnotes":""},"categories":[1,168],"tags":[],"class_list":["post-1538","post","type-post","status-publish","format-standard","has-post-thumbnail","hentry","category-football-latest-news","category-morocco-national-team"],"yoast_head":"<!-- This site is optimized with the Yoast SEO Premium plugin v26.6 (Yoast SEO v27.5) - https:\/\/yoast.com\/product\/yoast-seo-premium-wordpress\/ -->\n<title>Eliesse Ben Seghir reveals heartbreaking emotional moment - Bladna News<\/title>\n<meta name=\"robots\" content=\"index, follow, max-snippet:-1, max-image-preview:large, max-video-preview:-1\" \/>\n<link rel=\"canonical\" href=\"https:\/\/bladnanews.com\/fr\/eliesse-ben-seghir-revele-un-moment-emotionnel-dechirant\/\" \/>\n<meta property=\"og:locale\" content=\"fr_FR\" \/>\n<meta property=\"og:type\" content=\"article\" \/>\n<meta property=\"og:title\" content=\"Eliesse Ben Seghir reveals heartbreaking emotional moment\" \/>\n<meta property=\"og:description\" content=\"Eliesse Ben Seghir has spoken openly about an emotional moment that left him in tears, making a heartbreaking revelation about [&hellip;]\" \/>\n<meta property=\"og:url\" content=\"https:\/\/bladnanews.com\/fr\/eliesse-ben-seghir-revele-un-moment-emotionnel-dechirant\/\" \/>\n<meta property=\"og:site_name\" content=\"Bladna News\" \/>\n<meta property=\"article:published_time\" content=\"2026-01-03T08:00:00+00:00\" \/>\n<meta property=\"article:modified_time\" content=\"2026-01-03T08:51:47+00:00\" \/>\n<meta property=\"og:image\" content=\"https:\/\/bladnanews.com\/wp-content\/uploads\/2026\/01\/eliesse-ben-seghir-marseille.webp\" \/>\n\t<meta property=\"og:image:width\" content=\"1200\" \/>\n\t<meta property=\"og:image:height\" content=\"750\" \/>\n\t<meta property=\"og:image:type\" content=\"image\/webp\" \/>\n<meta name=\"author\" content=\"Bladna Sports Desk\" \/>\n<meta name=\"twitter:card\" content=\"summary_large_image\" \/>\n<meta name=\"twitter:label1\" content=\"\u00c9crit par\" \/>\n\t<meta name=\"twitter:data1\" content=\"Bladna Sports Desk\" \/>\n\t<meta name=\"twitter:label2\" content=\"Dur\u00e9e de lecture estim\u00e9e\" \/>\n\t<meta name=\"twitter:data2\" content=\"2 minutes\" \/>\n<script type=\"application\/ld+json\" class=\"yoast-schema-graph\">{\"@context\":\"https:\\\/\\\/schema.org\",\"@graph\":[{\"@type\":\"Article\",\"@id\":\"https:\\\/\\\/bladnanews.com\\\/eliesse-ben-seghir-reveals-heartbreaking-emotional-moment\\\/#article\",\"isPartOf\":{\"@id\":\"https:\\\/\\\/bladnanews.com\\\/eliesse-ben-seghir-reveals-heartbreaking-emotional-moment\\\/\"},\"author\":{\"name\":\"Bladna Sports Desk\",\"@id\":\"https:\\\/\\\/mediumseagreen-eel-531711.hostingersite.com\\\/#\\\/schema\\\/person\\\/6712b38fabe810f7eb8d15ed30d90f1e\"},\"headline\":\"Eliesse Ben Seghir reveals heartbreaking emotional moment\",\"datePublished\":\"2026-01-03T08:00:00+00:00\",\"dateModified\":\"2026-01-03T08:51:47+00:00\",\"mainEntityOfPage\":{\"@id\":\"https:\\\/\\\/bladnanews.com\\\/eliesse-ben-seghir-reveals-heartbreaking-emotional-moment\\\/\"},\"wordCount\":203,\"publisher\":{\"@id\":\"https:\\\/\\\/mediumseagreen-eel-531711.hostingersite.com\\\/#organization\"},\"image\":{\"@id\":\"https:\\\/\\\/bladnanews.com\\\/eliesse-ben-seghir-reveals-heartbreaking-emotional-moment\\\/#primaryimage\"},\"thumbnailUrl\":\"https:\\\/\\\/bladnanews.com\\\/wp-content\\\/uploads\\\/2026\\\/01\\\/eliesse-ben-seghir-marseille.webp\",\"articleSection\":[\"Latest News\",\"Morocco National Team\"],\"inLanguage\":\"fr-FR\",\"copyrightYear\":\"2026\",\"copyrightHolder\":{\"@id\":\"https:\\\/\\\/bladnanews.com\\\/fr\\\/#organization\"}},{\"@type\":\"WebPage\",\"@id\":\"https:\\\/\\\/bladnanews.com\\\/eliesse-ben-seghir-reveals-heartbreaking-emotional-moment\\\/\",\"url\":\"https:\\\/\\\/bladnanews.com\\\/eliesse-ben-seghir-reveals-heartbreaking-emotional-moment\\\/\",\"name\":\"Eliesse Ben Seghir reveals heartbreaking emotional moment - Bladna News\",\"isPartOf\":{\"@id\":\"https:\\\/\\\/mediumseagreen-eel-531711.hostingersite.com\\\/#website\"},\"primaryImageOfPage\":{\"@id\":\"https:\\\/\\\/bladnanews.com\\\/eliesse-ben-seghir-reveals-heartbreaking-emotional-moment\\\/#primaryimage\"},\"image\":{\"@id\":\"https:\\\/\\\/bladnanews.com\\\/eliesse-ben-seghir-reveals-heartbreaking-emotional-moment\\\/#primaryimage\"},\"thumbnailUrl\":\"https:\\\/\\\/bladnanews.com\\\/wp-content\\\/uploads\\\/2026\\\/01\\\/eliesse-ben-seghir-marseille.webp\",\"datePublished\":\"2026-01-03T08:00:00+00:00\",\"dateModified\":\"2026-01-03T08:51:47+00:00\",\"breadcrumb\":{\"@id\":\"https:\\\/\\\/bladnanews.com\\\/eliesse-ben-seghir-reveals-heartbreaking-emotional-moment\\\/#breadcrumb\"},\"inLanguage\":\"fr-FR\",\"potentialAction\":[{\"@type\":\"ReadAction\",\"target\":[\"https:\\\/\\\/bladnanews.com\\\/eliesse-ben-seghir-reveals-heartbreaking-emotional-moment\\\/\"]}]},{\"@type\":\"ImageObject\",\"inLanguage\":\"fr-FR\",\"@id\":\"https:\\\/\\\/bladnanews.com\\\/eliesse-ben-seghir-reveals-heartbreaking-emotional-moment\\\/#primaryimage\",\"url\":\"https:\\\/\\\/bladnanews.com\\\/wp-content\\\/uploads\\\/2026\\\/01\\\/eliesse-ben-seghir-marseille.webp\",\"contentUrl\":\"https:\\\/\\\/bladnanews.com\\\/wp-content\\\/uploads\\\/2026\\\/01\\\/eliesse-ben-seghir-marseille.webp\",\"width\":1200,\"height\":750,\"caption\":\"Eliesse Ben Seghir in a red Morocco kit sprints past a defender during an intense match against Mali, showcasing lively action on the pitch.\"},{\"@type\":\"BreadcrumbList\",\"@id\":\"https:\\\/\\\/bladnanews.com\\\/eliesse-ben-seghir-reveals-heartbreaking-emotional-moment\\\/#breadcrumb\",\"itemListElement\":[{\"@type\":\"ListItem\",\"position\":1,\"name\":\"Home\",\"item\":\"https:\\\/\\\/bladnanews.com\\\/\"},{\"@type\":\"ListItem\",\"position\":2,\"name\":\"Eliesse Ben Seghir reveals heartbreaking emotional moment\"}]},{\"@type\":\"WebSite\",\"@id\":\"https:\\\/\\\/mediumseagreen-eel-531711.hostingersite.com\\\/#website\",\"url\":\"https:\\\/\\\/mediumseagreen-eel-531711.hostingersite.com\\\/\",\"name\":\"Bladna News - Morocco\",\"description\":\"Where Moroccan Football Meets the World\",\"publisher\":{\"@id\":\"https:\\\/\\\/mediumseagreen-eel-531711.hostingersite.com\\\/#organization\"},\"potentialAction\":[{\"@type\":\"SearchAction\",\"target\":{\"@type\":\"EntryPoint\",\"urlTemplate\":\"https:\\\/\\\/mediumseagreen-eel-531711.hostingersite.com\\\/?s={search_term_string}\"},\"query-input\":{\"@type\":\"PropertyValueSpecification\",\"valueRequired\":true,\"valueName\":\"search_term_string\"}}],\"inLanguage\":\"fr-FR\"},{\"@type\":\"Organization\",\"@id\":\"https:\\\/\\\/mediumseagreen-eel-531711.hostingersite.com\\\/#organization\",\"name\":\"Bladna News.com\",\"url\":\"https:\\\/\\\/mediumseagreen-eel-531711.hostingersite.com\\\/\",\"logo\":{\"@type\":\"ImageObject\",\"inLanguage\":\"fr-FR\",\"@id\":\"https:\\\/\\\/mediumseagreen-eel-531711.hostingersite.com\\\/#\\\/schema\\\/logo\\\/image\\\/\",\"url\":\"https:\\\/\\\/bladnanews.com\\\/wp-content\\\/uploads\\\/2025\\\/12\\\/logo-bladnanews-V2-web-black-red.png\",\"contentUrl\":\"https:\\\/\\\/bladnanews.com\\\/wp-content\\\/uploads\\\/2025\\\/12\\\/logo-bladnanews-V2-web-black-red.png\",\"width\":703,\"height\":287,\"caption\":\"Bladna News.com\"},\"image\":{\"@id\":\"https:\\\/\\\/mediumseagreen-eel-531711.hostingersite.com\\\/#\\\/schema\\\/logo\\\/image\\\/\"},\"email\":\"info@bladnanews.com\",\"legalName\":\"Bladna News\"},{\"@type\":\"Person\",\"@id\":\"https:\\\/\\\/mediumseagreen-eel-531711.hostingersite.com\\\/#\\\/schema\\\/person\\\/6712b38fabe810f7eb8d15ed30d90f1e\",\"name\":\"Bladna Sports Desk\",\"url\":\"https:\\\/\\\/bladnanews.com\\\/fr\\\/author\\\/bladna-sports-desk\\\/\"}]}<\/script>\n<!-- \/ Yoast SEO Premium plugin. -->","yoast_head_json":{"title":"Eliesse Ben Seghir r\u00e9v\u00e8le un moment \u00e9motionnel d\u00e9chirant - Bladna News","robots":{"index":"index","follow":"follow","max-snippet":"max-snippet:-1","max-image-preview":"max-image-preview:large","max-video-preview":"max-video-preview:-1"},"canonical":"https:\/\/bladnanews.com\/fr\/eliesse-ben-seghir-revele-un-moment-emotionnel-dechirant\/","og_locale":"fr_FR","og_type":"article","og_title":"Eliesse Ben Seghir reveals heartbreaking emotional moment","og_description":"Eliesse Ben Seghir has spoken openly about an emotional moment that left him in tears, making a heartbreaking revelation about [&hellip;]","og_url":"https:\/\/bladnanews.com\/fr\/eliesse-ben-seghir-revele-un-moment-emotionnel-dechirant\/","og_site_name":"Bladna News","article_published_time":"2026-01-03T08:00:00+00:00","article_modified_time":"2026-01-03T08:51:47+00:00","og_image":[{"width":1200,"height":750,"url":"https:\/\/bladnanews.com\/wp-content\/uploads\/2026\/01\/eliesse-ben-seghir-marseille.webp","type":"image\/webp"}],"author":"Bladna Sports Desk","twitter_card":"summary_large_image","twitter_misc":{"\u00c9crit par":"Bladna Sports Desk","Dur\u00e9e de lecture estim\u00e9e":"2 minutes"},"schema":{"@context":"https:\/\/schema.org","@graph":[{"@type":"Article","@id":"https:\/\/bladnanews.com\/eliesse-ben-seghir-reveals-heartbreaking-emotional-moment\/#article","isPartOf":{"@id":"https:\/\/bladnanews.com\/eliesse-ben-seghir-reveals-heartbreaking-emotional-moment\/"},"author":{"name":"Bladna Sports Desk","@id":"https:\/\/mediumseagreen-eel-531711.hostingersite.com\/#\/schema\/person\/6712b38fabe810f7eb8d15ed30d90f1e"},"headline":"Eliesse Ben Seghir reveals heartbreaking emotional moment","datePublished":"2026-01-03T08:00:00+00:00","dateModified":"2026-01-03T08:51:47+00:00","mainEntityOfPage":{"@id":"https:\/\/bladnanews.com\/eliesse-ben-seghir-reveals-heartbreaking-emotional-moment\/"},"wordCount":203,"publisher":{"@id":"https:\/\/mediumseagreen-eel-531711.hostingersite.com\/#organization"},"image":{"@id":"https:\/\/bladnanews.com\/eliesse-ben-seghir-reveals-heartbreaking-emotional-moment\/#primaryimage"},"thumbnailUrl":"https:\/\/bladnanews.com\/wp-content\/uploads\/2026\/01\/eliesse-ben-seghir-marseille.webp","articleSection":["Latest News","Morocco National Team"],"inLanguage":"fr-FR","copyrightYear":"2026","copyrightHolder":{"@id":"https:\/\/bladnanews.com\/fr\/#organization"}},{"@type":"WebPage","@id":"https:\/\/bladnanews.com\/eliesse-ben-seghir-reveals-heartbreaking-emotional-moment\/","url":"https:\/\/bladnanews.com\/eliesse-ben-seghir-reveals-heartbreaking-emotional-moment\/","name":"Eliesse Ben Seghir r\u00e9v\u00e8le un moment \u00e9motionnel d\u00e9chirant - Bladna News","isPartOf":{"@id":"https:\/\/mediumseagreen-eel-531711.hostingersite.com\/#website"},"primaryImageOfPage":{"@id":"https:\/\/bladnanews.com\/eliesse-ben-seghir-reveals-heartbreaking-emotional-moment\/#primaryimage"},"image":{"@id":"https:\/\/bladnanews.com\/eliesse-ben-seghir-reveals-heartbreaking-emotional-moment\/#primaryimage"},"thumbnailUrl":"https:\/\/bladnanews.com\/wp-content\/uploads\/2026\/01\/eliesse-ben-seghir-marseille.webp","datePublished":"2026-01-03T08:00:00+00:00","dateModified":"2026-01-03T08:51:47+00:00","breadcrumb":{"@id":"https:\/\/bladnanews.com\/eliesse-ben-seghir-reveals-heartbreaking-emotional-moment\/#breadcrumb"},"inLanguage":"fr-FR","potentialAction":[{"@type":"ReadAction","target":["https:\/\/bladnanews.com\/eliesse-ben-seghir-reveals-heartbreaking-emotional-moment\/"]}]},{"@type":"ImageObject","inLanguage":"fr-FR","@id":"https:\/\/bladnanews.com\/eliesse-ben-seghir-reveals-heartbreaking-emotional-moment\/#primaryimage","url":"https:\/\/bladnanews.com\/wp-content\/uploads\/2026\/01\/eliesse-ben-seghir-marseille.webp","contentUrl":"https:\/\/bladnanews.com\/wp-content\/uploads\/2026\/01\/eliesse-ben-seghir-marseille.webp","width":1200,"height":750,"caption":"Eliesse Ben Seghir in a red Morocco kit sprints past a defender during an intense match against Mali, showcasing lively action on the pitch."},{"@type":"BreadcrumbList","@id":"https:\/\/bladnanews.com\/eliesse-ben-seghir-reveals-heartbreaking-emotional-moment\/#breadcrumb","itemListElement":[{"@type":"ListItem","position":1,"name":"Home","item":"https:\/\/bladnanews.com\/"},{"@type":"ListItem","position":2,"name":"Eliesse Ben Seghir reveals heartbreaking emotional moment"}]},{"@type":"WebSite","@id":"https:\/\/mediumseagreen-eel-531711.hostingersite.com\/#website","url":"https:\/\/mediumseagreen-eel-531711.hostingersite.com\/","name":"Bladna News - Maroc","description":"Quand le football marocain rencontre le monde","publisher":{"@id":"https:\/\/mediumseagreen-eel-531711.hostingersite.com\/#organization"},"potentialAction":[{"@type":"SearchAction","target":{"@type":"EntryPoint","urlTemplate":"https:\/\/mediumseagreen-eel-531711.hostingersite.com\/?s={search_term_string}"},"query-input":{"@type":"PropertyValueSpecification","valueRequired":true,"valueName":"search_term_string"}}],"inLanguage":"fr-FR"},{"@type":"Organization","@id":"https:\/\/mediumseagreen-eel-531711.hostingersite.com\/#organization","name":"Bladna News.com","url":"https:\/\/mediumseagreen-eel-531711.hostingersite.com\/","logo":{"@type":"ImageObject","inLanguage":"fr-FR","@id":"https:\/\/mediumseagreen-eel-531711.hostingersite.com\/#\/schema\/logo\/image\/","url":"https:\/\/bladnanews.com\/wp-content\/uploads\/2025\/12\/logo-bladnanews-V2-web-black-red.png","contentUrl":"https:\/\/bladnanews.com\/wp-content\/uploads\/2025\/12\/logo-bladnanews-V2-web-black-red.png","width":703,"height":287,"caption":"Bladna News.com"},"image":{"@id":"https:\/\/mediumseagreen-eel-531711.hostingersite.com\/#\/schema\/logo\/image\/"},"email":"info@bladnanews.com","legalName":"Bladna News"},{"@type":"Person","@id":"https:\/\/mediumseagreen-eel-531711.hostingersite.com\/#\/schema\/person\/6712b38fabe810f7eb8d15ed30d90f1e","name":"Bladna Sports Desk","url":"https:\/\/bladnanews.com\/fr\/author\/bladna-sports-desk\/"}]}},"_links":{"self":[{"href":"https:\/\/bladnanews.com\/fr\/wp-json\/wp\/v2\/posts\/1538","targetHints":{"allow":["GET"]}}],"collection":[{"href":"https:\/\/bladnanews.com\/fr\/wp-json\/wp\/v2\/posts"}],"about":[{"href":"https:\/\/bladnanews.com\/fr\/wp-json\/wp\/v2\/types\/post"}],"author":[{"embeddable":true,"href":"https:\/\/bladnanews.com\/fr\/wp-json\/wp\/v2\/users\/4"}],"replies":[{"embeddable":true,"href":"https:\/\/bladnanews.com\/fr\/wp-json\/wp\/v2\/comments?post=1538"}],"version-history":[{"count":1,"href":"https:\/\/bladnanews.com\/fr\/wp-json\/wp\/v2\/posts\/1538\/revisions"}],"predecessor-version":[{"id":1539,"href":"https:\/\/bladnanews.com\/fr\/wp-json\/wp\/v2\/posts\/1538\/revisions\/1539"}],"wp:featuredmedia":[{"embeddable":true,"href":"https:\/\/bladnanews.com\/fr\/wp-json\/wp\/v2\/media\/1537"}],"wp:attachment":[{"href":"https:\/\/bladnanews.com\/fr\/wp-json\/wp\/v2\/media?parent=1538"}],"wp:term":[{"taxonomy":"category","embeddable":true,"href":"https:\/\/bladnanews.com\/fr\/wp-json\/wp\/v2\/categories?post=1538"},{"taxonomy":"post_tag","embeddable":true,"href":"https:\/\/bladnanews.com\/fr\/wp-json\/wp\/v2\/tags?post=1538"}],"curies":[{"name":"wp","href":"https:\/\/api.w.org\/{rel}","templated":true}]}}