{"id":1541,"date":"2026-01-03T08:01:20","date_gmt":"2026-01-03T08:01:20","guid":{"rendered":"https:\/\/bladnanews.com\/bayern-munich-suffer-setback-as-osimhen-faces-uncertain-future\/"},"modified":"2026-01-03T08:01:20","modified_gmt":"2026-01-03T08:01:20","slug":"le-bayern-munich-subit-un-revers-alors-quosimhen-fait-face-a-un-avenir-incertain","status":"publish","type":"post","link":"https:\/\/bladnanews.com\/fr\/le-bayern-munich-subit-un-revers-alors-quosimhen-fait-face-a-un-avenir-incertain\/","title":{"rendered":"Le Bayern Munich subit un revers alors qu'Osimhen fait face \u00e0 un avenir incertain"},"content":{"rendered":"<p>Le Bayern Munich a \u00e9t\u00e9 secou\u00e9 par une nouvelle offre qui pourrait changer ses plans sur le march\u00e9 des transferts, alors que les g\u00e9ants allemands continuent d'\u00e9valuer leurs options avant la nouvelle saison.<\/p>\n<p>En m\u00eame temps, l'attaquant nig\u00e9rian <strong>Victor Osimhen<\/strong> a pris une d\u00e9cision ferme qui a compliqu\u00e9 sa prochaine \u00e9tape, laissant son avenir incertain malgr\u00e9 l'int\u00e9r\u00eat continu \u00e0 travers l'Europe.<\/p>\n<p>Les derniers d\u00e9veloppements surviennent alors que le Bayern p\u00e8se des mouvements cl\u00e9s, tandis que la situation d'Osimhen reste li\u00e9e \u00e0 des positions officielles et des conditions qui n'ont pas chang\u00e9, emp\u00eachant toute perc\u00e9e rapide.<\/p>\n<p>Avec les deux histoires avan\u00e7ant \u00e0 un rythme soutenu, les perspectives du Bayern ont pris un tournant inattendu, et Osimhen fait maintenant face \u00e0 un sc\u00e9nario o\u00f9 le dernier mot pourrait ne pas \u00eatre entre ses mains.<\/p>","protected":false},"excerpt":{"rendered":"<p>Bayern Munich have been shaken by a new offer that could change their plans in the transfer market, as the [&hellip;]<\/p>\n","protected":false},"author":4,"featured_media":1540,"comment_status":"","ping_status":"open","sticky":false,"template":"","format":"standard","meta":{"googlesitekit_rrm_CAow_uzEDA:productID":"","site-sidebar-layout":"default","site-content-layout":"","ast-site-content-layout":"default","site-content-style":"default","site-sidebar-style":"default","ast-global-header-display":"","ast-banner-title-visibility":"","ast-main-header-display":"","ast-hfb-above-header-display":"","ast-hfb-below-header-display":"","ast-hfb-mobile-header-display":"","site-post-title":"","ast-breadcrumbs-content":"","ast-featured-img":"","footer-sml-layout":"","ast-disable-related-posts":"","theme-transparent-header-meta":"","adv-header-id-meta":"","stick-header-meta":"","header-above-stick-meta":"","header-main-stick-meta":"","header-below-stick-meta":"","astra-migrate-meta-layouts":"default","ast-page-background-enabled":"default","ast-page-background-meta":{"desktop":{"background-color":"var(--ast-global-color-5)","background-image":"","background-repeat":"repeat","background-position":"center center","background-size":"auto","background-attachment":"scroll","background-type":"","background-media":"","overlay-type":"","overlay-color":"","overlay-opacity":"","overlay-gradient":""},"tablet":{"background-color":"","background-image":"","background-repeat":"repeat","background-position":"center center","background-size":"auto","background-attachment":"scroll","background-type":"","background-media":"","overlay-type":"","overlay-color":"","overlay-opacity":"","overlay-gradient":""},"mobile":{"background-color":"","background-image":"","background-repeat":"repeat","background-position":"center center","background-size":"auto","background-attachment":"scroll","background-type":"","background-media":"","overlay-type":"","overlay-color":"","overlay-opacity":"","overlay-gradient":""}},"ast-content-background-meta":{"desktop":{"background-color":"var(--ast-global-color-4)","background-image":"","background-repeat":"repeat","background-position":"center center","background-size":"auto","background-attachment":"scroll","background-type":"","background-media":"","overlay-type":"","overlay-color":"","overlay-opacity":"","overlay-gradient":""},"tablet":{"background-color":"var(--ast-global-color-4)","background-image":"","background-repeat":"repeat","background-position":"center center","background-size":"auto","background-attachment":"scroll","background-type":"","background-media":"","overlay-type":"","overlay-color":"","overlay-opacity":"","overlay-gradient":""},"mobile":{"background-color":"var(--ast-global-color-4)","background-image":"","background-repeat":"repeat","background-position":"center center","background-size":"auto","background-attachment":"scroll","background-type":"","background-media":"","overlay-type":"","overlay-color":"","overlay-opacity":"","overlay-gradient":""}},"footnotes":""},"categories":[1,168],"tags":[],"class_list":["post-1541","post","type-post","status-publish","format-standard","has-post-thumbnail","hentry","category-football-latest-news","category-morocco-national-team"],"yoast_head":"<!-- This site is optimized with the Yoast SEO Premium plugin v26.6 (Yoast SEO v27.5) - https:\/\/yoast.com\/product\/yoast-seo-premium-wordpress\/ -->\n<title>Bayern Munich suffer setback as Osimhen faces uncertain future - Bladna News<\/title>\n<meta name=\"robots\" content=\"index, follow, max-snippet:-1, max-image-preview:large, max-video-preview:-1\" \/>\n<link rel=\"canonical\" href=\"https:\/\/bladnanews.com\/fr\/le-bayern-munich-subit-un-revers-alors-quosimhen-fait-face-a-un-avenir-incertain\/\" \/>\n<meta property=\"og:locale\" content=\"fr_FR\" \/>\n<meta property=\"og:type\" content=\"article\" \/>\n<meta property=\"og:title\" content=\"Bayern Munich suffer setback as Osimhen faces uncertain future\" \/>\n<meta property=\"og:description\" content=\"Bayern Munich have been shaken by a new offer that could change their plans in the transfer market, as the [&hellip;]\" \/>\n<meta property=\"og:url\" content=\"https:\/\/bladnanews.com\/fr\/le-bayern-munich-subit-un-revers-alors-quosimhen-fait-face-a-un-avenir-incertain\/\" \/>\n<meta property=\"og:site_name\" content=\"Bladna News\" \/>\n<meta property=\"article:published_time\" content=\"2026-01-03T08:01:20+00:00\" \/>\n<meta property=\"og:image\" content=\"https:\/\/bladnanews.com\/wp-content\/uploads\/2026\/01\/GOAL20-20Blank20WEB20-20Facebook20-202025-09-25T124549.296.png.jpg\" \/>\n\t<meta property=\"og:image:width\" content=\"1920\" \/>\n\t<meta property=\"og:image:height\" content=\"1080\" \/>\n\t<meta property=\"og:image:type\" content=\"image\/jpeg\" \/>\n<meta name=\"author\" content=\"Bladna Sports Desk\" \/>\n<meta name=\"twitter:card\" content=\"summary_large_image\" \/>\n<meta name=\"twitter:label1\" content=\"\u00c9crit par\" \/>\n\t<meta name=\"twitter:data1\" content=\"Bladna Sports Desk\" \/>\n\t<meta name=\"twitter:label2\" content=\"Dur\u00e9e de lecture estim\u00e9e\" \/>\n\t<meta name=\"twitter:data2\" content=\"1 minute\" \/>\n<script type=\"application\/ld+json\" class=\"yoast-schema-graph\">{\"@context\":\"https:\\\/\\\/schema.org\",\"@graph\":[{\"@type\":\"Article\",\"@id\":\"https:\\\/\\\/bladnanews.com\\\/bayern-munich-suffer-setback-as-osimhen-faces-uncertain-future\\\/#article\",\"isPartOf\":{\"@id\":\"https:\\\/\\\/bladnanews.com\\\/bayern-munich-suffer-setback-as-osimhen-faces-uncertain-future\\\/\"},\"author\":{\"name\":\"Bladna Sports Desk\",\"@id\":\"https:\\\/\\\/mediumseagreen-eel-531711.hostingersite.com\\\/#\\\/schema\\\/person\\\/6712b38fabe810f7eb8d15ed30d90f1e\"},\"headline\":\"Bayern Munich suffer setback as Osimhen faces uncertain future\",\"datePublished\":\"2026-01-03T08:01:20+00:00\",\"mainEntityOfPage\":{\"@id\":\"https:\\\/\\\/bladnanews.com\\\/bayern-munich-suffer-setback-as-osimhen-faces-uncertain-future\\\/\"},\"wordCount\":130,\"publisher\":{\"@id\":\"https:\\\/\\\/mediumseagreen-eel-531711.hostingersite.com\\\/#organization\"},\"image\":{\"@id\":\"https:\\\/\\\/bladnanews.com\\\/bayern-munich-suffer-setback-as-osimhen-faces-uncertain-future\\\/#primaryimage\"},\"thumbnailUrl\":\"https:\\\/\\\/bladnanews.com\\\/wp-content\\\/uploads\\\/2026\\\/01\\\/GOAL20-20Blank20WEB20-20Facebook20-202025-09-25T124549.296.png.jpg\",\"articleSection\":[\"Latest News\",\"Morocco National Team\"],\"inLanguage\":\"fr-FR\",\"copyrightYear\":\"2026\",\"copyrightHolder\":{\"@id\":\"https:\\\/\\\/bladnanews.com\\\/fr\\\/#organization\"}},{\"@type\":\"WebPage\",\"@id\":\"https:\\\/\\\/bladnanews.com\\\/bayern-munich-suffer-setback-as-osimhen-faces-uncertain-future\\\/\",\"url\":\"https:\\\/\\\/bladnanews.com\\\/bayern-munich-suffer-setback-as-osimhen-faces-uncertain-future\\\/\",\"name\":\"Bayern Munich suffer setback as Osimhen faces uncertain future - Bladna News\",\"isPartOf\":{\"@id\":\"https:\\\/\\\/mediumseagreen-eel-531711.hostingersite.com\\\/#website\"},\"primaryImageOfPage\":{\"@id\":\"https:\\\/\\\/bladnanews.com\\\/bayern-munich-suffer-setback-as-osimhen-faces-uncertain-future\\\/#primaryimage\"},\"image\":{\"@id\":\"https:\\\/\\\/bladnanews.com\\\/bayern-munich-suffer-setback-as-osimhen-faces-uncertain-future\\\/#primaryimage\"},\"thumbnailUrl\":\"https:\\\/\\\/bladnanews.com\\\/wp-content\\\/uploads\\\/2026\\\/01\\\/GOAL20-20Blank20WEB20-20Facebook20-202025-09-25T124549.296.png.jpg\",\"datePublished\":\"2026-01-03T08:01:20+00:00\",\"breadcrumb\":{\"@id\":\"https:\\\/\\\/bladnanews.com\\\/bayern-munich-suffer-setback-as-osimhen-faces-uncertain-future\\\/#breadcrumb\"},\"inLanguage\":\"fr-FR\",\"potentialAction\":[{\"@type\":\"ReadAction\",\"target\":[\"https:\\\/\\\/bladnanews.com\\\/bayern-munich-suffer-setback-as-osimhen-faces-uncertain-future\\\/\"]}]},{\"@type\":\"ImageObject\",\"inLanguage\":\"fr-FR\",\"@id\":\"https:\\\/\\\/bladnanews.com\\\/bayern-munich-suffer-setback-as-osimhen-faces-uncertain-future\\\/#primaryimage\",\"url\":\"https:\\\/\\\/bladnanews.com\\\/wp-content\\\/uploads\\\/2026\\\/01\\\/GOAL20-20Blank20WEB20-20Facebook20-202025-09-25T124549.296.png.jpg\",\"contentUrl\":\"https:\\\/\\\/bladnanews.com\\\/wp-content\\\/uploads\\\/2026\\\/01\\\/GOAL20-20Blank20WEB20-20Facebook20-202025-09-25T124549.296.png.jpg\",\"width\":1600,\"height\":900,\"caption\":\"Ghanaian footballer in an orange kit gestures animatedly, showing a pink bandage on his finger, against a blurred stadium backdrop.\"},{\"@type\":\"BreadcrumbList\",\"@id\":\"https:\\\/\\\/bladnanews.com\\\/bayern-munich-suffer-setback-as-osimhen-faces-uncertain-future\\\/#breadcrumb\",\"itemListElement\":[{\"@type\":\"ListItem\",\"position\":1,\"name\":\"Home\",\"item\":\"https:\\\/\\\/bladnanews.com\\\/\"},{\"@type\":\"ListItem\",\"position\":2,\"name\":\"Bayern Munich suffer setback as Osimhen faces uncertain future\"}]},{\"@type\":\"WebSite\",\"@id\":\"https:\\\/\\\/mediumseagreen-eel-531711.hostingersite.com\\\/#website\",\"url\":\"https:\\\/\\\/mediumseagreen-eel-531711.hostingersite.com\\\/\",\"name\":\"Bladna News - Morocco\",\"description\":\"Where Moroccan Football Meets the World\",\"publisher\":{\"@id\":\"https:\\\/\\\/mediumseagreen-eel-531711.hostingersite.com\\\/#organization\"},\"potentialAction\":[{\"@type\":\"SearchAction\",\"target\":{\"@type\":\"EntryPoint\",\"urlTemplate\":\"https:\\\/\\\/mediumseagreen-eel-531711.hostingersite.com\\\/?s={search_term_string}\"},\"query-input\":{\"@type\":\"PropertyValueSpecification\",\"valueRequired\":true,\"valueName\":\"search_term_string\"}}],\"inLanguage\":\"fr-FR\"},{\"@type\":\"Organization\",\"@id\":\"https:\\\/\\\/mediumseagreen-eel-531711.hostingersite.com\\\/#organization\",\"name\":\"Bladna News.com\",\"url\":\"https:\\\/\\\/mediumseagreen-eel-531711.hostingersite.com\\\/\",\"logo\":{\"@type\":\"ImageObject\",\"inLanguage\":\"fr-FR\",\"@id\":\"https:\\\/\\\/mediumseagreen-eel-531711.hostingersite.com\\\/#\\\/schema\\\/logo\\\/image\\\/\",\"url\":\"https:\\\/\\\/bladnanews.com\\\/wp-content\\\/uploads\\\/2025\\\/12\\\/logo-bladnanews-V2-web-black-red.png\",\"contentUrl\":\"https:\\\/\\\/bladnanews.com\\\/wp-content\\\/uploads\\\/2025\\\/12\\\/logo-bladnanews-V2-web-black-red.png\",\"width\":703,\"height\":287,\"caption\":\"Bladna News.com\"},\"image\":{\"@id\":\"https:\\\/\\\/mediumseagreen-eel-531711.hostingersite.com\\\/#\\\/schema\\\/logo\\\/image\\\/\"},\"email\":\"info@bladnanews.com\",\"legalName\":\"Bladna News\"},{\"@type\":\"Person\",\"@id\":\"https:\\\/\\\/mediumseagreen-eel-531711.hostingersite.com\\\/#\\\/schema\\\/person\\\/6712b38fabe810f7eb8d15ed30d90f1e\",\"name\":\"Bladna Sports Desk\",\"url\":\"https:\\\/\\\/bladnanews.com\\\/fr\\\/author\\\/bladna-sports-desk\\\/\"}]}<\/script>\n<!-- \/ Yoast SEO Premium plugin. -->","yoast_head_json":{"title":"Le Bayern Munich subit un revers alors qu'Osimhen fait face \u00e0 un avenir incertain - Bladna News","robots":{"index":"index","follow":"follow","max-snippet":"max-snippet:-1","max-image-preview":"max-image-preview:large","max-video-preview":"max-video-preview:-1"},"canonical":"https:\/\/bladnanews.com\/fr\/le-bayern-munich-subit-un-revers-alors-quosimhen-fait-face-a-un-avenir-incertain\/","og_locale":"fr_FR","og_type":"article","og_title":"Bayern Munich suffer setback as Osimhen faces uncertain future","og_description":"Bayern Munich have been shaken by a new offer that could change their plans in the transfer market, as the [&hellip;]","og_url":"https:\/\/bladnanews.com\/fr\/le-bayern-munich-subit-un-revers-alors-quosimhen-fait-face-a-un-avenir-incertain\/","og_site_name":"Bladna News","article_published_time":"2026-01-03T08:01:20+00:00","og_image":[{"width":1920,"height":1080,"url":"https:\/\/bladnanews.com\/wp-content\/uploads\/2026\/01\/GOAL20-20Blank20WEB20-20Facebook20-202025-09-25T124549.296.png.jpg","type":"image\/jpeg"}],"author":"Bladna Sports Desk","twitter_card":"summary_large_image","twitter_misc":{"\u00c9crit par":"Bladna Sports Desk","Dur\u00e9e de lecture estim\u00e9e":"1 minute"},"schema":{"@context":"https:\/\/schema.org","@graph":[{"@type":"Article","@id":"https:\/\/bladnanews.com\/bayern-munich-suffer-setback-as-osimhen-faces-uncertain-future\/#article","isPartOf":{"@id":"https:\/\/bladnanews.com\/bayern-munich-suffer-setback-as-osimhen-faces-uncertain-future\/"},"author":{"name":"Bladna Sports Desk","@id":"https:\/\/mediumseagreen-eel-531711.hostingersite.com\/#\/schema\/person\/6712b38fabe810f7eb8d15ed30d90f1e"},"headline":"Bayern Munich suffer setback as Osimhen faces uncertain future","datePublished":"2026-01-03T08:01:20+00:00","mainEntityOfPage":{"@id":"https:\/\/bladnanews.com\/bayern-munich-suffer-setback-as-osimhen-faces-uncertain-future\/"},"wordCount":130,"publisher":{"@id":"https:\/\/mediumseagreen-eel-531711.hostingersite.com\/#organization"},"image":{"@id":"https:\/\/bladnanews.com\/bayern-munich-suffer-setback-as-osimhen-faces-uncertain-future\/#primaryimage"},"thumbnailUrl":"https:\/\/bladnanews.com\/wp-content\/uploads\/2026\/01\/GOAL20-20Blank20WEB20-20Facebook20-202025-09-25T124549.296.png.jpg","articleSection":["Latest News","Morocco National Team"],"inLanguage":"fr-FR","copyrightYear":"2026","copyrightHolder":{"@id":"https:\/\/bladnanews.com\/fr\/#organization"}},{"@type":"WebPage","@id":"https:\/\/bladnanews.com\/bayern-munich-suffer-setback-as-osimhen-faces-uncertain-future\/","url":"https:\/\/bladnanews.com\/bayern-munich-suffer-setback-as-osimhen-faces-uncertain-future\/","name":"Le Bayern Munich subit un revers alors qu'Osimhen fait face \u00e0 un avenir incertain - Bladna News","isPartOf":{"@id":"https:\/\/mediumseagreen-eel-531711.hostingersite.com\/#website"},"primaryImageOfPage":{"@id":"https:\/\/bladnanews.com\/bayern-munich-suffer-setback-as-osimhen-faces-uncertain-future\/#primaryimage"},"image":{"@id":"https:\/\/bladnanews.com\/bayern-munich-suffer-setback-as-osimhen-faces-uncertain-future\/#primaryimage"},"thumbnailUrl":"https:\/\/bladnanews.com\/wp-content\/uploads\/2026\/01\/GOAL20-20Blank20WEB20-20Facebook20-202025-09-25T124549.296.png.jpg","datePublished":"2026-01-03T08:01:20+00:00","breadcrumb":{"@id":"https:\/\/bladnanews.com\/bayern-munich-suffer-setback-as-osimhen-faces-uncertain-future\/#breadcrumb"},"inLanguage":"fr-FR","potentialAction":[{"@type":"ReadAction","target":["https:\/\/bladnanews.com\/bayern-munich-suffer-setback-as-osimhen-faces-uncertain-future\/"]}]},{"@type":"ImageObject","inLanguage":"fr-FR","@id":"https:\/\/bladnanews.com\/bayern-munich-suffer-setback-as-osimhen-faces-uncertain-future\/#primaryimage","url":"https:\/\/bladnanews.com\/wp-content\/uploads\/2026\/01\/GOAL20-20Blank20WEB20-20Facebook20-202025-09-25T124549.296.png.jpg","contentUrl":"https:\/\/bladnanews.com\/wp-content\/uploads\/2026\/01\/GOAL20-20Blank20WEB20-20Facebook20-202025-09-25T124549.296.png.jpg","width":1600,"height":900,"caption":"Ghanaian footballer in an orange kit gestures animatedly, showing a pink bandage on his finger, against a blurred stadium backdrop."},{"@type":"BreadcrumbList","@id":"https:\/\/bladnanews.com\/bayern-munich-suffer-setback-as-osimhen-faces-uncertain-future\/#breadcrumb","itemListElement":[{"@type":"ListItem","position":1,"name":"Home","item":"https:\/\/bladnanews.com\/"},{"@type":"ListItem","position":2,"name":"Bayern Munich suffer setback as Osimhen faces uncertain future"}]},{"@type":"WebSite","@id":"https:\/\/mediumseagreen-eel-531711.hostingersite.com\/#website","url":"https:\/\/mediumseagreen-eel-531711.hostingersite.com\/","name":"Bladna News - Maroc","description":"Quand le football marocain rencontre le monde","publisher":{"@id":"https:\/\/mediumseagreen-eel-531711.hostingersite.com\/#organization"},"potentialAction":[{"@type":"SearchAction","target":{"@type":"EntryPoint","urlTemplate":"https:\/\/mediumseagreen-eel-531711.hostingersite.com\/?s={search_term_string}"},"query-input":{"@type":"PropertyValueSpecification","valueRequired":true,"valueName":"search_term_string"}}],"inLanguage":"fr-FR"},{"@type":"Organization","@id":"https:\/\/mediumseagreen-eel-531711.hostingersite.com\/#organization","name":"Bladna News.com","url":"https:\/\/mediumseagreen-eel-531711.hostingersite.com\/","logo":{"@type":"ImageObject","inLanguage":"fr-FR","@id":"https:\/\/mediumseagreen-eel-531711.hostingersite.com\/#\/schema\/logo\/image\/","url":"https:\/\/bladnanews.com\/wp-content\/uploads\/2025\/12\/logo-bladnanews-V2-web-black-red.png","contentUrl":"https:\/\/bladnanews.com\/wp-content\/uploads\/2025\/12\/logo-bladnanews-V2-web-black-red.png","width":703,"height":287,"caption":"Bladna News.com"},"image":{"@id":"https:\/\/mediumseagreen-eel-531711.hostingersite.com\/#\/schema\/logo\/image\/"},"email":"info@bladnanews.com","legalName":"Bladna News"},{"@type":"Person","@id":"https:\/\/mediumseagreen-eel-531711.hostingersite.com\/#\/schema\/person\/6712b38fabe810f7eb8d15ed30d90f1e","name":"Bladna Sports Desk","url":"https:\/\/bladnanews.com\/fr\/author\/bladna-sports-desk\/"}]}},"_links":{"self":[{"href":"https:\/\/bladnanews.com\/fr\/wp-json\/wp\/v2\/posts\/1541","targetHints":{"allow":["GET"]}}],"collection":[{"href":"https:\/\/bladnanews.com\/fr\/wp-json\/wp\/v2\/posts"}],"about":[{"href":"https:\/\/bladnanews.com\/fr\/wp-json\/wp\/v2\/types\/post"}],"author":[{"embeddable":true,"href":"https:\/\/bladnanews.com\/fr\/wp-json\/wp\/v2\/users\/4"}],"replies":[{"embeddable":true,"href":"https:\/\/bladnanews.com\/fr\/wp-json\/wp\/v2\/comments?post=1541"}],"version-history":[{"count":0,"href":"https:\/\/bladnanews.com\/fr\/wp-json\/wp\/v2\/posts\/1541\/revisions"}],"wp:featuredmedia":[{"embeddable":true,"href":"https:\/\/bladnanews.com\/fr\/wp-json\/wp\/v2\/media\/1540"}],"wp:attachment":[{"href":"https:\/\/bladnanews.com\/fr\/wp-json\/wp\/v2\/media?parent=1541"}],"wp:term":[{"taxonomy":"category","embeddable":true,"href":"https:\/\/bladnanews.com\/fr\/wp-json\/wp\/v2\/categories?post=1541"},{"taxonomy":"post_tag","embeddable":true,"href":"https:\/\/bladnanews.com\/fr\/wp-json\/wp\/v2\/tags?post=1541"}],"curies":[{"name":"wp","href":"https:\/\/api.w.org\/{rel}","templated":true}]}}