{"id":1549,"date":"2026-01-03T09:04:04","date_gmt":"2026-01-03T09:04:04","guid":{"rendered":"https:\/\/bladnanews.com\/man-utd-consider-100m-rated-midfield-target-for-january-transfer\/"},"modified":"2026-01-03T09:04:04","modified_gmt":"2026-01-03T09:04:04","slug":"manchester-united-envisage-un-milieu-de-terrain-evalue-a-100-millions-pour-le-mercato-de-janvier","status":"publish","type":"post","link":"https:\/\/bladnanews.com\/fr\/manchester-united-envisage-un-milieu-de-terrain-evalue-a-100-millions-pour-le-mercato-de-janvier\/","title":{"rendered":"Man Utd envisage un objectif de milieu de terrain \u00e9valu\u00e9 \u00e0 100 millions de livres pour le transfert de janvier"},"content":{"rendered":"<p>Selon des rapports, Manchester United aurait entam\u00e9 des d\u00e9marches pour recruter un milieu de terrain \u00e9valu\u00e9 \u00e0 100 millions de livres sterling avant l'ouverture du mercato de janvier, t\u00e9moignant de leur volont\u00e9 de renforcer rapidement leur effectif.<\/p>\n<p>Les Red Devils ont sond\u00e9 la possibilit\u00e9 de signer le joueur lors de la prochaine p\u00e9riode de transfert hivernale, dans le but de consolider leurs options au milieu de terrain alors qu'ils sont engag\u00e9s sur plusieurs fronts. Cette \u00e9volution s'inscrit dans la strat\u00e9gie plus large du club visant \u00e0 am\u00e9liorer la profondeur et la qualit\u00e9 de son effectif.<\/p>\n<p>Les d\u00e9tails r\u00e9v\u00e9l\u00e9s indiquent que Manchester United n'a pas attendu l'\u00e9t\u00e9 et participe activement \u00e0 des discussions pr\u00e9liminaires pour \u00e9valuer la faisabilit\u00e9 d'acqu\u00e9rir le talentueux milieu de terrain en janvier. L'approche proactive du club souligne l'urgence qu'il accorde au renforcement de secteurs cl\u00e9s sur le terrain.<\/p>\n<p>Bien qu'une confirmation officielle soit toujours attendue, les n\u00e9gociations sugg\u00e8rent que United cible un recrutement de haut profil d'une valeur d'environ 100 millions de livres, soulignant l'ambition du club de rivaliser au plus haut niveau, tant sur la sc\u00e8ne nationale qu'europ\u00e9enne.<\/p>\n<p>Aucune date pr\u00e9cise n'a \u00e9t\u00e9 fix\u00e9e, mais l'\u00e9mergence de ces discussions avant l'ouverture du mercato de janvier refl\u00e8te un changement net dans la strat\u00e9gie de transfert de Manchester United, qui vise \u00e0 effectuer des recrutements impactants sans d\u00e9lai.<\/p>","protected":false},"excerpt":{"rendered":"<p>Manchester United have reportedly made moves to pursue a \u00a3100 million-rated midfield target ahead of the January transfer window, signaling [&hellip;]<\/p>\n","protected":false},"author":3,"featured_media":1548,"comment_status":"","ping_status":"open","sticky":false,"template":"","format":"standard","meta":{"googlesitekit_rrm_CAow_uzEDA:productID":"","site-sidebar-layout":"default","site-content-layout":"","ast-site-content-layout":"default","site-content-style":"default","site-sidebar-style":"default","ast-global-header-display":"","ast-banner-title-visibility":"","ast-main-header-display":"","ast-hfb-above-header-display":"","ast-hfb-below-header-display":"","ast-hfb-mobile-header-display":"","site-post-title":"","ast-breadcrumbs-content":"","ast-featured-img":"","footer-sml-layout":"","ast-disable-related-posts":"","theme-transparent-header-meta":"","adv-header-id-meta":"","stick-header-meta":"","header-above-stick-meta":"","header-main-stick-meta":"","header-below-stick-meta":"","astra-migrate-meta-layouts":"default","ast-page-background-enabled":"default","ast-page-background-meta":{"desktop":{"background-color":"var(--ast-global-color-5)","background-image":"","background-repeat":"repeat","background-position":"center center","background-size":"auto","background-attachment":"scroll","background-type":"","background-media":"","overlay-type":"","overlay-color":"","overlay-opacity":"","overlay-gradient":""},"tablet":{"background-color":"","background-image":"","background-repeat":"repeat","background-position":"center center","background-size":"auto","background-attachment":"scroll","background-type":"","background-media":"","overlay-type":"","overlay-color":"","overlay-opacity":"","overlay-gradient":""},"mobile":{"background-color":"","background-image":"","background-repeat":"repeat","background-position":"center center","background-size":"auto","background-attachment":"scroll","background-type":"","background-media":"","overlay-type":"","overlay-color":"","overlay-opacity":"","overlay-gradient":""}},"ast-content-background-meta":{"desktop":{"background-color":"var(--ast-global-color-4)","background-image":"","background-repeat":"repeat","background-position":"center center","background-size":"auto","background-attachment":"scroll","background-type":"","background-media":"","overlay-type":"","overlay-color":"","overlay-opacity":"","overlay-gradient":""},"tablet":{"background-color":"var(--ast-global-color-4)","background-image":"","background-repeat":"repeat","background-position":"center center","background-size":"auto","background-attachment":"scroll","background-type":"","background-media":"","overlay-type":"","overlay-color":"","overlay-opacity":"","overlay-gradient":""},"mobile":{"background-color":"var(--ast-global-color-4)","background-image":"","background-repeat":"repeat","background-position":"center center","background-size":"auto","background-attachment":"scroll","background-type":"","background-media":"","overlay-type":"","overlay-color":"","overlay-opacity":"","overlay-gradient":""}},"footnotes":""},"categories":[20,1],"tags":[],"class_list":["post-1549","post","type-post","status-publish","format-standard","has-post-thumbnail","hentry","category-international","category-football-latest-news"],"yoast_head":"<!-- This site is optimized with the Yoast SEO Premium plugin v26.6 (Yoast SEO v27.5) - https:\/\/yoast.com\/product\/yoast-seo-premium-wordpress\/ -->\n<title>Man Utd consider \u00a3100m-rated midfield target for January transfer - Bladna News<\/title>\n<meta name=\"robots\" content=\"index, follow, max-snippet:-1, max-image-preview:large, max-video-preview:-1\" \/>\n<link rel=\"canonical\" href=\"https:\/\/bladnanews.com\/fr\/manchester-united-envisage-un-milieu-de-terrain-evalue-a-100-millions-pour-le-mercato-de-janvier\/\" \/>\n<meta property=\"og:locale\" content=\"fr_FR\" \/>\n<meta property=\"og:type\" content=\"article\" \/>\n<meta property=\"og:title\" content=\"Man Utd consider \u00a3100m-rated midfield target for January transfer\" \/>\n<meta property=\"og:description\" content=\"Manchester United have reportedly made moves to pursue a \u00a3100 million-rated midfield target ahead of the January transfer window, signaling [&hellip;]\" \/>\n<meta property=\"og:url\" content=\"https:\/\/bladnanews.com\/fr\/manchester-united-envisage-un-milieu-de-terrain-evalue-a-100-millions-pour-le-mercato-de-janvier\/\" \/>\n<meta property=\"og:site_name\" content=\"Bladna News\" \/>\n<meta property=\"article:published_time\" content=\"2026-01-03T09:04:04+00:00\" \/>\n<meta property=\"og:image\" content=\"https:\/\/bladnanews.com\/wp-content\/uploads\/2026\/01\/BladnaNews-Man-Utd-consider-100m-rated-midfield-target-for-January-transfer-2026-01-03T095100.219Z.jpg\" \/>\n\t<meta property=\"og:image:width\" content=\"1792\" \/>\n\t<meta property=\"og:image:height\" content=\"1008\" \/>\n\t<meta property=\"og:image:type\" content=\"image\/jpeg\" \/>\n<meta name=\"author\" content=\"Bladna News Staff\" \/>\n<meta name=\"twitter:card\" content=\"summary_large_image\" \/>\n<meta name=\"twitter:label1\" content=\"\u00c9crit par\" \/>\n\t<meta name=\"twitter:data1\" content=\"Bladna News Staff\" \/>\n\t<meta name=\"twitter:label2\" content=\"Dur\u00e9e de lecture estim\u00e9e\" \/>\n\t<meta name=\"twitter:data2\" content=\"1 minute\" \/>\n<script type=\"application\/ld+json\" class=\"yoast-schema-graph\">{\"@context\":\"https:\\\/\\\/schema.org\",\"@graph\":[{\"@type\":\"Article\",\"@id\":\"https:\\\/\\\/bladnanews.com\\\/man-utd-consider-100m-rated-midfield-target-for-january-transfer\\\/#article\",\"isPartOf\":{\"@id\":\"https:\\\/\\\/bladnanews.com\\\/man-utd-consider-100m-rated-midfield-target-for-january-transfer\\\/\"},\"author\":{\"name\":\"Bladna News Staff\",\"@id\":\"https:\\\/\\\/mediumseagreen-eel-531711.hostingersite.com\\\/#\\\/schema\\\/person\\\/268e18a453ab080ebf76df6ef7845083\"},\"headline\":\"Man Utd consider \u00a3100m-rated midfield target for January transfer\",\"datePublished\":\"2026-01-03T09:04:04+00:00\",\"mainEntityOfPage\":{\"@id\":\"https:\\\/\\\/bladnanews.com\\\/man-utd-consider-100m-rated-midfield-target-for-january-transfer\\\/\"},\"wordCount\":195,\"publisher\":{\"@id\":\"https:\\\/\\\/mediumseagreen-eel-531711.hostingersite.com\\\/#organization\"},\"image\":{\"@id\":\"https:\\\/\\\/bladnanews.com\\\/man-utd-consider-100m-rated-midfield-target-for-january-transfer\\\/#primaryimage\"},\"thumbnailUrl\":\"https:\\\/\\\/bladnanews.com\\\/wp-content\\\/uploads\\\/2026\\\/01\\\/BladnaNews-Man-Utd-consider-100m-rated-midfield-target-for-January-transfer-2026-01-03T095100.219Z.jpg\",\"articleSection\":[\"International\",\"Latest News\"],\"inLanguage\":\"fr-FR\",\"copyrightYear\":\"2026\",\"copyrightHolder\":{\"@id\":\"https:\\\/\\\/bladnanews.com\\\/fr\\\/#organization\"}},{\"@type\":\"WebPage\",\"@id\":\"https:\\\/\\\/bladnanews.com\\\/man-utd-consider-100m-rated-midfield-target-for-january-transfer\\\/\",\"url\":\"https:\\\/\\\/bladnanews.com\\\/man-utd-consider-100m-rated-midfield-target-for-january-transfer\\\/\",\"name\":\"Man Utd consider \u00a3100m-rated midfield target for January transfer - Bladna News\",\"isPartOf\":{\"@id\":\"https:\\\/\\\/mediumseagreen-eel-531711.hostingersite.com\\\/#website\"},\"primaryImageOfPage\":{\"@id\":\"https:\\\/\\\/bladnanews.com\\\/man-utd-consider-100m-rated-midfield-target-for-january-transfer\\\/#primaryimage\"},\"image\":{\"@id\":\"https:\\\/\\\/bladnanews.com\\\/man-utd-consider-100m-rated-midfield-target-for-january-transfer\\\/#primaryimage\"},\"thumbnailUrl\":\"https:\\\/\\\/bladnanews.com\\\/wp-content\\\/uploads\\\/2026\\\/01\\\/BladnaNews-Man-Utd-consider-100m-rated-midfield-target-for-January-transfer-2026-01-03T095100.219Z.jpg\",\"datePublished\":\"2026-01-03T09:04:04+00:00\",\"breadcrumb\":{\"@id\":\"https:\\\/\\\/bladnanews.com\\\/man-utd-consider-100m-rated-midfield-target-for-january-transfer\\\/#breadcrumb\"},\"inLanguage\":\"fr-FR\",\"potentialAction\":[{\"@type\":\"ReadAction\",\"target\":[\"https:\\\/\\\/bladnanews.com\\\/man-utd-consider-100m-rated-midfield-target-for-january-transfer\\\/\"]}]},{\"@type\":\"ImageObject\",\"inLanguage\":\"fr-FR\",\"@id\":\"https:\\\/\\\/bladnanews.com\\\/man-utd-consider-100m-rated-midfield-target-for-january-transfer\\\/#primaryimage\",\"url\":\"https:\\\/\\\/bladnanews.com\\\/wp-content\\\/uploads\\\/2026\\\/01\\\/BladnaNews-Man-Utd-consider-100m-rated-midfield-target-for-January-transfer-2026-01-03T095100.219Z.jpg\",\"contentUrl\":\"https:\\\/\\\/bladnanews.com\\\/wp-content\\\/uploads\\\/2026\\\/01\\\/BladnaNews-Man-Utd-consider-100m-rated-midfield-target-for-January-transfer-2026-01-03T095100.219Z.jpg\",\"width\":1600,\"height\":900,\"caption\":\"Moroccan football coach with a thick beard, wearing a black zip-up jacket, gazing thoughtfully against a blurred stadium background.\"},{\"@type\":\"BreadcrumbList\",\"@id\":\"https:\\\/\\\/bladnanews.com\\\/man-utd-consider-100m-rated-midfield-target-for-january-transfer\\\/#breadcrumb\",\"itemListElement\":[{\"@type\":\"ListItem\",\"position\":1,\"name\":\"Home\",\"item\":\"https:\\\/\\\/bladnanews.com\\\/\"},{\"@type\":\"ListItem\",\"position\":2,\"name\":\"Man Utd consider \u00a3100m-rated midfield target for January transfer\"}]},{\"@type\":\"WebSite\",\"@id\":\"https:\\\/\\\/mediumseagreen-eel-531711.hostingersite.com\\\/#website\",\"url\":\"https:\\\/\\\/mediumseagreen-eel-531711.hostingersite.com\\\/\",\"name\":\"Bladna News - Morocco\",\"description\":\"Where Moroccan Football Meets the World\",\"publisher\":{\"@id\":\"https:\\\/\\\/mediumseagreen-eel-531711.hostingersite.com\\\/#organization\"},\"potentialAction\":[{\"@type\":\"SearchAction\",\"target\":{\"@type\":\"EntryPoint\",\"urlTemplate\":\"https:\\\/\\\/mediumseagreen-eel-531711.hostingersite.com\\\/?s={search_term_string}\"},\"query-input\":{\"@type\":\"PropertyValueSpecification\",\"valueRequired\":true,\"valueName\":\"search_term_string\"}}],\"inLanguage\":\"fr-FR\"},{\"@type\":\"Organization\",\"@id\":\"https:\\\/\\\/mediumseagreen-eel-531711.hostingersite.com\\\/#organization\",\"name\":\"Bladna News.com\",\"url\":\"https:\\\/\\\/mediumseagreen-eel-531711.hostingersite.com\\\/\",\"logo\":{\"@type\":\"ImageObject\",\"inLanguage\":\"fr-FR\",\"@id\":\"https:\\\/\\\/mediumseagreen-eel-531711.hostingersite.com\\\/#\\\/schema\\\/logo\\\/image\\\/\",\"url\":\"https:\\\/\\\/bladnanews.com\\\/wp-content\\\/uploads\\\/2025\\\/12\\\/logo-bladnanews-V2-web-black-red.png\",\"contentUrl\":\"https:\\\/\\\/bladnanews.com\\\/wp-content\\\/uploads\\\/2025\\\/12\\\/logo-bladnanews-V2-web-black-red.png\",\"width\":703,\"height\":287,\"caption\":\"Bladna News.com\"},\"image\":{\"@id\":\"https:\\\/\\\/mediumseagreen-eel-531711.hostingersite.com\\\/#\\\/schema\\\/logo\\\/image\\\/\"},\"email\":\"info@bladnanews.com\",\"legalName\":\"Bladna News\"},{\"@type\":\"Person\",\"@id\":\"https:\\\/\\\/mediumseagreen-eel-531711.hostingersite.com\\\/#\\\/schema\\\/person\\\/268e18a453ab080ebf76df6ef7845083\",\"name\":\"Bladna News Staff\",\"url\":\"https:\\\/\\\/bladnanews.com\\\/fr\\\/author\\\/bladna-news-staff\\\/\"}]}<\/script>\n<!-- \/ Yoast SEO Premium plugin. -->","yoast_head_json":{"title":"Manchester United envisage un transfert en janvier pour un milieu de terrain \u00e9valu\u00e9 \u00e0 100 millions de livres - Bladna News","robots":{"index":"index","follow":"follow","max-snippet":"max-snippet:-1","max-image-preview":"max-image-preview:large","max-video-preview":"max-video-preview:-1"},"canonical":"https:\/\/bladnanews.com\/fr\/manchester-united-envisage-un-milieu-de-terrain-evalue-a-100-millions-pour-le-mercato-de-janvier\/","og_locale":"fr_FR","og_type":"article","og_title":"Man Utd consider \u00a3100m-rated midfield target for January transfer","og_description":"Manchester United have reportedly made moves to pursue a \u00a3100 million-rated midfield target ahead of the January transfer window, signaling [&hellip;]","og_url":"https:\/\/bladnanews.com\/fr\/manchester-united-envisage-un-milieu-de-terrain-evalue-a-100-millions-pour-le-mercato-de-janvier\/","og_site_name":"Bladna News","article_published_time":"2026-01-03T09:04:04+00:00","og_image":[{"width":1792,"height":1008,"url":"https:\/\/bladnanews.com\/wp-content\/uploads\/2026\/01\/BladnaNews-Man-Utd-consider-100m-rated-midfield-target-for-January-transfer-2026-01-03T095100.219Z.jpg","type":"image\/jpeg"}],"author":"Bladna News Staff","twitter_card":"summary_large_image","twitter_misc":{"\u00c9crit par":"Bladna News Staff","Dur\u00e9e de lecture estim\u00e9e":"1 minute"},"schema":{"@context":"https:\/\/schema.org","@graph":[{"@type":"Article","@id":"https:\/\/bladnanews.com\/man-utd-consider-100m-rated-midfield-target-for-january-transfer\/#article","isPartOf":{"@id":"https:\/\/bladnanews.com\/man-utd-consider-100m-rated-midfield-target-for-january-transfer\/"},"author":{"name":"Bladna News Staff","@id":"https:\/\/mediumseagreen-eel-531711.hostingersite.com\/#\/schema\/person\/268e18a453ab080ebf76df6ef7845083"},"headline":"Man Utd consider \u00a3100m-rated midfield target for January transfer","datePublished":"2026-01-03T09:04:04+00:00","mainEntityOfPage":{"@id":"https:\/\/bladnanews.com\/man-utd-consider-100m-rated-midfield-target-for-january-transfer\/"},"wordCount":195,"publisher":{"@id":"https:\/\/mediumseagreen-eel-531711.hostingersite.com\/#organization"},"image":{"@id":"https:\/\/bladnanews.com\/man-utd-consider-100m-rated-midfield-target-for-january-transfer\/#primaryimage"},"thumbnailUrl":"https:\/\/bladnanews.com\/wp-content\/uploads\/2026\/01\/BladnaNews-Man-Utd-consider-100m-rated-midfield-target-for-January-transfer-2026-01-03T095100.219Z.jpg","articleSection":["International","Latest News"],"inLanguage":"fr-FR","copyrightYear":"2026","copyrightHolder":{"@id":"https:\/\/bladnanews.com\/fr\/#organization"}},{"@type":"WebPage","@id":"https:\/\/bladnanews.com\/man-utd-consider-100m-rated-midfield-target-for-january-transfer\/","url":"https:\/\/bladnanews.com\/man-utd-consider-100m-rated-midfield-target-for-january-transfer\/","name":"Manchester United envisage un transfert en janvier pour un milieu de terrain \u00e9valu\u00e9 \u00e0 100 millions de livres - Bladna News","isPartOf":{"@id":"https:\/\/mediumseagreen-eel-531711.hostingersite.com\/#website"},"primaryImageOfPage":{"@id":"https:\/\/bladnanews.com\/man-utd-consider-100m-rated-midfield-target-for-january-transfer\/#primaryimage"},"image":{"@id":"https:\/\/bladnanews.com\/man-utd-consider-100m-rated-midfield-target-for-january-transfer\/#primaryimage"},"thumbnailUrl":"https:\/\/bladnanews.com\/wp-content\/uploads\/2026\/01\/BladnaNews-Man-Utd-consider-100m-rated-midfield-target-for-January-transfer-2026-01-03T095100.219Z.jpg","datePublished":"2026-01-03T09:04:04+00:00","breadcrumb":{"@id":"https:\/\/bladnanews.com\/man-utd-consider-100m-rated-midfield-target-for-january-transfer\/#breadcrumb"},"inLanguage":"fr-FR","potentialAction":[{"@type":"ReadAction","target":["https:\/\/bladnanews.com\/man-utd-consider-100m-rated-midfield-target-for-january-transfer\/"]}]},{"@type":"ImageObject","inLanguage":"fr-FR","@id":"https:\/\/bladnanews.com\/man-utd-consider-100m-rated-midfield-target-for-january-transfer\/#primaryimage","url":"https:\/\/bladnanews.com\/wp-content\/uploads\/2026\/01\/BladnaNews-Man-Utd-consider-100m-rated-midfield-target-for-January-transfer-2026-01-03T095100.219Z.jpg","contentUrl":"https:\/\/bladnanews.com\/wp-content\/uploads\/2026\/01\/BladnaNews-Man-Utd-consider-100m-rated-midfield-target-for-January-transfer-2026-01-03T095100.219Z.jpg","width":1600,"height":900,"caption":"Moroccan football coach with a thick beard, wearing a black zip-up jacket, gazing thoughtfully against a blurred stadium background."},{"@type":"BreadcrumbList","@id":"https:\/\/bladnanews.com\/man-utd-consider-100m-rated-midfield-target-for-january-transfer\/#breadcrumb","itemListElement":[{"@type":"ListItem","position":1,"name":"Home","item":"https:\/\/bladnanews.com\/"},{"@type":"ListItem","position":2,"name":"Man Utd consider \u00a3100m-rated midfield target for January transfer"}]},{"@type":"WebSite","@id":"https:\/\/mediumseagreen-eel-531711.hostingersite.com\/#website","url":"https:\/\/mediumseagreen-eel-531711.hostingersite.com\/","name":"Bladna News - Maroc","description":"Quand le football marocain rencontre le monde","publisher":{"@id":"https:\/\/mediumseagreen-eel-531711.hostingersite.com\/#organization"},"potentialAction":[{"@type":"SearchAction","target":{"@type":"EntryPoint","urlTemplate":"https:\/\/mediumseagreen-eel-531711.hostingersite.com\/?s={search_term_string}"},"query-input":{"@type":"PropertyValueSpecification","valueRequired":true,"valueName":"search_term_string"}}],"inLanguage":"fr-FR"},{"@type":"Organization","@id":"https:\/\/mediumseagreen-eel-531711.hostingersite.com\/#organization","name":"Bladna News.com","url":"https:\/\/mediumseagreen-eel-531711.hostingersite.com\/","logo":{"@type":"ImageObject","inLanguage":"fr-FR","@id":"https:\/\/mediumseagreen-eel-531711.hostingersite.com\/#\/schema\/logo\/image\/","url":"https:\/\/bladnanews.com\/wp-content\/uploads\/2025\/12\/logo-bladnanews-V2-web-black-red.png","contentUrl":"https:\/\/bladnanews.com\/wp-content\/uploads\/2025\/12\/logo-bladnanews-V2-web-black-red.png","width":703,"height":287,"caption":"Bladna News.com"},"image":{"@id":"https:\/\/mediumseagreen-eel-531711.hostingersite.com\/#\/schema\/logo\/image\/"},"email":"info@bladnanews.com","legalName":"Bladna News"},{"@type":"Person","@id":"https:\/\/mediumseagreen-eel-531711.hostingersite.com\/#\/schema\/person\/268e18a453ab080ebf76df6ef7845083","name":"\u00c9quipe r\u00e9dactionnelle de Bladna News","url":"https:\/\/bladnanews.com\/fr\/author\/bladna-news-staff\/"}]}},"_links":{"self":[{"href":"https:\/\/bladnanews.com\/fr\/wp-json\/wp\/v2\/posts\/1549","targetHints":{"allow":["GET"]}}],"collection":[{"href":"https:\/\/bladnanews.com\/fr\/wp-json\/wp\/v2\/posts"}],"about":[{"href":"https:\/\/bladnanews.com\/fr\/wp-json\/wp\/v2\/types\/post"}],"author":[{"embeddable":true,"href":"https:\/\/bladnanews.com\/fr\/wp-json\/wp\/v2\/users\/3"}],"replies":[{"embeddable":true,"href":"https:\/\/bladnanews.com\/fr\/wp-json\/wp\/v2\/comments?post=1549"}],"version-history":[{"count":0,"href":"https:\/\/bladnanews.com\/fr\/wp-json\/wp\/v2\/posts\/1549\/revisions"}],"wp:featuredmedia":[{"embeddable":true,"href":"https:\/\/bladnanews.com\/fr\/wp-json\/wp\/v2\/media\/1548"}],"wp:attachment":[{"href":"https:\/\/bladnanews.com\/fr\/wp-json\/wp\/v2\/media?parent=1549"}],"wp:term":[{"taxonomy":"category","embeddable":true,"href":"https:\/\/bladnanews.com\/fr\/wp-json\/wp\/v2\/categories?post=1549"},{"taxonomy":"post_tag","embeddable":true,"href":"https:\/\/bladnanews.com\/fr\/wp-json\/wp\/v2\/tags?post=1549"}],"curies":[{"name":"wp","href":"https:\/\/api.w.org\/{rel}","templated":true}]}}