{"id":1553,"date":"2026-01-03T09:46:00","date_gmt":"2026-01-03T09:46:00","guid":{"rendered":"https:\/\/bladnanews.com\/algerian-backlash-against-mbappe-for-supporting-morocco-instead-of-algeria\/"},"modified":"2026-01-03T09:46:00","modified_gmt":"2026-01-03T09:46:00","slug":"reaction-negative-des-algeriens-envers-mbappe-pour-avoir-soutenu-le-maroc-plutot-que-lalgerie","status":"publish","type":"post","link":"https:\/\/bladnanews.com\/fr\/reaction-negative-des-algeriens-envers-mbappe-pour-avoir-soutenu-le-maroc-plutot-que-lalgerie\/","title":{"rendered":"R\u00e9action alg\u00e9rienne contre Mbapp\u00e9 pour avoir soutenu le Maroc au lieu de l'Alg\u00e9rie"},"content":{"rendered":"<p>Une vague de col\u00e8re a \u00e9clat\u00e9 parmi les supporters alg\u00e9riens sur les r\u00e9seaux sociaux apr\u00e8s que Kylian Mbapp\u00e9 a \u00e9t\u00e9 vu soutenant l'\u00e9quipe nationale du Maroc, tout en semblant ignorer l'Alg\u00e9rie.<\/p>\n<p>La controverse a commenc\u00e9 lorsque Mbapp\u00e9 a publiquement montr\u00e9 son soutien au Maroc, un geste que de nombreux supporters alg\u00e9riens ont per\u00e7u comme un affront, compte tenu notamment du riche pass\u00e9 footballistique du pays et de ses liens \u00e9troits avec le football fran\u00e7ais.<\/p>\n<p>Les internautes alg\u00e9riens ont accus\u00e9 le capitaine de l'\u00e9quipe de France de \u201c prendre parti \u201d et se sont interrog\u00e9s sur son absence de soutien envers l'Alg\u00e9rie, soulignant l'importance de la communaut\u00e9 alg\u00e9rienne en France et les liens fr\u00e9quents entre le football alg\u00e9rien et le championnat fran\u00e7ais.<\/p>\n<p>La r\u00e9action n\u00e9gative s'est amplifi\u00e9e en ligne, de nombreuses publications critiquant la position de Mbapp\u00e9 et qualifiant son message d'injuste, tandis que d'autres d\u00e9fendaient le joueur, affirmant qu'il \u00e9tait libre de manifester son soutien o\u00f9 il le souhaitait.<\/p>\n<p>Le d\u00e9bat n'a cess\u00e9 de cro\u00eetre, le nom de Mbapp\u00e9 \u00e9tant tendance dans les discussions alg\u00e9riennes, transformant ce qui n'\u00e9tait au d\u00e9part qu'un simple soutien en une pol\u00e9mique plus large sur la reconnaissance, l'identit\u00e9 et le respect entre les supporters \u00e0 travers l'Afrique du Nord.<\/p>","protected":false},"excerpt":{"rendered":"<p>A wave of anger has erupted among Algerian fans on social media after Kylian Mbapp\u00e9 was seen supporting the Morocco [&hellip;]<\/p>\n","protected":false},"author":4,"featured_media":1552,"comment_status":"","ping_status":"open","sticky":false,"template":"","format":"standard","meta":{"googlesitekit_rrm_CAow_uzEDA:productID":"","site-sidebar-layout":"default","site-content-layout":"","ast-site-content-layout":"default","site-content-style":"default","site-sidebar-style":"default","ast-global-header-display":"","ast-banner-title-visibility":"","ast-main-header-display":"","ast-hfb-above-header-display":"","ast-hfb-below-header-display":"","ast-hfb-mobile-header-display":"","site-post-title":"","ast-breadcrumbs-content":"","ast-featured-img":"","footer-sml-layout":"","ast-disable-related-posts":"","theme-transparent-header-meta":"","adv-header-id-meta":"","stick-header-meta":"","header-above-stick-meta":"","header-main-stick-meta":"","header-below-stick-meta":"","astra-migrate-meta-layouts":"default","ast-page-background-enabled":"default","ast-page-background-meta":{"desktop":{"background-color":"var(--ast-global-color-5)","background-image":"","background-repeat":"repeat","background-position":"center center","background-size":"auto","background-attachment":"scroll","background-type":"","background-media":"","overlay-type":"","overlay-color":"","overlay-opacity":"","overlay-gradient":""},"tablet":{"background-color":"","background-image":"","background-repeat":"repeat","background-position":"center center","background-size":"auto","background-attachment":"scroll","background-type":"","background-media":"","overlay-type":"","overlay-color":"","overlay-opacity":"","overlay-gradient":""},"mobile":{"background-color":"","background-image":"","background-repeat":"repeat","background-position":"center center","background-size":"auto","background-attachment":"scroll","background-type":"","background-media":"","overlay-type":"","overlay-color":"","overlay-opacity":"","overlay-gradient":""}},"ast-content-background-meta":{"desktop":{"background-color":"var(--ast-global-color-4)","background-image":"","background-repeat":"repeat","background-position":"center center","background-size":"auto","background-attachment":"scroll","background-type":"","background-media":"","overlay-type":"","overlay-color":"","overlay-opacity":"","overlay-gradient":""},"tablet":{"background-color":"var(--ast-global-color-4)","background-image":"","background-repeat":"repeat","background-position":"center center","background-size":"auto","background-attachment":"scroll","background-type":"","background-media":"","overlay-type":"","overlay-color":"","overlay-opacity":"","overlay-gradient":""},"mobile":{"background-color":"var(--ast-global-color-4)","background-image":"","background-repeat":"repeat","background-position":"center center","background-size":"auto","background-attachment":"scroll","background-type":"","background-media":"","overlay-type":"","overlay-color":"","overlay-opacity":"","overlay-gradient":""}},"footnotes":""},"categories":[1,168],"tags":[],"class_list":["post-1553","post","type-post","status-publish","format-standard","has-post-thumbnail","hentry","category-football-latest-news","category-morocco-national-team"],"yoast_head":"<!-- This site is optimized with the Yoast SEO Premium plugin v26.6 (Yoast SEO v27.5) - https:\/\/yoast.com\/product\/yoast-seo-premium-wordpress\/ -->\n<title>Algerian backlash against Mbapp\u00e9 for supporting Morocco instead of Algeria - Bladna News<\/title>\n<meta name=\"robots\" content=\"index, follow, max-snippet:-1, max-image-preview:large, max-video-preview:-1\" \/>\n<link rel=\"canonical\" href=\"https:\/\/bladnanews.com\/fr\/reaction-negative-des-algeriens-envers-mbappe-pour-avoir-soutenu-le-maroc-plutot-que-lalgerie\/\" \/>\n<meta property=\"og:locale\" content=\"fr_FR\" \/>\n<meta property=\"og:type\" content=\"article\" \/>\n<meta property=\"og:title\" content=\"Algerian backlash against Mbapp\u00e9 for supporting Morocco instead of Algeria\" \/>\n<meta property=\"og:description\" content=\"A wave of anger has erupted among Algerian fans on social media after Kylian Mbapp\u00e9 was seen supporting the Morocco [&hellip;]\" \/>\n<meta property=\"og:url\" content=\"https:\/\/bladnanews.com\/fr\/reaction-negative-des-algeriens-envers-mbappe-pour-avoir-soutenu-le-maroc-plutot-que-lalgerie\/\" \/>\n<meta property=\"og:site_name\" content=\"Bladna News\" \/>\n<meta property=\"article:published_time\" content=\"2026-01-03T09:46:00+00:00\" \/>\n<meta property=\"og:image\" content=\"https:\/\/bladnanews.com\/wp-content\/uploads\/2026\/01\/965cb87b-0c89-471c-80e4-8ea5e5869aee_1767433631.webp\" \/>\n\t<meta property=\"og:image:width\" content=\"860\" \/>\n\t<meta property=\"og:image:height\" content=\"684\" \/>\n\t<meta property=\"og:image:type\" content=\"image\/webp\" \/>\n<meta name=\"author\" content=\"Bladna Sports Desk\" \/>\n<meta name=\"twitter:card\" content=\"summary_large_image\" \/>\n<meta name=\"twitter:label1\" content=\"\u00c9crit par\" \/>\n\t<meta name=\"twitter:data1\" content=\"Bladna Sports Desk\" \/>\n\t<meta name=\"twitter:label2\" content=\"Dur\u00e9e de lecture estim\u00e9e\" \/>\n\t<meta name=\"twitter:data2\" content=\"1 minute\" \/>\n<script type=\"application\/ld+json\" class=\"yoast-schema-graph\">{\"@context\":\"https:\\\/\\\/schema.org\",\"@graph\":[{\"@type\":\"Article\",\"@id\":\"https:\\\/\\\/bladnanews.com\\\/algerian-backlash-against-mbappe-for-supporting-morocco-instead-of-algeria\\\/#article\",\"isPartOf\":{\"@id\":\"https:\\\/\\\/bladnanews.com\\\/algerian-backlash-against-mbappe-for-supporting-morocco-instead-of-algeria\\\/\"},\"author\":{\"name\":\"Bladna Sports Desk\",\"@id\":\"https:\\\/\\\/mediumseagreen-eel-531711.hostingersite.com\\\/#\\\/schema\\\/person\\\/6712b38fabe810f7eb8d15ed30d90f1e\"},\"headline\":\"Algerian backlash against Mbapp\u00e9 for supporting Morocco instead of Algeria\",\"datePublished\":\"2026-01-03T09:46:00+00:00\",\"mainEntityOfPage\":{\"@id\":\"https:\\\/\\\/bladnanews.com\\\/algerian-backlash-against-mbappe-for-supporting-morocco-instead-of-algeria\\\/\"},\"wordCount\":184,\"publisher\":{\"@id\":\"https:\\\/\\\/mediumseagreen-eel-531711.hostingersite.com\\\/#organization\"},\"image\":{\"@id\":\"https:\\\/\\\/bladnanews.com\\\/algerian-backlash-against-mbappe-for-supporting-morocco-instead-of-algeria\\\/#primaryimage\"},\"thumbnailUrl\":\"https:\\\/\\\/bladnanews.com\\\/wp-content\\\/uploads\\\/2026\\\/01\\\/965cb87b-0c89-471c-80e4-8ea5e5869aee_1767433631.webp\",\"articleSection\":[\"Latest News\",\"Morocco National Team\"],\"inLanguage\":\"fr-FR\",\"copyrightYear\":\"2026\",\"copyrightHolder\":{\"@id\":\"https:\\\/\\\/bladnanews.com\\\/fr\\\/#organization\"}},{\"@type\":\"WebPage\",\"@id\":\"https:\\\/\\\/bladnanews.com\\\/algerian-backlash-against-mbappe-for-supporting-morocco-instead-of-algeria\\\/\",\"url\":\"https:\\\/\\\/bladnanews.com\\\/algerian-backlash-against-mbappe-for-supporting-morocco-instead-of-algeria\\\/\",\"name\":\"Algerian backlash against Mbapp\u00e9 for supporting Morocco instead of Algeria - Bladna News\",\"isPartOf\":{\"@id\":\"https:\\\/\\\/mediumseagreen-eel-531711.hostingersite.com\\\/#website\"},\"primaryImageOfPage\":{\"@id\":\"https:\\\/\\\/bladnanews.com\\\/algerian-backlash-against-mbappe-for-supporting-morocco-instead-of-algeria\\\/#primaryimage\"},\"image\":{\"@id\":\"https:\\\/\\\/bladnanews.com\\\/algerian-backlash-against-mbappe-for-supporting-morocco-instead-of-algeria\\\/#primaryimage\"},\"thumbnailUrl\":\"https:\\\/\\\/bladnanews.com\\\/wp-content\\\/uploads\\\/2026\\\/01\\\/965cb87b-0c89-471c-80e4-8ea5e5869aee_1767433631.webp\",\"datePublished\":\"2026-01-03T09:46:00+00:00\",\"breadcrumb\":{\"@id\":\"https:\\\/\\\/bladnanews.com\\\/algerian-backlash-against-mbappe-for-supporting-morocco-instead-of-algeria\\\/#breadcrumb\"},\"inLanguage\":\"fr-FR\",\"potentialAction\":[{\"@type\":\"ReadAction\",\"target\":[\"https:\\\/\\\/bladnanews.com\\\/algerian-backlash-against-mbappe-for-supporting-morocco-instead-of-algeria\\\/\"]}]},{\"@type\":\"ImageObject\",\"inLanguage\":\"fr-FR\",\"@id\":\"https:\\\/\\\/bladnanews.com\\\/algerian-backlash-against-mbappe-for-supporting-morocco-instead-of-algeria\\\/#primaryimage\",\"url\":\"https:\\\/\\\/bladnanews.com\\\/wp-content\\\/uploads\\\/2026\\\/01\\\/965cb87b-0c89-471c-80e4-8ea5e5869aee_1767433631.webp\",\"contentUrl\":\"https:\\\/\\\/bladnanews.com\\\/wp-content\\\/uploads\\\/2026\\\/01\\\/965cb87b-0c89-471c-80e4-8ea5e5869aee_1767433631.webp\",\"width\":860,\"height\":684,\"caption\":\"A man in a green and white Algerian football jersey passionately speaks into a microphone, while Kylian Mbapp\u00e9, in a red and green Morocco jersey, looks on.\"},{\"@type\":\"BreadcrumbList\",\"@id\":\"https:\\\/\\\/bladnanews.com\\\/algerian-backlash-against-mbappe-for-supporting-morocco-instead-of-algeria\\\/#breadcrumb\",\"itemListElement\":[{\"@type\":\"ListItem\",\"position\":1,\"name\":\"Home\",\"item\":\"https:\\\/\\\/bladnanews.com\\\/\"},{\"@type\":\"ListItem\",\"position\":2,\"name\":\"Algerian backlash against Mbapp\u00e9 for supporting Morocco instead of Algeria\"}]},{\"@type\":\"WebSite\",\"@id\":\"https:\\\/\\\/mediumseagreen-eel-531711.hostingersite.com\\\/#website\",\"url\":\"https:\\\/\\\/mediumseagreen-eel-531711.hostingersite.com\\\/\",\"name\":\"Bladna News - Morocco\",\"description\":\"Where Moroccan Football Meets the World\",\"publisher\":{\"@id\":\"https:\\\/\\\/mediumseagreen-eel-531711.hostingersite.com\\\/#organization\"},\"potentialAction\":[{\"@type\":\"SearchAction\",\"target\":{\"@type\":\"EntryPoint\",\"urlTemplate\":\"https:\\\/\\\/mediumseagreen-eel-531711.hostingersite.com\\\/?s={search_term_string}\"},\"query-input\":{\"@type\":\"PropertyValueSpecification\",\"valueRequired\":true,\"valueName\":\"search_term_string\"}}],\"inLanguage\":\"fr-FR\"},{\"@type\":\"Organization\",\"@id\":\"https:\\\/\\\/mediumseagreen-eel-531711.hostingersite.com\\\/#organization\",\"name\":\"Bladna News.com\",\"url\":\"https:\\\/\\\/mediumseagreen-eel-531711.hostingersite.com\\\/\",\"logo\":{\"@type\":\"ImageObject\",\"inLanguage\":\"fr-FR\",\"@id\":\"https:\\\/\\\/mediumseagreen-eel-531711.hostingersite.com\\\/#\\\/schema\\\/logo\\\/image\\\/\",\"url\":\"https:\\\/\\\/bladnanews.com\\\/wp-content\\\/uploads\\\/2025\\\/12\\\/logo-bladnanews-V2-web-black-red.png\",\"contentUrl\":\"https:\\\/\\\/bladnanews.com\\\/wp-content\\\/uploads\\\/2025\\\/12\\\/logo-bladnanews-V2-web-black-red.png\",\"width\":703,\"height\":287,\"caption\":\"Bladna News.com\"},\"image\":{\"@id\":\"https:\\\/\\\/mediumseagreen-eel-531711.hostingersite.com\\\/#\\\/schema\\\/logo\\\/image\\\/\"},\"email\":\"info@bladnanews.com\",\"legalName\":\"Bladna News\"},{\"@type\":\"Person\",\"@id\":\"https:\\\/\\\/mediumseagreen-eel-531711.hostingersite.com\\\/#\\\/schema\\\/person\\\/6712b38fabe810f7eb8d15ed30d90f1e\",\"name\":\"Bladna Sports Desk\",\"url\":\"https:\\\/\\\/bladnanews.com\\\/fr\\\/author\\\/bladna-sports-desk\\\/\"}]}<\/script>\n<!-- \/ Yoast SEO Premium plugin. -->","yoast_head_json":{"title":"R\u00e9action alg\u00e9rienne contre Mbapp\u00e9 pour avoir soutenu le Maroc au lieu de l'Alg\u00e9rie - Bladna News","robots":{"index":"index","follow":"follow","max-snippet":"max-snippet:-1","max-image-preview":"max-image-preview:large","max-video-preview":"max-video-preview:-1"},"canonical":"https:\/\/bladnanews.com\/fr\/reaction-negative-des-algeriens-envers-mbappe-pour-avoir-soutenu-le-maroc-plutot-que-lalgerie\/","og_locale":"fr_FR","og_type":"article","og_title":"Algerian backlash against Mbapp\u00e9 for supporting Morocco instead of Algeria","og_description":"A wave of anger has erupted among Algerian fans on social media after Kylian Mbapp\u00e9 was seen supporting the Morocco [&hellip;]","og_url":"https:\/\/bladnanews.com\/fr\/reaction-negative-des-algeriens-envers-mbappe-pour-avoir-soutenu-le-maroc-plutot-que-lalgerie\/","og_site_name":"Bladna News","article_published_time":"2026-01-03T09:46:00+00:00","og_image":[{"width":860,"height":684,"url":"https:\/\/bladnanews.com\/wp-content\/uploads\/2026\/01\/965cb87b-0c89-471c-80e4-8ea5e5869aee_1767433631.webp","type":"image\/webp"}],"author":"Bladna Sports Desk","twitter_card":"summary_large_image","twitter_misc":{"\u00c9crit par":"Bladna Sports Desk","Dur\u00e9e de lecture estim\u00e9e":"1 minute"},"schema":{"@context":"https:\/\/schema.org","@graph":[{"@type":"Article","@id":"https:\/\/bladnanews.com\/algerian-backlash-against-mbappe-for-supporting-morocco-instead-of-algeria\/#article","isPartOf":{"@id":"https:\/\/bladnanews.com\/algerian-backlash-against-mbappe-for-supporting-morocco-instead-of-algeria\/"},"author":{"name":"Bladna Sports Desk","@id":"https:\/\/mediumseagreen-eel-531711.hostingersite.com\/#\/schema\/person\/6712b38fabe810f7eb8d15ed30d90f1e"},"headline":"Algerian backlash against Mbapp\u00e9 for supporting Morocco instead of Algeria","datePublished":"2026-01-03T09:46:00+00:00","mainEntityOfPage":{"@id":"https:\/\/bladnanews.com\/algerian-backlash-against-mbappe-for-supporting-morocco-instead-of-algeria\/"},"wordCount":184,"publisher":{"@id":"https:\/\/mediumseagreen-eel-531711.hostingersite.com\/#organization"},"image":{"@id":"https:\/\/bladnanews.com\/algerian-backlash-against-mbappe-for-supporting-morocco-instead-of-algeria\/#primaryimage"},"thumbnailUrl":"https:\/\/bladnanews.com\/wp-content\/uploads\/2026\/01\/965cb87b-0c89-471c-80e4-8ea5e5869aee_1767433631.webp","articleSection":["Latest News","Morocco National Team"],"inLanguage":"fr-FR","copyrightYear":"2026","copyrightHolder":{"@id":"https:\/\/bladnanews.com\/fr\/#organization"}},{"@type":"WebPage","@id":"https:\/\/bladnanews.com\/algerian-backlash-against-mbappe-for-supporting-morocco-instead-of-algeria\/","url":"https:\/\/bladnanews.com\/algerian-backlash-against-mbappe-for-supporting-morocco-instead-of-algeria\/","name":"R\u00e9action alg\u00e9rienne contre Mbapp\u00e9 pour avoir soutenu le Maroc au lieu de l'Alg\u00e9rie - Bladna News","isPartOf":{"@id":"https:\/\/mediumseagreen-eel-531711.hostingersite.com\/#website"},"primaryImageOfPage":{"@id":"https:\/\/bladnanews.com\/algerian-backlash-against-mbappe-for-supporting-morocco-instead-of-algeria\/#primaryimage"},"image":{"@id":"https:\/\/bladnanews.com\/algerian-backlash-against-mbappe-for-supporting-morocco-instead-of-algeria\/#primaryimage"},"thumbnailUrl":"https:\/\/bladnanews.com\/wp-content\/uploads\/2026\/01\/965cb87b-0c89-471c-80e4-8ea5e5869aee_1767433631.webp","datePublished":"2026-01-03T09:46:00+00:00","breadcrumb":{"@id":"https:\/\/bladnanews.com\/algerian-backlash-against-mbappe-for-supporting-morocco-instead-of-algeria\/#breadcrumb"},"inLanguage":"fr-FR","potentialAction":[{"@type":"ReadAction","target":["https:\/\/bladnanews.com\/algerian-backlash-against-mbappe-for-supporting-morocco-instead-of-algeria\/"]}]},{"@type":"ImageObject","inLanguage":"fr-FR","@id":"https:\/\/bladnanews.com\/algerian-backlash-against-mbappe-for-supporting-morocco-instead-of-algeria\/#primaryimage","url":"https:\/\/bladnanews.com\/wp-content\/uploads\/2026\/01\/965cb87b-0c89-471c-80e4-8ea5e5869aee_1767433631.webp","contentUrl":"https:\/\/bladnanews.com\/wp-content\/uploads\/2026\/01\/965cb87b-0c89-471c-80e4-8ea5e5869aee_1767433631.webp","width":860,"height":684,"caption":"A man in a green and white Algerian football jersey passionately speaks into a microphone, while Kylian Mbapp\u00e9, in a red and green Morocco jersey, looks on."},{"@type":"BreadcrumbList","@id":"https:\/\/bladnanews.com\/algerian-backlash-against-mbappe-for-supporting-morocco-instead-of-algeria\/#breadcrumb","itemListElement":[{"@type":"ListItem","position":1,"name":"Home","item":"https:\/\/bladnanews.com\/"},{"@type":"ListItem","position":2,"name":"Algerian backlash against Mbapp\u00e9 for supporting Morocco instead of Algeria"}]},{"@type":"WebSite","@id":"https:\/\/mediumseagreen-eel-531711.hostingersite.com\/#website","url":"https:\/\/mediumseagreen-eel-531711.hostingersite.com\/","name":"Bladna News - Maroc","description":"Quand le football marocain rencontre le monde","publisher":{"@id":"https:\/\/mediumseagreen-eel-531711.hostingersite.com\/#organization"},"potentialAction":[{"@type":"SearchAction","target":{"@type":"EntryPoint","urlTemplate":"https:\/\/mediumseagreen-eel-531711.hostingersite.com\/?s={search_term_string}"},"query-input":{"@type":"PropertyValueSpecification","valueRequired":true,"valueName":"search_term_string"}}],"inLanguage":"fr-FR"},{"@type":"Organization","@id":"https:\/\/mediumseagreen-eel-531711.hostingersite.com\/#organization","name":"Bladna News.com","url":"https:\/\/mediumseagreen-eel-531711.hostingersite.com\/","logo":{"@type":"ImageObject","inLanguage":"fr-FR","@id":"https:\/\/mediumseagreen-eel-531711.hostingersite.com\/#\/schema\/logo\/image\/","url":"https:\/\/bladnanews.com\/wp-content\/uploads\/2025\/12\/logo-bladnanews-V2-web-black-red.png","contentUrl":"https:\/\/bladnanews.com\/wp-content\/uploads\/2025\/12\/logo-bladnanews-V2-web-black-red.png","width":703,"height":287,"caption":"Bladna News.com"},"image":{"@id":"https:\/\/mediumseagreen-eel-531711.hostingersite.com\/#\/schema\/logo\/image\/"},"email":"info@bladnanews.com","legalName":"Bladna News"},{"@type":"Person","@id":"https:\/\/mediumseagreen-eel-531711.hostingersite.com\/#\/schema\/person\/6712b38fabe810f7eb8d15ed30d90f1e","name":"Bladna Sports Desk","url":"https:\/\/bladnanews.com\/fr\/author\/bladna-sports-desk\/"}]}},"_links":{"self":[{"href":"https:\/\/bladnanews.com\/fr\/wp-json\/wp\/v2\/posts\/1553","targetHints":{"allow":["GET"]}}],"collection":[{"href":"https:\/\/bladnanews.com\/fr\/wp-json\/wp\/v2\/posts"}],"about":[{"href":"https:\/\/bladnanews.com\/fr\/wp-json\/wp\/v2\/types\/post"}],"author":[{"embeddable":true,"href":"https:\/\/bladnanews.com\/fr\/wp-json\/wp\/v2\/users\/4"}],"replies":[{"embeddable":true,"href":"https:\/\/bladnanews.com\/fr\/wp-json\/wp\/v2\/comments?post=1553"}],"version-history":[{"count":0,"href":"https:\/\/bladnanews.com\/fr\/wp-json\/wp\/v2\/posts\/1553\/revisions"}],"wp:featuredmedia":[{"embeddable":true,"href":"https:\/\/bladnanews.com\/fr\/wp-json\/wp\/v2\/media\/1552"}],"wp:attachment":[{"href":"https:\/\/bladnanews.com\/fr\/wp-json\/wp\/v2\/media?parent=1553"}],"wp:term":[{"taxonomy":"category","embeddable":true,"href":"https:\/\/bladnanews.com\/fr\/wp-json\/wp\/v2\/categories?post=1553"},{"taxonomy":"post_tag","embeddable":true,"href":"https:\/\/bladnanews.com\/fr\/wp-json\/wp\/v2\/tags?post=1553"}],"curies":[{"name":"wp","href":"https:\/\/api.w.org\/{rel}","templated":true}]}}