{"id":1570,"date":"2026-01-03T12:35:59","date_gmt":"2026-01-03T12:35:59","guid":{"rendered":"https:\/\/bladnanews.com\/chelsea-step-up-talks-to-appoint-liam-rosenior-as-boss\/"},"modified":"2026-01-03T12:35:59","modified_gmt":"2026-01-03T12:35:59","slug":"chelsea-intensifie-les-discussions-pour-nommer-liam-rosenior-comme-entraineur","status":"publish","type":"post","link":"https:\/\/bladnanews.com\/fr\/chelsea-intensifie-les-discussions-pour-nommer-liam-rosenior-comme-entraineur\/","title":{"rendered":"Chelsea intensifie les discussions pour nommer Liam Rosenior comme entra\u00eeneur."},"content":{"rendered":"<p>Chelsea a intensifi\u00e9 ses efforts pour recruter Liam Rosenior, les discussions s'\u00e9tant accentu\u00e9es alors que le club cherche \u00e0 le positionner comme successeur d'Enzo Maresca.<\/p>\n<p>Rosenior est actuellement en poste \u00e0 Strasbourg, et une vision plus claire \u00e9merge d\u00e9sormais quant au calendrier d'une \u00e9ventuelle nomination, Chelsea travaillant sur un planning qui permettrait au quadrag\u00e9naire d'effectuer ce mouvement.<\/p>\n<p>L'ancien entra\u00eeneur de Hull City et de Derby County a impressionn\u00e9 en France, et l'int\u00e9r\u00eat de Chelsea s'est accru tandis qu'ils \u00e9valuent leurs prochaines \u00e9tapes. Les discussions auraient progress\u00e9, le club de Premier League consid\u00e9rant Rosenior pour le poste.<\/p>\n<p>La situation \u00e0 Strasbourg est \u00e9galement centrale pour le calendrier. Tout changement au poste d'entra\u00eeneur devra \u00eatre g\u00e9r\u00e9 avec prudence, Chelsea ayant conscience que Rosenior est sous contrat et qu'il pr\u00e9pare actuellement la prochaine campagne.<\/p>\n<p>L'objectif de Chelsea reste de mettre rapidement un plan en place, et les r\u00e9cents d\u00e9veloppements indiquent que le club pousse pour \u00e9tablir une voie claire vers une nomination, s'il d\u00e9cide de poursuivre avec Rosenior comme successeur de Maresca.<\/p>","protected":false},"excerpt":{"rendered":"<p>Chelsea have stepped up their efforts to appoint Liam Rosenior, with talks intensifying as the club looks to line him [&hellip;]<\/p>\n","protected":false},"author":3,"featured_media":1569,"comment_status":"","ping_status":"open","sticky":false,"template":"","format":"standard","meta":{"googlesitekit_rrm_CAow_uzEDA:productID":"","site-sidebar-layout":"default","site-content-layout":"","ast-site-content-layout":"default","site-content-style":"default","site-sidebar-style":"default","ast-global-header-display":"","ast-banner-title-visibility":"","ast-main-header-display":"","ast-hfb-above-header-display":"","ast-hfb-below-header-display":"","ast-hfb-mobile-header-display":"","site-post-title":"","ast-breadcrumbs-content":"","ast-featured-img":"","footer-sml-layout":"","ast-disable-related-posts":"","theme-transparent-header-meta":"","adv-header-id-meta":"","stick-header-meta":"","header-above-stick-meta":"","header-main-stick-meta":"","header-below-stick-meta":"","astra-migrate-meta-layouts":"default","ast-page-background-enabled":"default","ast-page-background-meta":{"desktop":{"background-color":"var(--ast-global-color-5)","background-image":"","background-repeat":"repeat","background-position":"center center","background-size":"auto","background-attachment":"scroll","background-type":"","background-media":"","overlay-type":"","overlay-color":"","overlay-opacity":"","overlay-gradient":""},"tablet":{"background-color":"","background-image":"","background-repeat":"repeat","background-position":"center center","background-size":"auto","background-attachment":"scroll","background-type":"","background-media":"","overlay-type":"","overlay-color":"","overlay-opacity":"","overlay-gradient":""},"mobile":{"background-color":"","background-image":"","background-repeat":"repeat","background-position":"center center","background-size":"auto","background-attachment":"scroll","background-type":"","background-media":"","overlay-type":"","overlay-color":"","overlay-opacity":"","overlay-gradient":""}},"ast-content-background-meta":{"desktop":{"background-color":"var(--ast-global-color-4)","background-image":"","background-repeat":"repeat","background-position":"center center","background-size":"auto","background-attachment":"scroll","background-type":"","background-media":"","overlay-type":"","overlay-color":"","overlay-opacity":"","overlay-gradient":""},"tablet":{"background-color":"var(--ast-global-color-4)","background-image":"","background-repeat":"repeat","background-position":"center center","background-size":"auto","background-attachment":"scroll","background-type":"","background-media":"","overlay-type":"","overlay-color":"","overlay-opacity":"","overlay-gradient":""},"mobile":{"background-color":"var(--ast-global-color-4)","background-image":"","background-repeat":"repeat","background-position":"center center","background-size":"auto","background-attachment":"scroll","background-type":"","background-media":"","overlay-type":"","overlay-color":"","overlay-opacity":"","overlay-gradient":""}},"footnotes":""},"categories":[20,1],"tags":[],"class_list":["post-1570","post","type-post","status-publish","format-standard","has-post-thumbnail","hentry","category-international","category-football-latest-news"],"yoast_head":"<!-- This site is optimized with the Yoast SEO Premium plugin v26.6 (Yoast SEO v27.5) - https:\/\/yoast.com\/product\/yoast-seo-premium-wordpress\/ -->\n<title>Chelsea step up talks to appoint Liam Rosenior as boss - Bladna News<\/title>\n<meta name=\"robots\" content=\"index, follow, max-snippet:-1, max-image-preview:large, max-video-preview:-1\" \/>\n<link rel=\"canonical\" href=\"https:\/\/bladnanews.com\/fr\/chelsea-intensifie-les-discussions-pour-nommer-liam-rosenior-comme-entraineur\/\" \/>\n<meta property=\"og:locale\" content=\"fr_FR\" \/>\n<meta property=\"og:type\" content=\"article\" \/>\n<meta property=\"og:title\" content=\"Chelsea step up talks to appoint Liam Rosenior as boss\" \/>\n<meta property=\"og:description\" content=\"Chelsea have stepped up their efforts to appoint Liam Rosenior, with talks intensifying as the club looks to line him [&hellip;]\" \/>\n<meta property=\"og:url\" content=\"https:\/\/bladnanews.com\/fr\/chelsea-intensifie-les-discussions-pour-nommer-liam-rosenior-comme-entraineur\/\" \/>\n<meta property=\"og:site_name\" content=\"Bladna News\" \/>\n<meta property=\"article:published_time\" content=\"2026-01-03T12:35:59+00:00\" \/>\n<meta property=\"og:image\" content=\"https:\/\/bladnanews.com\/wp-content\/uploads\/2026\/01\/BladnaNews-Chelsea-step-up-talks-to-appoint-Liam-Rosenior-as-boss-2026-01-03T135047.620Z.jpg\" \/>\n\t<meta property=\"og:image:width\" content=\"1920\" \/>\n\t<meta property=\"og:image:height\" content=\"1080\" \/>\n\t<meta property=\"og:image:type\" content=\"image\/jpeg\" \/>\n<meta name=\"author\" content=\"Bladna News Staff\" \/>\n<meta name=\"twitter:card\" content=\"summary_large_image\" \/>\n<meta name=\"twitter:label1\" content=\"\u00c9crit par\" \/>\n\t<meta name=\"twitter:data1\" content=\"Bladna News Staff\" \/>\n\t<meta name=\"twitter:label2\" content=\"Dur\u00e9e de lecture estim\u00e9e\" \/>\n\t<meta name=\"twitter:data2\" content=\"1 minute\" \/>\n<script type=\"application\/ld+json\" class=\"yoast-schema-graph\">{\"@context\":\"https:\\\/\\\/schema.org\",\"@graph\":[{\"@type\":\"Article\",\"@id\":\"https:\\\/\\\/bladnanews.com\\\/chelsea-step-up-talks-to-appoint-liam-rosenior-as-boss\\\/#article\",\"isPartOf\":{\"@id\":\"https:\\\/\\\/bladnanews.com\\\/chelsea-step-up-talks-to-appoint-liam-rosenior-as-boss\\\/\"},\"author\":{\"name\":\"Bladna News Staff\",\"@id\":\"https:\\\/\\\/mediumseagreen-eel-531711.hostingersite.com\\\/#\\\/schema\\\/person\\\/268e18a453ab080ebf76df6ef7845083\"},\"headline\":\"Chelsea step up talks to appoint Liam Rosenior as boss\",\"datePublished\":\"2026-01-03T12:35:59+00:00\",\"mainEntityOfPage\":{\"@id\":\"https:\\\/\\\/bladnanews.com\\\/chelsea-step-up-talks-to-appoint-liam-rosenior-as-boss\\\/\"},\"wordCount\":189,\"publisher\":{\"@id\":\"https:\\\/\\\/mediumseagreen-eel-531711.hostingersite.com\\\/#organization\"},\"image\":{\"@id\":\"https:\\\/\\\/bladnanews.com\\\/chelsea-step-up-talks-to-appoint-liam-rosenior-as-boss\\\/#primaryimage\"},\"thumbnailUrl\":\"https:\\\/\\\/bladnanews.com\\\/wp-content\\\/uploads\\\/2026\\\/01\\\/BladnaNews-Chelsea-step-up-talks-to-appoint-Liam-Rosenior-as-boss-2026-01-03T135047.620Z.jpg\",\"articleSection\":[\"International\",\"Latest News\"],\"inLanguage\":\"fr-FR\",\"copyrightYear\":\"2026\",\"copyrightHolder\":{\"@id\":\"https:\\\/\\\/bladnanews.com\\\/fr\\\/#organization\"}},{\"@type\":\"WebPage\",\"@id\":\"https:\\\/\\\/bladnanews.com\\\/chelsea-step-up-talks-to-appoint-liam-rosenior-as-boss\\\/\",\"url\":\"https:\\\/\\\/bladnanews.com\\\/chelsea-step-up-talks-to-appoint-liam-rosenior-as-boss\\\/\",\"name\":\"Chelsea step up talks to appoint Liam Rosenior as boss - Bladna News\",\"isPartOf\":{\"@id\":\"https:\\\/\\\/mediumseagreen-eel-531711.hostingersite.com\\\/#website\"},\"primaryImageOfPage\":{\"@id\":\"https:\\\/\\\/bladnanews.com\\\/chelsea-step-up-talks-to-appoint-liam-rosenior-as-boss\\\/#primaryimage\"},\"image\":{\"@id\":\"https:\\\/\\\/bladnanews.com\\\/chelsea-step-up-talks-to-appoint-liam-rosenior-as-boss\\\/#primaryimage\"},\"thumbnailUrl\":\"https:\\\/\\\/bladnanews.com\\\/wp-content\\\/uploads\\\/2026\\\/01\\\/BladnaNews-Chelsea-step-up-talks-to-appoint-Liam-Rosenior-as-boss-2026-01-03T135047.620Z.jpg\",\"datePublished\":\"2026-01-03T12:35:59+00:00\",\"breadcrumb\":{\"@id\":\"https:\\\/\\\/bladnanews.com\\\/chelsea-step-up-talks-to-appoint-liam-rosenior-as-boss\\\/#breadcrumb\"},\"inLanguage\":\"fr-FR\",\"potentialAction\":[{\"@type\":\"ReadAction\",\"target\":[\"https:\\\/\\\/bladnanews.com\\\/chelsea-step-up-talks-to-appoint-liam-rosenior-as-boss\\\/\"]}]},{\"@type\":\"ImageObject\",\"inLanguage\":\"fr-FR\",\"@id\":\"https:\\\/\\\/bladnanews.com\\\/chelsea-step-up-talks-to-appoint-liam-rosenior-as-boss\\\/#primaryimage\",\"url\":\"https:\\\/\\\/bladnanews.com\\\/wp-content\\\/uploads\\\/2026\\\/01\\\/BladnaNews-Chelsea-step-up-talks-to-appoint-Liam-Rosenior-as-boss-2026-01-03T135047.620Z.jpg\",\"contentUrl\":\"https:\\\/\\\/bladnanews.com\\\/wp-content\\\/uploads\\\/2026\\\/01\\\/BladnaNews-Chelsea-step-up-talks-to-appoint-Liam-Rosenior-as-boss-2026-01-03T135047.620Z.jpg\",\"width\":1600,\"height\":900,\"caption\":\"Two football coaches, one with glasses and curly hair, the other bald with a grey sweater, framed against a bright stadium backdrop.\"},{\"@type\":\"BreadcrumbList\",\"@id\":\"https:\\\/\\\/bladnanews.com\\\/chelsea-step-up-talks-to-appoint-liam-rosenior-as-boss\\\/#breadcrumb\",\"itemListElement\":[{\"@type\":\"ListItem\",\"position\":1,\"name\":\"Home\",\"item\":\"https:\\\/\\\/bladnanews.com\\\/\"},{\"@type\":\"ListItem\",\"position\":2,\"name\":\"Chelsea step up talks to appoint Liam Rosenior as boss\"}]},{\"@type\":\"WebSite\",\"@id\":\"https:\\\/\\\/mediumseagreen-eel-531711.hostingersite.com\\\/#website\",\"url\":\"https:\\\/\\\/mediumseagreen-eel-531711.hostingersite.com\\\/\",\"name\":\"Bladna News - Morocco\",\"description\":\"Where Moroccan Football Meets the World\",\"publisher\":{\"@id\":\"https:\\\/\\\/mediumseagreen-eel-531711.hostingersite.com\\\/#organization\"},\"potentialAction\":[{\"@type\":\"SearchAction\",\"target\":{\"@type\":\"EntryPoint\",\"urlTemplate\":\"https:\\\/\\\/mediumseagreen-eel-531711.hostingersite.com\\\/?s={search_term_string}\"},\"query-input\":{\"@type\":\"PropertyValueSpecification\",\"valueRequired\":true,\"valueName\":\"search_term_string\"}}],\"inLanguage\":\"fr-FR\"},{\"@type\":\"Organization\",\"@id\":\"https:\\\/\\\/mediumseagreen-eel-531711.hostingersite.com\\\/#organization\",\"name\":\"Bladna News.com\",\"url\":\"https:\\\/\\\/mediumseagreen-eel-531711.hostingersite.com\\\/\",\"logo\":{\"@type\":\"ImageObject\",\"inLanguage\":\"fr-FR\",\"@id\":\"https:\\\/\\\/mediumseagreen-eel-531711.hostingersite.com\\\/#\\\/schema\\\/logo\\\/image\\\/\",\"url\":\"https:\\\/\\\/bladnanews.com\\\/wp-content\\\/uploads\\\/2025\\\/12\\\/logo-bladnanews-V2-web-black-red.png\",\"contentUrl\":\"https:\\\/\\\/bladnanews.com\\\/wp-content\\\/uploads\\\/2025\\\/12\\\/logo-bladnanews-V2-web-black-red.png\",\"width\":703,\"height\":287,\"caption\":\"Bladna News.com\"},\"image\":{\"@id\":\"https:\\\/\\\/mediumseagreen-eel-531711.hostingersite.com\\\/#\\\/schema\\\/logo\\\/image\\\/\"},\"email\":\"info@bladnanews.com\",\"legalName\":\"Bladna News\"},{\"@type\":\"Person\",\"@id\":\"https:\\\/\\\/mediumseagreen-eel-531711.hostingersite.com\\\/#\\\/schema\\\/person\\\/268e18a453ab080ebf76df6ef7845083\",\"name\":\"Bladna News Staff\",\"url\":\"https:\\\/\\\/bladnanews.com\\\/fr\\\/author\\\/bladna-news-staff\\\/\"}]}<\/script>\n<!-- \/ Yoast SEO Premium plugin. -->","yoast_head_json":{"title":"Chelsea intensifie les discussions pour nommer Liam Rosenior comme entra\u00eeneur - Bladna News","robots":{"index":"index","follow":"follow","max-snippet":"max-snippet:-1","max-image-preview":"max-image-preview:large","max-video-preview":"max-video-preview:-1"},"canonical":"https:\/\/bladnanews.com\/fr\/chelsea-intensifie-les-discussions-pour-nommer-liam-rosenior-comme-entraineur\/","og_locale":"fr_FR","og_type":"article","og_title":"Chelsea step up talks to appoint Liam Rosenior as boss","og_description":"Chelsea have stepped up their efforts to appoint Liam Rosenior, with talks intensifying as the club looks to line him [&hellip;]","og_url":"https:\/\/bladnanews.com\/fr\/chelsea-intensifie-les-discussions-pour-nommer-liam-rosenior-comme-entraineur\/","og_site_name":"Bladna News","article_published_time":"2026-01-03T12:35:59+00:00","og_image":[{"width":1920,"height":1080,"url":"https:\/\/bladnanews.com\/wp-content\/uploads\/2026\/01\/BladnaNews-Chelsea-step-up-talks-to-appoint-Liam-Rosenior-as-boss-2026-01-03T135047.620Z.jpg","type":"image\/jpeg"}],"author":"Bladna News Staff","twitter_card":"summary_large_image","twitter_misc":{"\u00c9crit par":"Bladna News Staff","Dur\u00e9e de lecture estim\u00e9e":"1 minute"},"schema":{"@context":"https:\/\/schema.org","@graph":[{"@type":"Article","@id":"https:\/\/bladnanews.com\/chelsea-step-up-talks-to-appoint-liam-rosenior-as-boss\/#article","isPartOf":{"@id":"https:\/\/bladnanews.com\/chelsea-step-up-talks-to-appoint-liam-rosenior-as-boss\/"},"author":{"name":"Bladna News Staff","@id":"https:\/\/mediumseagreen-eel-531711.hostingersite.com\/#\/schema\/person\/268e18a453ab080ebf76df6ef7845083"},"headline":"Chelsea step up talks to appoint Liam Rosenior as boss","datePublished":"2026-01-03T12:35:59+00:00","mainEntityOfPage":{"@id":"https:\/\/bladnanews.com\/chelsea-step-up-talks-to-appoint-liam-rosenior-as-boss\/"},"wordCount":189,"publisher":{"@id":"https:\/\/mediumseagreen-eel-531711.hostingersite.com\/#organization"},"image":{"@id":"https:\/\/bladnanews.com\/chelsea-step-up-talks-to-appoint-liam-rosenior-as-boss\/#primaryimage"},"thumbnailUrl":"https:\/\/bladnanews.com\/wp-content\/uploads\/2026\/01\/BladnaNews-Chelsea-step-up-talks-to-appoint-Liam-Rosenior-as-boss-2026-01-03T135047.620Z.jpg","articleSection":["International","Latest News"],"inLanguage":"fr-FR","copyrightYear":"2026","copyrightHolder":{"@id":"https:\/\/bladnanews.com\/fr\/#organization"}},{"@type":"WebPage","@id":"https:\/\/bladnanews.com\/chelsea-step-up-talks-to-appoint-liam-rosenior-as-boss\/","url":"https:\/\/bladnanews.com\/chelsea-step-up-talks-to-appoint-liam-rosenior-as-boss\/","name":"Chelsea intensifie les discussions pour nommer Liam Rosenior comme entra\u00eeneur - Bladna News","isPartOf":{"@id":"https:\/\/mediumseagreen-eel-531711.hostingersite.com\/#website"},"primaryImageOfPage":{"@id":"https:\/\/bladnanews.com\/chelsea-step-up-talks-to-appoint-liam-rosenior-as-boss\/#primaryimage"},"image":{"@id":"https:\/\/bladnanews.com\/chelsea-step-up-talks-to-appoint-liam-rosenior-as-boss\/#primaryimage"},"thumbnailUrl":"https:\/\/bladnanews.com\/wp-content\/uploads\/2026\/01\/BladnaNews-Chelsea-step-up-talks-to-appoint-Liam-Rosenior-as-boss-2026-01-03T135047.620Z.jpg","datePublished":"2026-01-03T12:35:59+00:00","breadcrumb":{"@id":"https:\/\/bladnanews.com\/chelsea-step-up-talks-to-appoint-liam-rosenior-as-boss\/#breadcrumb"},"inLanguage":"fr-FR","potentialAction":[{"@type":"ReadAction","target":["https:\/\/bladnanews.com\/chelsea-step-up-talks-to-appoint-liam-rosenior-as-boss\/"]}]},{"@type":"ImageObject","inLanguage":"fr-FR","@id":"https:\/\/bladnanews.com\/chelsea-step-up-talks-to-appoint-liam-rosenior-as-boss\/#primaryimage","url":"https:\/\/bladnanews.com\/wp-content\/uploads\/2026\/01\/BladnaNews-Chelsea-step-up-talks-to-appoint-Liam-Rosenior-as-boss-2026-01-03T135047.620Z.jpg","contentUrl":"https:\/\/bladnanews.com\/wp-content\/uploads\/2026\/01\/BladnaNews-Chelsea-step-up-talks-to-appoint-Liam-Rosenior-as-boss-2026-01-03T135047.620Z.jpg","width":1600,"height":900,"caption":"Two football coaches, one with glasses and curly hair, the other bald with a grey sweater, framed against a bright stadium backdrop."},{"@type":"BreadcrumbList","@id":"https:\/\/bladnanews.com\/chelsea-step-up-talks-to-appoint-liam-rosenior-as-boss\/#breadcrumb","itemListElement":[{"@type":"ListItem","position":1,"name":"Home","item":"https:\/\/bladnanews.com\/"},{"@type":"ListItem","position":2,"name":"Chelsea step up talks to appoint Liam Rosenior as boss"}]},{"@type":"WebSite","@id":"https:\/\/mediumseagreen-eel-531711.hostingersite.com\/#website","url":"https:\/\/mediumseagreen-eel-531711.hostingersite.com\/","name":"Bladna News - Maroc","description":"Quand le football marocain rencontre le monde","publisher":{"@id":"https:\/\/mediumseagreen-eel-531711.hostingersite.com\/#organization"},"potentialAction":[{"@type":"SearchAction","target":{"@type":"EntryPoint","urlTemplate":"https:\/\/mediumseagreen-eel-531711.hostingersite.com\/?s={search_term_string}"},"query-input":{"@type":"PropertyValueSpecification","valueRequired":true,"valueName":"search_term_string"}}],"inLanguage":"fr-FR"},{"@type":"Organization","@id":"https:\/\/mediumseagreen-eel-531711.hostingersite.com\/#organization","name":"Bladna News.com","url":"https:\/\/mediumseagreen-eel-531711.hostingersite.com\/","logo":{"@type":"ImageObject","inLanguage":"fr-FR","@id":"https:\/\/mediumseagreen-eel-531711.hostingersite.com\/#\/schema\/logo\/image\/","url":"https:\/\/bladnanews.com\/wp-content\/uploads\/2025\/12\/logo-bladnanews-V2-web-black-red.png","contentUrl":"https:\/\/bladnanews.com\/wp-content\/uploads\/2025\/12\/logo-bladnanews-V2-web-black-red.png","width":703,"height":287,"caption":"Bladna News.com"},"image":{"@id":"https:\/\/mediumseagreen-eel-531711.hostingersite.com\/#\/schema\/logo\/image\/"},"email":"info@bladnanews.com","legalName":"Bladna News"},{"@type":"Person","@id":"https:\/\/mediumseagreen-eel-531711.hostingersite.com\/#\/schema\/person\/268e18a453ab080ebf76df6ef7845083","name":"\u00c9quipe r\u00e9dactionnelle de Bladna News","url":"https:\/\/bladnanews.com\/fr\/author\/bladna-news-staff\/"}]}},"_links":{"self":[{"href":"https:\/\/bladnanews.com\/fr\/wp-json\/wp\/v2\/posts\/1570","targetHints":{"allow":["GET"]}}],"collection":[{"href":"https:\/\/bladnanews.com\/fr\/wp-json\/wp\/v2\/posts"}],"about":[{"href":"https:\/\/bladnanews.com\/fr\/wp-json\/wp\/v2\/types\/post"}],"author":[{"embeddable":true,"href":"https:\/\/bladnanews.com\/fr\/wp-json\/wp\/v2\/users\/3"}],"replies":[{"embeddable":true,"href":"https:\/\/bladnanews.com\/fr\/wp-json\/wp\/v2\/comments?post=1570"}],"version-history":[{"count":0,"href":"https:\/\/bladnanews.com\/fr\/wp-json\/wp\/v2\/posts\/1570\/revisions"}],"wp:featuredmedia":[{"embeddable":true,"href":"https:\/\/bladnanews.com\/fr\/wp-json\/wp\/v2\/media\/1569"}],"wp:attachment":[{"href":"https:\/\/bladnanews.com\/fr\/wp-json\/wp\/v2\/media?parent=1570"}],"wp:term":[{"taxonomy":"category","embeddable":true,"href":"https:\/\/bladnanews.com\/fr\/wp-json\/wp\/v2\/categories?post=1570"},{"taxonomy":"post_tag","embeddable":true,"href":"https:\/\/bladnanews.com\/fr\/wp-json\/wp\/v2\/tags?post=1570"}],"curies":[{"name":"wp","href":"https:\/\/api.w.org\/{rel}","templated":true}]}}