{"id":1586,"date":"2026-01-03T14:25:35","date_gmt":"2026-01-03T14:25:35","guid":{"rendered":"https:\/\/bladnanews.com\/moroccos-captain-vows-no-repeat-of-past-mistakes-or-underestimating-opponents\/"},"modified":"2026-01-03T14:25:35","modified_gmt":"2026-01-03T14:25:35","slug":"le-capitaine-du-maroc-promet-de-ne-pas-repeter-les-erreurs-du-passe-ni-de-sous-estimer-les-adversaires","status":"publish","type":"post","link":"https:\/\/bladnanews.com\/fr\/le-capitaine-du-maroc-promet-de-ne-pas-repeter-les-erreurs-du-passe-ni-de-sous-estimer-les-adversaires\/","title":{"rendered":"Le capitaine du Maroc promet de ne pas r\u00e9p\u00e9ter les erreurs du pass\u00e9 ni de sous-estimer les adversaires"},"content":{"rendered":"<p>Capitaine du Maroc <strong>Romain Saiss<\/strong> a promis que son \u00e9quipe ne tombera pas dans les m\u00eames pi\u00e8ges, soulignant que l'\u00e9quipe nationale traitera chaque adversaire avec le respect qu'il m\u00e9rite.<\/p>\n<p>En parlant de l'atmosph\u00e8re \u00e0 l'int\u00e9rieur du camp et de l'approche pour les prochains matchs, Saiss a d\u00e9clar\u00e9 : <em>\u201c Nous ne r\u00e9p\u00e9terons pas les erreurs du pass\u00e9, et nous ne sous-estimerons pas les adversaires. \u201d<\/em><\/p>\n<p>Le d\u00e9fenseur a expliqu\u00e9 que la le\u00e7on des exp\u00e9riences pass\u00e9es est claire, surtout dans les grands tournois o\u00f9 de petits d\u00e9tails peuvent tout d\u00e9cider. Il a soulign\u00e9 que la concentration du Maroc doit \u00eatre constante, peu importe le nom de l'adversaire, et que les joueurs sont conscients qu'une baisse de concentration peut leur co\u00fbter cher.<\/p>\n<p>Saiss a \u00e9galement soulign\u00e9 l'importance de la pr\u00e9paration et de la discipline, insistant sur le fait que le groupe travaille avec un \u00e9tat d'esprit s\u00e9rieux pour r\u00e9pondre aux attentes. Il a ajout\u00e9 que la cl\u00e9 est de rester calme, de suivre les instructions de l'entra\u00eeneur et de maintenir la m\u00eame intensit\u00e9 du premier au dernier minute.<\/p>\n<p>Dans son message aux fans, Saiss a clairement indiqu\u00e9 que l'ambition du Maroc reste \u00e9lev\u00e9e, mais il croit que l'ambition doit \u00eatre soutenue par un travail acharn\u00e9 et du respect sur le terrain. Il a d\u00e9clar\u00e9 que l'\u00e9quipe comprend ce qui est requis et est d\u00e9termin\u00e9e \u00e0 montrer de la maturit\u00e9 face aux d\u00e9fis \u00e0 venir.<\/p>","protected":false},"excerpt":{"rendered":"<p>Morocco captain Romain Saiss has promised his side will not fall into the same traps again, stressing that the national [&hellip;]<\/p>\n","protected":false},"author":4,"featured_media":1585,"comment_status":"","ping_status":"open","sticky":false,"template":"","format":"standard","meta":{"googlesitekit_rrm_CAow_uzEDA:productID":"","site-sidebar-layout":"default","site-content-layout":"","ast-site-content-layout":"default","site-content-style":"default","site-sidebar-style":"default","ast-global-header-display":"","ast-banner-title-visibility":"","ast-main-header-display":"","ast-hfb-above-header-display":"","ast-hfb-below-header-display":"","ast-hfb-mobile-header-display":"","site-post-title":"","ast-breadcrumbs-content":"","ast-featured-img":"","footer-sml-layout":"","ast-disable-related-posts":"","theme-transparent-header-meta":"","adv-header-id-meta":"","stick-header-meta":"","header-above-stick-meta":"","header-main-stick-meta":"","header-below-stick-meta":"","astra-migrate-meta-layouts":"default","ast-page-background-enabled":"default","ast-page-background-meta":{"desktop":{"background-color":"var(--ast-global-color-5)","background-image":"","background-repeat":"repeat","background-position":"center center","background-size":"auto","background-attachment":"scroll","background-type":"","background-media":"","overlay-type":"","overlay-color":"","overlay-opacity":"","overlay-gradient":""},"tablet":{"background-color":"","background-image":"","background-repeat":"repeat","background-position":"center center","background-size":"auto","background-attachment":"scroll","background-type":"","background-media":"","overlay-type":"","overlay-color":"","overlay-opacity":"","overlay-gradient":""},"mobile":{"background-color":"","background-image":"","background-repeat":"repeat","background-position":"center center","background-size":"auto","background-attachment":"scroll","background-type":"","background-media":"","overlay-type":"","overlay-color":"","overlay-opacity":"","overlay-gradient":""}},"ast-content-background-meta":{"desktop":{"background-color":"var(--ast-global-color-4)","background-image":"","background-repeat":"repeat","background-position":"center center","background-size":"auto","background-attachment":"scroll","background-type":"","background-media":"","overlay-type":"","overlay-color":"","overlay-opacity":"","overlay-gradient":""},"tablet":{"background-color":"var(--ast-global-color-4)","background-image":"","background-repeat":"repeat","background-position":"center center","background-size":"auto","background-attachment":"scroll","background-type":"","background-media":"","overlay-type":"","overlay-color":"","overlay-opacity":"","overlay-gradient":""},"mobile":{"background-color":"var(--ast-global-color-4)","background-image":"","background-repeat":"repeat","background-position":"center center","background-size":"auto","background-attachment":"scroll","background-type":"","background-media":"","overlay-type":"","overlay-color":"","overlay-opacity":"","overlay-gradient":""}},"footnotes":""},"categories":[1,168],"tags":[],"class_list":["post-1586","post","type-post","status-publish","format-standard","has-post-thumbnail","hentry","category-football-latest-news","category-morocco-national-team"],"yoast_head":"<!-- This site is optimized with the Yoast SEO Premium plugin v26.6 (Yoast SEO v27.5) - https:\/\/yoast.com\/product\/yoast-seo-premium-wordpress\/ -->\n<title>Morocco&#039;s captain vows no repeat of past mistakes or underestimating opponents - Bladna News<\/title>\n<meta name=\"robots\" content=\"index, follow, max-snippet:-1, max-image-preview:large, max-video-preview:-1\" \/>\n<link rel=\"canonical\" href=\"https:\/\/bladnanews.com\/fr\/le-capitaine-du-maroc-promet-de-ne-pas-repeter-les-erreurs-du-passe-ni-de-sous-estimer-les-adversaires\/\" \/>\n<meta property=\"og:locale\" content=\"fr_FR\" \/>\n<meta property=\"og:type\" content=\"article\" \/>\n<meta property=\"og:title\" content=\"Morocco&#039;s captain vows no repeat of past mistakes or underestimating opponents\" \/>\n<meta property=\"og:description\" content=\"Morocco captain Romain Saiss has promised his side will not fall into the same traps again, stressing that the national [&hellip;]\" \/>\n<meta property=\"og:url\" content=\"https:\/\/bladnanews.com\/fr\/le-capitaine-du-maroc-promet-de-ne-pas-repeter-les-erreurs-du-passe-ni-de-sous-estimer-les-adversaires\/\" \/>\n<meta property=\"og:site_name\" content=\"Bladna News\" \/>\n<meta property=\"article:published_time\" content=\"2026-01-03T14:25:35+00:00\" \/>\n<meta property=\"og:image\" content=\"https:\/\/bladnanews.com\/wp-content\/uploads\/2026\/01\/GettyImages-2252430210.jpg.jpg\" \/>\n\t<meta property=\"og:image:width\" content=\"2560\" \/>\n\t<meta property=\"og:image:height\" content=\"1440\" \/>\n\t<meta property=\"og:image:type\" content=\"image\/jpeg\" \/>\n<meta name=\"author\" content=\"Bladna Sports Desk\" \/>\n<meta name=\"twitter:card\" content=\"summary_large_image\" \/>\n<meta name=\"twitter:label1\" content=\"\u00c9crit par\" \/>\n\t<meta name=\"twitter:data1\" content=\"Bladna Sports Desk\" \/>\n\t<meta name=\"twitter:label2\" content=\"Dur\u00e9e de lecture estim\u00e9e\" \/>\n\t<meta name=\"twitter:data2\" content=\"1 minute\" \/>\n<script type=\"application\/ld+json\" class=\"yoast-schema-graph\">{\"@context\":\"https:\\\/\\\/schema.org\",\"@graph\":[{\"@type\":\"Article\",\"@id\":\"https:\\\/\\\/bladnanews.com\\\/moroccos-captain-vows-no-repeat-of-past-mistakes-or-underestimating-opponents\\\/#article\",\"isPartOf\":{\"@id\":\"https:\\\/\\\/bladnanews.com\\\/moroccos-captain-vows-no-repeat-of-past-mistakes-or-underestimating-opponents\\\/\"},\"author\":{\"name\":\"Bladna Sports Desk\",\"@id\":\"https:\\\/\\\/mediumseagreen-eel-531711.hostingersite.com\\\/#\\\/schema\\\/person\\\/6712b38fabe810f7eb8d15ed30d90f1e\"},\"headline\":\"Morocco&#8217;s captain vows no repeat of past mistakes or underestimating opponents\",\"datePublished\":\"2026-01-03T14:25:35+00:00\",\"mainEntityOfPage\":{\"@id\":\"https:\\\/\\\/bladnanews.com\\\/moroccos-captain-vows-no-repeat-of-past-mistakes-or-underestimating-opponents\\\/\"},\"wordCount\":223,\"publisher\":{\"@id\":\"https:\\\/\\\/mediumseagreen-eel-531711.hostingersite.com\\\/#organization\"},\"image\":{\"@id\":\"https:\\\/\\\/bladnanews.com\\\/moroccos-captain-vows-no-repeat-of-past-mistakes-or-underestimating-opponents\\\/#primaryimage\"},\"thumbnailUrl\":\"https:\\\/\\\/bladnanews.com\\\/wp-content\\\/uploads\\\/2026\\\/01\\\/GettyImages-2252430210.jpg.jpg\",\"articleSection\":[\"Latest News\",\"Morocco National Team\"],\"inLanguage\":\"fr-FR\",\"copyrightYear\":\"2026\",\"copyrightHolder\":{\"@id\":\"https:\\\/\\\/bladnanews.com\\\/fr\\\/#organization\"}},{\"@type\":\"WebPage\",\"@id\":\"https:\\\/\\\/bladnanews.com\\\/moroccos-captain-vows-no-repeat-of-past-mistakes-or-underestimating-opponents\\\/\",\"url\":\"https:\\\/\\\/bladnanews.com\\\/moroccos-captain-vows-no-repeat-of-past-mistakes-or-underestimating-opponents\\\/\",\"name\":\"Morocco's captain vows no repeat of past mistakes or underestimating opponents - Bladna News\",\"isPartOf\":{\"@id\":\"https:\\\/\\\/mediumseagreen-eel-531711.hostingersite.com\\\/#website\"},\"primaryImageOfPage\":{\"@id\":\"https:\\\/\\\/bladnanews.com\\\/moroccos-captain-vows-no-repeat-of-past-mistakes-or-underestimating-opponents\\\/#primaryimage\"},\"image\":{\"@id\":\"https:\\\/\\\/bladnanews.com\\\/moroccos-captain-vows-no-repeat-of-past-mistakes-or-underestimating-opponents\\\/#primaryimage\"},\"thumbnailUrl\":\"https:\\\/\\\/bladnanews.com\\\/wp-content\\\/uploads\\\/2026\\\/01\\\/GettyImages-2252430210.jpg.jpg\",\"datePublished\":\"2026-01-03T14:25:35+00:00\",\"breadcrumb\":{\"@id\":\"https:\\\/\\\/bladnanews.com\\\/moroccos-captain-vows-no-repeat-of-past-mistakes-or-underestimating-opponents\\\/#breadcrumb\"},\"inLanguage\":\"fr-FR\",\"potentialAction\":[{\"@type\":\"ReadAction\",\"target\":[\"https:\\\/\\\/bladnanews.com\\\/moroccos-captain-vows-no-repeat-of-past-mistakes-or-underestimating-opponents\\\/\"]}]},{\"@type\":\"ImageObject\",\"inLanguage\":\"fr-FR\",\"@id\":\"https:\\\/\\\/bladnanews.com\\\/moroccos-captain-vows-no-repeat-of-past-mistakes-or-underestimating-opponents\\\/#primaryimage\",\"url\":\"https:\\\/\\\/bladnanews.com\\\/wp-content\\\/uploads\\\/2026\\\/01\\\/GettyImages-2252430210.jpg.jpg\",\"contentUrl\":\"https:\\\/\\\/bladnanews.com\\\/wp-content\\\/uploads\\\/2026\\\/01\\\/GettyImages-2252430210.jpg.jpg\",\"width\":2560,\"height\":1440,\"caption\":\"Moroccan player seated on the pitch, grimacing in pain, while teammates in red and black gear offer support during a tense moment.\"},{\"@type\":\"BreadcrumbList\",\"@id\":\"https:\\\/\\\/bladnanews.com\\\/moroccos-captain-vows-no-repeat-of-past-mistakes-or-underestimating-opponents\\\/#breadcrumb\",\"itemListElement\":[{\"@type\":\"ListItem\",\"position\":1,\"name\":\"Home\",\"item\":\"https:\\\/\\\/bladnanews.com\\\/\"},{\"@type\":\"ListItem\",\"position\":2,\"name\":\"Morocco&#8217;s captain vows no repeat of past mistakes or underestimating opponents\"}]},{\"@type\":\"WebSite\",\"@id\":\"https:\\\/\\\/mediumseagreen-eel-531711.hostingersite.com\\\/#website\",\"url\":\"https:\\\/\\\/mediumseagreen-eel-531711.hostingersite.com\\\/\",\"name\":\"Bladna News - Morocco\",\"description\":\"Where Moroccan Football Meets the World\",\"publisher\":{\"@id\":\"https:\\\/\\\/mediumseagreen-eel-531711.hostingersite.com\\\/#organization\"},\"potentialAction\":[{\"@type\":\"SearchAction\",\"target\":{\"@type\":\"EntryPoint\",\"urlTemplate\":\"https:\\\/\\\/mediumseagreen-eel-531711.hostingersite.com\\\/?s={search_term_string}\"},\"query-input\":{\"@type\":\"PropertyValueSpecification\",\"valueRequired\":true,\"valueName\":\"search_term_string\"}}],\"inLanguage\":\"fr-FR\"},{\"@type\":\"Organization\",\"@id\":\"https:\\\/\\\/mediumseagreen-eel-531711.hostingersite.com\\\/#organization\",\"name\":\"Bladna News.com\",\"url\":\"https:\\\/\\\/mediumseagreen-eel-531711.hostingersite.com\\\/\",\"logo\":{\"@type\":\"ImageObject\",\"inLanguage\":\"fr-FR\",\"@id\":\"https:\\\/\\\/mediumseagreen-eel-531711.hostingersite.com\\\/#\\\/schema\\\/logo\\\/image\\\/\",\"url\":\"https:\\\/\\\/bladnanews.com\\\/wp-content\\\/uploads\\\/2025\\\/12\\\/logo-bladnanews-V2-web-black-red.png\",\"contentUrl\":\"https:\\\/\\\/bladnanews.com\\\/wp-content\\\/uploads\\\/2025\\\/12\\\/logo-bladnanews-V2-web-black-red.png\",\"width\":703,\"height\":287,\"caption\":\"Bladna News.com\"},\"image\":{\"@id\":\"https:\\\/\\\/mediumseagreen-eel-531711.hostingersite.com\\\/#\\\/schema\\\/logo\\\/image\\\/\"},\"email\":\"info@bladnanews.com\",\"legalName\":\"Bladna News\"},{\"@type\":\"Person\",\"@id\":\"https:\\\/\\\/mediumseagreen-eel-531711.hostingersite.com\\\/#\\\/schema\\\/person\\\/6712b38fabe810f7eb8d15ed30d90f1e\",\"name\":\"Bladna Sports Desk\",\"url\":\"https:\\\/\\\/bladnanews.com\\\/fr\\\/author\\\/bladna-sports-desk\\\/\"}]}<\/script>\n<!-- \/ Yoast SEO Premium plugin. -->","yoast_head_json":{"title":"Le capitaine du Maroc promet de ne pas r\u00e9p\u00e9ter les erreurs du pass\u00e9 ni de sous-estimer les adversaires - Bladna News","robots":{"index":"index","follow":"follow","max-snippet":"max-snippet:-1","max-image-preview":"max-image-preview:large","max-video-preview":"max-video-preview:-1"},"canonical":"https:\/\/bladnanews.com\/fr\/le-capitaine-du-maroc-promet-de-ne-pas-repeter-les-erreurs-du-passe-ni-de-sous-estimer-les-adversaires\/","og_locale":"fr_FR","og_type":"article","og_title":"Morocco's captain vows no repeat of past mistakes or underestimating opponents","og_description":"Morocco captain Romain Saiss has promised his side will not fall into the same traps again, stressing that the national [&hellip;]","og_url":"https:\/\/bladnanews.com\/fr\/le-capitaine-du-maroc-promet-de-ne-pas-repeter-les-erreurs-du-passe-ni-de-sous-estimer-les-adversaires\/","og_site_name":"Bladna News","article_published_time":"2026-01-03T14:25:35+00:00","og_image":[{"width":2560,"height":1440,"url":"https:\/\/bladnanews.com\/wp-content\/uploads\/2026\/01\/GettyImages-2252430210.jpg.jpg","type":"image\/jpeg"}],"author":"Bladna Sports Desk","twitter_card":"summary_large_image","twitter_misc":{"\u00c9crit par":"Bladna Sports Desk","Dur\u00e9e de lecture estim\u00e9e":"1 minute"},"schema":{"@context":"https:\/\/schema.org","@graph":[{"@type":"Article","@id":"https:\/\/bladnanews.com\/moroccos-captain-vows-no-repeat-of-past-mistakes-or-underestimating-opponents\/#article","isPartOf":{"@id":"https:\/\/bladnanews.com\/moroccos-captain-vows-no-repeat-of-past-mistakes-or-underestimating-opponents\/"},"author":{"name":"Bladna Sports Desk","@id":"https:\/\/mediumseagreen-eel-531711.hostingersite.com\/#\/schema\/person\/6712b38fabe810f7eb8d15ed30d90f1e"},"headline":"Morocco&#8217;s captain vows no repeat of past mistakes or underestimating opponents","datePublished":"2026-01-03T14:25:35+00:00","mainEntityOfPage":{"@id":"https:\/\/bladnanews.com\/moroccos-captain-vows-no-repeat-of-past-mistakes-or-underestimating-opponents\/"},"wordCount":223,"publisher":{"@id":"https:\/\/mediumseagreen-eel-531711.hostingersite.com\/#organization"},"image":{"@id":"https:\/\/bladnanews.com\/moroccos-captain-vows-no-repeat-of-past-mistakes-or-underestimating-opponents\/#primaryimage"},"thumbnailUrl":"https:\/\/bladnanews.com\/wp-content\/uploads\/2026\/01\/GettyImages-2252430210.jpg.jpg","articleSection":["Latest News","Morocco National Team"],"inLanguage":"fr-FR","copyrightYear":"2026","copyrightHolder":{"@id":"https:\/\/bladnanews.com\/fr\/#organization"}},{"@type":"WebPage","@id":"https:\/\/bladnanews.com\/moroccos-captain-vows-no-repeat-of-past-mistakes-or-underestimating-opponents\/","url":"https:\/\/bladnanews.com\/moroccos-captain-vows-no-repeat-of-past-mistakes-or-underestimating-opponents\/","name":"Le capitaine du Maroc promet de ne pas r\u00e9p\u00e9ter les erreurs du pass\u00e9 ni de sous-estimer les adversaires - Bladna News","isPartOf":{"@id":"https:\/\/mediumseagreen-eel-531711.hostingersite.com\/#website"},"primaryImageOfPage":{"@id":"https:\/\/bladnanews.com\/moroccos-captain-vows-no-repeat-of-past-mistakes-or-underestimating-opponents\/#primaryimage"},"image":{"@id":"https:\/\/bladnanews.com\/moroccos-captain-vows-no-repeat-of-past-mistakes-or-underestimating-opponents\/#primaryimage"},"thumbnailUrl":"https:\/\/bladnanews.com\/wp-content\/uploads\/2026\/01\/GettyImages-2252430210.jpg.jpg","datePublished":"2026-01-03T14:25:35+00:00","breadcrumb":{"@id":"https:\/\/bladnanews.com\/moroccos-captain-vows-no-repeat-of-past-mistakes-or-underestimating-opponents\/#breadcrumb"},"inLanguage":"fr-FR","potentialAction":[{"@type":"ReadAction","target":["https:\/\/bladnanews.com\/moroccos-captain-vows-no-repeat-of-past-mistakes-or-underestimating-opponents\/"]}]},{"@type":"ImageObject","inLanguage":"fr-FR","@id":"https:\/\/bladnanews.com\/moroccos-captain-vows-no-repeat-of-past-mistakes-or-underestimating-opponents\/#primaryimage","url":"https:\/\/bladnanews.com\/wp-content\/uploads\/2026\/01\/GettyImages-2252430210.jpg.jpg","contentUrl":"https:\/\/bladnanews.com\/wp-content\/uploads\/2026\/01\/GettyImages-2252430210.jpg.jpg","width":2560,"height":1440,"caption":"Moroccan player seated on the pitch, grimacing in pain, while teammates in red and black gear offer support during a tense moment."},{"@type":"BreadcrumbList","@id":"https:\/\/bladnanews.com\/moroccos-captain-vows-no-repeat-of-past-mistakes-or-underestimating-opponents\/#breadcrumb","itemListElement":[{"@type":"ListItem","position":1,"name":"Home","item":"https:\/\/bladnanews.com\/"},{"@type":"ListItem","position":2,"name":"Morocco&#8217;s captain vows no repeat of past mistakes or underestimating opponents"}]},{"@type":"WebSite","@id":"https:\/\/mediumseagreen-eel-531711.hostingersite.com\/#website","url":"https:\/\/mediumseagreen-eel-531711.hostingersite.com\/","name":"Bladna News - Maroc","description":"Quand le football marocain rencontre le monde","publisher":{"@id":"https:\/\/mediumseagreen-eel-531711.hostingersite.com\/#organization"},"potentialAction":[{"@type":"SearchAction","target":{"@type":"EntryPoint","urlTemplate":"https:\/\/mediumseagreen-eel-531711.hostingersite.com\/?s={search_term_string}"},"query-input":{"@type":"PropertyValueSpecification","valueRequired":true,"valueName":"search_term_string"}}],"inLanguage":"fr-FR"},{"@type":"Organization","@id":"https:\/\/mediumseagreen-eel-531711.hostingersite.com\/#organization","name":"Bladna News.com","url":"https:\/\/mediumseagreen-eel-531711.hostingersite.com\/","logo":{"@type":"ImageObject","inLanguage":"fr-FR","@id":"https:\/\/mediumseagreen-eel-531711.hostingersite.com\/#\/schema\/logo\/image\/","url":"https:\/\/bladnanews.com\/wp-content\/uploads\/2025\/12\/logo-bladnanews-V2-web-black-red.png","contentUrl":"https:\/\/bladnanews.com\/wp-content\/uploads\/2025\/12\/logo-bladnanews-V2-web-black-red.png","width":703,"height":287,"caption":"Bladna News.com"},"image":{"@id":"https:\/\/mediumseagreen-eel-531711.hostingersite.com\/#\/schema\/logo\/image\/"},"email":"info@bladnanews.com","legalName":"Bladna News"},{"@type":"Person","@id":"https:\/\/mediumseagreen-eel-531711.hostingersite.com\/#\/schema\/person\/6712b38fabe810f7eb8d15ed30d90f1e","name":"Bladna Sports Desk","url":"https:\/\/bladnanews.com\/fr\/author\/bladna-sports-desk\/"}]}},"_links":{"self":[{"href":"https:\/\/bladnanews.com\/fr\/wp-json\/wp\/v2\/posts\/1586","targetHints":{"allow":["GET"]}}],"collection":[{"href":"https:\/\/bladnanews.com\/fr\/wp-json\/wp\/v2\/posts"}],"about":[{"href":"https:\/\/bladnanews.com\/fr\/wp-json\/wp\/v2\/types\/post"}],"author":[{"embeddable":true,"href":"https:\/\/bladnanews.com\/fr\/wp-json\/wp\/v2\/users\/4"}],"replies":[{"embeddable":true,"href":"https:\/\/bladnanews.com\/fr\/wp-json\/wp\/v2\/comments?post=1586"}],"version-history":[{"count":0,"href":"https:\/\/bladnanews.com\/fr\/wp-json\/wp\/v2\/posts\/1586\/revisions"}],"wp:featuredmedia":[{"embeddable":true,"href":"https:\/\/bladnanews.com\/fr\/wp-json\/wp\/v2\/media\/1585"}],"wp:attachment":[{"href":"https:\/\/bladnanews.com\/fr\/wp-json\/wp\/v2\/media?parent=1586"}],"wp:term":[{"taxonomy":"category","embeddable":true,"href":"https:\/\/bladnanews.com\/fr\/wp-json\/wp\/v2\/categories?post=1586"},{"taxonomy":"post_tag","embeddable":true,"href":"https:\/\/bladnanews.com\/fr\/wp-json\/wp\/v2\/tags?post=1586"}],"curies":[{"name":"wp","href":"https:\/\/api.w.org\/{rel}","templated":true}]}}