{"id":1588,"date":"2026-01-03T14:29:00","date_gmt":"2026-01-03T14:29:00","guid":{"rendered":"https:\/\/bladnanews.com\/african-cup-tragedy-aziz-kee-leaves-morocco-after-sons-tragic-death\/"},"modified":"2026-01-03T14:29:00","modified_gmt":"2026-01-03T14:29:00","slug":"tragedie-de-la-coupe-dafrique-aziz-kee-quitte-le-maroc-apres-la-mort-tragique-de-ses-fils","status":"publish","type":"post","link":"https:\/\/bladnanews.com\/fr\/tragedie-de-la-coupe-dafrique-aziz-kee-quitte-le-maroc-apres-la-mort-tragique-de-ses-fils\/","title":{"rendered":"Trag\u00e9die de la Coupe d'Afrique : Aziz Kee quitte le Maroc apr\u00e8s la mort tragique de son fils"},"content":{"rendered":"<p>Une trag\u00e9die douloureuse a frapp\u00e9 la Coupe d'Afrique apr\u00e8s que le milieu de terrain burkinab\u00e8 <strong>Aziz Kee<\/strong> a quitt\u00e9 le Maroc suite au d\u00e9c\u00e8s de son fils dans un incident horrible.<\/p>\n<p>Le joueur a quitt\u00e9 le camp de l'\u00e9quipe nationale pour rejoindre sa famille, apr\u00e8s que la mort a \u00e9t\u00e9 confirm\u00e9e \u00e0 l'\u00e9quipe et aux officiels durant le tournoi.<\/p>\n<p>Les circonstances ont \u00e9t\u00e9 d\u00e9crites comme profond\u00e9ment choquantes, les rapports indiquant que l'enfant est mort de mani\u00e8re tragique, plongeant la communaut\u00e9 footballistique dans le deuil.<\/p>\n<p>La d\u00e9l\u00e9gation du Burkina Faso au Maroc a r\u00e9agi avec tristesse, le d\u00e9part soudain de Kee projetant une lourde ombre sur les pr\u00e9paratifs et l'ambiance de l'\u00e9quipe.<\/p>\n<p>L'incident a suscit\u00e9 une large sympathie, de nombreuses personnes pr\u00e9sentant leurs condol\u00e9ances \u00e0 Aziz Kee et sa famille en ces moments difficiles.<\/p>\n<p>Le d\u00e9part de Kee intervient au milieu des engagements du Burkina Faso en Coupe d'Afrique, un moment qui rappelle \u00e0 tous que le football peut rapidement passer au second plan quand une trag\u00e9die de la vie r\u00e9elle survient.<\/p>","protected":false},"excerpt":{"rendered":"<p>A painful tragedy has hit the Africa Cup after Burkina Faso midfielder Aziz Kee left Morocco following the death of [&hellip;]<\/p>\n","protected":false},"author":4,"featured_media":1587,"comment_status":"","ping_status":"open","sticky":false,"template":"","format":"standard","meta":{"googlesitekit_rrm_CAow_uzEDA:productID":"","site-sidebar-layout":"default","site-content-layout":"","ast-site-content-layout":"default","site-content-style":"default","site-sidebar-style":"default","ast-global-header-display":"","ast-banner-title-visibility":"","ast-main-header-display":"","ast-hfb-above-header-display":"","ast-hfb-below-header-display":"","ast-hfb-mobile-header-display":"","site-post-title":"","ast-breadcrumbs-content":"","ast-featured-img":"","footer-sml-layout":"","ast-disable-related-posts":"","theme-transparent-header-meta":"","adv-header-id-meta":"","stick-header-meta":"","header-above-stick-meta":"","header-main-stick-meta":"","header-below-stick-meta":"","astra-migrate-meta-layouts":"default","ast-page-background-enabled":"default","ast-page-background-meta":{"desktop":{"background-color":"var(--ast-global-color-5)","background-image":"","background-repeat":"repeat","background-position":"center center","background-size":"auto","background-attachment":"scroll","background-type":"","background-media":"","overlay-type":"","overlay-color":"","overlay-opacity":"","overlay-gradient":""},"tablet":{"background-color":"","background-image":"","background-repeat":"repeat","background-position":"center center","background-size":"auto","background-attachment":"scroll","background-type":"","background-media":"","overlay-type":"","overlay-color":"","overlay-opacity":"","overlay-gradient":""},"mobile":{"background-color":"","background-image":"","background-repeat":"repeat","background-position":"center center","background-size":"auto","background-attachment":"scroll","background-type":"","background-media":"","overlay-type":"","overlay-color":"","overlay-opacity":"","overlay-gradient":""}},"ast-content-background-meta":{"desktop":{"background-color":"var(--ast-global-color-4)","background-image":"","background-repeat":"repeat","background-position":"center center","background-size":"auto","background-attachment":"scroll","background-type":"","background-media":"","overlay-type":"","overlay-color":"","overlay-opacity":"","overlay-gradient":""},"tablet":{"background-color":"var(--ast-global-color-4)","background-image":"","background-repeat":"repeat","background-position":"center center","background-size":"auto","background-attachment":"scroll","background-type":"","background-media":"","overlay-type":"","overlay-color":"","overlay-opacity":"","overlay-gradient":""},"mobile":{"background-color":"var(--ast-global-color-4)","background-image":"","background-repeat":"repeat","background-position":"center center","background-size":"auto","background-attachment":"scroll","background-type":"","background-media":"","overlay-type":"","overlay-color":"","overlay-opacity":"","overlay-gradient":""}},"footnotes":""},"categories":[1,168],"tags":[],"class_list":["post-1588","post","type-post","status-publish","format-standard","has-post-thumbnail","hentry","category-football-latest-news","category-morocco-national-team"],"yoast_head":"<!-- This site is optimized with the Yoast SEO Premium plugin v26.6 (Yoast SEO v27.5) - https:\/\/yoast.com\/product\/yoast-seo-premium-wordpress\/ -->\n<title>African Cup tragedy: Aziz Kee leaves Morocco after son&#039;s tragic death - Bladna News<\/title>\n<meta name=\"robots\" content=\"index, follow, max-snippet:-1, max-image-preview:large, max-video-preview:-1\" \/>\n<link rel=\"canonical\" href=\"https:\/\/bladnanews.com\/fr\/tragedie-de-la-coupe-dafrique-aziz-kee-quitte-le-maroc-apres-la-mort-tragique-de-ses-fils\/\" \/>\n<meta property=\"og:locale\" content=\"fr_FR\" \/>\n<meta property=\"og:type\" content=\"article\" \/>\n<meta property=\"og:title\" content=\"African Cup tragedy: Aziz Kee leaves Morocco after son&#039;s tragic death\" \/>\n<meta property=\"og:description\" content=\"A painful tragedy has hit the Africa Cup after Burkina Faso midfielder Aziz Kee left Morocco following the death of [&hellip;]\" \/>\n<meta property=\"og:url\" content=\"https:\/\/bladnanews.com\/fr\/tragedie-de-la-coupe-dafrique-aziz-kee-quitte-le-maroc-apres-la-mort-tragique-de-ses-fils\/\" \/>\n<meta property=\"og:site_name\" content=\"Bladna News\" \/>\n<meta property=\"article:published_time\" content=\"2026-01-03T14:29:00+00:00\" \/>\n<meta property=\"og:image\" content=\"https:\/\/bladnanews.com\/wp-content\/uploads\/2026\/01\/aziz_1767450690.webp\" \/>\n\t<meta property=\"og:image:width\" content=\"860\" \/>\n\t<meta property=\"og:image:height\" content=\"572\" \/>\n\t<meta property=\"og:image:type\" content=\"image\/webp\" \/>\n<meta name=\"author\" content=\"Bladna Sports Desk\" \/>\n<meta name=\"twitter:card\" content=\"summary_large_image\" \/>\n<meta name=\"twitter:label1\" content=\"\u00c9crit par\" \/>\n\t<meta name=\"twitter:data1\" content=\"Bladna Sports Desk\" \/>\n\t<meta name=\"twitter:label2\" content=\"Dur\u00e9e de lecture estim\u00e9e\" \/>\n\t<meta name=\"twitter:data2\" content=\"1 minute\" \/>\n<script type=\"application\/ld+json\" class=\"yoast-schema-graph\">{\"@context\":\"https:\\\/\\\/schema.org\",\"@graph\":[{\"@type\":\"Article\",\"@id\":\"https:\\\/\\\/bladnanews.com\\\/african-cup-tragedy-aziz-kee-leaves-morocco-after-sons-tragic-death\\\/#article\",\"isPartOf\":{\"@id\":\"https:\\\/\\\/bladnanews.com\\\/african-cup-tragedy-aziz-kee-leaves-morocco-after-sons-tragic-death\\\/\"},\"author\":{\"name\":\"Bladna Sports Desk\",\"@id\":\"https:\\\/\\\/mediumseagreen-eel-531711.hostingersite.com\\\/#\\\/schema\\\/person\\\/6712b38fabe810f7eb8d15ed30d90f1e\"},\"headline\":\"African Cup tragedy: Aziz Kee leaves Morocco after son&#8217;s tragic death\",\"datePublished\":\"2026-01-03T14:29:00+00:00\",\"mainEntityOfPage\":{\"@id\":\"https:\\\/\\\/bladnanews.com\\\/african-cup-tragedy-aziz-kee-leaves-morocco-after-sons-tragic-death\\\/\"},\"wordCount\":164,\"publisher\":{\"@id\":\"https:\\\/\\\/mediumseagreen-eel-531711.hostingersite.com\\\/#organization\"},\"image\":{\"@id\":\"https:\\\/\\\/bladnanews.com\\\/african-cup-tragedy-aziz-kee-leaves-morocco-after-sons-tragic-death\\\/#primaryimage\"},\"thumbnailUrl\":\"https:\\\/\\\/bladnanews.com\\\/wp-content\\\/uploads\\\/2026\\\/01\\\/aziz_1767450690.webp\",\"articleSection\":[\"Latest News\",\"Morocco National Team\"],\"inLanguage\":\"fr-FR\",\"copyrightYear\":\"2026\",\"copyrightHolder\":{\"@id\":\"https:\\\/\\\/bladnanews.com\\\/fr\\\/#organization\"}},{\"@type\":\"WebPage\",\"@id\":\"https:\\\/\\\/bladnanews.com\\\/african-cup-tragedy-aziz-kee-leaves-morocco-after-sons-tragic-death\\\/\",\"url\":\"https:\\\/\\\/bladnanews.com\\\/african-cup-tragedy-aziz-kee-leaves-morocco-after-sons-tragic-death\\\/\",\"name\":\"African Cup tragedy: Aziz Kee leaves Morocco after son's tragic death - Bladna News\",\"isPartOf\":{\"@id\":\"https:\\\/\\\/mediumseagreen-eel-531711.hostingersite.com\\\/#website\"},\"primaryImageOfPage\":{\"@id\":\"https:\\\/\\\/bladnanews.com\\\/african-cup-tragedy-aziz-kee-leaves-morocco-after-sons-tragic-death\\\/#primaryimage\"},\"image\":{\"@id\":\"https:\\\/\\\/bladnanews.com\\\/african-cup-tragedy-aziz-kee-leaves-morocco-after-sons-tragic-death\\\/#primaryimage\"},\"thumbnailUrl\":\"https:\\\/\\\/bladnanews.com\\\/wp-content\\\/uploads\\\/2026\\\/01\\\/aziz_1767450690.webp\",\"datePublished\":\"2026-01-03T14:29:00+00:00\",\"breadcrumb\":{\"@id\":\"https:\\\/\\\/bladnanews.com\\\/african-cup-tragedy-aziz-kee-leaves-morocco-after-sons-tragic-death\\\/#breadcrumb\"},\"inLanguage\":\"fr-FR\",\"potentialAction\":[{\"@type\":\"ReadAction\",\"target\":[\"https:\\\/\\\/bladnanews.com\\\/african-cup-tragedy-aziz-kee-leaves-morocco-after-sons-tragic-death\\\/\"]}]},{\"@type\":\"ImageObject\",\"inLanguage\":\"fr-FR\",\"@id\":\"https:\\\/\\\/bladnanews.com\\\/african-cup-tragedy-aziz-kee-leaves-morocco-after-sons-tragic-death\\\/#primaryimage\",\"url\":\"https:\\\/\\\/bladnanews.com\\\/wp-content\\\/uploads\\\/2026\\\/01\\\/aziz_1767450690.webp\",\"contentUrl\":\"https:\\\/\\\/bladnanews.com\\\/wp-content\\\/uploads\\\/2026\\\/01\\\/aziz_1767450690.webp\",\"width\":860,\"height\":572,\"caption\":\"Player in a bright orange training bib with \\\"CAF\\\" logo, preparing to kick a football during a training session, with teammates in background.\"},{\"@type\":\"BreadcrumbList\",\"@id\":\"https:\\\/\\\/bladnanews.com\\\/african-cup-tragedy-aziz-kee-leaves-morocco-after-sons-tragic-death\\\/#breadcrumb\",\"itemListElement\":[{\"@type\":\"ListItem\",\"position\":1,\"name\":\"Home\",\"item\":\"https:\\\/\\\/bladnanews.com\\\/\"},{\"@type\":\"ListItem\",\"position\":2,\"name\":\"African Cup tragedy: Aziz Kee leaves Morocco after son&#8217;s tragic death\"}]},{\"@type\":\"WebSite\",\"@id\":\"https:\\\/\\\/mediumseagreen-eel-531711.hostingersite.com\\\/#website\",\"url\":\"https:\\\/\\\/mediumseagreen-eel-531711.hostingersite.com\\\/\",\"name\":\"Bladna News - Morocco\",\"description\":\"Where Moroccan Football Meets the World\",\"publisher\":{\"@id\":\"https:\\\/\\\/mediumseagreen-eel-531711.hostingersite.com\\\/#organization\"},\"potentialAction\":[{\"@type\":\"SearchAction\",\"target\":{\"@type\":\"EntryPoint\",\"urlTemplate\":\"https:\\\/\\\/mediumseagreen-eel-531711.hostingersite.com\\\/?s={search_term_string}\"},\"query-input\":{\"@type\":\"PropertyValueSpecification\",\"valueRequired\":true,\"valueName\":\"search_term_string\"}}],\"inLanguage\":\"fr-FR\"},{\"@type\":\"Organization\",\"@id\":\"https:\\\/\\\/mediumseagreen-eel-531711.hostingersite.com\\\/#organization\",\"name\":\"Bladna News.com\",\"url\":\"https:\\\/\\\/mediumseagreen-eel-531711.hostingersite.com\\\/\",\"logo\":{\"@type\":\"ImageObject\",\"inLanguage\":\"fr-FR\",\"@id\":\"https:\\\/\\\/mediumseagreen-eel-531711.hostingersite.com\\\/#\\\/schema\\\/logo\\\/image\\\/\",\"url\":\"https:\\\/\\\/bladnanews.com\\\/wp-content\\\/uploads\\\/2025\\\/12\\\/logo-bladnanews-V2-web-black-red.png\",\"contentUrl\":\"https:\\\/\\\/bladnanews.com\\\/wp-content\\\/uploads\\\/2025\\\/12\\\/logo-bladnanews-V2-web-black-red.png\",\"width\":703,\"height\":287,\"caption\":\"Bladna News.com\"},\"image\":{\"@id\":\"https:\\\/\\\/mediumseagreen-eel-531711.hostingersite.com\\\/#\\\/schema\\\/logo\\\/image\\\/\"},\"email\":\"info@bladnanews.com\",\"legalName\":\"Bladna News\"},{\"@type\":\"Person\",\"@id\":\"https:\\\/\\\/mediumseagreen-eel-531711.hostingersite.com\\\/#\\\/schema\\\/person\\\/6712b38fabe810f7eb8d15ed30d90f1e\",\"name\":\"Bladna Sports Desk\",\"url\":\"https:\\\/\\\/bladnanews.com\\\/fr\\\/author\\\/bladna-sports-desk\\\/\"}]}<\/script>\n<!-- \/ Yoast SEO Premium plugin. -->","yoast_head_json":{"title":"Trag\u00e9die de la Coupe d'Afrique : Aziz Kee quitte le Maroc apr\u00e8s la mort tragique de son fils - Bladna News","robots":{"index":"index","follow":"follow","max-snippet":"max-snippet:-1","max-image-preview":"max-image-preview:large","max-video-preview":"max-video-preview:-1"},"canonical":"https:\/\/bladnanews.com\/fr\/tragedie-de-la-coupe-dafrique-aziz-kee-quitte-le-maroc-apres-la-mort-tragique-de-ses-fils\/","og_locale":"fr_FR","og_type":"article","og_title":"African Cup tragedy: Aziz Kee leaves Morocco after son's tragic death","og_description":"A painful tragedy has hit the Africa Cup after Burkina Faso midfielder Aziz Kee left Morocco following the death of [&hellip;]","og_url":"https:\/\/bladnanews.com\/fr\/tragedie-de-la-coupe-dafrique-aziz-kee-quitte-le-maroc-apres-la-mort-tragique-de-ses-fils\/","og_site_name":"Bladna News","article_published_time":"2026-01-03T14:29:00+00:00","og_image":[{"width":860,"height":572,"url":"https:\/\/bladnanews.com\/wp-content\/uploads\/2026\/01\/aziz_1767450690.webp","type":"image\/webp"}],"author":"Bladna Sports Desk","twitter_card":"summary_large_image","twitter_misc":{"\u00c9crit par":"Bladna Sports Desk","Dur\u00e9e de lecture estim\u00e9e":"1 minute"},"schema":{"@context":"https:\/\/schema.org","@graph":[{"@type":"Article","@id":"https:\/\/bladnanews.com\/african-cup-tragedy-aziz-kee-leaves-morocco-after-sons-tragic-death\/#article","isPartOf":{"@id":"https:\/\/bladnanews.com\/african-cup-tragedy-aziz-kee-leaves-morocco-after-sons-tragic-death\/"},"author":{"name":"Bladna Sports Desk","@id":"https:\/\/mediumseagreen-eel-531711.hostingersite.com\/#\/schema\/person\/6712b38fabe810f7eb8d15ed30d90f1e"},"headline":"African Cup tragedy: Aziz Kee leaves Morocco after son&#8217;s tragic death","datePublished":"2026-01-03T14:29:00+00:00","mainEntityOfPage":{"@id":"https:\/\/bladnanews.com\/african-cup-tragedy-aziz-kee-leaves-morocco-after-sons-tragic-death\/"},"wordCount":164,"publisher":{"@id":"https:\/\/mediumseagreen-eel-531711.hostingersite.com\/#organization"},"image":{"@id":"https:\/\/bladnanews.com\/african-cup-tragedy-aziz-kee-leaves-morocco-after-sons-tragic-death\/#primaryimage"},"thumbnailUrl":"https:\/\/bladnanews.com\/wp-content\/uploads\/2026\/01\/aziz_1767450690.webp","articleSection":["Latest News","Morocco National Team"],"inLanguage":"fr-FR","copyrightYear":"2026","copyrightHolder":{"@id":"https:\/\/bladnanews.com\/fr\/#organization"}},{"@type":"WebPage","@id":"https:\/\/bladnanews.com\/african-cup-tragedy-aziz-kee-leaves-morocco-after-sons-tragic-death\/","url":"https:\/\/bladnanews.com\/african-cup-tragedy-aziz-kee-leaves-morocco-after-sons-tragic-death\/","name":"Trag\u00e9die de la Coupe d'Afrique : Aziz Kee quitte le Maroc apr\u00e8s la mort tragique de son fils - Bladna News","isPartOf":{"@id":"https:\/\/mediumseagreen-eel-531711.hostingersite.com\/#website"},"primaryImageOfPage":{"@id":"https:\/\/bladnanews.com\/african-cup-tragedy-aziz-kee-leaves-morocco-after-sons-tragic-death\/#primaryimage"},"image":{"@id":"https:\/\/bladnanews.com\/african-cup-tragedy-aziz-kee-leaves-morocco-after-sons-tragic-death\/#primaryimage"},"thumbnailUrl":"https:\/\/bladnanews.com\/wp-content\/uploads\/2026\/01\/aziz_1767450690.webp","datePublished":"2026-01-03T14:29:00+00:00","breadcrumb":{"@id":"https:\/\/bladnanews.com\/african-cup-tragedy-aziz-kee-leaves-morocco-after-sons-tragic-death\/#breadcrumb"},"inLanguage":"fr-FR","potentialAction":[{"@type":"ReadAction","target":["https:\/\/bladnanews.com\/african-cup-tragedy-aziz-kee-leaves-morocco-after-sons-tragic-death\/"]}]},{"@type":"ImageObject","inLanguage":"fr-FR","@id":"https:\/\/bladnanews.com\/african-cup-tragedy-aziz-kee-leaves-morocco-after-sons-tragic-death\/#primaryimage","url":"https:\/\/bladnanews.com\/wp-content\/uploads\/2026\/01\/aziz_1767450690.webp","contentUrl":"https:\/\/bladnanews.com\/wp-content\/uploads\/2026\/01\/aziz_1767450690.webp","width":860,"height":572,"caption":"Player in a bright orange training bib with \"CAF\" logo, preparing to kick a football during a training session, with teammates in background."},{"@type":"BreadcrumbList","@id":"https:\/\/bladnanews.com\/african-cup-tragedy-aziz-kee-leaves-morocco-after-sons-tragic-death\/#breadcrumb","itemListElement":[{"@type":"ListItem","position":1,"name":"Home","item":"https:\/\/bladnanews.com\/"},{"@type":"ListItem","position":2,"name":"African Cup tragedy: Aziz Kee leaves Morocco after son&#8217;s tragic death"}]},{"@type":"WebSite","@id":"https:\/\/mediumseagreen-eel-531711.hostingersite.com\/#website","url":"https:\/\/mediumseagreen-eel-531711.hostingersite.com\/","name":"Bladna News - Maroc","description":"Quand le football marocain rencontre le monde","publisher":{"@id":"https:\/\/mediumseagreen-eel-531711.hostingersite.com\/#organization"},"potentialAction":[{"@type":"SearchAction","target":{"@type":"EntryPoint","urlTemplate":"https:\/\/mediumseagreen-eel-531711.hostingersite.com\/?s={search_term_string}"},"query-input":{"@type":"PropertyValueSpecification","valueRequired":true,"valueName":"search_term_string"}}],"inLanguage":"fr-FR"},{"@type":"Organization","@id":"https:\/\/mediumseagreen-eel-531711.hostingersite.com\/#organization","name":"Bladna News.com","url":"https:\/\/mediumseagreen-eel-531711.hostingersite.com\/","logo":{"@type":"ImageObject","inLanguage":"fr-FR","@id":"https:\/\/mediumseagreen-eel-531711.hostingersite.com\/#\/schema\/logo\/image\/","url":"https:\/\/bladnanews.com\/wp-content\/uploads\/2025\/12\/logo-bladnanews-V2-web-black-red.png","contentUrl":"https:\/\/bladnanews.com\/wp-content\/uploads\/2025\/12\/logo-bladnanews-V2-web-black-red.png","width":703,"height":287,"caption":"Bladna News.com"},"image":{"@id":"https:\/\/mediumseagreen-eel-531711.hostingersite.com\/#\/schema\/logo\/image\/"},"email":"info@bladnanews.com","legalName":"Bladna News"},{"@type":"Person","@id":"https:\/\/mediumseagreen-eel-531711.hostingersite.com\/#\/schema\/person\/6712b38fabe810f7eb8d15ed30d90f1e","name":"Bladna Sports Desk","url":"https:\/\/bladnanews.com\/fr\/author\/bladna-sports-desk\/"}]}},"_links":{"self":[{"href":"https:\/\/bladnanews.com\/fr\/wp-json\/wp\/v2\/posts\/1588","targetHints":{"allow":["GET"]}}],"collection":[{"href":"https:\/\/bladnanews.com\/fr\/wp-json\/wp\/v2\/posts"}],"about":[{"href":"https:\/\/bladnanews.com\/fr\/wp-json\/wp\/v2\/types\/post"}],"author":[{"embeddable":true,"href":"https:\/\/bladnanews.com\/fr\/wp-json\/wp\/v2\/users\/4"}],"replies":[{"embeddable":true,"href":"https:\/\/bladnanews.com\/fr\/wp-json\/wp\/v2\/comments?post=1588"}],"version-history":[{"count":0,"href":"https:\/\/bladnanews.com\/fr\/wp-json\/wp\/v2\/posts\/1588\/revisions"}],"wp:featuredmedia":[{"embeddable":true,"href":"https:\/\/bladnanews.com\/fr\/wp-json\/wp\/v2\/media\/1587"}],"wp:attachment":[{"href":"https:\/\/bladnanews.com\/fr\/wp-json\/wp\/v2\/media?parent=1588"}],"wp:term":[{"taxonomy":"category","embeddable":true,"href":"https:\/\/bladnanews.com\/fr\/wp-json\/wp\/v2\/categories?post=1588"},{"taxonomy":"post_tag","embeddable":true,"href":"https:\/\/bladnanews.com\/fr\/wp-json\/wp\/v2\/tags?post=1588"}],"curies":[{"name":"wp","href":"https:\/\/api.w.org\/{rel}","templated":true}]}}