{"id":1592,"date":"2026-01-03T14:19:22","date_gmt":"2026-01-03T14:19:22","guid":{"rendered":"https:\/\/bladnanews.com\/unai-emery-says-harvey-elliott-decision-made-months-ago\/"},"modified":"2026-01-03T14:19:22","modified_gmt":"2026-01-03T14:19:22","slug":"unai-emery-affirme-que-la-decision-concernant-harvey-elliott-a-ete-prise-il-y-a-des-mois","status":"publish","type":"post","link":"https:\/\/bladnanews.com\/fr\/unai-emery-affirme-que-la-decision-concernant-harvey-elliott-a-ete-prise-il-y-a-des-mois\/","title":{"rendered":"Unai Emery affirme que la d\u00e9cision concernant Harvey Elliott a \u00e9t\u00e9 prise il y a plusieurs mois."},"content":{"rendered":"<p>Le coach d'Aston Villa, Unai Emery, a confirm\u00e9 que Harvey Elliott ne jouera plus pour le club, r\u00e9v\u00e9lant que la d\u00e9cision concernant l'avenir du pr\u00eat\u00e9 de Liverpool avait \u00e9t\u00e9 prise \u201c il y a des mois \u201d.<\/p>\n<p>Elliott, pr\u00eat\u00e9 par Liverpool \u00e0 Aston Villa, est tomb\u00e9 en disgr\u00e2ce et n'a pas \u00e9t\u00e9 inclus dans les groupes matchs r\u00e9cents. Emery a d\u00e9sormais clairement indiqu\u00e9 que le milieu de terrain ne faisait plus partie de ses plans pour le reste de la saison.<\/p>\n<p>\u00c9voquant la situation, Emery a d\u00e9clar\u00e9 que la d\u00e9cision avait d\u00e9j\u00e0 \u00e9t\u00e9 prise il y a quelque temps. <em>\u201c Il y a des mois \u201d<\/em> : c'est \u00e0 ce moment-l\u00e0, a insist\u00e9 le patron de Villa, que la d\u00e9cision a \u00e9t\u00e9 prise, laissant Elliott effectivement \u00e0 l'\u00e9cart alors que son pr\u00eat entre dans sa derni\u00e8re ligne droite.<\/p>\n<p>Cette position confirm\u00e9e signifie que le passage d'Elliott \u00e0 Villa devrait se terminer sans aucune autre apparition, le joueur \u00e9tant attendu \u00e0 Liverpool une fois la p\u00e9riode de pr\u00eat expir\u00e9e.<\/p>\n<p>Les commentaires d'Emery mettent fin \u00e0 tout doute sur les perspectives d'Elliott de se r\u00e9imposer dans l'\u00e9quipe, le message du coach soulignant qu'Aston Villa a tourn\u00e9 la page et que le milieu de terrain ne rejouera plus.<\/p>","protected":false},"excerpt":{"rendered":"<p>Aston Villa head coach Unai Emery has confirmed that Harvey Elliott will not play for the club again, revealing the [&hellip;]<\/p>\n","protected":false},"author":3,"featured_media":1591,"comment_status":"","ping_status":"open","sticky":false,"template":"","format":"standard","meta":{"googlesitekit_rrm_CAow_uzEDA:productID":"","site-sidebar-layout":"default","site-content-layout":"","ast-site-content-layout":"default","site-content-style":"default","site-sidebar-style":"default","ast-global-header-display":"","ast-banner-title-visibility":"","ast-main-header-display":"","ast-hfb-above-header-display":"","ast-hfb-below-header-display":"","ast-hfb-mobile-header-display":"","site-post-title":"","ast-breadcrumbs-content":"","ast-featured-img":"","footer-sml-layout":"","ast-disable-related-posts":"","theme-transparent-header-meta":"","adv-header-id-meta":"","stick-header-meta":"","header-above-stick-meta":"","header-main-stick-meta":"","header-below-stick-meta":"","astra-migrate-meta-layouts":"default","ast-page-background-enabled":"default","ast-page-background-meta":{"desktop":{"background-color":"var(--ast-global-color-5)","background-image":"","background-repeat":"repeat","background-position":"center center","background-size":"auto","background-attachment":"scroll","background-type":"","background-media":"","overlay-type":"","overlay-color":"","overlay-opacity":"","overlay-gradient":""},"tablet":{"background-color":"","background-image":"","background-repeat":"repeat","background-position":"center center","background-size":"auto","background-attachment":"scroll","background-type":"","background-media":"","overlay-type":"","overlay-color":"","overlay-opacity":"","overlay-gradient":""},"mobile":{"background-color":"","background-image":"","background-repeat":"repeat","background-position":"center center","background-size":"auto","background-attachment":"scroll","background-type":"","background-media":"","overlay-type":"","overlay-color":"","overlay-opacity":"","overlay-gradient":""}},"ast-content-background-meta":{"desktop":{"background-color":"var(--ast-global-color-4)","background-image":"","background-repeat":"repeat","background-position":"center center","background-size":"auto","background-attachment":"scroll","background-type":"","background-media":"","overlay-type":"","overlay-color":"","overlay-opacity":"","overlay-gradient":""},"tablet":{"background-color":"var(--ast-global-color-4)","background-image":"","background-repeat":"repeat","background-position":"center center","background-size":"auto","background-attachment":"scroll","background-type":"","background-media":"","overlay-type":"","overlay-color":"","overlay-opacity":"","overlay-gradient":""},"mobile":{"background-color":"var(--ast-global-color-4)","background-image":"","background-repeat":"repeat","background-position":"center center","background-size":"auto","background-attachment":"scroll","background-type":"","background-media":"","overlay-type":"","overlay-color":"","overlay-opacity":"","overlay-gradient":""}},"footnotes":""},"categories":[20,1],"tags":[],"class_list":["post-1592","post","type-post","status-publish","format-standard","has-post-thumbnail","hentry","category-international","category-football-latest-news"],"yoast_head":"<!-- This site is optimized with the Yoast SEO Premium plugin v26.6 (Yoast SEO v27.5) - https:\/\/yoast.com\/product\/yoast-seo-premium-wordpress\/ -->\n<title>Unai Emery says Harvey Elliott decision made months ago - Bladna News<\/title>\n<meta name=\"robots\" content=\"index, follow, max-snippet:-1, max-image-preview:large, max-video-preview:-1\" \/>\n<link rel=\"canonical\" href=\"https:\/\/bladnanews.com\/fr\/unai-emery-affirme-que-la-decision-concernant-harvey-elliott-a-ete-prise-il-y-a-des-mois\/\" \/>\n<meta property=\"og:locale\" content=\"fr_FR\" \/>\n<meta property=\"og:type\" content=\"article\" \/>\n<meta property=\"og:title\" content=\"Unai Emery says Harvey Elliott decision made months ago\" \/>\n<meta property=\"og:description\" content=\"Aston Villa head coach Unai Emery has confirmed that Harvey Elliott will not play for the club again, revealing the [&hellip;]\" \/>\n<meta property=\"og:url\" content=\"https:\/\/bladnanews.com\/fr\/unai-emery-affirme-que-la-decision-concernant-harvey-elliott-a-ete-prise-il-y-a-des-mois\/\" \/>\n<meta property=\"og:site_name\" content=\"Bladna News\" \/>\n<meta property=\"article:published_time\" content=\"2026-01-03T14:19:22+00:00\" \/>\n<meta property=\"og:image\" content=\"https:\/\/bladnanews.com\/wp-content\/uploads\/2026\/01\/BladnaNews-Unai-Emery-says-Harvey-Elliott-decision-made-months-ago-2026-01-03T155052.003Z.jpg\" \/>\n\t<meta property=\"og:image:width\" content=\"2448\" \/>\n\t<meta property=\"og:image:height\" content=\"1377\" \/>\n\t<meta property=\"og:image:type\" content=\"image\/jpeg\" \/>\n<meta name=\"author\" content=\"Bladna News Staff\" \/>\n<meta name=\"twitter:card\" content=\"summary_large_image\" \/>\n<meta name=\"twitter:label1\" content=\"\u00c9crit par\" \/>\n\t<meta name=\"twitter:data1\" content=\"Bladna News Staff\" \/>\n\t<meta name=\"twitter:label2\" content=\"Dur\u00e9e de lecture estim\u00e9e\" \/>\n\t<meta name=\"twitter:data2\" content=\"1 minute\" \/>\n<script type=\"application\/ld+json\" class=\"yoast-schema-graph\">{\"@context\":\"https:\\\/\\\/schema.org\",\"@graph\":[{\"@type\":\"Article\",\"@id\":\"https:\\\/\\\/bladnanews.com\\\/unai-emery-says-harvey-elliott-decision-made-months-ago\\\/#article\",\"isPartOf\":{\"@id\":\"https:\\\/\\\/bladnanews.com\\\/unai-emery-says-harvey-elliott-decision-made-months-ago\\\/\"},\"author\":{\"name\":\"Bladna News Staff\",\"@id\":\"https:\\\/\\\/mediumseagreen-eel-531711.hostingersite.com\\\/#\\\/schema\\\/person\\\/268e18a453ab080ebf76df6ef7845083\"},\"headline\":\"Unai Emery says Harvey Elliott decision made months ago\",\"datePublished\":\"2026-01-03T14:19:22+00:00\",\"mainEntityOfPage\":{\"@id\":\"https:\\\/\\\/bladnanews.com\\\/unai-emery-says-harvey-elliott-decision-made-months-ago\\\/\"},\"wordCount\":191,\"publisher\":{\"@id\":\"https:\\\/\\\/mediumseagreen-eel-531711.hostingersite.com\\\/#organization\"},\"image\":{\"@id\":\"https:\\\/\\\/bladnanews.com\\\/unai-emery-says-harvey-elliott-decision-made-months-ago\\\/#primaryimage\"},\"thumbnailUrl\":\"https:\\\/\\\/bladnanews.com\\\/wp-content\\\/uploads\\\/2026\\\/01\\\/BladnaNews-Unai-Emery-says-Harvey-Elliott-decision-made-months-ago-2026-01-03T155052.003Z.jpg\",\"articleSection\":[\"International\",\"Latest News\"],\"inLanguage\":\"fr-FR\",\"copyrightYear\":\"2026\",\"copyrightHolder\":{\"@id\":\"https:\\\/\\\/bladnanews.com\\\/fr\\\/#organization\"}},{\"@type\":\"WebPage\",\"@id\":\"https:\\\/\\\/bladnanews.com\\\/unai-emery-says-harvey-elliott-decision-made-months-ago\\\/\",\"url\":\"https:\\\/\\\/bladnanews.com\\\/unai-emery-says-harvey-elliott-decision-made-months-ago\\\/\",\"name\":\"Unai Emery says Harvey Elliott decision made months ago - Bladna News\",\"isPartOf\":{\"@id\":\"https:\\\/\\\/mediumseagreen-eel-531711.hostingersite.com\\\/#website\"},\"primaryImageOfPage\":{\"@id\":\"https:\\\/\\\/bladnanews.com\\\/unai-emery-says-harvey-elliott-decision-made-months-ago\\\/#primaryimage\"},\"image\":{\"@id\":\"https:\\\/\\\/bladnanews.com\\\/unai-emery-says-harvey-elliott-decision-made-months-ago\\\/#primaryimage\"},\"thumbnailUrl\":\"https:\\\/\\\/bladnanews.com\\\/wp-content\\\/uploads\\\/2026\\\/01\\\/BladnaNews-Unai-Emery-says-Harvey-Elliott-decision-made-months-ago-2026-01-03T155052.003Z.jpg\",\"datePublished\":\"2026-01-03T14:19:22+00:00\",\"breadcrumb\":{\"@id\":\"https:\\\/\\\/bladnanews.com\\\/unai-emery-says-harvey-elliott-decision-made-months-ago\\\/#breadcrumb\"},\"inLanguage\":\"fr-FR\",\"potentialAction\":[{\"@type\":\"ReadAction\",\"target\":[\"https:\\\/\\\/bladnanews.com\\\/unai-emery-says-harvey-elliott-decision-made-months-ago\\\/\"]}]},{\"@type\":\"ImageObject\",\"inLanguage\":\"fr-FR\",\"@id\":\"https:\\\/\\\/bladnanews.com\\\/unai-emery-says-harvey-elliott-decision-made-months-ago\\\/#primaryimage\",\"url\":\"https:\\\/\\\/bladnanews.com\\\/wp-content\\\/uploads\\\/2026\\\/01\\\/BladnaNews-Unai-Emery-says-Harvey-Elliott-decision-made-months-ago-2026-01-03T155052.003Z.jpg\",\"contentUrl\":\"https:\\\/\\\/bladnanews.com\\\/wp-content\\\/uploads\\\/2026\\\/01\\\/BladnaNews-Unai-Emery-says-Harvey-Elliott-decision-made-months-ago-2026-01-03T155052.003Z.jpg\",\"width\":1600,\"height\":900,\"caption\":\"Harvey Elliott in Aston Villa's maroon and white kit, with a focused expression during a match, showcasing his determination and skill.\"},{\"@type\":\"BreadcrumbList\",\"@id\":\"https:\\\/\\\/bladnanews.com\\\/unai-emery-says-harvey-elliott-decision-made-months-ago\\\/#breadcrumb\",\"itemListElement\":[{\"@type\":\"ListItem\",\"position\":1,\"name\":\"Home\",\"item\":\"https:\\\/\\\/bladnanews.com\\\/\"},{\"@type\":\"ListItem\",\"position\":2,\"name\":\"Unai Emery says Harvey Elliott decision made months ago\"}]},{\"@type\":\"WebSite\",\"@id\":\"https:\\\/\\\/mediumseagreen-eel-531711.hostingersite.com\\\/#website\",\"url\":\"https:\\\/\\\/mediumseagreen-eel-531711.hostingersite.com\\\/\",\"name\":\"Bladna News - Morocco\",\"description\":\"Where Moroccan Football Meets the World\",\"publisher\":{\"@id\":\"https:\\\/\\\/mediumseagreen-eel-531711.hostingersite.com\\\/#organization\"},\"potentialAction\":[{\"@type\":\"SearchAction\",\"target\":{\"@type\":\"EntryPoint\",\"urlTemplate\":\"https:\\\/\\\/mediumseagreen-eel-531711.hostingersite.com\\\/?s={search_term_string}\"},\"query-input\":{\"@type\":\"PropertyValueSpecification\",\"valueRequired\":true,\"valueName\":\"search_term_string\"}}],\"inLanguage\":\"fr-FR\"},{\"@type\":\"Organization\",\"@id\":\"https:\\\/\\\/mediumseagreen-eel-531711.hostingersite.com\\\/#organization\",\"name\":\"Bladna News.com\",\"url\":\"https:\\\/\\\/mediumseagreen-eel-531711.hostingersite.com\\\/\",\"logo\":{\"@type\":\"ImageObject\",\"inLanguage\":\"fr-FR\",\"@id\":\"https:\\\/\\\/mediumseagreen-eel-531711.hostingersite.com\\\/#\\\/schema\\\/logo\\\/image\\\/\",\"url\":\"https:\\\/\\\/bladnanews.com\\\/wp-content\\\/uploads\\\/2025\\\/12\\\/logo-bladnanews-V2-web-black-red.png\",\"contentUrl\":\"https:\\\/\\\/bladnanews.com\\\/wp-content\\\/uploads\\\/2025\\\/12\\\/logo-bladnanews-V2-web-black-red.png\",\"width\":703,\"height\":287,\"caption\":\"Bladna News.com\"},\"image\":{\"@id\":\"https:\\\/\\\/mediumseagreen-eel-531711.hostingersite.com\\\/#\\\/schema\\\/logo\\\/image\\\/\"},\"email\":\"info@bladnanews.com\",\"legalName\":\"Bladna News\"},{\"@type\":\"Person\",\"@id\":\"https:\\\/\\\/mediumseagreen-eel-531711.hostingersite.com\\\/#\\\/schema\\\/person\\\/268e18a453ab080ebf76df6ef7845083\",\"name\":\"Bladna News Staff\",\"url\":\"https:\\\/\\\/bladnanews.com\\\/fr\\\/author\\\/bladna-news-staff\\\/\"}]}<\/script>\n<!-- \/ Yoast SEO Premium plugin. -->","yoast_head_json":{"title":"Unai Emery affirme que la d\u00e9cision concernant Harvey Elliott a \u00e9t\u00e9 prise il y a des mois - Bladna News","robots":{"index":"index","follow":"follow","max-snippet":"max-snippet:-1","max-image-preview":"max-image-preview:large","max-video-preview":"max-video-preview:-1"},"canonical":"https:\/\/bladnanews.com\/fr\/unai-emery-affirme-que-la-decision-concernant-harvey-elliott-a-ete-prise-il-y-a-des-mois\/","og_locale":"fr_FR","og_type":"article","og_title":"Unai Emery says Harvey Elliott decision made months ago","og_description":"Aston Villa head coach Unai Emery has confirmed that Harvey Elliott will not play for the club again, revealing the [&hellip;]","og_url":"https:\/\/bladnanews.com\/fr\/unai-emery-affirme-que-la-decision-concernant-harvey-elliott-a-ete-prise-il-y-a-des-mois\/","og_site_name":"Bladna News","article_published_time":"2026-01-03T14:19:22+00:00","og_image":[{"width":2448,"height":1377,"url":"https:\/\/bladnanews.com\/wp-content\/uploads\/2026\/01\/BladnaNews-Unai-Emery-says-Harvey-Elliott-decision-made-months-ago-2026-01-03T155052.003Z.jpg","type":"image\/jpeg"}],"author":"Bladna News Staff","twitter_card":"summary_large_image","twitter_misc":{"\u00c9crit par":"Bladna News Staff","Dur\u00e9e de lecture estim\u00e9e":"1 minute"},"schema":{"@context":"https:\/\/schema.org","@graph":[{"@type":"Article","@id":"https:\/\/bladnanews.com\/unai-emery-says-harvey-elliott-decision-made-months-ago\/#article","isPartOf":{"@id":"https:\/\/bladnanews.com\/unai-emery-says-harvey-elliott-decision-made-months-ago\/"},"author":{"name":"Bladna News Staff","@id":"https:\/\/mediumseagreen-eel-531711.hostingersite.com\/#\/schema\/person\/268e18a453ab080ebf76df6ef7845083"},"headline":"Unai Emery says Harvey Elliott decision made months ago","datePublished":"2026-01-03T14:19:22+00:00","mainEntityOfPage":{"@id":"https:\/\/bladnanews.com\/unai-emery-says-harvey-elliott-decision-made-months-ago\/"},"wordCount":191,"publisher":{"@id":"https:\/\/mediumseagreen-eel-531711.hostingersite.com\/#organization"},"image":{"@id":"https:\/\/bladnanews.com\/unai-emery-says-harvey-elliott-decision-made-months-ago\/#primaryimage"},"thumbnailUrl":"https:\/\/bladnanews.com\/wp-content\/uploads\/2026\/01\/BladnaNews-Unai-Emery-says-Harvey-Elliott-decision-made-months-ago-2026-01-03T155052.003Z.jpg","articleSection":["International","Latest News"],"inLanguage":"fr-FR","copyrightYear":"2026","copyrightHolder":{"@id":"https:\/\/bladnanews.com\/fr\/#organization"}},{"@type":"WebPage","@id":"https:\/\/bladnanews.com\/unai-emery-says-harvey-elliott-decision-made-months-ago\/","url":"https:\/\/bladnanews.com\/unai-emery-says-harvey-elliott-decision-made-months-ago\/","name":"Unai Emery affirme que la d\u00e9cision concernant Harvey Elliott a \u00e9t\u00e9 prise il y a des mois - Bladna News","isPartOf":{"@id":"https:\/\/mediumseagreen-eel-531711.hostingersite.com\/#website"},"primaryImageOfPage":{"@id":"https:\/\/bladnanews.com\/unai-emery-says-harvey-elliott-decision-made-months-ago\/#primaryimage"},"image":{"@id":"https:\/\/bladnanews.com\/unai-emery-says-harvey-elliott-decision-made-months-ago\/#primaryimage"},"thumbnailUrl":"https:\/\/bladnanews.com\/wp-content\/uploads\/2026\/01\/BladnaNews-Unai-Emery-says-Harvey-Elliott-decision-made-months-ago-2026-01-03T155052.003Z.jpg","datePublished":"2026-01-03T14:19:22+00:00","breadcrumb":{"@id":"https:\/\/bladnanews.com\/unai-emery-says-harvey-elliott-decision-made-months-ago\/#breadcrumb"},"inLanguage":"fr-FR","potentialAction":[{"@type":"ReadAction","target":["https:\/\/bladnanews.com\/unai-emery-says-harvey-elliott-decision-made-months-ago\/"]}]},{"@type":"ImageObject","inLanguage":"fr-FR","@id":"https:\/\/bladnanews.com\/unai-emery-says-harvey-elliott-decision-made-months-ago\/#primaryimage","url":"https:\/\/bladnanews.com\/wp-content\/uploads\/2026\/01\/BladnaNews-Unai-Emery-says-Harvey-Elliott-decision-made-months-ago-2026-01-03T155052.003Z.jpg","contentUrl":"https:\/\/bladnanews.com\/wp-content\/uploads\/2026\/01\/BladnaNews-Unai-Emery-says-Harvey-Elliott-decision-made-months-ago-2026-01-03T155052.003Z.jpg","width":1600,"height":900,"caption":"Harvey Elliott in Aston Villa's maroon and white kit, with a focused expression during a match, showcasing his determination and skill."},{"@type":"BreadcrumbList","@id":"https:\/\/bladnanews.com\/unai-emery-says-harvey-elliott-decision-made-months-ago\/#breadcrumb","itemListElement":[{"@type":"ListItem","position":1,"name":"Home","item":"https:\/\/bladnanews.com\/"},{"@type":"ListItem","position":2,"name":"Unai Emery says Harvey Elliott decision made months ago"}]},{"@type":"WebSite","@id":"https:\/\/mediumseagreen-eel-531711.hostingersite.com\/#website","url":"https:\/\/mediumseagreen-eel-531711.hostingersite.com\/","name":"Bladna News - Maroc","description":"Quand le football marocain rencontre le monde","publisher":{"@id":"https:\/\/mediumseagreen-eel-531711.hostingersite.com\/#organization"},"potentialAction":[{"@type":"SearchAction","target":{"@type":"EntryPoint","urlTemplate":"https:\/\/mediumseagreen-eel-531711.hostingersite.com\/?s={search_term_string}"},"query-input":{"@type":"PropertyValueSpecification","valueRequired":true,"valueName":"search_term_string"}}],"inLanguage":"fr-FR"},{"@type":"Organization","@id":"https:\/\/mediumseagreen-eel-531711.hostingersite.com\/#organization","name":"Bladna News.com","url":"https:\/\/mediumseagreen-eel-531711.hostingersite.com\/","logo":{"@type":"ImageObject","inLanguage":"fr-FR","@id":"https:\/\/mediumseagreen-eel-531711.hostingersite.com\/#\/schema\/logo\/image\/","url":"https:\/\/bladnanews.com\/wp-content\/uploads\/2025\/12\/logo-bladnanews-V2-web-black-red.png","contentUrl":"https:\/\/bladnanews.com\/wp-content\/uploads\/2025\/12\/logo-bladnanews-V2-web-black-red.png","width":703,"height":287,"caption":"Bladna News.com"},"image":{"@id":"https:\/\/mediumseagreen-eel-531711.hostingersite.com\/#\/schema\/logo\/image\/"},"email":"info@bladnanews.com","legalName":"Bladna News"},{"@type":"Person","@id":"https:\/\/mediumseagreen-eel-531711.hostingersite.com\/#\/schema\/person\/268e18a453ab080ebf76df6ef7845083","name":"\u00c9quipe r\u00e9dactionnelle de Bladna News","url":"https:\/\/bladnanews.com\/fr\/author\/bladna-news-staff\/"}]}},"_links":{"self":[{"href":"https:\/\/bladnanews.com\/fr\/wp-json\/wp\/v2\/posts\/1592","targetHints":{"allow":["GET"]}}],"collection":[{"href":"https:\/\/bladnanews.com\/fr\/wp-json\/wp\/v2\/posts"}],"about":[{"href":"https:\/\/bladnanews.com\/fr\/wp-json\/wp\/v2\/types\/post"}],"author":[{"embeddable":true,"href":"https:\/\/bladnanews.com\/fr\/wp-json\/wp\/v2\/users\/3"}],"replies":[{"embeddable":true,"href":"https:\/\/bladnanews.com\/fr\/wp-json\/wp\/v2\/comments?post=1592"}],"version-history":[{"count":0,"href":"https:\/\/bladnanews.com\/fr\/wp-json\/wp\/v2\/posts\/1592\/revisions"}],"wp:featuredmedia":[{"embeddable":true,"href":"https:\/\/bladnanews.com\/fr\/wp-json\/wp\/v2\/media\/1591"}],"wp:attachment":[{"href":"https:\/\/bladnanews.com\/fr\/wp-json\/wp\/v2\/media?parent=1592"}],"wp:term":[{"taxonomy":"category","embeddable":true,"href":"https:\/\/bladnanews.com\/fr\/wp-json\/wp\/v2\/categories?post=1592"},{"taxonomy":"post_tag","embeddable":true,"href":"https:\/\/bladnanews.com\/fr\/wp-json\/wp\/v2\/tags?post=1592"}],"curies":[{"name":"wp","href":"https:\/\/api.w.org\/{rel}","templated":true}]}}