{"id":1596,"date":"2026-01-03T14:56:38","date_gmt":"2026-01-03T14:56:38","guid":{"rendered":"https:\/\/bladnanews.com\/ronald-araujo-returns-to-barcelona-training-after-break\/"},"modified":"2026-01-03T14:56:38","modified_gmt":"2026-01-03T14:56:38","slug":"ronald-araujo-fait-son-retour-a-lentrainement-du-barcelone-apres-la-treve","status":"publish","type":"post","link":"https:\/\/bladnanews.com\/fr\/ronald-araujo-fait-son-retour-a-lentrainement-du-barcelone-apres-la-treve\/","title":{"rendered":"Ronald Araujo fait son retour \u00e0 l'entra\u00eenement du Barcelone apr\u00e8s la tr\u00eave"},"content":{"rendered":"<p>Ronald Araujo a fait son retour \u00e0 l'entra\u00eenement du Barcelone apr\u00e8s une pause prise pour des raisons de sant\u00e9 mentale, apportant un coup de pouce bienvenu au nouvel entra\u00eeneur Hansi Flick, alors que le club a \u00e9galement re\u00e7u un double boost sur le plan des blessures.<\/p>\n<p>Le Barcelone a confirm\u00e9 que l'international uruguayen \u00e9tait de retour avec le groupe cette semaine, apr\u00e8s s'\u00eatre r\u00e9cemment mis en retrait pour se concentrer sur son bien-\u00eatre. Le retour d'Araujo ajoute une option importante en d\u00e9fense alors que Flick poursuit son travail pr\u00e9liminaire avec l'effectif.<\/p>\n<p>Le retour \u00e0 l'entra\u00eenement du d\u00e9fenseur central n'a pas \u00e9t\u00e9 la seule bonne nouvelle \u00e0 la Ciutat Esportiva. Le Barcelone a \u00e9galement re\u00e7u une importante bouff\u00e9e d'oxyg\u00e8ne sur le front des blessures, avec deux joueurs de retour aux s\u00e9ances compl\u00e8tes apr\u00e8s des p\u00e9riodes d'indisponibilit\u00e9.<\/p>\n<p>Flick a d\u00fb g\u00e9rer plusieurs probl\u00e8mes de forme physique pendant la pr\u00e9-saison, ce qui rend l'am\u00e9lioration des disponibilit\u00e9s opportune alors que le club se pr\u00e9pare pour la nouvelle campagne. L'entra\u00eeneur allemand dispose d\u00e9sormais d'une plus grande profondeur avec le retour d'Araujo dans le groupe et l'all\u00e9gement de la liste des bless\u00e9s.<\/p>\n<p>Le Barcelone n'a pas communiqu\u00e9 de calendrier distinct publiquement, mais la r\u00e9int\u00e9gration du d\u00e9fenseur \u00e0 l'entra\u00eenement marque une \u00e9tape positive alors que la pr\u00e9paration se poursuit sous la direction de Flick.<\/p>","protected":false},"excerpt":{"rendered":"<p>Ronald Araujo has returned to Barcelona training after taking a break for mental health reasons, in a welcome lift for [&hellip;]<\/p>\n","protected":false},"author":3,"featured_media":1595,"comment_status":"","ping_status":"open","sticky":false,"template":"","format":"standard","meta":{"googlesitekit_rrm_CAow_uzEDA:productID":"","site-sidebar-layout":"default","site-content-layout":"","ast-site-content-layout":"default","site-content-style":"default","site-sidebar-style":"default","ast-global-header-display":"","ast-banner-title-visibility":"","ast-main-header-display":"","ast-hfb-above-header-display":"","ast-hfb-below-header-display":"","ast-hfb-mobile-header-display":"","site-post-title":"","ast-breadcrumbs-content":"","ast-featured-img":"","footer-sml-layout":"","ast-disable-related-posts":"","theme-transparent-header-meta":"","adv-header-id-meta":"","stick-header-meta":"","header-above-stick-meta":"","header-main-stick-meta":"","header-below-stick-meta":"","astra-migrate-meta-layouts":"default","ast-page-background-enabled":"default","ast-page-background-meta":{"desktop":{"background-color":"var(--ast-global-color-5)","background-image":"","background-repeat":"repeat","background-position":"center center","background-size":"auto","background-attachment":"scroll","background-type":"","background-media":"","overlay-type":"","overlay-color":"","overlay-opacity":"","overlay-gradient":""},"tablet":{"background-color":"","background-image":"","background-repeat":"repeat","background-position":"center center","background-size":"auto","background-attachment":"scroll","background-type":"","background-media":"","overlay-type":"","overlay-color":"","overlay-opacity":"","overlay-gradient":""},"mobile":{"background-color":"","background-image":"","background-repeat":"repeat","background-position":"center center","background-size":"auto","background-attachment":"scroll","background-type":"","background-media":"","overlay-type":"","overlay-color":"","overlay-opacity":"","overlay-gradient":""}},"ast-content-background-meta":{"desktop":{"background-color":"var(--ast-global-color-4)","background-image":"","background-repeat":"repeat","background-position":"center center","background-size":"auto","background-attachment":"scroll","background-type":"","background-media":"","overlay-type":"","overlay-color":"","overlay-opacity":"","overlay-gradient":""},"tablet":{"background-color":"var(--ast-global-color-4)","background-image":"","background-repeat":"repeat","background-position":"center center","background-size":"auto","background-attachment":"scroll","background-type":"","background-media":"","overlay-type":"","overlay-color":"","overlay-opacity":"","overlay-gradient":""},"mobile":{"background-color":"var(--ast-global-color-4)","background-image":"","background-repeat":"repeat","background-position":"center center","background-size":"auto","background-attachment":"scroll","background-type":"","background-media":"","overlay-type":"","overlay-color":"","overlay-opacity":"","overlay-gradient":""}},"footnotes":""},"categories":[20,1],"tags":[],"class_list":["post-1596","post","type-post","status-publish","format-standard","has-post-thumbnail","hentry","category-international","category-football-latest-news"],"yoast_head":"<!-- This site is optimized with the Yoast SEO Premium plugin v26.6 (Yoast SEO v27.5) - https:\/\/yoast.com\/product\/yoast-seo-premium-wordpress\/ -->\n<title>Ronald Araujo returns to Barcelona training after break - Bladna News<\/title>\n<meta name=\"robots\" content=\"index, follow, max-snippet:-1, max-image-preview:large, max-video-preview:-1\" \/>\n<link rel=\"canonical\" href=\"https:\/\/bladnanews.com\/fr\/ronald-araujo-fait-son-retour-a-lentrainement-du-barcelone-apres-la-treve\/\" \/>\n<meta property=\"og:locale\" content=\"fr_FR\" \/>\n<meta property=\"og:type\" content=\"article\" \/>\n<meta property=\"og:title\" content=\"Ronald Araujo returns to Barcelona training after break\" \/>\n<meta property=\"og:description\" content=\"Ronald Araujo has returned to Barcelona training after taking a break for mental health reasons, in a welcome lift for [&hellip;]\" \/>\n<meta property=\"og:url\" content=\"https:\/\/bladnanews.com\/fr\/ronald-araujo-fait-son-retour-a-lentrainement-du-barcelone-apres-la-treve\/\" \/>\n<meta property=\"og:site_name\" content=\"Bladna News\" \/>\n<meta property=\"article:published_time\" content=\"2026-01-03T14:56:38+00:00\" \/>\n<meta property=\"og:image\" content=\"https:\/\/bladnanews.com\/wp-content\/uploads\/2026\/01\/BladnaNews-Ronald-Araujo-returns-to-Barcelona-training-after-break-2026-01-03T155118.009Z.jpg\" \/>\n\t<meta property=\"og:image:width\" content=\"2352\" \/>\n\t<meta property=\"og:image:height\" content=\"1323\" \/>\n\t<meta property=\"og:image:type\" content=\"image\/jpeg\" \/>\n<meta name=\"author\" content=\"Bladna News Staff\" \/>\n<meta name=\"twitter:card\" content=\"summary_large_image\" \/>\n<meta name=\"twitter:label1\" content=\"\u00c9crit par\" \/>\n\t<meta name=\"twitter:data1\" content=\"Bladna News Staff\" \/>\n\t<meta name=\"twitter:label2\" content=\"Dur\u00e9e de lecture estim\u00e9e\" \/>\n\t<meta name=\"twitter:data2\" content=\"1 minute\" \/>\n<script type=\"application\/ld+json\" class=\"yoast-schema-graph\">{\"@context\":\"https:\\\/\\\/schema.org\",\"@graph\":[{\"@type\":\"Article\",\"@id\":\"https:\\\/\\\/bladnanews.com\\\/ronald-araujo-returns-to-barcelona-training-after-break\\\/#article\",\"isPartOf\":{\"@id\":\"https:\\\/\\\/bladnanews.com\\\/ronald-araujo-returns-to-barcelona-training-after-break\\\/\"},\"author\":{\"name\":\"Bladna News Staff\",\"@id\":\"https:\\\/\\\/mediumseagreen-eel-531711.hostingersite.com\\\/#\\\/schema\\\/person\\\/268e18a453ab080ebf76df6ef7845083\"},\"headline\":\"Ronald Araujo returns to Barcelona training after break\",\"datePublished\":\"2026-01-03T14:56:38+00:00\",\"mainEntityOfPage\":{\"@id\":\"https:\\\/\\\/bladnanews.com\\\/ronald-araujo-returns-to-barcelona-training-after-break\\\/\"},\"wordCount\":191,\"publisher\":{\"@id\":\"https:\\\/\\\/mediumseagreen-eel-531711.hostingersite.com\\\/#organization\"},\"image\":{\"@id\":\"https:\\\/\\\/bladnanews.com\\\/ronald-araujo-returns-to-barcelona-training-after-break\\\/#primaryimage\"},\"thumbnailUrl\":\"https:\\\/\\\/bladnanews.com\\\/wp-content\\\/uploads\\\/2026\\\/01\\\/BladnaNews-Ronald-Araujo-returns-to-Barcelona-training-after-break-2026-01-03T155118.009Z.jpg\",\"articleSection\":[\"International\",\"Latest News\"],\"inLanguage\":\"fr-FR\",\"copyrightYear\":\"2026\",\"copyrightHolder\":{\"@id\":\"https:\\\/\\\/bladnanews.com\\\/fr\\\/#organization\"}},{\"@type\":\"WebPage\",\"@id\":\"https:\\\/\\\/bladnanews.com\\\/ronald-araujo-returns-to-barcelona-training-after-break\\\/\",\"url\":\"https:\\\/\\\/bladnanews.com\\\/ronald-araujo-returns-to-barcelona-training-after-break\\\/\",\"name\":\"Ronald Araujo returns to Barcelona training after break - Bladna News\",\"isPartOf\":{\"@id\":\"https:\\\/\\\/mediumseagreen-eel-531711.hostingersite.com\\\/#website\"},\"primaryImageOfPage\":{\"@id\":\"https:\\\/\\\/bladnanews.com\\\/ronald-araujo-returns-to-barcelona-training-after-break\\\/#primaryimage\"},\"image\":{\"@id\":\"https:\\\/\\\/bladnanews.com\\\/ronald-araujo-returns-to-barcelona-training-after-break\\\/#primaryimage\"},\"thumbnailUrl\":\"https:\\\/\\\/bladnanews.com\\\/wp-content\\\/uploads\\\/2026\\\/01\\\/BladnaNews-Ronald-Araujo-returns-to-Barcelona-training-after-break-2026-01-03T155118.009Z.jpg\",\"datePublished\":\"2026-01-03T14:56:38+00:00\",\"breadcrumb\":{\"@id\":\"https:\\\/\\\/bladnanews.com\\\/ronald-araujo-returns-to-barcelona-training-after-break\\\/#breadcrumb\"},\"inLanguage\":\"fr-FR\",\"potentialAction\":[{\"@type\":\"ReadAction\",\"target\":[\"https:\\\/\\\/bladnanews.com\\\/ronald-araujo-returns-to-barcelona-training-after-break\\\/\"]}]},{\"@type\":\"ImageObject\",\"inLanguage\":\"fr-FR\",\"@id\":\"https:\\\/\\\/bladnanews.com\\\/ronald-araujo-returns-to-barcelona-training-after-break\\\/#primaryimage\",\"url\":\"https:\\\/\\\/bladnanews.com\\\/wp-content\\\/uploads\\\/2026\\\/01\\\/BladnaNews-Ronald-Araujo-returns-to-Barcelona-training-after-break-2026-01-03T155118.009Z.jpg\",\"contentUrl\":\"https:\\\/\\\/bladnanews.com\\\/wp-content\\\/uploads\\\/2026\\\/01\\\/BladnaNews-Ronald-Araujo-returns-to-Barcelona-training-after-break-2026-01-03T155118.009Z.jpg\",\"width\":1600,\"height\":900,\"caption\":\"Ronald Araujo in a bright pink Barcelona kit, wearing the captain's armband, focused during a match.\"},{\"@type\":\"BreadcrumbList\",\"@id\":\"https:\\\/\\\/bladnanews.com\\\/ronald-araujo-returns-to-barcelona-training-after-break\\\/#breadcrumb\",\"itemListElement\":[{\"@type\":\"ListItem\",\"position\":1,\"name\":\"Home\",\"item\":\"https:\\\/\\\/bladnanews.com\\\/\"},{\"@type\":\"ListItem\",\"position\":2,\"name\":\"Ronald Araujo returns to Barcelona training after break\"}]},{\"@type\":\"WebSite\",\"@id\":\"https:\\\/\\\/mediumseagreen-eel-531711.hostingersite.com\\\/#website\",\"url\":\"https:\\\/\\\/mediumseagreen-eel-531711.hostingersite.com\\\/\",\"name\":\"Bladna News - Morocco\",\"description\":\"Where Moroccan Football Meets the World\",\"publisher\":{\"@id\":\"https:\\\/\\\/mediumseagreen-eel-531711.hostingersite.com\\\/#organization\"},\"potentialAction\":[{\"@type\":\"SearchAction\",\"target\":{\"@type\":\"EntryPoint\",\"urlTemplate\":\"https:\\\/\\\/mediumseagreen-eel-531711.hostingersite.com\\\/?s={search_term_string}\"},\"query-input\":{\"@type\":\"PropertyValueSpecification\",\"valueRequired\":true,\"valueName\":\"search_term_string\"}}],\"inLanguage\":\"fr-FR\"},{\"@type\":\"Organization\",\"@id\":\"https:\\\/\\\/mediumseagreen-eel-531711.hostingersite.com\\\/#organization\",\"name\":\"Bladna News.com\",\"url\":\"https:\\\/\\\/mediumseagreen-eel-531711.hostingersite.com\\\/\",\"logo\":{\"@type\":\"ImageObject\",\"inLanguage\":\"fr-FR\",\"@id\":\"https:\\\/\\\/mediumseagreen-eel-531711.hostingersite.com\\\/#\\\/schema\\\/logo\\\/image\\\/\",\"url\":\"https:\\\/\\\/bladnanews.com\\\/wp-content\\\/uploads\\\/2025\\\/12\\\/logo-bladnanews-V2-web-black-red.png\",\"contentUrl\":\"https:\\\/\\\/bladnanews.com\\\/wp-content\\\/uploads\\\/2025\\\/12\\\/logo-bladnanews-V2-web-black-red.png\",\"width\":703,\"height\":287,\"caption\":\"Bladna News.com\"},\"image\":{\"@id\":\"https:\\\/\\\/mediumseagreen-eel-531711.hostingersite.com\\\/#\\\/schema\\\/logo\\\/image\\\/\"},\"email\":\"info@bladnanews.com\",\"legalName\":\"Bladna News\"},{\"@type\":\"Person\",\"@id\":\"https:\\\/\\\/mediumseagreen-eel-531711.hostingersite.com\\\/#\\\/schema\\\/person\\\/268e18a453ab080ebf76df6ef7845083\",\"name\":\"Bladna News Staff\",\"url\":\"https:\\\/\\\/bladnanews.com\\\/fr\\\/author\\\/bladna-news-staff\\\/\"}]}<\/script>\n<!-- \/ Yoast SEO Premium plugin. -->","yoast_head_json":{"title":"Ronald Araujo fait son retour \u00e0 l'entra\u00eenement du Barcelone apr\u00e8s la tr\u00eave - Bladna News","robots":{"index":"index","follow":"follow","max-snippet":"max-snippet:-1","max-image-preview":"max-image-preview:large","max-video-preview":"max-video-preview:-1"},"canonical":"https:\/\/bladnanews.com\/fr\/ronald-araujo-fait-son-retour-a-lentrainement-du-barcelone-apres-la-treve\/","og_locale":"fr_FR","og_type":"article","og_title":"Ronald Araujo returns to Barcelona training after break","og_description":"Ronald Araujo has returned to Barcelona training after taking a break for mental health reasons, in a welcome lift for [&hellip;]","og_url":"https:\/\/bladnanews.com\/fr\/ronald-araujo-fait-son-retour-a-lentrainement-du-barcelone-apres-la-treve\/","og_site_name":"Bladna News","article_published_time":"2026-01-03T14:56:38+00:00","og_image":[{"width":2352,"height":1323,"url":"https:\/\/bladnanews.com\/wp-content\/uploads\/2026\/01\/BladnaNews-Ronald-Araujo-returns-to-Barcelona-training-after-break-2026-01-03T155118.009Z.jpg","type":"image\/jpeg"}],"author":"Bladna News Staff","twitter_card":"summary_large_image","twitter_misc":{"\u00c9crit par":"Bladna News Staff","Dur\u00e9e de lecture estim\u00e9e":"1 minute"},"schema":{"@context":"https:\/\/schema.org","@graph":[{"@type":"Article","@id":"https:\/\/bladnanews.com\/ronald-araujo-returns-to-barcelona-training-after-break\/#article","isPartOf":{"@id":"https:\/\/bladnanews.com\/ronald-araujo-returns-to-barcelona-training-after-break\/"},"author":{"name":"Bladna News Staff","@id":"https:\/\/mediumseagreen-eel-531711.hostingersite.com\/#\/schema\/person\/268e18a453ab080ebf76df6ef7845083"},"headline":"Ronald Araujo returns to Barcelona training after break","datePublished":"2026-01-03T14:56:38+00:00","mainEntityOfPage":{"@id":"https:\/\/bladnanews.com\/ronald-araujo-returns-to-barcelona-training-after-break\/"},"wordCount":191,"publisher":{"@id":"https:\/\/mediumseagreen-eel-531711.hostingersite.com\/#organization"},"image":{"@id":"https:\/\/bladnanews.com\/ronald-araujo-returns-to-barcelona-training-after-break\/#primaryimage"},"thumbnailUrl":"https:\/\/bladnanews.com\/wp-content\/uploads\/2026\/01\/BladnaNews-Ronald-Araujo-returns-to-Barcelona-training-after-break-2026-01-03T155118.009Z.jpg","articleSection":["International","Latest News"],"inLanguage":"fr-FR","copyrightYear":"2026","copyrightHolder":{"@id":"https:\/\/bladnanews.com\/fr\/#organization"}},{"@type":"WebPage","@id":"https:\/\/bladnanews.com\/ronald-araujo-returns-to-barcelona-training-after-break\/","url":"https:\/\/bladnanews.com\/ronald-araujo-returns-to-barcelona-training-after-break\/","name":"Ronald Araujo fait son retour \u00e0 l'entra\u00eenement du Barcelone apr\u00e8s la tr\u00eave - Bladna News","isPartOf":{"@id":"https:\/\/mediumseagreen-eel-531711.hostingersite.com\/#website"},"primaryImageOfPage":{"@id":"https:\/\/bladnanews.com\/ronald-araujo-returns-to-barcelona-training-after-break\/#primaryimage"},"image":{"@id":"https:\/\/bladnanews.com\/ronald-araujo-returns-to-barcelona-training-after-break\/#primaryimage"},"thumbnailUrl":"https:\/\/bladnanews.com\/wp-content\/uploads\/2026\/01\/BladnaNews-Ronald-Araujo-returns-to-Barcelona-training-after-break-2026-01-03T155118.009Z.jpg","datePublished":"2026-01-03T14:56:38+00:00","breadcrumb":{"@id":"https:\/\/bladnanews.com\/ronald-araujo-returns-to-barcelona-training-after-break\/#breadcrumb"},"inLanguage":"fr-FR","potentialAction":[{"@type":"ReadAction","target":["https:\/\/bladnanews.com\/ronald-araujo-returns-to-barcelona-training-after-break\/"]}]},{"@type":"ImageObject","inLanguage":"fr-FR","@id":"https:\/\/bladnanews.com\/ronald-araujo-returns-to-barcelona-training-after-break\/#primaryimage","url":"https:\/\/bladnanews.com\/wp-content\/uploads\/2026\/01\/BladnaNews-Ronald-Araujo-returns-to-Barcelona-training-after-break-2026-01-03T155118.009Z.jpg","contentUrl":"https:\/\/bladnanews.com\/wp-content\/uploads\/2026\/01\/BladnaNews-Ronald-Araujo-returns-to-Barcelona-training-after-break-2026-01-03T155118.009Z.jpg","width":1600,"height":900,"caption":"Ronald Araujo in a bright pink Barcelona kit, wearing the captain's armband, focused during a match."},{"@type":"BreadcrumbList","@id":"https:\/\/bladnanews.com\/ronald-araujo-returns-to-barcelona-training-after-break\/#breadcrumb","itemListElement":[{"@type":"ListItem","position":1,"name":"Home","item":"https:\/\/bladnanews.com\/"},{"@type":"ListItem","position":2,"name":"Ronald Araujo returns to Barcelona training after break"}]},{"@type":"WebSite","@id":"https:\/\/mediumseagreen-eel-531711.hostingersite.com\/#website","url":"https:\/\/mediumseagreen-eel-531711.hostingersite.com\/","name":"Bladna News - Maroc","description":"Quand le football marocain rencontre le monde","publisher":{"@id":"https:\/\/mediumseagreen-eel-531711.hostingersite.com\/#organization"},"potentialAction":[{"@type":"SearchAction","target":{"@type":"EntryPoint","urlTemplate":"https:\/\/mediumseagreen-eel-531711.hostingersite.com\/?s={search_term_string}"},"query-input":{"@type":"PropertyValueSpecification","valueRequired":true,"valueName":"search_term_string"}}],"inLanguage":"fr-FR"},{"@type":"Organization","@id":"https:\/\/mediumseagreen-eel-531711.hostingersite.com\/#organization","name":"Bladna News.com","url":"https:\/\/mediumseagreen-eel-531711.hostingersite.com\/","logo":{"@type":"ImageObject","inLanguage":"fr-FR","@id":"https:\/\/mediumseagreen-eel-531711.hostingersite.com\/#\/schema\/logo\/image\/","url":"https:\/\/bladnanews.com\/wp-content\/uploads\/2025\/12\/logo-bladnanews-V2-web-black-red.png","contentUrl":"https:\/\/bladnanews.com\/wp-content\/uploads\/2025\/12\/logo-bladnanews-V2-web-black-red.png","width":703,"height":287,"caption":"Bladna News.com"},"image":{"@id":"https:\/\/mediumseagreen-eel-531711.hostingersite.com\/#\/schema\/logo\/image\/"},"email":"info@bladnanews.com","legalName":"Bladna News"},{"@type":"Person","@id":"https:\/\/mediumseagreen-eel-531711.hostingersite.com\/#\/schema\/person\/268e18a453ab080ebf76df6ef7845083","name":"\u00c9quipe r\u00e9dactionnelle de Bladna News","url":"https:\/\/bladnanews.com\/fr\/author\/bladna-news-staff\/"}]}},"_links":{"self":[{"href":"https:\/\/bladnanews.com\/fr\/wp-json\/wp\/v2\/posts\/1596","targetHints":{"allow":["GET"]}}],"collection":[{"href":"https:\/\/bladnanews.com\/fr\/wp-json\/wp\/v2\/posts"}],"about":[{"href":"https:\/\/bladnanews.com\/fr\/wp-json\/wp\/v2\/types\/post"}],"author":[{"embeddable":true,"href":"https:\/\/bladnanews.com\/fr\/wp-json\/wp\/v2\/users\/3"}],"replies":[{"embeddable":true,"href":"https:\/\/bladnanews.com\/fr\/wp-json\/wp\/v2\/comments?post=1596"}],"version-history":[{"count":0,"href":"https:\/\/bladnanews.com\/fr\/wp-json\/wp\/v2\/posts\/1596\/revisions"}],"wp:featuredmedia":[{"embeddable":true,"href":"https:\/\/bladnanews.com\/fr\/wp-json\/wp\/v2\/media\/1595"}],"wp:attachment":[{"href":"https:\/\/bladnanews.com\/fr\/wp-json\/wp\/v2\/media?parent=1596"}],"wp:term":[{"taxonomy":"category","embeddable":true,"href":"https:\/\/bladnanews.com\/fr\/wp-json\/wp\/v2\/categories?post=1596"},{"taxonomy":"post_tag","embeddable":true,"href":"https:\/\/bladnanews.com\/fr\/wp-json\/wp\/v2\/tags?post=1596"}],"curies":[{"name":"wp","href":"https:\/\/api.w.org\/{rel}","templated":true}]}}