{"id":1608,"date":"2026-01-03T15:35:17","date_gmt":"2026-01-03T15:35:17","guid":{"rendered":"https:\/\/bladnanews.com\/ronaldo-and-joao-felix-angered-by-al-ahli-celebration\/"},"modified":"2026-01-03T15:35:17","modified_gmt":"2026-01-03T15:35:17","slug":"ronaldo-et-joao-felix-irrites-par-la-celebration-dal-ahli","status":"publish","type":"post","link":"https:\/\/bladnanews.com\/fr\/ronaldo-et-joao-felix-irrites-par-la-celebration-dal-ahli\/","title":{"rendered":"Ronaldo et Joao Felix irrit\u00e9s par la c\u00e9l\u00e9bration d'Al-Ahli"},"content":{"rendered":"<p>Cristiano Ronaldo et Joao Felix sont rest\u00e9s furieux apr\u00e8s que le directeur sportif d'Al-Ahli a sprint\u00e9 devant eux lors d'une c\u00e9l\u00e9bration sauvage apr\u00e8s le match, suite \u00e0 la d\u00e9faite d'Al-Nassr qui a mis fin \u00e0 leur s\u00e9rie d'invincibilit\u00e9.<\/p>\n<p>Les esprits se sont \u00e9chauff\u00e9s \u00e0 la fin du match lorsque le personnel et les joueurs d'Al-Ahli ont envahi le terrain pour c\u00e9l\u00e9brer, le directeur sportif du club ayant \u00e9t\u00e9 vu en train de traverser la zone devant Ronaldo et Felix. Le duo a r\u00e9agi avec col\u00e8re alors que le responsable passait en courant, les deux stars d'Al-Nassr \u00e9tant clairement m\u00e9contentes de la mani\u00e8re dont la c\u00e9l\u00e9bration s'est d\u00e9roul\u00e9e.<\/p>\n<p>Al-Nassr \u00e9tait invaincu avant cette d\u00e9faite, mais n'a pas pu arr\u00eater Al-Ahli ce soir-l\u00e0, l'\u00e9quipe \u00e0 domicile remportant une grande victoire. Le coup de sifflet final a d\u00e9clench\u00e9 des sc\u00e8nes chaotiques, les \u00e9motions \u00e9tant \u00e0 vif et la confrontation \u00e9clatant imm\u00e9diatement apr\u00e8s le match.<\/p>\n<p>Des images vid\u00e9o ont montr\u00e9 Ronaldo et Felix se tourner vers le responsable d'Al-Ahli et protester alors qu'il sprintait devant eux, tandis que des co\u00e9quipiers et du personnel tentaient d'\u00e9loigner les joueurs. Cet incident a ajout\u00e9 \u00e0 la frustration d'Al-Nassr apr\u00e8s avoir abandonn\u00e9 leur s\u00e9rie d'invincibilit\u00e9 dans la comp\u00e9tition.<\/p>\n<p>Les c\u00e9l\u00e9brations d'Al-Ahli ont continu\u00e9 malgr\u00e9 le point de tension, tandis que les joueurs d'Al-Nassr sont partis avec une irritation visible. Cet affrontement a marqu\u00e9 une fin riche en \u00e9v\u00e9nements du match et a assur\u00e9 que le r\u00e9sultat soit suivi de controverse aussi bien que de c\u00e9l\u00e9bration.<\/p>","protected":false},"excerpt":{"rendered":"<p>Cristiano Ronaldo and Joao Felix were left furious after Al-Ahli\u2019s sporting director sprinted past them in a wild post-match celebration, [&hellip;]<\/p>\n","protected":false},"author":3,"featured_media":1607,"comment_status":"","ping_status":"open","sticky":false,"template":"","format":"standard","meta":{"googlesitekit_rrm_CAow_uzEDA:productID":"","site-sidebar-layout":"default","site-content-layout":"","ast-site-content-layout":"default","site-content-style":"default","site-sidebar-style":"default","ast-global-header-display":"","ast-banner-title-visibility":"","ast-main-header-display":"","ast-hfb-above-header-display":"","ast-hfb-below-header-display":"","ast-hfb-mobile-header-display":"","site-post-title":"","ast-breadcrumbs-content":"","ast-featured-img":"","footer-sml-layout":"","ast-disable-related-posts":"","theme-transparent-header-meta":"","adv-header-id-meta":"","stick-header-meta":"","header-above-stick-meta":"","header-main-stick-meta":"","header-below-stick-meta":"","astra-migrate-meta-layouts":"default","ast-page-background-enabled":"default","ast-page-background-meta":{"desktop":{"background-color":"var(--ast-global-color-5)","background-image":"","background-repeat":"repeat","background-position":"center center","background-size":"auto","background-attachment":"scroll","background-type":"","background-media":"","overlay-type":"","overlay-color":"","overlay-opacity":"","overlay-gradient":""},"tablet":{"background-color":"","background-image":"","background-repeat":"repeat","background-position":"center center","background-size":"auto","background-attachment":"scroll","background-type":"","background-media":"","overlay-type":"","overlay-color":"","overlay-opacity":"","overlay-gradient":""},"mobile":{"background-color":"","background-image":"","background-repeat":"repeat","background-position":"center center","background-size":"auto","background-attachment":"scroll","background-type":"","background-media":"","overlay-type":"","overlay-color":"","overlay-opacity":"","overlay-gradient":""}},"ast-content-background-meta":{"desktop":{"background-color":"var(--ast-global-color-4)","background-image":"","background-repeat":"repeat","background-position":"center center","background-size":"auto","background-attachment":"scroll","background-type":"","background-media":"","overlay-type":"","overlay-color":"","overlay-opacity":"","overlay-gradient":""},"tablet":{"background-color":"var(--ast-global-color-4)","background-image":"","background-repeat":"repeat","background-position":"center center","background-size":"auto","background-attachment":"scroll","background-type":"","background-media":"","overlay-type":"","overlay-color":"","overlay-opacity":"","overlay-gradient":""},"mobile":{"background-color":"var(--ast-global-color-4)","background-image":"","background-repeat":"repeat","background-position":"center center","background-size":"auto","background-attachment":"scroll","background-type":"","background-media":"","overlay-type":"","overlay-color":"","overlay-opacity":"","overlay-gradient":""}},"footnotes":""},"categories":[20,1],"tags":[],"class_list":["post-1608","post","type-post","status-publish","format-standard","has-post-thumbnail","hentry","category-international","category-football-latest-news"],"yoast_head":"<!-- This site is optimized with the Yoast SEO Premium plugin v26.6 (Yoast SEO v27.5) - https:\/\/yoast.com\/product\/yoast-seo-premium-wordpress\/ -->\n<title>Ronaldo and Joao Felix angered by Al-Ahli celebration - Bladna News<\/title>\n<meta name=\"robots\" content=\"index, follow, max-snippet:-1, max-image-preview:large, max-video-preview:-1\" \/>\n<link rel=\"canonical\" href=\"https:\/\/bladnanews.com\/fr\/ronaldo-et-joao-felix-irrites-par-la-celebration-dal-ahli\/\" \/>\n<meta property=\"og:locale\" content=\"fr_FR\" \/>\n<meta property=\"og:type\" content=\"article\" \/>\n<meta property=\"og:title\" content=\"Ronaldo and Joao Felix angered by Al-Ahli celebration\" \/>\n<meta property=\"og:description\" content=\"Cristiano Ronaldo and Joao Felix were left furious after Al-Ahli\u2019s sporting director sprinted past them in a wild post-match celebration, [&hellip;]\" \/>\n<meta property=\"og:url\" content=\"https:\/\/bladnanews.com\/fr\/ronaldo-et-joao-felix-irrites-par-la-celebration-dal-ahli\/\" \/>\n<meta property=\"og:site_name\" content=\"Bladna News\" \/>\n<meta property=\"article:published_time\" content=\"2026-01-03T15:35:17+00:00\" \/>\n<meta property=\"og:image\" content=\"https:\/\/bladnanews.com\/wp-content\/uploads\/2026\/01\/BladnaNews-Ronaldo-and-Joao-Felix-angered-by-Al-Ahli-celebration-2026-01-03T175035.605Z.jpg\" \/>\n\t<meta property=\"og:image:width\" content=\"1168\" \/>\n\t<meta property=\"og:image:height\" content=\"657\" \/>\n\t<meta property=\"og:image:type\" content=\"image\/jpeg\" \/>\n<meta name=\"author\" content=\"Bladna News Staff\" \/>\n<meta name=\"twitter:card\" content=\"summary_large_image\" \/>\n<meta name=\"twitter:label1\" content=\"\u00c9crit par\" \/>\n\t<meta name=\"twitter:data1\" content=\"Bladna News Staff\" \/>\n\t<meta name=\"twitter:label2\" content=\"Dur\u00e9e de lecture estim\u00e9e\" \/>\n\t<meta name=\"twitter:data2\" content=\"1 minute\" \/>\n<script type=\"application\/ld+json\" class=\"yoast-schema-graph\">{\"@context\":\"https:\\\/\\\/schema.org\",\"@graph\":[{\"@type\":\"Article\",\"@id\":\"https:\\\/\\\/bladnanews.com\\\/ronaldo-and-joao-felix-angered-by-al-ahli-celebration\\\/#article\",\"isPartOf\":{\"@id\":\"https:\\\/\\\/bladnanews.com\\\/ronaldo-and-joao-felix-angered-by-al-ahli-celebration\\\/\"},\"author\":{\"name\":\"Bladna News Staff\",\"@id\":\"https:\\\/\\\/mediumseagreen-eel-531711.hostingersite.com\\\/#\\\/schema\\\/person\\\/268e18a453ab080ebf76df6ef7845083\"},\"headline\":\"Ronaldo and Joao Felix angered by Al-Ahli celebration\",\"datePublished\":\"2026-01-03T15:35:17+00:00\",\"mainEntityOfPage\":{\"@id\":\"https:\\\/\\\/bladnanews.com\\\/ronaldo-and-joao-felix-angered-by-al-ahli-celebration\\\/\"},\"wordCount\":213,\"publisher\":{\"@id\":\"https:\\\/\\\/mediumseagreen-eel-531711.hostingersite.com\\\/#organization\"},\"image\":{\"@id\":\"https:\\\/\\\/bladnanews.com\\\/ronaldo-and-joao-felix-angered-by-al-ahli-celebration\\\/#primaryimage\"},\"thumbnailUrl\":\"https:\\\/\\\/bladnanews.com\\\/wp-content\\\/uploads\\\/2026\\\/01\\\/BladnaNews-Ronaldo-and-Joao-Felix-angered-by-Al-Ahli-celebration-2026-01-03T175035.605Z.jpg\",\"articleSection\":[\"International\",\"Latest News\"],\"inLanguage\":\"fr-FR\",\"copyrightYear\":\"2026\",\"copyrightHolder\":{\"@id\":\"https:\\\/\\\/bladnanews.com\\\/fr\\\/#organization\"}},{\"@type\":\"WebPage\",\"@id\":\"https:\\\/\\\/bladnanews.com\\\/ronaldo-and-joao-felix-angered-by-al-ahli-celebration\\\/\",\"url\":\"https:\\\/\\\/bladnanews.com\\\/ronaldo-and-joao-felix-angered-by-al-ahli-celebration\\\/\",\"name\":\"Ronaldo and Joao Felix angered by Al-Ahli celebration - Bladna News\",\"isPartOf\":{\"@id\":\"https:\\\/\\\/mediumseagreen-eel-531711.hostingersite.com\\\/#website\"},\"primaryImageOfPage\":{\"@id\":\"https:\\\/\\\/bladnanews.com\\\/ronaldo-and-joao-felix-angered-by-al-ahli-celebration\\\/#primaryimage\"},\"image\":{\"@id\":\"https:\\\/\\\/bladnanews.com\\\/ronaldo-and-joao-felix-angered-by-al-ahli-celebration\\\/#primaryimage\"},\"thumbnailUrl\":\"https:\\\/\\\/bladnanews.com\\\/wp-content\\\/uploads\\\/2026\\\/01\\\/BladnaNews-Ronaldo-and-Joao-Felix-angered-by-Al-Ahli-celebration-2026-01-03T175035.605Z.jpg\",\"datePublished\":\"2026-01-03T15:35:17+00:00\",\"breadcrumb\":{\"@id\":\"https:\\\/\\\/bladnanews.com\\\/ronaldo-and-joao-felix-angered-by-al-ahli-celebration\\\/#breadcrumb\"},\"inLanguage\":\"fr-FR\",\"potentialAction\":[{\"@type\":\"ReadAction\",\"target\":[\"https:\\\/\\\/bladnanews.com\\\/ronaldo-and-joao-felix-angered-by-al-ahli-celebration\\\/\"]}]},{\"@type\":\"ImageObject\",\"inLanguage\":\"fr-FR\",\"@id\":\"https:\\\/\\\/bladnanews.com\\\/ronaldo-and-joao-felix-angered-by-al-ahli-celebration\\\/#primaryimage\",\"url\":\"https:\\\/\\\/bladnanews.com\\\/wp-content\\\/uploads\\\/2026\\\/01\\\/BladnaNews-Ronaldo-and-Joao-Felix-angered-by-Al-Ahli-celebration-2026-01-03T175035.605Z.jpg\",\"contentUrl\":\"https:\\\/\\\/bladnanews.com\\\/wp-content\\\/uploads\\\/2026\\\/01\\\/BladnaNews-Ronaldo-and-Joao-Felix-angered-by-Al-Ahli-celebration-2026-01-03T175035.605Z.jpg\",\"width\":1168,\"height\":657,\"caption\":\"Cristiano Ronaldo in a bright yellow Al-Nassr kit, looking concerned during a match, with a blurred stadium background.\"},{\"@type\":\"BreadcrumbList\",\"@id\":\"https:\\\/\\\/bladnanews.com\\\/ronaldo-and-joao-felix-angered-by-al-ahli-celebration\\\/#breadcrumb\",\"itemListElement\":[{\"@type\":\"ListItem\",\"position\":1,\"name\":\"Home\",\"item\":\"https:\\\/\\\/bladnanews.com\\\/\"},{\"@type\":\"ListItem\",\"position\":2,\"name\":\"Ronaldo and Joao Felix angered by Al-Ahli celebration\"}]},{\"@type\":\"WebSite\",\"@id\":\"https:\\\/\\\/mediumseagreen-eel-531711.hostingersite.com\\\/#website\",\"url\":\"https:\\\/\\\/mediumseagreen-eel-531711.hostingersite.com\\\/\",\"name\":\"Bladna News - Morocco\",\"description\":\"Where Moroccan Football Meets the World\",\"publisher\":{\"@id\":\"https:\\\/\\\/mediumseagreen-eel-531711.hostingersite.com\\\/#organization\"},\"potentialAction\":[{\"@type\":\"SearchAction\",\"target\":{\"@type\":\"EntryPoint\",\"urlTemplate\":\"https:\\\/\\\/mediumseagreen-eel-531711.hostingersite.com\\\/?s={search_term_string}\"},\"query-input\":{\"@type\":\"PropertyValueSpecification\",\"valueRequired\":true,\"valueName\":\"search_term_string\"}}],\"inLanguage\":\"fr-FR\"},{\"@type\":\"Organization\",\"@id\":\"https:\\\/\\\/mediumseagreen-eel-531711.hostingersite.com\\\/#organization\",\"name\":\"Bladna News.com\",\"url\":\"https:\\\/\\\/mediumseagreen-eel-531711.hostingersite.com\\\/\",\"logo\":{\"@type\":\"ImageObject\",\"inLanguage\":\"fr-FR\",\"@id\":\"https:\\\/\\\/mediumseagreen-eel-531711.hostingersite.com\\\/#\\\/schema\\\/logo\\\/image\\\/\",\"url\":\"https:\\\/\\\/bladnanews.com\\\/wp-content\\\/uploads\\\/2025\\\/12\\\/logo-bladnanews-V2-web-black-red.png\",\"contentUrl\":\"https:\\\/\\\/bladnanews.com\\\/wp-content\\\/uploads\\\/2025\\\/12\\\/logo-bladnanews-V2-web-black-red.png\",\"width\":703,\"height\":287,\"caption\":\"Bladna News.com\"},\"image\":{\"@id\":\"https:\\\/\\\/mediumseagreen-eel-531711.hostingersite.com\\\/#\\\/schema\\\/logo\\\/image\\\/\"},\"email\":\"info@bladnanews.com\",\"legalName\":\"Bladna News\"},{\"@type\":\"Person\",\"@id\":\"https:\\\/\\\/mediumseagreen-eel-531711.hostingersite.com\\\/#\\\/schema\\\/person\\\/268e18a453ab080ebf76df6ef7845083\",\"name\":\"Bladna News Staff\",\"url\":\"https:\\\/\\\/bladnanews.com\\\/fr\\\/author\\\/bladna-news-staff\\\/\"}]}<\/script>\n<!-- \/ Yoast SEO Premium plugin. -->","yoast_head_json":{"title":"Ronaldo et Joao Felix irrit\u00e9s par la c\u00e9l\u00e9bration d'Al-Ahli - Bladna News","robots":{"index":"index","follow":"follow","max-snippet":"max-snippet:-1","max-image-preview":"max-image-preview:large","max-video-preview":"max-video-preview:-1"},"canonical":"https:\/\/bladnanews.com\/fr\/ronaldo-et-joao-felix-irrites-par-la-celebration-dal-ahli\/","og_locale":"fr_FR","og_type":"article","og_title":"Ronaldo and Joao Felix angered by Al-Ahli celebration","og_description":"Cristiano Ronaldo and Joao Felix were left furious after Al-Ahli\u2019s sporting director sprinted past them in a wild post-match celebration, [&hellip;]","og_url":"https:\/\/bladnanews.com\/fr\/ronaldo-et-joao-felix-irrites-par-la-celebration-dal-ahli\/","og_site_name":"Bladna News","article_published_time":"2026-01-03T15:35:17+00:00","og_image":[{"width":1168,"height":657,"url":"https:\/\/bladnanews.com\/wp-content\/uploads\/2026\/01\/BladnaNews-Ronaldo-and-Joao-Felix-angered-by-Al-Ahli-celebration-2026-01-03T175035.605Z.jpg","type":"image\/jpeg"}],"author":"Bladna News Staff","twitter_card":"summary_large_image","twitter_misc":{"\u00c9crit par":"Bladna News Staff","Dur\u00e9e de lecture estim\u00e9e":"1 minute"},"schema":{"@context":"https:\/\/schema.org","@graph":[{"@type":"Article","@id":"https:\/\/bladnanews.com\/ronaldo-and-joao-felix-angered-by-al-ahli-celebration\/#article","isPartOf":{"@id":"https:\/\/bladnanews.com\/ronaldo-and-joao-felix-angered-by-al-ahli-celebration\/"},"author":{"name":"Bladna News Staff","@id":"https:\/\/mediumseagreen-eel-531711.hostingersite.com\/#\/schema\/person\/268e18a453ab080ebf76df6ef7845083"},"headline":"Ronaldo and Joao Felix angered by Al-Ahli celebration","datePublished":"2026-01-03T15:35:17+00:00","mainEntityOfPage":{"@id":"https:\/\/bladnanews.com\/ronaldo-and-joao-felix-angered-by-al-ahli-celebration\/"},"wordCount":213,"publisher":{"@id":"https:\/\/mediumseagreen-eel-531711.hostingersite.com\/#organization"},"image":{"@id":"https:\/\/bladnanews.com\/ronaldo-and-joao-felix-angered-by-al-ahli-celebration\/#primaryimage"},"thumbnailUrl":"https:\/\/bladnanews.com\/wp-content\/uploads\/2026\/01\/BladnaNews-Ronaldo-and-Joao-Felix-angered-by-Al-Ahli-celebration-2026-01-03T175035.605Z.jpg","articleSection":["International","Latest News"],"inLanguage":"fr-FR","copyrightYear":"2026","copyrightHolder":{"@id":"https:\/\/bladnanews.com\/fr\/#organization"}},{"@type":"WebPage","@id":"https:\/\/bladnanews.com\/ronaldo-and-joao-felix-angered-by-al-ahli-celebration\/","url":"https:\/\/bladnanews.com\/ronaldo-and-joao-felix-angered-by-al-ahli-celebration\/","name":"Ronaldo et Joao Felix irrit\u00e9s par la c\u00e9l\u00e9bration d'Al-Ahli - Bladna News","isPartOf":{"@id":"https:\/\/mediumseagreen-eel-531711.hostingersite.com\/#website"},"primaryImageOfPage":{"@id":"https:\/\/bladnanews.com\/ronaldo-and-joao-felix-angered-by-al-ahli-celebration\/#primaryimage"},"image":{"@id":"https:\/\/bladnanews.com\/ronaldo-and-joao-felix-angered-by-al-ahli-celebration\/#primaryimage"},"thumbnailUrl":"https:\/\/bladnanews.com\/wp-content\/uploads\/2026\/01\/BladnaNews-Ronaldo-and-Joao-Felix-angered-by-Al-Ahli-celebration-2026-01-03T175035.605Z.jpg","datePublished":"2026-01-03T15:35:17+00:00","breadcrumb":{"@id":"https:\/\/bladnanews.com\/ronaldo-and-joao-felix-angered-by-al-ahli-celebration\/#breadcrumb"},"inLanguage":"fr-FR","potentialAction":[{"@type":"ReadAction","target":["https:\/\/bladnanews.com\/ronaldo-and-joao-felix-angered-by-al-ahli-celebration\/"]}]},{"@type":"ImageObject","inLanguage":"fr-FR","@id":"https:\/\/bladnanews.com\/ronaldo-and-joao-felix-angered-by-al-ahli-celebration\/#primaryimage","url":"https:\/\/bladnanews.com\/wp-content\/uploads\/2026\/01\/BladnaNews-Ronaldo-and-Joao-Felix-angered-by-Al-Ahli-celebration-2026-01-03T175035.605Z.jpg","contentUrl":"https:\/\/bladnanews.com\/wp-content\/uploads\/2026\/01\/BladnaNews-Ronaldo-and-Joao-Felix-angered-by-Al-Ahli-celebration-2026-01-03T175035.605Z.jpg","width":1168,"height":657,"caption":"Cristiano Ronaldo in a bright yellow Al-Nassr kit, looking concerned during a match, with a blurred stadium background."},{"@type":"BreadcrumbList","@id":"https:\/\/bladnanews.com\/ronaldo-and-joao-felix-angered-by-al-ahli-celebration\/#breadcrumb","itemListElement":[{"@type":"ListItem","position":1,"name":"Home","item":"https:\/\/bladnanews.com\/"},{"@type":"ListItem","position":2,"name":"Ronaldo and Joao Felix angered by Al-Ahli celebration"}]},{"@type":"WebSite","@id":"https:\/\/mediumseagreen-eel-531711.hostingersite.com\/#website","url":"https:\/\/mediumseagreen-eel-531711.hostingersite.com\/","name":"Bladna News - Maroc","description":"Quand le football marocain rencontre le monde","publisher":{"@id":"https:\/\/mediumseagreen-eel-531711.hostingersite.com\/#organization"},"potentialAction":[{"@type":"SearchAction","target":{"@type":"EntryPoint","urlTemplate":"https:\/\/mediumseagreen-eel-531711.hostingersite.com\/?s={search_term_string}"},"query-input":{"@type":"PropertyValueSpecification","valueRequired":true,"valueName":"search_term_string"}}],"inLanguage":"fr-FR"},{"@type":"Organization","@id":"https:\/\/mediumseagreen-eel-531711.hostingersite.com\/#organization","name":"Bladna News.com","url":"https:\/\/mediumseagreen-eel-531711.hostingersite.com\/","logo":{"@type":"ImageObject","inLanguage":"fr-FR","@id":"https:\/\/mediumseagreen-eel-531711.hostingersite.com\/#\/schema\/logo\/image\/","url":"https:\/\/bladnanews.com\/wp-content\/uploads\/2025\/12\/logo-bladnanews-V2-web-black-red.png","contentUrl":"https:\/\/bladnanews.com\/wp-content\/uploads\/2025\/12\/logo-bladnanews-V2-web-black-red.png","width":703,"height":287,"caption":"Bladna News.com"},"image":{"@id":"https:\/\/mediumseagreen-eel-531711.hostingersite.com\/#\/schema\/logo\/image\/"},"email":"info@bladnanews.com","legalName":"Bladna News"},{"@type":"Person","@id":"https:\/\/mediumseagreen-eel-531711.hostingersite.com\/#\/schema\/person\/268e18a453ab080ebf76df6ef7845083","name":"\u00c9quipe r\u00e9dactionnelle de Bladna News","url":"https:\/\/bladnanews.com\/fr\/author\/bladna-news-staff\/"}]}},"_links":{"self":[{"href":"https:\/\/bladnanews.com\/fr\/wp-json\/wp\/v2\/posts\/1608","targetHints":{"allow":["GET"]}}],"collection":[{"href":"https:\/\/bladnanews.com\/fr\/wp-json\/wp\/v2\/posts"}],"about":[{"href":"https:\/\/bladnanews.com\/fr\/wp-json\/wp\/v2\/types\/post"}],"author":[{"embeddable":true,"href":"https:\/\/bladnanews.com\/fr\/wp-json\/wp\/v2\/users\/3"}],"replies":[{"embeddable":true,"href":"https:\/\/bladnanews.com\/fr\/wp-json\/wp\/v2\/comments?post=1608"}],"version-history":[{"count":0,"href":"https:\/\/bladnanews.com\/fr\/wp-json\/wp\/v2\/posts\/1608\/revisions"}],"wp:featuredmedia":[{"embeddable":true,"href":"https:\/\/bladnanews.com\/fr\/wp-json\/wp\/v2\/media\/1607"}],"wp:attachment":[{"href":"https:\/\/bladnanews.com\/fr\/wp-json\/wp\/v2\/media?parent=1608"}],"wp:term":[{"taxonomy":"category","embeddable":true,"href":"https:\/\/bladnanews.com\/fr\/wp-json\/wp\/v2\/categories?post=1608"},{"taxonomy":"post_tag","embeddable":true,"href":"https:\/\/bladnanews.com\/fr\/wp-json\/wp\/v2\/tags?post=1608"}],"curies":[{"name":"wp","href":"https:\/\/api.w.org\/{rel}","templated":true}]}}