{"id":1610,"date":"2026-01-03T16:03:01","date_gmt":"2026-01-03T16:03:01","guid":{"rendered":"https:\/\/bladnanews.com\/sam-kerr-marries-kristie-mewis-in-australia\/"},"modified":"2026-01-03T16:03:01","modified_gmt":"2026-01-03T16:03:01","slug":"sam-kerr-epouse-kristie-mewis-en-australie","status":"publish","type":"post","link":"https:\/\/bladnanews.com\/fr\/sam-kerr-epouse-kristie-mewis-en-australie\/","title":{"rendered":"Sam Kerr \u00e9pouse Kristie Mewis en Australie"},"content":{"rendered":"<p>Sam Kerr a \u00e9pous\u00e9 sa partenaire de longue date Kristie Mewis, l'attaquante de Chelsea confirmant la nouvelle dans un post sur les r\u00e9seaux sociaux.<\/p>\n<p>La capitaine des Matildas a dit oui \u00e0 la milieu de terrain de l'USWNT en Australie, partageant des photos de la journ\u00e9e et \u00e9crivant : <em>\u201cMon \u00e9ternit\u00e9.\u201d<\/em><\/p>\n<p>Kerr et Mewis sont ensemble depuis plusieurs ann\u00e9es et ont souvent parl\u00e9 de leur relation, qui a commenc\u00e9 apr\u00e8s s'\u00eatre rencontr\u00e9es gr\u00e2ce au football. Elles ont officialis\u00e9 leur relation en 2021 et ont ensuite annonc\u00e9 leurs fian\u00e7ailles.<\/p>\n<p>Le mariage repr\u00e9sente une \u00e9tape personnelle pour Kerr pendant une p\u00e9riode o\u00f9 elle est \u00e9loign\u00e9e du terrain. La joueuse de 31 ans est sur la touche en raison d'une blessure au ligament crois\u00e9 ant\u00e9rieur depuis janvier 2024, tandis que Mewis a \u00e9galement lutt\u00e9 contre des probl\u00e8mes de condition physique r\u00e9cents.<\/p>\n<p>Malgr\u00e9 des parcours diff\u00e9rents au niveau des clubs et de l'international, le couple est rest\u00e9 l'un des couples les plus connus du football, se soutenant r\u00e9guli\u00e8rement lors des grands tournois et des campagnes de ligue.<\/p>\n<p>Kerr a remport\u00e9 plusieurs troph\u00e9es avec Chelsea et reste l'un des noms les plus reconnaissables du football f\u00e9minin, tandis que Mewis a \u00e9t\u00e9 une partie r\u00e9guli\u00e8re de l'\u00e9quipe des \u00c9tats-Unis et a jou\u00e9 \u00e0 la fois en NWSL et en Angleterre.<\/p>\n<p>Maintenant, avec la c\u00e9r\u00e9monie tenue en Australie et la nouvelle confirm\u00e9e publiquement par Kerr, le couple a marqu\u00e9 un nouveau chapitre ensemble loin des projecteurs des jours de match.<\/p>","protected":false},"excerpt":{"rendered":"<p>Sam Kerr has married long-time partner Kristie Mewis, with the Chelsea striker confirming the news in a social media post. [&hellip;]<\/p>\n","protected":false},"author":3,"featured_media":1609,"comment_status":"","ping_status":"open","sticky":false,"template":"","format":"standard","meta":{"googlesitekit_rrm_CAow_uzEDA:productID":"","site-sidebar-layout":"default","site-content-layout":"","ast-site-content-layout":"default","site-content-style":"default","site-sidebar-style":"default","ast-global-header-display":"","ast-banner-title-visibility":"","ast-main-header-display":"","ast-hfb-above-header-display":"","ast-hfb-below-header-display":"","ast-hfb-mobile-header-display":"","site-post-title":"","ast-breadcrumbs-content":"","ast-featured-img":"","footer-sml-layout":"","ast-disable-related-posts":"","theme-transparent-header-meta":"","adv-header-id-meta":"","stick-header-meta":"","header-above-stick-meta":"","header-main-stick-meta":"","header-below-stick-meta":"","astra-migrate-meta-layouts":"default","ast-page-background-enabled":"default","ast-page-background-meta":{"desktop":{"background-color":"var(--ast-global-color-5)","background-image":"","background-repeat":"repeat","background-position":"center center","background-size":"auto","background-attachment":"scroll","background-type":"","background-media":"","overlay-type":"","overlay-color":"","overlay-opacity":"","overlay-gradient":""},"tablet":{"background-color":"","background-image":"","background-repeat":"repeat","background-position":"center center","background-size":"auto","background-attachment":"scroll","background-type":"","background-media":"","overlay-type":"","overlay-color":"","overlay-opacity":"","overlay-gradient":""},"mobile":{"background-color":"","background-image":"","background-repeat":"repeat","background-position":"center center","background-size":"auto","background-attachment":"scroll","background-type":"","background-media":"","overlay-type":"","overlay-color":"","overlay-opacity":"","overlay-gradient":""}},"ast-content-background-meta":{"desktop":{"background-color":"var(--ast-global-color-4)","background-image":"","background-repeat":"repeat","background-position":"center center","background-size":"auto","background-attachment":"scroll","background-type":"","background-media":"","overlay-type":"","overlay-color":"","overlay-opacity":"","overlay-gradient":""},"tablet":{"background-color":"var(--ast-global-color-4)","background-image":"","background-repeat":"repeat","background-position":"center center","background-size":"auto","background-attachment":"scroll","background-type":"","background-media":"","overlay-type":"","overlay-color":"","overlay-opacity":"","overlay-gradient":""},"mobile":{"background-color":"var(--ast-global-color-4)","background-image":"","background-repeat":"repeat","background-position":"center center","background-size":"auto","background-attachment":"scroll","background-type":"","background-media":"","overlay-type":"","overlay-color":"","overlay-opacity":"","overlay-gradient":""}},"footnotes":""},"categories":[20,1],"tags":[],"class_list":["post-1610","post","type-post","status-publish","format-standard","has-post-thumbnail","hentry","category-international","category-football-latest-news"],"yoast_head":"<!-- This site is optimized with the Yoast SEO Premium plugin v26.6 (Yoast SEO v27.5) - https:\/\/yoast.com\/product\/yoast-seo-premium-wordpress\/ -->\n<title>Sam Kerr marries Kristie Mewis in Australia - Bladna News<\/title>\n<meta name=\"robots\" content=\"index, follow, max-snippet:-1, max-image-preview:large, max-video-preview:-1\" \/>\n<link rel=\"canonical\" href=\"https:\/\/bladnanews.com\/fr\/sam-kerr-epouse-kristie-mewis-en-australie\/\" \/>\n<meta property=\"og:locale\" content=\"fr_FR\" \/>\n<meta property=\"og:type\" content=\"article\" \/>\n<meta property=\"og:title\" content=\"Sam Kerr marries Kristie Mewis in Australia\" \/>\n<meta property=\"og:description\" content=\"Sam Kerr has married long-time partner Kristie Mewis, with the Chelsea striker confirming the news in a social media post. [&hellip;]\" \/>\n<meta property=\"og:url\" content=\"https:\/\/bladnanews.com\/fr\/sam-kerr-epouse-kristie-mewis-en-australie\/\" \/>\n<meta property=\"og:site_name\" content=\"Bladna News\" \/>\n<meta property=\"article:published_time\" content=\"2026-01-03T16:03:01+00:00\" \/>\n<meta property=\"og:image\" content=\"https:\/\/bladnanews.com\/wp-content\/uploads\/2026\/01\/BladnaNews-Sam-Kerr-marries-Kristie-Mewis-in-Australia-2026-01-03T175050.813Z-scaled.jpg\" \/>\n\t<meta property=\"og:image:width\" content=\"2560\" \/>\n\t<meta property=\"og:image:height\" content=\"1440\" \/>\n\t<meta property=\"og:image:type\" content=\"image\/jpeg\" \/>\n<meta name=\"author\" content=\"Bladna News Staff\" \/>\n<meta name=\"twitter:card\" content=\"summary_large_image\" \/>\n<meta name=\"twitter:label1\" content=\"\u00c9crit par\" \/>\n\t<meta name=\"twitter:data1\" content=\"Bladna News Staff\" \/>\n\t<meta name=\"twitter:label2\" content=\"Dur\u00e9e de lecture estim\u00e9e\" \/>\n\t<meta name=\"twitter:data2\" content=\"1 minute\" \/>\n<script type=\"application\/ld+json\" class=\"yoast-schema-graph\">{\"@context\":\"https:\\\/\\\/schema.org\",\"@graph\":[{\"@type\":\"Article\",\"@id\":\"https:\\\/\\\/bladnanews.com\\\/sam-kerr-marries-kristie-mewis-in-australia\\\/#article\",\"isPartOf\":{\"@id\":\"https:\\\/\\\/bladnanews.com\\\/sam-kerr-marries-kristie-mewis-in-australia\\\/\"},\"author\":{\"name\":\"Bladna News Staff\",\"@id\":\"https:\\\/\\\/mediumseagreen-eel-531711.hostingersite.com\\\/#\\\/schema\\\/person\\\/268e18a453ab080ebf76df6ef7845083\"},\"headline\":\"Sam Kerr marries Kristie Mewis in Australia\",\"datePublished\":\"2026-01-03T16:03:01+00:00\",\"mainEntityOfPage\":{\"@id\":\"https:\\\/\\\/bladnanews.com\\\/sam-kerr-marries-kristie-mewis-in-australia\\\/\"},\"wordCount\":218,\"publisher\":{\"@id\":\"https:\\\/\\\/mediumseagreen-eel-531711.hostingersite.com\\\/#organization\"},\"image\":{\"@id\":\"https:\\\/\\\/bladnanews.com\\\/sam-kerr-marries-kristie-mewis-in-australia\\\/#primaryimage\"},\"thumbnailUrl\":\"https:\\\/\\\/bladnanews.com\\\/wp-content\\\/uploads\\\/2026\\\/01\\\/BladnaNews-Sam-Kerr-marries-Kristie-Mewis-in-Australia-2026-01-03T175050.813Z.jpg\",\"articleSection\":[\"International\",\"Latest News\"],\"inLanguage\":\"fr-FR\",\"copyrightYear\":\"2026\",\"copyrightHolder\":{\"@id\":\"https:\\\/\\\/bladnanews.com\\\/fr\\\/#organization\"}},{\"@type\":\"WebPage\",\"@id\":\"https:\\\/\\\/bladnanews.com\\\/sam-kerr-marries-kristie-mewis-in-australia\\\/\",\"url\":\"https:\\\/\\\/bladnanews.com\\\/sam-kerr-marries-kristie-mewis-in-australia\\\/\",\"name\":\"Sam Kerr marries Kristie Mewis in Australia - Bladna News\",\"isPartOf\":{\"@id\":\"https:\\\/\\\/mediumseagreen-eel-531711.hostingersite.com\\\/#website\"},\"primaryImageOfPage\":{\"@id\":\"https:\\\/\\\/bladnanews.com\\\/sam-kerr-marries-kristie-mewis-in-australia\\\/#primaryimage\"},\"image\":{\"@id\":\"https:\\\/\\\/bladnanews.com\\\/sam-kerr-marries-kristie-mewis-in-australia\\\/#primaryimage\"},\"thumbnailUrl\":\"https:\\\/\\\/bladnanews.com\\\/wp-content\\\/uploads\\\/2026\\\/01\\\/BladnaNews-Sam-Kerr-marries-Kristie-Mewis-in-Australia-2026-01-03T175050.813Z.jpg\",\"datePublished\":\"2026-01-03T16:03:01+00:00\",\"breadcrumb\":{\"@id\":\"https:\\\/\\\/bladnanews.com\\\/sam-kerr-marries-kristie-mewis-in-australia\\\/#breadcrumb\"},\"inLanguage\":\"fr-FR\",\"potentialAction\":[{\"@type\":\"ReadAction\",\"target\":[\"https:\\\/\\\/bladnanews.com\\\/sam-kerr-marries-kristie-mewis-in-australia\\\/\"]}]},{\"@type\":\"ImageObject\",\"inLanguage\":\"fr-FR\",\"@id\":\"https:\\\/\\\/bladnanews.com\\\/sam-kerr-marries-kristie-mewis-in-australia\\\/#primaryimage\",\"url\":\"https:\\\/\\\/bladnanews.com\\\/wp-content\\\/uploads\\\/2026\\\/01\\\/BladnaNews-Sam-Kerr-marries-Kristie-Mewis-in-Australia-2026-01-03T175050.813Z.jpg\",\"contentUrl\":\"https:\\\/\\\/bladnanews.com\\\/wp-content\\\/uploads\\\/2026\\\/01\\\/BladnaNews-Sam-Kerr-marries-Kristie-Mewis-in-Australia-2026-01-03T175050.813Z.jpg\",\"width\":2560,\"height\":1440,\"caption\":\"Sam Kerr and Kristie Mewis pose together at a glamorous event, smiling in stylish outfits against a dark branded backdrop.\"},{\"@type\":\"BreadcrumbList\",\"@id\":\"https:\\\/\\\/bladnanews.com\\\/sam-kerr-marries-kristie-mewis-in-australia\\\/#breadcrumb\",\"itemListElement\":[{\"@type\":\"ListItem\",\"position\":1,\"name\":\"Home\",\"item\":\"https:\\\/\\\/bladnanews.com\\\/\"},{\"@type\":\"ListItem\",\"position\":2,\"name\":\"Sam Kerr marries Kristie Mewis in Australia\"}]},{\"@type\":\"WebSite\",\"@id\":\"https:\\\/\\\/mediumseagreen-eel-531711.hostingersite.com\\\/#website\",\"url\":\"https:\\\/\\\/mediumseagreen-eel-531711.hostingersite.com\\\/\",\"name\":\"Bladna News - Morocco\",\"description\":\"Where Moroccan Football Meets the World\",\"publisher\":{\"@id\":\"https:\\\/\\\/mediumseagreen-eel-531711.hostingersite.com\\\/#organization\"},\"potentialAction\":[{\"@type\":\"SearchAction\",\"target\":{\"@type\":\"EntryPoint\",\"urlTemplate\":\"https:\\\/\\\/mediumseagreen-eel-531711.hostingersite.com\\\/?s={search_term_string}\"},\"query-input\":{\"@type\":\"PropertyValueSpecification\",\"valueRequired\":true,\"valueName\":\"search_term_string\"}}],\"inLanguage\":\"fr-FR\"},{\"@type\":\"Organization\",\"@id\":\"https:\\\/\\\/mediumseagreen-eel-531711.hostingersite.com\\\/#organization\",\"name\":\"Bladna News.com\",\"url\":\"https:\\\/\\\/mediumseagreen-eel-531711.hostingersite.com\\\/\",\"logo\":{\"@type\":\"ImageObject\",\"inLanguage\":\"fr-FR\",\"@id\":\"https:\\\/\\\/mediumseagreen-eel-531711.hostingersite.com\\\/#\\\/schema\\\/logo\\\/image\\\/\",\"url\":\"https:\\\/\\\/bladnanews.com\\\/wp-content\\\/uploads\\\/2025\\\/12\\\/logo-bladnanews-V2-web-black-red.png\",\"contentUrl\":\"https:\\\/\\\/bladnanews.com\\\/wp-content\\\/uploads\\\/2025\\\/12\\\/logo-bladnanews-V2-web-black-red.png\",\"width\":703,\"height\":287,\"caption\":\"Bladna News.com\"},\"image\":{\"@id\":\"https:\\\/\\\/mediumseagreen-eel-531711.hostingersite.com\\\/#\\\/schema\\\/logo\\\/image\\\/\"},\"email\":\"info@bladnanews.com\",\"legalName\":\"Bladna News\"},{\"@type\":\"Person\",\"@id\":\"https:\\\/\\\/mediumseagreen-eel-531711.hostingersite.com\\\/#\\\/schema\\\/person\\\/268e18a453ab080ebf76df6ef7845083\",\"name\":\"Bladna News Staff\",\"url\":\"https:\\\/\\\/bladnanews.com\\\/fr\\\/author\\\/bladna-news-staff\\\/\"}]}<\/script>\n<!-- \/ Yoast SEO Premium plugin. -->","yoast_head_json":{"title":"Sam Kerr \u00e9pouse Kristie Mewis en Australie - Bladna News","robots":{"index":"index","follow":"follow","max-snippet":"max-snippet:-1","max-image-preview":"max-image-preview:large","max-video-preview":"max-video-preview:-1"},"canonical":"https:\/\/bladnanews.com\/fr\/sam-kerr-epouse-kristie-mewis-en-australie\/","og_locale":"fr_FR","og_type":"article","og_title":"Sam Kerr marries Kristie Mewis in Australia","og_description":"Sam Kerr has married long-time partner Kristie Mewis, with the Chelsea striker confirming the news in a social media post. [&hellip;]","og_url":"https:\/\/bladnanews.com\/fr\/sam-kerr-epouse-kristie-mewis-en-australie\/","og_site_name":"Bladna News","article_published_time":"2026-01-03T16:03:01+00:00","og_image":[{"width":2560,"height":1440,"url":"https:\/\/bladnanews.com\/wp-content\/uploads\/2026\/01\/BladnaNews-Sam-Kerr-marries-Kristie-Mewis-in-Australia-2026-01-03T175050.813Z-scaled.jpg","type":"image\/jpeg"}],"author":"Bladna News Staff","twitter_card":"summary_large_image","twitter_misc":{"\u00c9crit par":"Bladna News Staff","Dur\u00e9e de lecture estim\u00e9e":"1 minute"},"schema":{"@context":"https:\/\/schema.org","@graph":[{"@type":"Article","@id":"https:\/\/bladnanews.com\/sam-kerr-marries-kristie-mewis-in-australia\/#article","isPartOf":{"@id":"https:\/\/bladnanews.com\/sam-kerr-marries-kristie-mewis-in-australia\/"},"author":{"name":"Bladna News Staff","@id":"https:\/\/mediumseagreen-eel-531711.hostingersite.com\/#\/schema\/person\/268e18a453ab080ebf76df6ef7845083"},"headline":"Sam Kerr marries Kristie Mewis in Australia","datePublished":"2026-01-03T16:03:01+00:00","mainEntityOfPage":{"@id":"https:\/\/bladnanews.com\/sam-kerr-marries-kristie-mewis-in-australia\/"},"wordCount":218,"publisher":{"@id":"https:\/\/mediumseagreen-eel-531711.hostingersite.com\/#organization"},"image":{"@id":"https:\/\/bladnanews.com\/sam-kerr-marries-kristie-mewis-in-australia\/#primaryimage"},"thumbnailUrl":"https:\/\/bladnanews.com\/wp-content\/uploads\/2026\/01\/BladnaNews-Sam-Kerr-marries-Kristie-Mewis-in-Australia-2026-01-03T175050.813Z.jpg","articleSection":["International","Latest News"],"inLanguage":"fr-FR","copyrightYear":"2026","copyrightHolder":{"@id":"https:\/\/bladnanews.com\/fr\/#organization"}},{"@type":"WebPage","@id":"https:\/\/bladnanews.com\/sam-kerr-marries-kristie-mewis-in-australia\/","url":"https:\/\/bladnanews.com\/sam-kerr-marries-kristie-mewis-in-australia\/","name":"Sam Kerr \u00e9pouse Kristie Mewis en Australie - Bladna News","isPartOf":{"@id":"https:\/\/mediumseagreen-eel-531711.hostingersite.com\/#website"},"primaryImageOfPage":{"@id":"https:\/\/bladnanews.com\/sam-kerr-marries-kristie-mewis-in-australia\/#primaryimage"},"image":{"@id":"https:\/\/bladnanews.com\/sam-kerr-marries-kristie-mewis-in-australia\/#primaryimage"},"thumbnailUrl":"https:\/\/bladnanews.com\/wp-content\/uploads\/2026\/01\/BladnaNews-Sam-Kerr-marries-Kristie-Mewis-in-Australia-2026-01-03T175050.813Z.jpg","datePublished":"2026-01-03T16:03:01+00:00","breadcrumb":{"@id":"https:\/\/bladnanews.com\/sam-kerr-marries-kristie-mewis-in-australia\/#breadcrumb"},"inLanguage":"fr-FR","potentialAction":[{"@type":"ReadAction","target":["https:\/\/bladnanews.com\/sam-kerr-marries-kristie-mewis-in-australia\/"]}]},{"@type":"ImageObject","inLanguage":"fr-FR","@id":"https:\/\/bladnanews.com\/sam-kerr-marries-kristie-mewis-in-australia\/#primaryimage","url":"https:\/\/bladnanews.com\/wp-content\/uploads\/2026\/01\/BladnaNews-Sam-Kerr-marries-Kristie-Mewis-in-Australia-2026-01-03T175050.813Z.jpg","contentUrl":"https:\/\/bladnanews.com\/wp-content\/uploads\/2026\/01\/BladnaNews-Sam-Kerr-marries-Kristie-Mewis-in-Australia-2026-01-03T175050.813Z.jpg","width":2560,"height":1440,"caption":"Sam Kerr and Kristie Mewis pose together at a glamorous event, smiling in stylish outfits against a dark branded backdrop."},{"@type":"BreadcrumbList","@id":"https:\/\/bladnanews.com\/sam-kerr-marries-kristie-mewis-in-australia\/#breadcrumb","itemListElement":[{"@type":"ListItem","position":1,"name":"Home","item":"https:\/\/bladnanews.com\/"},{"@type":"ListItem","position":2,"name":"Sam Kerr marries Kristie Mewis in Australia"}]},{"@type":"WebSite","@id":"https:\/\/mediumseagreen-eel-531711.hostingersite.com\/#website","url":"https:\/\/mediumseagreen-eel-531711.hostingersite.com\/","name":"Bladna News - Maroc","description":"Quand le football marocain rencontre le monde","publisher":{"@id":"https:\/\/mediumseagreen-eel-531711.hostingersite.com\/#organization"},"potentialAction":[{"@type":"SearchAction","target":{"@type":"EntryPoint","urlTemplate":"https:\/\/mediumseagreen-eel-531711.hostingersite.com\/?s={search_term_string}"},"query-input":{"@type":"PropertyValueSpecification","valueRequired":true,"valueName":"search_term_string"}}],"inLanguage":"fr-FR"},{"@type":"Organization","@id":"https:\/\/mediumseagreen-eel-531711.hostingersite.com\/#organization","name":"Bladna News.com","url":"https:\/\/mediumseagreen-eel-531711.hostingersite.com\/","logo":{"@type":"ImageObject","inLanguage":"fr-FR","@id":"https:\/\/mediumseagreen-eel-531711.hostingersite.com\/#\/schema\/logo\/image\/","url":"https:\/\/bladnanews.com\/wp-content\/uploads\/2025\/12\/logo-bladnanews-V2-web-black-red.png","contentUrl":"https:\/\/bladnanews.com\/wp-content\/uploads\/2025\/12\/logo-bladnanews-V2-web-black-red.png","width":703,"height":287,"caption":"Bladna News.com"},"image":{"@id":"https:\/\/mediumseagreen-eel-531711.hostingersite.com\/#\/schema\/logo\/image\/"},"email":"info@bladnanews.com","legalName":"Bladna News"},{"@type":"Person","@id":"https:\/\/mediumseagreen-eel-531711.hostingersite.com\/#\/schema\/person\/268e18a453ab080ebf76df6ef7845083","name":"\u00c9quipe r\u00e9dactionnelle de Bladna News","url":"https:\/\/bladnanews.com\/fr\/author\/bladna-news-staff\/"}]}},"_links":{"self":[{"href":"https:\/\/bladnanews.com\/fr\/wp-json\/wp\/v2\/posts\/1610","targetHints":{"allow":["GET"]}}],"collection":[{"href":"https:\/\/bladnanews.com\/fr\/wp-json\/wp\/v2\/posts"}],"about":[{"href":"https:\/\/bladnanews.com\/fr\/wp-json\/wp\/v2\/types\/post"}],"author":[{"embeddable":true,"href":"https:\/\/bladnanews.com\/fr\/wp-json\/wp\/v2\/users\/3"}],"replies":[{"embeddable":true,"href":"https:\/\/bladnanews.com\/fr\/wp-json\/wp\/v2\/comments?post=1610"}],"version-history":[{"count":0,"href":"https:\/\/bladnanews.com\/fr\/wp-json\/wp\/v2\/posts\/1610\/revisions"}],"wp:featuredmedia":[{"embeddable":true,"href":"https:\/\/bladnanews.com\/fr\/wp-json\/wp\/v2\/media\/1609"}],"wp:attachment":[{"href":"https:\/\/bladnanews.com\/fr\/wp-json\/wp\/v2\/media?parent=1610"}],"wp:term":[{"taxonomy":"category","embeddable":true,"href":"https:\/\/bladnanews.com\/fr\/wp-json\/wp\/v2\/categories?post=1610"},{"taxonomy":"post_tag","embeddable":true,"href":"https:\/\/bladnanews.com\/fr\/wp-json\/wp\/v2\/tags?post=1610"}],"curies":[{"name":"wp","href":"https:\/\/api.w.org\/{rel}","templated":true}]}}