{"id":1612,"date":"2026-01-03T16:27:53","date_gmt":"2026-01-03T16:27:53","guid":{"rendered":"https:\/\/bladnanews.com\/brighton-chief-dismisses-carlos-baleba-man-utd-transfer-talk\/"},"modified":"2026-01-03T16:27:53","modified_gmt":"2026-01-03T16:27:53","slug":"le-directeur-de-brighton-rejette-les-rumeurs-de-transfert-de-carlos-baleba-a-manchester-united","status":"publish","type":"post","link":"https:\/\/bladnanews.com\/fr\/le-directeur-de-brighton-rejette-les-rumeurs-de-transfert-de-carlos-baleba-a-manchester-united\/","title":{"rendered":"Le directeur de Brighton rejette les rumeurs de transfert de Carlos Baleba vers Manchester United."},"content":{"rendered":"<p>Brighton a pris les devants pour mettre fin aux rumeurs croissantes associant Carlos Baleba \u00e0 un transfert \u00e0 prix d'or vers Manchester United, un responsable important du club insistant sur le fait que le milieu de terrain n'est pas \u00e0 vendre.<\/p>\n<p>Baleba est largement cit\u00e9 comme une cible de long terme pour United, des rapports sugg\u00e9rant que Brighton pourrait exiger jusqu'\u00e0 100 millions de livres sterling pour le joueur de 20 ans s'ils \u00e9taient un jour contraints \u00e0 n\u00e9gocier. L'ascension de l'international camerounais depuis son arriv\u00e9e sur la c\u00f4te sud n'a fait qu'attiser les sp\u00e9culations.<\/p>\n<p>Cependant, la direction de Brighton a d\u00e9sormais d\u00e9livr\u00e9 un message clair concernant l'avenir de Baleba, balayant le bruit m\u00e9diatique sur un transfert et r\u00e9affirmant la position du club. Ces commentaires constituaient une r\u00e9ponse directe \u00e0 l'int\u00e9r\u00eat grandissant autour de l'un des jeunes joueurs cl\u00e9s de Brighton et soulignaient qu'il n'y avait aucun changement dans leur position.<\/p>\n<p>Baleba a rejoint Brighton depuis Lille et est progressivement devenu un \u00e9l\u00e9ment central des options au milieu de terrain du club, attirant l'attention gr\u00e2ce \u00e0 ses qualit\u00e9s athl\u00e9tiques, sa capacit\u00e9 \u00e0 transporter le ballon et son sang-froid en possession. Cette \u00e9volution l'a in\u00e9vitablement plac\u00e9 sur le radar des plus grands clubs d'Europe, Manchester United \u00e9tant l'un des plus fr\u00e9quemment mentionn\u00e9s.<\/p>\n<p>Mais la direction de Brighton a clairement indiqu\u00e9 qu'elle n'envisageait pas d'offres, malgr\u00e9 les montants \u00e9voqu\u00e9s et le niveau d'int\u00e9r\u00eat rapport\u00e9. Pour l'instant, le message du club est que Baleba reste un \u00e9l\u00e9ment important de leurs projets et qu'il est cens\u00e9 poursuivre sa progression \u00e0 l'Amex.<\/p>","protected":false},"excerpt":{"rendered":"<p>Brighton have moved to shut down the growing talk linking Carlos Baleba with a big-money move to Manchester United, with [&hellip;]<\/p>\n","protected":false},"author":3,"featured_media":1611,"comment_status":"","ping_status":"open","sticky":false,"template":"","format":"standard","meta":{"googlesitekit_rrm_CAow_uzEDA:productID":"","site-sidebar-layout":"default","site-content-layout":"","ast-site-content-layout":"default","site-content-style":"default","site-sidebar-style":"default","ast-global-header-display":"","ast-banner-title-visibility":"","ast-main-header-display":"","ast-hfb-above-header-display":"","ast-hfb-below-header-display":"","ast-hfb-mobile-header-display":"","site-post-title":"","ast-breadcrumbs-content":"","ast-featured-img":"","footer-sml-layout":"","ast-disable-related-posts":"","theme-transparent-header-meta":"","adv-header-id-meta":"","stick-header-meta":"","header-above-stick-meta":"","header-main-stick-meta":"","header-below-stick-meta":"","astra-migrate-meta-layouts":"default","ast-page-background-enabled":"default","ast-page-background-meta":{"desktop":{"background-color":"var(--ast-global-color-5)","background-image":"","background-repeat":"repeat","background-position":"center center","background-size":"auto","background-attachment":"scroll","background-type":"","background-media":"","overlay-type":"","overlay-color":"","overlay-opacity":"","overlay-gradient":""},"tablet":{"background-color":"","background-image":"","background-repeat":"repeat","background-position":"center center","background-size":"auto","background-attachment":"scroll","background-type":"","background-media":"","overlay-type":"","overlay-color":"","overlay-opacity":"","overlay-gradient":""},"mobile":{"background-color":"","background-image":"","background-repeat":"repeat","background-position":"center center","background-size":"auto","background-attachment":"scroll","background-type":"","background-media":"","overlay-type":"","overlay-color":"","overlay-opacity":"","overlay-gradient":""}},"ast-content-background-meta":{"desktop":{"background-color":"var(--ast-global-color-4)","background-image":"","background-repeat":"repeat","background-position":"center center","background-size":"auto","background-attachment":"scroll","background-type":"","background-media":"","overlay-type":"","overlay-color":"","overlay-opacity":"","overlay-gradient":""},"tablet":{"background-color":"var(--ast-global-color-4)","background-image":"","background-repeat":"repeat","background-position":"center center","background-size":"auto","background-attachment":"scroll","background-type":"","background-media":"","overlay-type":"","overlay-color":"","overlay-opacity":"","overlay-gradient":""},"mobile":{"background-color":"var(--ast-global-color-4)","background-image":"","background-repeat":"repeat","background-position":"center center","background-size":"auto","background-attachment":"scroll","background-type":"","background-media":"","overlay-type":"","overlay-color":"","overlay-opacity":"","overlay-gradient":""}},"footnotes":""},"categories":[20,1],"tags":[],"class_list":["post-1612","post","type-post","status-publish","format-standard","has-post-thumbnail","hentry","category-international","category-football-latest-news"],"yoast_head":"<!-- This site is optimized with the Yoast SEO Premium plugin v26.6 (Yoast SEO v27.5) - https:\/\/yoast.com\/product\/yoast-seo-premium-wordpress\/ -->\n<title>Brighton chief dismisses Carlos Baleba Man Utd transfer talk - Bladna News<\/title>\n<meta name=\"robots\" content=\"index, follow, max-snippet:-1, max-image-preview:large, max-video-preview:-1\" \/>\n<link rel=\"canonical\" href=\"https:\/\/bladnanews.com\/fr\/le-directeur-de-brighton-rejette-les-rumeurs-de-transfert-de-carlos-baleba-a-manchester-united\/\" \/>\n<meta property=\"og:locale\" content=\"fr_FR\" \/>\n<meta property=\"og:type\" content=\"article\" \/>\n<meta property=\"og:title\" content=\"Brighton chief dismisses Carlos Baleba Man Utd transfer talk\" \/>\n<meta property=\"og:description\" content=\"Brighton have moved to shut down the growing talk linking Carlos Baleba with a big-money move to Manchester United, with [&hellip;]\" \/>\n<meta property=\"og:url\" content=\"https:\/\/bladnanews.com\/fr\/le-directeur-de-brighton-rejette-les-rumeurs-de-transfert-de-carlos-baleba-a-manchester-united\/\" \/>\n<meta property=\"og:site_name\" content=\"Bladna News\" \/>\n<meta property=\"article:published_time\" content=\"2026-01-03T16:27:53+00:00\" \/>\n<meta property=\"og:image\" content=\"https:\/\/bladnanews.com\/wp-content\/uploads\/2026\/01\/BladnaNews-Brighton-chief-dismisses-Carlos-Baleba-Man-Utd-transfer-talk-2026-01-03T175107.882Z.jpg\" \/>\n\t<meta property=\"og:image:width\" content=\"1600\" \/>\n\t<meta property=\"og:image:height\" content=\"900\" \/>\n\t<meta property=\"og:image:type\" content=\"image\/jpeg\" \/>\n<meta name=\"author\" content=\"Bladna News Staff\" \/>\n<meta name=\"twitter:card\" content=\"summary_large_image\" \/>\n<meta name=\"twitter:label1\" content=\"\u00c9crit par\" \/>\n\t<meta name=\"twitter:data1\" content=\"Bladna News Staff\" \/>\n\t<meta name=\"twitter:label2\" content=\"Dur\u00e9e de lecture estim\u00e9e\" \/>\n\t<meta name=\"twitter:data2\" content=\"1 minute\" \/>\n<script type=\"application\/ld+json\" class=\"yoast-schema-graph\">{\"@context\":\"https:\\\/\\\/schema.org\",\"@graph\":[{\"@type\":\"Article\",\"@id\":\"https:\\\/\\\/bladnanews.com\\\/brighton-chief-dismisses-carlos-baleba-man-utd-transfer-talk\\\/#article\",\"isPartOf\":{\"@id\":\"https:\\\/\\\/bladnanews.com\\\/brighton-chief-dismisses-carlos-baleba-man-utd-transfer-talk\\\/\"},\"author\":{\"name\":\"Bladna News Staff\",\"@id\":\"https:\\\/\\\/mediumseagreen-eel-531711.hostingersite.com\\\/#\\\/schema\\\/person\\\/268e18a453ab080ebf76df6ef7845083\"},\"headline\":\"Brighton chief dismisses Carlos Baleba Man Utd transfer talk\",\"datePublished\":\"2026-01-03T16:27:53+00:00\",\"mainEntityOfPage\":{\"@id\":\"https:\\\/\\\/bladnanews.com\\\/brighton-chief-dismisses-carlos-baleba-man-utd-transfer-talk\\\/\"},\"wordCount\":242,\"publisher\":{\"@id\":\"https:\\\/\\\/mediumseagreen-eel-531711.hostingersite.com\\\/#organization\"},\"image\":{\"@id\":\"https:\\\/\\\/bladnanews.com\\\/brighton-chief-dismisses-carlos-baleba-man-utd-transfer-talk\\\/#primaryimage\"},\"thumbnailUrl\":\"https:\\\/\\\/bladnanews.com\\\/wp-content\\\/uploads\\\/2026\\\/01\\\/BladnaNews-Brighton-chief-dismisses-Carlos-Baleba-Man-Utd-transfer-talk-2026-01-03T175107.882Z.jpg\",\"articleSection\":[\"International\",\"Latest News\"],\"inLanguage\":\"fr-FR\",\"copyrightYear\":\"2026\",\"copyrightHolder\":{\"@id\":\"https:\\\/\\\/bladnanews.com\\\/fr\\\/#organization\"}},{\"@type\":\"WebPage\",\"@id\":\"https:\\\/\\\/bladnanews.com\\\/brighton-chief-dismisses-carlos-baleba-man-utd-transfer-talk\\\/\",\"url\":\"https:\\\/\\\/bladnanews.com\\\/brighton-chief-dismisses-carlos-baleba-man-utd-transfer-talk\\\/\",\"name\":\"Brighton chief dismisses Carlos Baleba Man Utd transfer talk - Bladna News\",\"isPartOf\":{\"@id\":\"https:\\\/\\\/mediumseagreen-eel-531711.hostingersite.com\\\/#website\"},\"primaryImageOfPage\":{\"@id\":\"https:\\\/\\\/bladnanews.com\\\/brighton-chief-dismisses-carlos-baleba-man-utd-transfer-talk\\\/#primaryimage\"},\"image\":{\"@id\":\"https:\\\/\\\/bladnanews.com\\\/brighton-chief-dismisses-carlos-baleba-man-utd-transfer-talk\\\/#primaryimage\"},\"thumbnailUrl\":\"https:\\\/\\\/bladnanews.com\\\/wp-content\\\/uploads\\\/2026\\\/01\\\/BladnaNews-Brighton-chief-dismisses-Carlos-Baleba-Man-Utd-transfer-talk-2026-01-03T175107.882Z.jpg\",\"datePublished\":\"2026-01-03T16:27:53+00:00\",\"breadcrumb\":{\"@id\":\"https:\\\/\\\/bladnanews.com\\\/brighton-chief-dismisses-carlos-baleba-man-utd-transfer-talk\\\/#breadcrumb\"},\"inLanguage\":\"fr-FR\",\"potentialAction\":[{\"@type\":\"ReadAction\",\"target\":[\"https:\\\/\\\/bladnanews.com\\\/brighton-chief-dismisses-carlos-baleba-man-utd-transfer-talk\\\/\"]}]},{\"@type\":\"ImageObject\",\"inLanguage\":\"fr-FR\",\"@id\":\"https:\\\/\\\/bladnanews.com\\\/brighton-chief-dismisses-carlos-baleba-man-utd-transfer-talk\\\/#primaryimage\",\"url\":\"https:\\\/\\\/bladnanews.com\\\/wp-content\\\/uploads\\\/2026\\\/01\\\/BladnaNews-Brighton-chief-dismisses-Carlos-Baleba-Man-Utd-transfer-talk-2026-01-03T175107.882Z.jpg\",\"contentUrl\":\"https:\\\/\\\/bladnanews.com\\\/wp-content\\\/uploads\\\/2026\\\/01\\\/BladnaNews-Brighton-chief-dismisses-Carlos-Baleba-Man-Utd-transfer-talk-2026-01-03T175107.882Z.jpg\",\"width\":1600,\"height\":900,\"caption\":\"Carlos Baleba in Brighton's blue kit, gesturing during a match, with the American Express logo clearly visible.\"},{\"@type\":\"BreadcrumbList\",\"@id\":\"https:\\\/\\\/bladnanews.com\\\/brighton-chief-dismisses-carlos-baleba-man-utd-transfer-talk\\\/#breadcrumb\",\"itemListElement\":[{\"@type\":\"ListItem\",\"position\":1,\"name\":\"Home\",\"item\":\"https:\\\/\\\/bladnanews.com\\\/\"},{\"@type\":\"ListItem\",\"position\":2,\"name\":\"Brighton chief dismisses Carlos Baleba Man Utd transfer talk\"}]},{\"@type\":\"WebSite\",\"@id\":\"https:\\\/\\\/mediumseagreen-eel-531711.hostingersite.com\\\/#website\",\"url\":\"https:\\\/\\\/mediumseagreen-eel-531711.hostingersite.com\\\/\",\"name\":\"Bladna News - Morocco\",\"description\":\"Where Moroccan Football Meets the World\",\"publisher\":{\"@id\":\"https:\\\/\\\/mediumseagreen-eel-531711.hostingersite.com\\\/#organization\"},\"potentialAction\":[{\"@type\":\"SearchAction\",\"target\":{\"@type\":\"EntryPoint\",\"urlTemplate\":\"https:\\\/\\\/mediumseagreen-eel-531711.hostingersite.com\\\/?s={search_term_string}\"},\"query-input\":{\"@type\":\"PropertyValueSpecification\",\"valueRequired\":true,\"valueName\":\"search_term_string\"}}],\"inLanguage\":\"fr-FR\"},{\"@type\":\"Organization\",\"@id\":\"https:\\\/\\\/mediumseagreen-eel-531711.hostingersite.com\\\/#organization\",\"name\":\"Bladna News.com\",\"url\":\"https:\\\/\\\/mediumseagreen-eel-531711.hostingersite.com\\\/\",\"logo\":{\"@type\":\"ImageObject\",\"inLanguage\":\"fr-FR\",\"@id\":\"https:\\\/\\\/mediumseagreen-eel-531711.hostingersite.com\\\/#\\\/schema\\\/logo\\\/image\\\/\",\"url\":\"https:\\\/\\\/bladnanews.com\\\/wp-content\\\/uploads\\\/2025\\\/12\\\/logo-bladnanews-V2-web-black-red.png\",\"contentUrl\":\"https:\\\/\\\/bladnanews.com\\\/wp-content\\\/uploads\\\/2025\\\/12\\\/logo-bladnanews-V2-web-black-red.png\",\"width\":703,\"height\":287,\"caption\":\"Bladna News.com\"},\"image\":{\"@id\":\"https:\\\/\\\/mediumseagreen-eel-531711.hostingersite.com\\\/#\\\/schema\\\/logo\\\/image\\\/\"},\"email\":\"info@bladnanews.com\",\"legalName\":\"Bladna News\"},{\"@type\":\"Person\",\"@id\":\"https:\\\/\\\/mediumseagreen-eel-531711.hostingersite.com\\\/#\\\/schema\\\/person\\\/268e18a453ab080ebf76df6ef7845083\",\"name\":\"Bladna News Staff\",\"url\":\"https:\\\/\\\/bladnanews.com\\\/fr\\\/author\\\/bladna-news-staff\\\/\"}]}<\/script>\n<!-- \/ Yoast SEO Premium plugin. -->","yoast_head_json":{"title":"Le directeur de Brighton rejette les rumeurs de transfert de Carlos Baleba vers Manchester United - Bladna News","robots":{"index":"index","follow":"follow","max-snippet":"max-snippet:-1","max-image-preview":"max-image-preview:large","max-video-preview":"max-video-preview:-1"},"canonical":"https:\/\/bladnanews.com\/fr\/le-directeur-de-brighton-rejette-les-rumeurs-de-transfert-de-carlos-baleba-a-manchester-united\/","og_locale":"fr_FR","og_type":"article","og_title":"Brighton chief dismisses Carlos Baleba Man Utd transfer talk","og_description":"Brighton have moved to shut down the growing talk linking Carlos Baleba with a big-money move to Manchester United, with [&hellip;]","og_url":"https:\/\/bladnanews.com\/fr\/le-directeur-de-brighton-rejette-les-rumeurs-de-transfert-de-carlos-baleba-a-manchester-united\/","og_site_name":"Bladna News","article_published_time":"2026-01-03T16:27:53+00:00","og_image":[{"width":1600,"height":900,"url":"https:\/\/bladnanews.com\/wp-content\/uploads\/2026\/01\/BladnaNews-Brighton-chief-dismisses-Carlos-Baleba-Man-Utd-transfer-talk-2026-01-03T175107.882Z.jpg","type":"image\/jpeg"}],"author":"Bladna News Staff","twitter_card":"summary_large_image","twitter_misc":{"\u00c9crit par":"Bladna News Staff","Dur\u00e9e de lecture estim\u00e9e":"1 minute"},"schema":{"@context":"https:\/\/schema.org","@graph":[{"@type":"Article","@id":"https:\/\/bladnanews.com\/brighton-chief-dismisses-carlos-baleba-man-utd-transfer-talk\/#article","isPartOf":{"@id":"https:\/\/bladnanews.com\/brighton-chief-dismisses-carlos-baleba-man-utd-transfer-talk\/"},"author":{"name":"Bladna News Staff","@id":"https:\/\/mediumseagreen-eel-531711.hostingersite.com\/#\/schema\/person\/268e18a453ab080ebf76df6ef7845083"},"headline":"Brighton chief dismisses Carlos Baleba Man Utd transfer talk","datePublished":"2026-01-03T16:27:53+00:00","mainEntityOfPage":{"@id":"https:\/\/bladnanews.com\/brighton-chief-dismisses-carlos-baleba-man-utd-transfer-talk\/"},"wordCount":242,"publisher":{"@id":"https:\/\/mediumseagreen-eel-531711.hostingersite.com\/#organization"},"image":{"@id":"https:\/\/bladnanews.com\/brighton-chief-dismisses-carlos-baleba-man-utd-transfer-talk\/#primaryimage"},"thumbnailUrl":"https:\/\/bladnanews.com\/wp-content\/uploads\/2026\/01\/BladnaNews-Brighton-chief-dismisses-Carlos-Baleba-Man-Utd-transfer-talk-2026-01-03T175107.882Z.jpg","articleSection":["International","Latest News"],"inLanguage":"fr-FR","copyrightYear":"2026","copyrightHolder":{"@id":"https:\/\/bladnanews.com\/fr\/#organization"}},{"@type":"WebPage","@id":"https:\/\/bladnanews.com\/brighton-chief-dismisses-carlos-baleba-man-utd-transfer-talk\/","url":"https:\/\/bladnanews.com\/brighton-chief-dismisses-carlos-baleba-man-utd-transfer-talk\/","name":"Le directeur de Brighton rejette les rumeurs de transfert de Carlos Baleba vers Manchester United - Bladna News","isPartOf":{"@id":"https:\/\/mediumseagreen-eel-531711.hostingersite.com\/#website"},"primaryImageOfPage":{"@id":"https:\/\/bladnanews.com\/brighton-chief-dismisses-carlos-baleba-man-utd-transfer-talk\/#primaryimage"},"image":{"@id":"https:\/\/bladnanews.com\/brighton-chief-dismisses-carlos-baleba-man-utd-transfer-talk\/#primaryimage"},"thumbnailUrl":"https:\/\/bladnanews.com\/wp-content\/uploads\/2026\/01\/BladnaNews-Brighton-chief-dismisses-Carlos-Baleba-Man-Utd-transfer-talk-2026-01-03T175107.882Z.jpg","datePublished":"2026-01-03T16:27:53+00:00","breadcrumb":{"@id":"https:\/\/bladnanews.com\/brighton-chief-dismisses-carlos-baleba-man-utd-transfer-talk\/#breadcrumb"},"inLanguage":"fr-FR","potentialAction":[{"@type":"ReadAction","target":["https:\/\/bladnanews.com\/brighton-chief-dismisses-carlos-baleba-man-utd-transfer-talk\/"]}]},{"@type":"ImageObject","inLanguage":"fr-FR","@id":"https:\/\/bladnanews.com\/brighton-chief-dismisses-carlos-baleba-man-utd-transfer-talk\/#primaryimage","url":"https:\/\/bladnanews.com\/wp-content\/uploads\/2026\/01\/BladnaNews-Brighton-chief-dismisses-Carlos-Baleba-Man-Utd-transfer-talk-2026-01-03T175107.882Z.jpg","contentUrl":"https:\/\/bladnanews.com\/wp-content\/uploads\/2026\/01\/BladnaNews-Brighton-chief-dismisses-Carlos-Baleba-Man-Utd-transfer-talk-2026-01-03T175107.882Z.jpg","width":1600,"height":900,"caption":"Carlos Baleba in Brighton's blue kit, gesturing during a match, with the American Express logo clearly visible."},{"@type":"BreadcrumbList","@id":"https:\/\/bladnanews.com\/brighton-chief-dismisses-carlos-baleba-man-utd-transfer-talk\/#breadcrumb","itemListElement":[{"@type":"ListItem","position":1,"name":"Home","item":"https:\/\/bladnanews.com\/"},{"@type":"ListItem","position":2,"name":"Brighton chief dismisses Carlos Baleba Man Utd transfer talk"}]},{"@type":"WebSite","@id":"https:\/\/mediumseagreen-eel-531711.hostingersite.com\/#website","url":"https:\/\/mediumseagreen-eel-531711.hostingersite.com\/","name":"Bladna News - Maroc","description":"Quand le football marocain rencontre le monde","publisher":{"@id":"https:\/\/mediumseagreen-eel-531711.hostingersite.com\/#organization"},"potentialAction":[{"@type":"SearchAction","target":{"@type":"EntryPoint","urlTemplate":"https:\/\/mediumseagreen-eel-531711.hostingersite.com\/?s={search_term_string}"},"query-input":{"@type":"PropertyValueSpecification","valueRequired":true,"valueName":"search_term_string"}}],"inLanguage":"fr-FR"},{"@type":"Organization","@id":"https:\/\/mediumseagreen-eel-531711.hostingersite.com\/#organization","name":"Bladna News.com","url":"https:\/\/mediumseagreen-eel-531711.hostingersite.com\/","logo":{"@type":"ImageObject","inLanguage":"fr-FR","@id":"https:\/\/mediumseagreen-eel-531711.hostingersite.com\/#\/schema\/logo\/image\/","url":"https:\/\/bladnanews.com\/wp-content\/uploads\/2025\/12\/logo-bladnanews-V2-web-black-red.png","contentUrl":"https:\/\/bladnanews.com\/wp-content\/uploads\/2025\/12\/logo-bladnanews-V2-web-black-red.png","width":703,"height":287,"caption":"Bladna News.com"},"image":{"@id":"https:\/\/mediumseagreen-eel-531711.hostingersite.com\/#\/schema\/logo\/image\/"},"email":"info@bladnanews.com","legalName":"Bladna News"},{"@type":"Person","@id":"https:\/\/mediumseagreen-eel-531711.hostingersite.com\/#\/schema\/person\/268e18a453ab080ebf76df6ef7845083","name":"\u00c9quipe r\u00e9dactionnelle de Bladna News","url":"https:\/\/bladnanews.com\/fr\/author\/bladna-news-staff\/"}]}},"_links":{"self":[{"href":"https:\/\/bladnanews.com\/fr\/wp-json\/wp\/v2\/posts\/1612","targetHints":{"allow":["GET"]}}],"collection":[{"href":"https:\/\/bladnanews.com\/fr\/wp-json\/wp\/v2\/posts"}],"about":[{"href":"https:\/\/bladnanews.com\/fr\/wp-json\/wp\/v2\/types\/post"}],"author":[{"embeddable":true,"href":"https:\/\/bladnanews.com\/fr\/wp-json\/wp\/v2\/users\/3"}],"replies":[{"embeddable":true,"href":"https:\/\/bladnanews.com\/fr\/wp-json\/wp\/v2\/comments?post=1612"}],"version-history":[{"count":0,"href":"https:\/\/bladnanews.com\/fr\/wp-json\/wp\/v2\/posts\/1612\/revisions"}],"wp:featuredmedia":[{"embeddable":true,"href":"https:\/\/bladnanews.com\/fr\/wp-json\/wp\/v2\/media\/1611"}],"wp:attachment":[{"href":"https:\/\/bladnanews.com\/fr\/wp-json\/wp\/v2\/media?parent=1612"}],"wp:term":[{"taxonomy":"category","embeddable":true,"href":"https:\/\/bladnanews.com\/fr\/wp-json\/wp\/v2\/categories?post=1612"},{"taxonomy":"post_tag","embeddable":true,"href":"https:\/\/bladnanews.com\/fr\/wp-json\/wp\/v2\/tags?post=1612"}],"curies":[{"name":"wp","href":"https:\/\/api.w.org\/{rel}","templated":true}]}}