{"id":1614,"date":"2026-01-03T16:39:00","date_gmt":"2026-01-03T16:39:00","guid":{"rendered":"https:\/\/bladnanews.com\/gerard-pique-launches-2026-kings-world-cup-nations-in-brazil\/"},"modified":"2026-01-03T16:39:00","modified_gmt":"2026-01-03T16:39:00","slug":"gerard-pique-lance-la-coupe-du-monde-des-nations-kings-2026-au-bresil","status":"publish","type":"post","link":"https:\/\/bladnanews.com\/fr\/gerard-pique-lance-la-coupe-du-monde-des-nations-kings-2026-au-bresil\/","title":{"rendered":"Gerard Piqu\u00e9 lance la Coupe du Monde des Nations Kings 2026 au Br\u00e9sil"},"content":{"rendered":"<p>Gerard Piqu\u00e9 a confirm\u00e9 que la prochaine \u00e9dition de la Kings World Cup Nations se tiendra au Br\u00e9sil en 2026, alors que l'ancien d\u00e9fenseur du Barcelone continue d'\u00e9tendre le projet en pleine expansion de la Kings League.<\/p>\n<p>L'annonce a r\u00e9v\u00e9l\u00e9 que le Br\u00e9sil accueillera le tournoi international, qui rassemble des \u00e9quipes nationales sous le format de la Kings League. Piqu\u00e9 a lanc\u00e9 cette comp\u00e9tition pour porter le concept de football \u00e0 sept ax\u00e9 sur le divertissement \u00e0 l'\u00e9chelle mondiale, suite \u00e0 la premi\u00e8re Kings World Cup Nations.<\/p>\n<p>La Kings League, cr\u00e9\u00e9e par Piqu\u00e9, a retenu l'attention pour son m\u00e9lange de football et de r\u00e8gles de style spectacle, incluant des cartes sp\u00e9ciales et des rebondissements qui peuvent changer rapidement le cours des matchs. L'\u00e9v\u00e9nement Nations suit la m\u00eame id\u00e9e, avec des effectifs repr\u00e9sentant des pays plut\u00f4t que des clubs.<\/p>\n<p>En organisant le tournoi 2026 au Br\u00e9sil, Piqu\u00e9 d\u00e9place la comp\u00e9tition vers l'un des plus grands march\u00e9s du football. Cette d\u00e9cision vise \u00e0 capitaliser sur l'\u00e9lan d\u00e9j\u00e0 cr\u00e9\u00e9 par la Kings League et ses d\u00e9clinaisons internationales, tout en amenant la prochaine \u00e9dition Nations dans un pays connu pour sa passion pour ce sport.<\/p>\n<p>Plus de d\u00e9tails concernant le format et le calendrier de la Kings World Cup Nations 2026 au Br\u00e9sil devraient suivre au fur et \u00e0 mesure du d\u00e9veloppement des plans du tournoi.<\/p>","protected":false},"excerpt":{"rendered":"<p>Gerard Piqu\u00e9 has confirmed that the next edition of the Kings World Cup Nations will be held in Brazil in [&hellip;]<\/p>\n","protected":false},"author":3,"featured_media":1613,"comment_status":"","ping_status":"open","sticky":false,"template":"","format":"standard","meta":{"googlesitekit_rrm_CAow_uzEDA:productID":"","site-sidebar-layout":"default","site-content-layout":"","ast-site-content-layout":"default","site-content-style":"default","site-sidebar-style":"default","ast-global-header-display":"","ast-banner-title-visibility":"","ast-main-header-display":"","ast-hfb-above-header-display":"","ast-hfb-below-header-display":"","ast-hfb-mobile-header-display":"","site-post-title":"","ast-breadcrumbs-content":"","ast-featured-img":"","footer-sml-layout":"","ast-disable-related-posts":"","theme-transparent-header-meta":"","adv-header-id-meta":"","stick-header-meta":"","header-above-stick-meta":"","header-main-stick-meta":"","header-below-stick-meta":"","astra-migrate-meta-layouts":"default","ast-page-background-enabled":"default","ast-page-background-meta":{"desktop":{"background-color":"var(--ast-global-color-5)","background-image":"","background-repeat":"repeat","background-position":"center center","background-size":"auto","background-attachment":"scroll","background-type":"","background-media":"","overlay-type":"","overlay-color":"","overlay-opacity":"","overlay-gradient":""},"tablet":{"background-color":"","background-image":"","background-repeat":"repeat","background-position":"center center","background-size":"auto","background-attachment":"scroll","background-type":"","background-media":"","overlay-type":"","overlay-color":"","overlay-opacity":"","overlay-gradient":""},"mobile":{"background-color":"","background-image":"","background-repeat":"repeat","background-position":"center center","background-size":"auto","background-attachment":"scroll","background-type":"","background-media":"","overlay-type":"","overlay-color":"","overlay-opacity":"","overlay-gradient":""}},"ast-content-background-meta":{"desktop":{"background-color":"var(--ast-global-color-4)","background-image":"","background-repeat":"repeat","background-position":"center center","background-size":"auto","background-attachment":"scroll","background-type":"","background-media":"","overlay-type":"","overlay-color":"","overlay-opacity":"","overlay-gradient":""},"tablet":{"background-color":"var(--ast-global-color-4)","background-image":"","background-repeat":"repeat","background-position":"center center","background-size":"auto","background-attachment":"scroll","background-type":"","background-media":"","overlay-type":"","overlay-color":"","overlay-opacity":"","overlay-gradient":""},"mobile":{"background-color":"var(--ast-global-color-4)","background-image":"","background-repeat":"repeat","background-position":"center center","background-size":"auto","background-attachment":"scroll","background-type":"","background-media":"","overlay-type":"","overlay-color":"","overlay-opacity":"","overlay-gradient":""}},"footnotes":""},"categories":[20,1],"tags":[],"class_list":["post-1614","post","type-post","status-publish","format-standard","has-post-thumbnail","hentry","category-international","category-football-latest-news"],"yoast_head":"<!-- This site is optimized with the Yoast SEO Premium plugin v26.6 (Yoast SEO v27.5) - https:\/\/yoast.com\/product\/yoast-seo-premium-wordpress\/ -->\n<title>Gerard Pique launches 2026 Kings World Cup Nations in Brazil - Bladna News<\/title>\n<meta name=\"robots\" content=\"index, follow, max-snippet:-1, max-image-preview:large, max-video-preview:-1\" \/>\n<link rel=\"canonical\" href=\"https:\/\/bladnanews.com\/fr\/gerard-pique-lance-la-coupe-du-monde-des-nations-kings-2026-au-bresil\/\" \/>\n<meta property=\"og:locale\" content=\"fr_FR\" \/>\n<meta property=\"og:type\" content=\"article\" \/>\n<meta property=\"og:title\" content=\"Gerard Pique launches 2026 Kings World Cup Nations in Brazil\" \/>\n<meta property=\"og:description\" content=\"Gerard Piqu\u00e9 has confirmed that the next edition of the Kings World Cup Nations will be held in Brazil in [&hellip;]\" \/>\n<meta property=\"og:url\" content=\"https:\/\/bladnanews.com\/fr\/gerard-pique-lance-la-coupe-du-monde-des-nations-kings-2026-au-bresil\/\" \/>\n<meta property=\"og:site_name\" content=\"Bladna News\" \/>\n<meta property=\"article:published_time\" content=\"2026-01-03T16:39:00+00:00\" \/>\n<meta property=\"og:image\" content=\"https:\/\/bladnanews.com\/wp-content\/uploads\/2026\/01\/BladnaNews-Gerard-Pique-launches-2026-Kings-World-Cup-Nations-in-Brazil-2026-01-03T175121.461Z.jpg\" \/>\n\t<meta property=\"og:image:width\" content=\"2560\" \/>\n\t<meta property=\"og:image:height\" content=\"1440\" \/>\n\t<meta property=\"og:image:type\" content=\"image\/jpeg\" \/>\n<meta name=\"author\" content=\"Bladna News Staff\" \/>\n<meta name=\"twitter:card\" content=\"summary_large_image\" \/>\n<meta name=\"twitter:label1\" content=\"\u00c9crit par\" \/>\n\t<meta name=\"twitter:data1\" content=\"Bladna News Staff\" \/>\n\t<meta name=\"twitter:label2\" content=\"Dur\u00e9e de lecture estim\u00e9e\" \/>\n\t<meta name=\"twitter:data2\" content=\"1 minute\" \/>\n<script type=\"application\/ld+json\" class=\"yoast-schema-graph\">{\"@context\":\"https:\\\/\\\/schema.org\",\"@graph\":[{\"@type\":\"Article\",\"@id\":\"https:\\\/\\\/bladnanews.com\\\/nl\\\/gerard-pique-lanceert-de-2026-kings-world-cup-naties-in-brazilie\\\/#article\",\"isPartOf\":{\"@id\":\"https:\\\/\\\/bladnanews.com\\\/nl\\\/gerard-pique-lanceert-de-2026-kings-world-cup-naties-in-brazilie\\\/\"},\"author\":{\"name\":\"Bladna News Staff\",\"@id\":\"https:\\\/\\\/mediumseagreen-eel-531711.hostingersite.com\\\/#\\\/schema\\\/person\\\/268e18a453ab080ebf76df6ef7845083\"},\"headline\":\"Gerard Pique launches 2026 Kings World Cup Nations in Brazil\",\"datePublished\":\"2026-01-03T16:39:00+00:00\",\"mainEntityOfPage\":{\"@id\":\"https:\\\/\\\/bladnanews.com\\\/nl\\\/gerard-pique-lanceert-de-2026-kings-world-cup-naties-in-brazilie\\\/\"},\"wordCount\":204,\"publisher\":{\"@id\":\"https:\\\/\\\/mediumseagreen-eel-531711.hostingersite.com\\\/#organization\"},\"image\":{\"@id\":\"https:\\\/\\\/bladnanews.com\\\/nl\\\/gerard-pique-lanceert-de-2026-kings-world-cup-naties-in-brazilie\\\/#primaryimage\"},\"thumbnailUrl\":\"https:\\\/\\\/bladnanews.com\\\/wp-content\\\/uploads\\\/2026\\\/01\\\/BladnaNews-Gerard-Pique-launches-2026-Kings-World-Cup-Nations-in-Brazil-2026-01-03T175121.461Z.jpg\",\"articleSection\":[\"International\",\"Latest News\"],\"inLanguage\":\"fr-FR\",\"copyrightYear\":\"2026\",\"copyrightHolder\":{\"@id\":\"https:\\\/\\\/bladnanews.com\\\/fr\\\/#organization\"}},{\"@type\":\"WebPage\",\"@id\":\"https:\\\/\\\/bladnanews.com\\\/nl\\\/gerard-pique-lanceert-de-2026-kings-world-cup-naties-in-brazilie\\\/\",\"url\":\"https:\\\/\\\/bladnanews.com\\\/nl\\\/gerard-pique-lanceert-de-2026-kings-world-cup-naties-in-brazilie\\\/\",\"name\":\"Gerard Pique launches 2026 Kings World Cup Nations in Brazil - Bladna News\",\"isPartOf\":{\"@id\":\"https:\\\/\\\/mediumseagreen-eel-531711.hostingersite.com\\\/#website\"},\"primaryImageOfPage\":{\"@id\":\"https:\\\/\\\/bladnanews.com\\\/nl\\\/gerard-pique-lanceert-de-2026-kings-world-cup-naties-in-brazilie\\\/#primaryimage\"},\"image\":{\"@id\":\"https:\\\/\\\/bladnanews.com\\\/nl\\\/gerard-pique-lanceert-de-2026-kings-world-cup-naties-in-brazilie\\\/#primaryimage\"},\"thumbnailUrl\":\"https:\\\/\\\/bladnanews.com\\\/wp-content\\\/uploads\\\/2026\\\/01\\\/BladnaNews-Gerard-Pique-launches-2026-Kings-World-Cup-Nations-in-Brazil-2026-01-03T175121.461Z.jpg\",\"datePublished\":\"2026-01-03T16:39:00+00:00\",\"breadcrumb\":{\"@id\":\"https:\\\/\\\/bladnanews.com\\\/nl\\\/gerard-pique-lanceert-de-2026-kings-world-cup-naties-in-brazilie\\\/#breadcrumb\"},\"inLanguage\":\"fr-FR\",\"potentialAction\":[{\"@type\":\"ReadAction\",\"target\":[\"https:\\\/\\\/bladnanews.com\\\/nl\\\/gerard-pique-lanceert-de-2026-kings-world-cup-naties-in-brazilie\\\/\"]}]},{\"@type\":\"ImageObject\",\"inLanguage\":\"fr-FR\",\"@id\":\"https:\\\/\\\/bladnanews.com\\\/nl\\\/gerard-pique-lanceert-de-2026-kings-world-cup-naties-in-brazilie\\\/#primaryimage\",\"url\":\"https:\\\/\\\/bladnanews.com\\\/wp-content\\\/uploads\\\/2026\\\/01\\\/BladnaNews-Gerard-Pique-launches-2026-Kings-World-Cup-Nations-in-Brazil-2026-01-03T175121.461Z.jpg\",\"contentUrl\":\"https:\\\/\\\/bladnanews.com\\\/wp-content\\\/uploads\\\/2026\\\/01\\\/BladnaNews-Gerard-Pique-launches-2026-Kings-World-Cup-Nations-in-Brazil-2026-01-03T175121.461Z.jpg\",\"width\":2560,\"height\":1440,\"caption\":\"Brazilian players celebrate triumphantly, lifting the trophy for the 2026 Kings World Cup Nations, surrounded by vibrant decorations and cheers.\"},{\"@type\":\"BreadcrumbList\",\"@id\":\"https:\\\/\\\/bladnanews.com\\\/nl\\\/gerard-pique-lanceert-de-2026-kings-world-cup-naties-in-brazilie\\\/#breadcrumb\",\"itemListElement\":[{\"@type\":\"ListItem\",\"position\":1,\"name\":\"Home\",\"item\":\"https:\\\/\\\/bladnanews.com\\\/\"},{\"@type\":\"ListItem\",\"position\":2,\"name\":\"Gerard Pique launches 2026 Kings World Cup Nations in Brazil\"}]},{\"@type\":\"WebSite\",\"@id\":\"https:\\\/\\\/mediumseagreen-eel-531711.hostingersite.com\\\/#website\",\"url\":\"https:\\\/\\\/mediumseagreen-eel-531711.hostingersite.com\\\/\",\"name\":\"Bladna News - Morocco\",\"description\":\"Where Moroccan Football Meets the World\",\"publisher\":{\"@id\":\"https:\\\/\\\/mediumseagreen-eel-531711.hostingersite.com\\\/#organization\"},\"potentialAction\":[{\"@type\":\"SearchAction\",\"target\":{\"@type\":\"EntryPoint\",\"urlTemplate\":\"https:\\\/\\\/mediumseagreen-eel-531711.hostingersite.com\\\/?s={search_term_string}\"},\"query-input\":{\"@type\":\"PropertyValueSpecification\",\"valueRequired\":true,\"valueName\":\"search_term_string\"}}],\"inLanguage\":\"fr-FR\"},{\"@type\":\"Organization\",\"@id\":\"https:\\\/\\\/mediumseagreen-eel-531711.hostingersite.com\\\/#organization\",\"name\":\"Bladna News.com\",\"url\":\"https:\\\/\\\/mediumseagreen-eel-531711.hostingersite.com\\\/\",\"logo\":{\"@type\":\"ImageObject\",\"inLanguage\":\"fr-FR\",\"@id\":\"https:\\\/\\\/mediumseagreen-eel-531711.hostingersite.com\\\/#\\\/schema\\\/logo\\\/image\\\/\",\"url\":\"https:\\\/\\\/bladnanews.com\\\/wp-content\\\/uploads\\\/2025\\\/12\\\/logo-bladnanews-V2-web-black-red.png\",\"contentUrl\":\"https:\\\/\\\/bladnanews.com\\\/wp-content\\\/uploads\\\/2025\\\/12\\\/logo-bladnanews-V2-web-black-red.png\",\"width\":703,\"height\":287,\"caption\":\"Bladna News.com\"},\"image\":{\"@id\":\"https:\\\/\\\/mediumseagreen-eel-531711.hostingersite.com\\\/#\\\/schema\\\/logo\\\/image\\\/\"},\"email\":\"info@bladnanews.com\",\"legalName\":\"Bladna News\"},{\"@type\":\"Person\",\"@id\":\"https:\\\/\\\/mediumseagreen-eel-531711.hostingersite.com\\\/#\\\/schema\\\/person\\\/268e18a453ab080ebf76df6ef7845083\",\"name\":\"Bladna News Staff\",\"url\":\"https:\\\/\\\/bladnanews.com\\\/fr\\\/author\\\/bladna-news-staff\\\/\"}]}<\/script>\n<!-- \/ Yoast SEO Premium plugin. -->","yoast_head_json":{"title":"Gerard Piqu\u00e9 lance la Coupe du Monde des Nations Kings 2026 au Br\u00e9sil - Bladna News","robots":{"index":"index","follow":"follow","max-snippet":"max-snippet:-1","max-image-preview":"max-image-preview:large","max-video-preview":"max-video-preview:-1"},"canonical":"https:\/\/bladnanews.com\/fr\/gerard-pique-lance-la-coupe-du-monde-des-nations-kings-2026-au-bresil\/","og_locale":"fr_FR","og_type":"article","og_title":"Gerard Pique launches 2026 Kings World Cup Nations in Brazil","og_description":"Gerard Piqu\u00e9 has confirmed that the next edition of the Kings World Cup Nations will be held in Brazil in [&hellip;]","og_url":"https:\/\/bladnanews.com\/fr\/gerard-pique-lance-la-coupe-du-monde-des-nations-kings-2026-au-bresil\/","og_site_name":"Bladna News","article_published_time":"2026-01-03T16:39:00+00:00","og_image":[{"width":2560,"height":1440,"url":"https:\/\/bladnanews.com\/wp-content\/uploads\/2026\/01\/BladnaNews-Gerard-Pique-launches-2026-Kings-World-Cup-Nations-in-Brazil-2026-01-03T175121.461Z.jpg","type":"image\/jpeg"}],"author":"Bladna News Staff","twitter_card":"summary_large_image","twitter_misc":{"\u00c9crit par":"Bladna News Staff","Dur\u00e9e de lecture estim\u00e9e":"1 minute"},"schema":{"@context":"https:\/\/schema.org","@graph":[{"@type":"Article","@id":"https:\/\/bladnanews.com\/nl\/gerard-pique-lanceert-de-2026-kings-world-cup-naties-in-brazilie\/#article","isPartOf":{"@id":"https:\/\/bladnanews.com\/nl\/gerard-pique-lanceert-de-2026-kings-world-cup-naties-in-brazilie\/"},"author":{"name":"Bladna News Staff","@id":"https:\/\/mediumseagreen-eel-531711.hostingersite.com\/#\/schema\/person\/268e18a453ab080ebf76df6ef7845083"},"headline":"Gerard Pique launches 2026 Kings World Cup Nations in Brazil","datePublished":"2026-01-03T16:39:00+00:00","mainEntityOfPage":{"@id":"https:\/\/bladnanews.com\/nl\/gerard-pique-lanceert-de-2026-kings-world-cup-naties-in-brazilie\/"},"wordCount":204,"publisher":{"@id":"https:\/\/mediumseagreen-eel-531711.hostingersite.com\/#organization"},"image":{"@id":"https:\/\/bladnanews.com\/nl\/gerard-pique-lanceert-de-2026-kings-world-cup-naties-in-brazilie\/#primaryimage"},"thumbnailUrl":"https:\/\/bladnanews.com\/wp-content\/uploads\/2026\/01\/BladnaNews-Gerard-Pique-launches-2026-Kings-World-Cup-Nations-in-Brazil-2026-01-03T175121.461Z.jpg","articleSection":["International","Latest News"],"inLanguage":"fr-FR","copyrightYear":"2026","copyrightHolder":{"@id":"https:\/\/bladnanews.com\/fr\/#organization"}},{"@type":"WebPage","@id":"https:\/\/bladnanews.com\/nl\/gerard-pique-lanceert-de-2026-kings-world-cup-naties-in-brazilie\/","url":"https:\/\/bladnanews.com\/nl\/gerard-pique-lanceert-de-2026-kings-world-cup-naties-in-brazilie\/","name":"Gerard Piqu\u00e9 lance la Coupe du Monde des Nations Kings 2026 au Br\u00e9sil - Bladna News","isPartOf":{"@id":"https:\/\/mediumseagreen-eel-531711.hostingersite.com\/#website"},"primaryImageOfPage":{"@id":"https:\/\/bladnanews.com\/nl\/gerard-pique-lanceert-de-2026-kings-world-cup-naties-in-brazilie\/#primaryimage"},"image":{"@id":"https:\/\/bladnanews.com\/nl\/gerard-pique-lanceert-de-2026-kings-world-cup-naties-in-brazilie\/#primaryimage"},"thumbnailUrl":"https:\/\/bladnanews.com\/wp-content\/uploads\/2026\/01\/BladnaNews-Gerard-Pique-launches-2026-Kings-World-Cup-Nations-in-Brazil-2026-01-03T175121.461Z.jpg","datePublished":"2026-01-03T16:39:00+00:00","breadcrumb":{"@id":"https:\/\/bladnanews.com\/nl\/gerard-pique-lanceert-de-2026-kings-world-cup-naties-in-brazilie\/#breadcrumb"},"inLanguage":"fr-FR","potentialAction":[{"@type":"ReadAction","target":["https:\/\/bladnanews.com\/nl\/gerard-pique-lanceert-de-2026-kings-world-cup-naties-in-brazilie\/"]}]},{"@type":"ImageObject","inLanguage":"fr-FR","@id":"https:\/\/bladnanews.com\/nl\/gerard-pique-lanceert-de-2026-kings-world-cup-naties-in-brazilie\/#primaryimage","url":"https:\/\/bladnanews.com\/wp-content\/uploads\/2026\/01\/BladnaNews-Gerard-Pique-launches-2026-Kings-World-Cup-Nations-in-Brazil-2026-01-03T175121.461Z.jpg","contentUrl":"https:\/\/bladnanews.com\/wp-content\/uploads\/2026\/01\/BladnaNews-Gerard-Pique-launches-2026-Kings-World-Cup-Nations-in-Brazil-2026-01-03T175121.461Z.jpg","width":2560,"height":1440,"caption":"Brazilian players celebrate triumphantly, lifting the trophy for the 2026 Kings World Cup Nations, surrounded by vibrant decorations and cheers."},{"@type":"BreadcrumbList","@id":"https:\/\/bladnanews.com\/nl\/gerard-pique-lanceert-de-2026-kings-world-cup-naties-in-brazilie\/#breadcrumb","itemListElement":[{"@type":"ListItem","position":1,"name":"Home","item":"https:\/\/bladnanews.com\/"},{"@type":"ListItem","position":2,"name":"Gerard Pique launches 2026 Kings World Cup Nations in Brazil"}]},{"@type":"WebSite","@id":"https:\/\/mediumseagreen-eel-531711.hostingersite.com\/#website","url":"https:\/\/mediumseagreen-eel-531711.hostingersite.com\/","name":"Bladna News - Maroc","description":"Quand le football marocain rencontre le monde","publisher":{"@id":"https:\/\/mediumseagreen-eel-531711.hostingersite.com\/#organization"},"potentialAction":[{"@type":"SearchAction","target":{"@type":"EntryPoint","urlTemplate":"https:\/\/mediumseagreen-eel-531711.hostingersite.com\/?s={search_term_string}"},"query-input":{"@type":"PropertyValueSpecification","valueRequired":true,"valueName":"search_term_string"}}],"inLanguage":"fr-FR"},{"@type":"Organization","@id":"https:\/\/mediumseagreen-eel-531711.hostingersite.com\/#organization","name":"Bladna News.com","url":"https:\/\/mediumseagreen-eel-531711.hostingersite.com\/","logo":{"@type":"ImageObject","inLanguage":"fr-FR","@id":"https:\/\/mediumseagreen-eel-531711.hostingersite.com\/#\/schema\/logo\/image\/","url":"https:\/\/bladnanews.com\/wp-content\/uploads\/2025\/12\/logo-bladnanews-V2-web-black-red.png","contentUrl":"https:\/\/bladnanews.com\/wp-content\/uploads\/2025\/12\/logo-bladnanews-V2-web-black-red.png","width":703,"height":287,"caption":"Bladna News.com"},"image":{"@id":"https:\/\/mediumseagreen-eel-531711.hostingersite.com\/#\/schema\/logo\/image\/"},"email":"info@bladnanews.com","legalName":"Bladna News"},{"@type":"Person","@id":"https:\/\/mediumseagreen-eel-531711.hostingersite.com\/#\/schema\/person\/268e18a453ab080ebf76df6ef7845083","name":"\u00c9quipe r\u00e9dactionnelle de Bladna News","url":"https:\/\/bladnanews.com\/fr\/author\/bladna-news-staff\/"}]}},"_links":{"self":[{"href":"https:\/\/bladnanews.com\/fr\/wp-json\/wp\/v2\/posts\/1614","targetHints":{"allow":["GET"]}}],"collection":[{"href":"https:\/\/bladnanews.com\/fr\/wp-json\/wp\/v2\/posts"}],"about":[{"href":"https:\/\/bladnanews.com\/fr\/wp-json\/wp\/v2\/types\/post"}],"author":[{"embeddable":true,"href":"https:\/\/bladnanews.com\/fr\/wp-json\/wp\/v2\/users\/3"}],"replies":[{"embeddable":true,"href":"https:\/\/bladnanews.com\/fr\/wp-json\/wp\/v2\/comments?post=1614"}],"version-history":[{"count":0,"href":"https:\/\/bladnanews.com\/fr\/wp-json\/wp\/v2\/posts\/1614\/revisions"}],"wp:featuredmedia":[{"embeddable":true,"href":"https:\/\/bladnanews.com\/fr\/wp-json\/wp\/v2\/media\/1613"}],"wp:attachment":[{"href":"https:\/\/bladnanews.com\/fr\/wp-json\/wp\/v2\/media?parent=1614"}],"wp:term":[{"taxonomy":"category","embeddable":true,"href":"https:\/\/bladnanews.com\/fr\/wp-json\/wp\/v2\/categories?post=1614"},{"taxonomy":"post_tag","embeddable":true,"href":"https:\/\/bladnanews.com\/fr\/wp-json\/wp\/v2\/tags?post=1614"}],"curies":[{"name":"wp","href":"https:\/\/api.w.org\/{rel}","templated":true}]}}