{"id":1620,"date":"2026-01-03T17:27:57","date_gmt":"2026-01-03T17:27:57","guid":{"rendered":"https:\/\/bladnanews.com\/ibrahim-diaz-warms-hearts-with-humanitarian-gesture-during-morocco-training\/"},"modified":"2026-01-03T17:27:57","modified_gmt":"2026-01-03T17:27:57","slug":"ibrahim-diaz-rechauffe-les-coeurs-par-un-geste-humanitaire-lors-de-lentrainement-au-maroc","status":"publish","type":"post","link":"https:\/\/bladnanews.com\/fr\/ibrahim-diaz-rechauffe-les-coeurs-par-un-geste-humanitaire-lors-de-lentrainement-au-maroc\/","title":{"rendered":"Ibrahim Diaz r\u00e9chauffe les c\u0153urs avec un geste humanitaire lors de l'entra\u00eenement du Maroc"},"content":{"rendered":"<p>Ibrahim Diaz a fait rayonner de sourires les \u201c C\u0153urs des Orphelins \u201d lors de l\u2019entra\u00eenement du Maroc, le milieu de terrain du Real Madrid posant un geste humanitaire chaleureux en marge du stage.<\/p>\n<p>Une vid\u00e9o partag\u00e9e depuis la s\u00e9ance a montr\u00e9 Diaz prendre le temps de saluer les enfants, de discuter avec eux et de poser pour des photos, sc\u00e8ne rapidement diffus\u00e9e parmi les supporters.<\/p>\n<p>Ce moment est survenu pendant l\u2019entra\u00eenement de l\u2019\u00e9quipe nationale, Diaz concentrant ses efforts non seulement sur la pr\u00e9paration sur le terrain, mais aussi sur un geste simple qui a marqu\u00e9 les esprits en dehors.<\/p>\n<p>Le clip a saisi l\u2019interaction amicale du joueur, qui a accord\u00e9 toute son attention au groupe, cr\u00e9ant un souvenir sp\u00e9cial pour les enfants pr\u00e9sents \u00e0 l\u2019entra\u00eenement.<\/p>\n<p>Le geste de Diaz a \u00e9t\u00e9 largement salu\u00e9 en ligne, de nombreux supporters soulignant la dimension humaine de l\u2019international marocain et l\u2019esprit positif r\u00e9gnant autour du stage de l\u2019\u00e9quipe nationale.<\/p>","protected":false},"excerpt":{"rendered":"<p>Ibrahim Diaz brought a smile to the faces of \u201cHearts of Orphans\u201d during Morocco\u2019s training session, as the Real Madrid [&hellip;]<\/p>\n","protected":false},"author":4,"featured_media":1619,"comment_status":"","ping_status":"open","sticky":false,"template":"","format":"standard","meta":{"googlesitekit_rrm_CAow_uzEDA:productID":"","site-sidebar-layout":"default","site-content-layout":"","ast-site-content-layout":"default","site-content-style":"default","site-sidebar-style":"default","ast-global-header-display":"","ast-banner-title-visibility":"","ast-main-header-display":"","ast-hfb-above-header-display":"","ast-hfb-below-header-display":"","ast-hfb-mobile-header-display":"","site-post-title":"","ast-breadcrumbs-content":"","ast-featured-img":"","footer-sml-layout":"","ast-disable-related-posts":"","theme-transparent-header-meta":"","adv-header-id-meta":"","stick-header-meta":"","header-above-stick-meta":"","header-main-stick-meta":"","header-below-stick-meta":"","astra-migrate-meta-layouts":"default","ast-page-background-enabled":"default","ast-page-background-meta":{"desktop":{"background-color":"var(--ast-global-color-5)","background-image":"","background-repeat":"repeat","background-position":"center center","background-size":"auto","background-attachment":"scroll","background-type":"","background-media":"","overlay-type":"","overlay-color":"","overlay-opacity":"","overlay-gradient":""},"tablet":{"background-color":"","background-image":"","background-repeat":"repeat","background-position":"center center","background-size":"auto","background-attachment":"scroll","background-type":"","background-media":"","overlay-type":"","overlay-color":"","overlay-opacity":"","overlay-gradient":""},"mobile":{"background-color":"","background-image":"","background-repeat":"repeat","background-position":"center center","background-size":"auto","background-attachment":"scroll","background-type":"","background-media":"","overlay-type":"","overlay-color":"","overlay-opacity":"","overlay-gradient":""}},"ast-content-background-meta":{"desktop":{"background-color":"var(--ast-global-color-4)","background-image":"","background-repeat":"repeat","background-position":"center center","background-size":"auto","background-attachment":"scroll","background-type":"","background-media":"","overlay-type":"","overlay-color":"","overlay-opacity":"","overlay-gradient":""},"tablet":{"background-color":"var(--ast-global-color-4)","background-image":"","background-repeat":"repeat","background-position":"center center","background-size":"auto","background-attachment":"scroll","background-type":"","background-media":"","overlay-type":"","overlay-color":"","overlay-opacity":"","overlay-gradient":""},"mobile":{"background-color":"var(--ast-global-color-4)","background-image":"","background-repeat":"repeat","background-position":"center center","background-size":"auto","background-attachment":"scroll","background-type":"","background-media":"","overlay-type":"","overlay-color":"","overlay-opacity":"","overlay-gradient":""}},"footnotes":""},"categories":[1,168],"tags":[],"class_list":["post-1620","post","type-post","status-publish","format-standard","has-post-thumbnail","hentry","category-football-latest-news","category-morocco-national-team"],"yoast_head":"<!-- This site is optimized with the Yoast SEO Premium plugin v26.6 (Yoast SEO v27.5) - https:\/\/yoast.com\/product\/yoast-seo-premium-wordpress\/ -->\n<title>Ibrahim Diaz warms hearts with humanitarian gesture during Morocco training - Bladna News<\/title>\n<meta name=\"robots\" content=\"index, follow, max-snippet:-1, max-image-preview:large, max-video-preview:-1\" \/>\n<link rel=\"canonical\" href=\"https:\/\/bladnanews.com\/fr\/ibrahim-diaz-rechauffe-les-coeurs-par-un-geste-humanitaire-lors-de-lentrainement-au-maroc\/\" \/>\n<meta property=\"og:locale\" content=\"fr_FR\" \/>\n<meta property=\"og:type\" content=\"article\" \/>\n<meta property=\"og:title\" content=\"Ibrahim Diaz warms hearts with humanitarian gesture during Morocco training\" \/>\n<meta property=\"og:description\" content=\"Ibrahim Diaz brought a smile to the faces of \u201cHearts of Orphans\u201d during Morocco\u2019s training session, as the Real Madrid [&hellip;]\" \/>\n<meta property=\"og:url\" content=\"https:\/\/bladnanews.com\/fr\/ibrahim-diaz-rechauffe-les-coeurs-par-un-geste-humanitaire-lors-de-lentrainement-au-maroc\/\" \/>\n<meta property=\"og:site_name\" content=\"Bladna News\" \/>\n<meta property=\"article:published_time\" content=\"2026-01-03T17:27:57+00:00\" \/>\n<meta property=\"og:image\" content=\"https:\/\/bladnanews.com\/wp-content\/uploads\/2026\/01\/GettyImages-2252864728.jpg.jpg\" \/>\n\t<meta property=\"og:image:width\" content=\"2560\" \/>\n\t<meta property=\"og:image:height\" content=\"1440\" \/>\n\t<meta property=\"og:image:type\" content=\"image\/jpeg\" \/>\n<meta name=\"author\" content=\"Bladna Sports Desk\" \/>\n<meta name=\"twitter:card\" content=\"summary_large_image\" \/>\n<meta name=\"twitter:label1\" content=\"\u00c9crit par\" \/>\n\t<meta name=\"twitter:data1\" content=\"Bladna Sports Desk\" \/>\n\t<meta name=\"twitter:label2\" content=\"Dur\u00e9e de lecture estim\u00e9e\" \/>\n\t<meta name=\"twitter:data2\" content=\"1 minute\" \/>\n<script type=\"application\/ld+json\" class=\"yoast-schema-graph\">{\"@context\":\"https:\\\/\\\/schema.org\",\"@graph\":[{\"@type\":\"Article\",\"@id\":\"https:\\\/\\\/bladnanews.com\\\/ibrahim-diaz-warms-hearts-with-humanitarian-gesture-during-morocco-training\\\/#article\",\"isPartOf\":{\"@id\":\"https:\\\/\\\/bladnanews.com\\\/ibrahim-diaz-warms-hearts-with-humanitarian-gesture-during-morocco-training\\\/\"},\"author\":{\"name\":\"Bladna Sports Desk\",\"@id\":\"https:\\\/\\\/mediumseagreen-eel-531711.hostingersite.com\\\/#\\\/schema\\\/person\\\/6712b38fabe810f7eb8d15ed30d90f1e\"},\"headline\":\"Ibrahim Diaz warms hearts with humanitarian gesture during Morocco training\",\"datePublished\":\"2026-01-03T17:27:57+00:00\",\"mainEntityOfPage\":{\"@id\":\"https:\\\/\\\/bladnanews.com\\\/ibrahim-diaz-warms-hearts-with-humanitarian-gesture-during-morocco-training\\\/\"},\"wordCount\":158,\"publisher\":{\"@id\":\"https:\\\/\\\/mediumseagreen-eel-531711.hostingersite.com\\\/#organization\"},\"image\":{\"@id\":\"https:\\\/\\\/bladnanews.com\\\/ibrahim-diaz-warms-hearts-with-humanitarian-gesture-during-morocco-training\\\/#primaryimage\"},\"thumbnailUrl\":\"https:\\\/\\\/bladnanews.com\\\/wp-content\\\/uploads\\\/2026\\\/01\\\/GettyImages-2252864728.jpg.jpg\",\"articleSection\":[\"Latest News\",\"Morocco National Team\"],\"inLanguage\":\"fr-FR\",\"copyrightYear\":\"2026\",\"copyrightHolder\":{\"@id\":\"https:\\\/\\\/bladnanews.com\\\/fr\\\/#organization\"}},{\"@type\":\"WebPage\",\"@id\":\"https:\\\/\\\/bladnanews.com\\\/ibrahim-diaz-warms-hearts-with-humanitarian-gesture-during-morocco-training\\\/\",\"url\":\"https:\\\/\\\/bladnanews.com\\\/ibrahim-diaz-warms-hearts-with-humanitarian-gesture-during-morocco-training\\\/\",\"name\":\"Ibrahim Diaz warms hearts with humanitarian gesture during Morocco training - Bladna News\",\"isPartOf\":{\"@id\":\"https:\\\/\\\/mediumseagreen-eel-531711.hostingersite.com\\\/#website\"},\"primaryImageOfPage\":{\"@id\":\"https:\\\/\\\/bladnanews.com\\\/ibrahim-diaz-warms-hearts-with-humanitarian-gesture-during-morocco-training\\\/#primaryimage\"},\"image\":{\"@id\":\"https:\\\/\\\/bladnanews.com\\\/ibrahim-diaz-warms-hearts-with-humanitarian-gesture-during-morocco-training\\\/#primaryimage\"},\"thumbnailUrl\":\"https:\\\/\\\/bladnanews.com\\\/wp-content\\\/uploads\\\/2026\\\/01\\\/GettyImages-2252864728.jpg.jpg\",\"datePublished\":\"2026-01-03T17:27:57+00:00\",\"breadcrumb\":{\"@id\":\"https:\\\/\\\/bladnanews.com\\\/ibrahim-diaz-warms-hearts-with-humanitarian-gesture-during-morocco-training\\\/#breadcrumb\"},\"inLanguage\":\"fr-FR\",\"potentialAction\":[{\"@type\":\"ReadAction\",\"target\":[\"https:\\\/\\\/bladnanews.com\\\/ibrahim-diaz-warms-hearts-with-humanitarian-gesture-during-morocco-training\\\/\"]}]},{\"@type\":\"ImageObject\",\"inLanguage\":\"fr-FR\",\"@id\":\"https:\\\/\\\/bladnanews.com\\\/ibrahim-diaz-warms-hearts-with-humanitarian-gesture-during-morocco-training\\\/#primaryimage\",\"url\":\"https:\\\/\\\/bladnanews.com\\\/wp-content\\\/uploads\\\/2026\\\/01\\\/GettyImages-2252864728.jpg.jpg\",\"contentUrl\":\"https:\\\/\\\/bladnanews.com\\\/wp-content\\\/uploads\\\/2026\\\/01\\\/GettyImages-2252864728.jpg.jpg\",\"width\":2560,\"height\":1440,\"caption\":\"Moroccan player in red kit, number 10, executing a penalty kick against the backdrop of an opposing team in a competitive match.\"},{\"@type\":\"BreadcrumbList\",\"@id\":\"https:\\\/\\\/bladnanews.com\\\/ibrahim-diaz-warms-hearts-with-humanitarian-gesture-during-morocco-training\\\/#breadcrumb\",\"itemListElement\":[{\"@type\":\"ListItem\",\"position\":1,\"name\":\"Home\",\"item\":\"https:\\\/\\\/bladnanews.com\\\/\"},{\"@type\":\"ListItem\",\"position\":2,\"name\":\"Ibrahim Diaz warms hearts with humanitarian gesture during Morocco training\"}]},{\"@type\":\"WebSite\",\"@id\":\"https:\\\/\\\/mediumseagreen-eel-531711.hostingersite.com\\\/#website\",\"url\":\"https:\\\/\\\/mediumseagreen-eel-531711.hostingersite.com\\\/\",\"name\":\"Bladna News - Morocco\",\"description\":\"Where Moroccan Football Meets the World\",\"publisher\":{\"@id\":\"https:\\\/\\\/mediumseagreen-eel-531711.hostingersite.com\\\/#organization\"},\"potentialAction\":[{\"@type\":\"SearchAction\",\"target\":{\"@type\":\"EntryPoint\",\"urlTemplate\":\"https:\\\/\\\/mediumseagreen-eel-531711.hostingersite.com\\\/?s={search_term_string}\"},\"query-input\":{\"@type\":\"PropertyValueSpecification\",\"valueRequired\":true,\"valueName\":\"search_term_string\"}}],\"inLanguage\":\"fr-FR\"},{\"@type\":\"Organization\",\"@id\":\"https:\\\/\\\/mediumseagreen-eel-531711.hostingersite.com\\\/#organization\",\"name\":\"Bladna News.com\",\"url\":\"https:\\\/\\\/mediumseagreen-eel-531711.hostingersite.com\\\/\",\"logo\":{\"@type\":\"ImageObject\",\"inLanguage\":\"fr-FR\",\"@id\":\"https:\\\/\\\/mediumseagreen-eel-531711.hostingersite.com\\\/#\\\/schema\\\/logo\\\/image\\\/\",\"url\":\"https:\\\/\\\/bladnanews.com\\\/wp-content\\\/uploads\\\/2025\\\/12\\\/logo-bladnanews-V2-web-black-red.png\",\"contentUrl\":\"https:\\\/\\\/bladnanews.com\\\/wp-content\\\/uploads\\\/2025\\\/12\\\/logo-bladnanews-V2-web-black-red.png\",\"width\":703,\"height\":287,\"caption\":\"Bladna News.com\"},\"image\":{\"@id\":\"https:\\\/\\\/mediumseagreen-eel-531711.hostingersite.com\\\/#\\\/schema\\\/logo\\\/image\\\/\"},\"email\":\"info@bladnanews.com\",\"legalName\":\"Bladna News\"},{\"@type\":\"Person\",\"@id\":\"https:\\\/\\\/mediumseagreen-eel-531711.hostingersite.com\\\/#\\\/schema\\\/person\\\/6712b38fabe810f7eb8d15ed30d90f1e\",\"name\":\"Bladna Sports Desk\",\"url\":\"https:\\\/\\\/bladnanews.com\\\/fr\\\/author\\\/bladna-sports-desk\\\/\"}]}<\/script>\n<!-- \/ Yoast SEO Premium plugin. -->","yoast_head_json":{"title":"Ibrahim Diaz r\u00e9chauffe les c\u0153urs par un geste humanitaire lors de l'entra\u00eenement du Maroc - Bladna News","robots":{"index":"index","follow":"follow","max-snippet":"max-snippet:-1","max-image-preview":"max-image-preview:large","max-video-preview":"max-video-preview:-1"},"canonical":"https:\/\/bladnanews.com\/fr\/ibrahim-diaz-rechauffe-les-coeurs-par-un-geste-humanitaire-lors-de-lentrainement-au-maroc\/","og_locale":"fr_FR","og_type":"article","og_title":"Ibrahim Diaz warms hearts with humanitarian gesture during Morocco training","og_description":"Ibrahim Diaz brought a smile to the faces of \u201cHearts of Orphans\u201d during Morocco\u2019s training session, as the Real Madrid [&hellip;]","og_url":"https:\/\/bladnanews.com\/fr\/ibrahim-diaz-rechauffe-les-coeurs-par-un-geste-humanitaire-lors-de-lentrainement-au-maroc\/","og_site_name":"Bladna News","article_published_time":"2026-01-03T17:27:57+00:00","og_image":[{"width":2560,"height":1440,"url":"https:\/\/bladnanews.com\/wp-content\/uploads\/2026\/01\/GettyImages-2252864728.jpg.jpg","type":"image\/jpeg"}],"author":"Bladna Sports Desk","twitter_card":"summary_large_image","twitter_misc":{"\u00c9crit par":"Bladna Sports Desk","Dur\u00e9e de lecture estim\u00e9e":"1 minute"},"schema":{"@context":"https:\/\/schema.org","@graph":[{"@type":"Article","@id":"https:\/\/bladnanews.com\/ibrahim-diaz-warms-hearts-with-humanitarian-gesture-during-morocco-training\/#article","isPartOf":{"@id":"https:\/\/bladnanews.com\/ibrahim-diaz-warms-hearts-with-humanitarian-gesture-during-morocco-training\/"},"author":{"name":"Bladna Sports Desk","@id":"https:\/\/mediumseagreen-eel-531711.hostingersite.com\/#\/schema\/person\/6712b38fabe810f7eb8d15ed30d90f1e"},"headline":"Ibrahim Diaz warms hearts with humanitarian gesture during Morocco training","datePublished":"2026-01-03T17:27:57+00:00","mainEntityOfPage":{"@id":"https:\/\/bladnanews.com\/ibrahim-diaz-warms-hearts-with-humanitarian-gesture-during-morocco-training\/"},"wordCount":158,"publisher":{"@id":"https:\/\/mediumseagreen-eel-531711.hostingersite.com\/#organization"},"image":{"@id":"https:\/\/bladnanews.com\/ibrahim-diaz-warms-hearts-with-humanitarian-gesture-during-morocco-training\/#primaryimage"},"thumbnailUrl":"https:\/\/bladnanews.com\/wp-content\/uploads\/2026\/01\/GettyImages-2252864728.jpg.jpg","articleSection":["Latest News","Morocco National Team"],"inLanguage":"fr-FR","copyrightYear":"2026","copyrightHolder":{"@id":"https:\/\/bladnanews.com\/fr\/#organization"}},{"@type":"WebPage","@id":"https:\/\/bladnanews.com\/ibrahim-diaz-warms-hearts-with-humanitarian-gesture-during-morocco-training\/","url":"https:\/\/bladnanews.com\/ibrahim-diaz-warms-hearts-with-humanitarian-gesture-during-morocco-training\/","name":"Ibrahim Diaz r\u00e9chauffe les c\u0153urs par un geste humanitaire lors de l'entra\u00eenement du Maroc - Bladna News","isPartOf":{"@id":"https:\/\/mediumseagreen-eel-531711.hostingersite.com\/#website"},"primaryImageOfPage":{"@id":"https:\/\/bladnanews.com\/ibrahim-diaz-warms-hearts-with-humanitarian-gesture-during-morocco-training\/#primaryimage"},"image":{"@id":"https:\/\/bladnanews.com\/ibrahim-diaz-warms-hearts-with-humanitarian-gesture-during-morocco-training\/#primaryimage"},"thumbnailUrl":"https:\/\/bladnanews.com\/wp-content\/uploads\/2026\/01\/GettyImages-2252864728.jpg.jpg","datePublished":"2026-01-03T17:27:57+00:00","breadcrumb":{"@id":"https:\/\/bladnanews.com\/ibrahim-diaz-warms-hearts-with-humanitarian-gesture-during-morocco-training\/#breadcrumb"},"inLanguage":"fr-FR","potentialAction":[{"@type":"ReadAction","target":["https:\/\/bladnanews.com\/ibrahim-diaz-warms-hearts-with-humanitarian-gesture-during-morocco-training\/"]}]},{"@type":"ImageObject","inLanguage":"fr-FR","@id":"https:\/\/bladnanews.com\/ibrahim-diaz-warms-hearts-with-humanitarian-gesture-during-morocco-training\/#primaryimage","url":"https:\/\/bladnanews.com\/wp-content\/uploads\/2026\/01\/GettyImages-2252864728.jpg.jpg","contentUrl":"https:\/\/bladnanews.com\/wp-content\/uploads\/2026\/01\/GettyImages-2252864728.jpg.jpg","width":2560,"height":1440,"caption":"Moroccan player in red kit, number 10, executing a penalty kick against the backdrop of an opposing team in a competitive match."},{"@type":"BreadcrumbList","@id":"https:\/\/bladnanews.com\/ibrahim-diaz-warms-hearts-with-humanitarian-gesture-during-morocco-training\/#breadcrumb","itemListElement":[{"@type":"ListItem","position":1,"name":"Home","item":"https:\/\/bladnanews.com\/"},{"@type":"ListItem","position":2,"name":"Ibrahim Diaz warms hearts with humanitarian gesture during Morocco training"}]},{"@type":"WebSite","@id":"https:\/\/mediumseagreen-eel-531711.hostingersite.com\/#website","url":"https:\/\/mediumseagreen-eel-531711.hostingersite.com\/","name":"Bladna News - Maroc","description":"Quand le football marocain rencontre le monde","publisher":{"@id":"https:\/\/mediumseagreen-eel-531711.hostingersite.com\/#organization"},"potentialAction":[{"@type":"SearchAction","target":{"@type":"EntryPoint","urlTemplate":"https:\/\/mediumseagreen-eel-531711.hostingersite.com\/?s={search_term_string}"},"query-input":{"@type":"PropertyValueSpecification","valueRequired":true,"valueName":"search_term_string"}}],"inLanguage":"fr-FR"},{"@type":"Organization","@id":"https:\/\/mediumseagreen-eel-531711.hostingersite.com\/#organization","name":"Bladna News.com","url":"https:\/\/mediumseagreen-eel-531711.hostingersite.com\/","logo":{"@type":"ImageObject","inLanguage":"fr-FR","@id":"https:\/\/mediumseagreen-eel-531711.hostingersite.com\/#\/schema\/logo\/image\/","url":"https:\/\/bladnanews.com\/wp-content\/uploads\/2025\/12\/logo-bladnanews-V2-web-black-red.png","contentUrl":"https:\/\/bladnanews.com\/wp-content\/uploads\/2025\/12\/logo-bladnanews-V2-web-black-red.png","width":703,"height":287,"caption":"Bladna News.com"},"image":{"@id":"https:\/\/mediumseagreen-eel-531711.hostingersite.com\/#\/schema\/logo\/image\/"},"email":"info@bladnanews.com","legalName":"Bladna News"},{"@type":"Person","@id":"https:\/\/mediumseagreen-eel-531711.hostingersite.com\/#\/schema\/person\/6712b38fabe810f7eb8d15ed30d90f1e","name":"Bladna Sports Desk","url":"https:\/\/bladnanews.com\/fr\/author\/bladna-sports-desk\/"}]}},"_links":{"self":[{"href":"https:\/\/bladnanews.com\/fr\/wp-json\/wp\/v2\/posts\/1620","targetHints":{"allow":["GET"]}}],"collection":[{"href":"https:\/\/bladnanews.com\/fr\/wp-json\/wp\/v2\/posts"}],"about":[{"href":"https:\/\/bladnanews.com\/fr\/wp-json\/wp\/v2\/types\/post"}],"author":[{"embeddable":true,"href":"https:\/\/bladnanews.com\/fr\/wp-json\/wp\/v2\/users\/4"}],"replies":[{"embeddable":true,"href":"https:\/\/bladnanews.com\/fr\/wp-json\/wp\/v2\/comments?post=1620"}],"version-history":[{"count":0,"href":"https:\/\/bladnanews.com\/fr\/wp-json\/wp\/v2\/posts\/1620\/revisions"}],"wp:featuredmedia":[{"embeddable":true,"href":"https:\/\/bladnanews.com\/fr\/wp-json\/wp\/v2\/media\/1619"}],"wp:attachment":[{"href":"https:\/\/bladnanews.com\/fr\/wp-json\/wp\/v2\/media?parent=1620"}],"wp:term":[{"taxonomy":"category","embeddable":true,"href":"https:\/\/bladnanews.com\/fr\/wp-json\/wp\/v2\/categories?post=1620"},{"taxonomy":"post_tag","embeddable":true,"href":"https:\/\/bladnanews.com\/fr\/wp-json\/wp\/v2\/tags?post=1620"}],"curies":[{"name":"wp","href":"https:\/\/api.w.org\/{rel}","templated":true}]}}