{"id":1626,"date":"2026-01-03T17:59:39","date_gmt":"2026-01-03T17:59:39","guid":{"rendered":"https:\/\/bladnanews.com\/moroccan-legend-predicts-africa-cup-of-nations-champion\/"},"modified":"2026-01-03T17:59:39","modified_gmt":"2026-01-03T17:59:39","slug":"la-legende-marocaine-predit-le-champion-de-la-coupe-dafrique-des-nations","status":"publish","type":"post","link":"https:\/\/bladnanews.com\/fr\/la-legende-marocaine-predit-le-champion-de-la-coupe-dafrique-des-nations\/","title":{"rendered":"Une l\u00e9gende marocaine pr\u00e9dit le champion de la Coupe d'Afrique des Nations"},"content":{"rendered":"<p>La l\u00e9gende marocaine Ahmed Faras a soutenu son pays pour remporter la Coupe d'Afrique des Nations, croyant que la g\u00e9n\u00e9ration actuelle a ce qu'il faut pour soulever le troph\u00e9e.<\/p>\n<p>Faras, l'un des noms les plus respect\u00e9s du football marocain, a soulign\u00e9 la force de l'\u00e9quipe et la qualit\u00e9 dans les postes cl\u00e9s comme raisons de sa pr\u00e9diction, disant que le Maroc a l'\u00e9quilibre n\u00e9cessaire pour aller jusqu'au bout.<\/p>\n<p>Il a \u00e9galement soulign\u00e9 que gagner la comp\u00e9tition d\u00e9pendra de petits d\u00e9tails, y compris de la mani\u00e8re dont l'\u00e9quipe g\u00e8re la pression des matchs \u00e0 \u00e9limination directe et de la rapidit\u00e9 avec laquelle elle s'adapte \u00e0 diff\u00e9rents adversaires pendant le tournoi.<\/p>\n<p>Les commentaires de Faras interviennent alors que le Maroc continue d'\u00eatre consid\u00e9r\u00e9 comme l'un des principaux pr\u00e9tendants pour la prochaine Coupe d'Afrique des Nations, avec des attentes croissantes apr\u00e8s les r\u00e9cents progr\u00e8s de l'\u00e9quipe sur la sc\u00e8ne internationale.<\/p>","protected":false},"excerpt":{"rendered":"<p>Morocco legend Ahmed Faras has backed his country to win the Africa Cup of Nations, believing the current generation has [&hellip;]<\/p>\n","protected":false},"author":4,"featured_media":1625,"comment_status":"","ping_status":"open","sticky":false,"template":"","format":"standard","meta":{"googlesitekit_rrm_CAow_uzEDA:productID":"","site-sidebar-layout":"default","site-content-layout":"","ast-site-content-layout":"default","site-content-style":"default","site-sidebar-style":"default","ast-global-header-display":"","ast-banner-title-visibility":"","ast-main-header-display":"","ast-hfb-above-header-display":"","ast-hfb-below-header-display":"","ast-hfb-mobile-header-display":"","site-post-title":"","ast-breadcrumbs-content":"","ast-featured-img":"","footer-sml-layout":"","ast-disable-related-posts":"","theme-transparent-header-meta":"","adv-header-id-meta":"","stick-header-meta":"","header-above-stick-meta":"","header-main-stick-meta":"","header-below-stick-meta":"","astra-migrate-meta-layouts":"default","ast-page-background-enabled":"default","ast-page-background-meta":{"desktop":{"background-color":"var(--ast-global-color-5)","background-image":"","background-repeat":"repeat","background-position":"center center","background-size":"auto","background-attachment":"scroll","background-type":"","background-media":"","overlay-type":"","overlay-color":"","overlay-opacity":"","overlay-gradient":""},"tablet":{"background-color":"","background-image":"","background-repeat":"repeat","background-position":"center center","background-size":"auto","background-attachment":"scroll","background-type":"","background-media":"","overlay-type":"","overlay-color":"","overlay-opacity":"","overlay-gradient":""},"mobile":{"background-color":"","background-image":"","background-repeat":"repeat","background-position":"center center","background-size":"auto","background-attachment":"scroll","background-type":"","background-media":"","overlay-type":"","overlay-color":"","overlay-opacity":"","overlay-gradient":""}},"ast-content-background-meta":{"desktop":{"background-color":"var(--ast-global-color-4)","background-image":"","background-repeat":"repeat","background-position":"center center","background-size":"auto","background-attachment":"scroll","background-type":"","background-media":"","overlay-type":"","overlay-color":"","overlay-opacity":"","overlay-gradient":""},"tablet":{"background-color":"var(--ast-global-color-4)","background-image":"","background-repeat":"repeat","background-position":"center center","background-size":"auto","background-attachment":"scroll","background-type":"","background-media":"","overlay-type":"","overlay-color":"","overlay-opacity":"","overlay-gradient":""},"mobile":{"background-color":"var(--ast-global-color-4)","background-image":"","background-repeat":"repeat","background-position":"center center","background-size":"auto","background-attachment":"scroll","background-type":"","background-media":"","overlay-type":"","overlay-color":"","overlay-opacity":"","overlay-gradient":""}},"footnotes":""},"categories":[1,168],"tags":[],"class_list":["post-1626","post","type-post","status-publish","format-standard","has-post-thumbnail","hentry","category-football-latest-news","category-morocco-national-team"],"yoast_head":"<!-- This site is optimized with the Yoast SEO Premium plugin v26.6 (Yoast SEO v27.5) - https:\/\/yoast.com\/product\/yoast-seo-premium-wordpress\/ -->\n<title>Moroccan legend predicts Africa Cup of Nations champion - Bladna News<\/title>\n<meta name=\"robots\" content=\"index, follow, max-snippet:-1, max-image-preview:large, max-video-preview:-1\" \/>\n<link rel=\"canonical\" href=\"https:\/\/bladnanews.com\/fr\/la-legende-marocaine-predit-le-champion-de-la-coupe-dafrique-des-nations\/\" \/>\n<meta property=\"og:locale\" content=\"fr_FR\" \/>\n<meta property=\"og:type\" content=\"article\" \/>\n<meta property=\"og:title\" content=\"Moroccan legend predicts Africa Cup of Nations champion\" \/>\n<meta property=\"og:description\" content=\"Morocco legend Ahmed Faras has backed his country to win the Africa Cup of Nations, believing the current generation has [&hellip;]\" \/>\n<meta property=\"og:url\" content=\"https:\/\/bladnanews.com\/fr\/la-legende-marocaine-predit-le-champion-de-la-coupe-dafrique-des-nations\/\" \/>\n<meta property=\"og:site_name\" content=\"Bladna News\" \/>\n<meta property=\"article:published_time\" content=\"2026-01-03T17:59:39+00:00\" \/>\n<meta property=\"og:image\" content=\"https:\/\/bladnanews.com\/wp-content\/uploads\/2026\/01\/GettyImages-2252407716.jpg.jpg\" \/>\n\t<meta property=\"og:image:width\" content=\"2560\" \/>\n\t<meta property=\"og:image:height\" content=\"1440\" \/>\n\t<meta property=\"og:image:type\" content=\"image\/jpeg\" \/>\n<meta name=\"author\" content=\"Bladna Sports Desk\" \/>\n<meta name=\"twitter:card\" content=\"summary_large_image\" \/>\n<meta name=\"twitter:label1\" content=\"\u00c9crit par\" \/>\n\t<meta name=\"twitter:data1\" content=\"Bladna Sports Desk\" \/>\n\t<meta name=\"twitter:label2\" content=\"Dur\u00e9e de lecture estim\u00e9e\" \/>\n\t<meta name=\"twitter:data2\" content=\"1 minute\" \/>\n<script type=\"application\/ld+json\" class=\"yoast-schema-graph\">{\"@context\":\"https:\\\/\\\/schema.org\",\"@graph\":[{\"@type\":\"Article\",\"@id\":\"https:\\\/\\\/bladnanews.com\\\/moroccan-legend-predicts-africa-cup-of-nations-champion\\\/#article\",\"isPartOf\":{\"@id\":\"https:\\\/\\\/bladnanews.com\\\/moroccan-legend-predicts-africa-cup-of-nations-champion\\\/\"},\"author\":{\"name\":\"Bladna Sports Desk\",\"@id\":\"https:\\\/\\\/mediumseagreen-eel-531711.hostingersite.com\\\/#\\\/schema\\\/person\\\/6712b38fabe810f7eb8d15ed30d90f1e\"},\"headline\":\"Moroccan legend predicts Africa Cup of Nations champion\",\"datePublished\":\"2026-01-03T17:59:39+00:00\",\"mainEntityOfPage\":{\"@id\":\"https:\\\/\\\/bladnanews.com\\\/moroccan-legend-predicts-africa-cup-of-nations-champion\\\/\"},\"wordCount\":142,\"publisher\":{\"@id\":\"https:\\\/\\\/mediumseagreen-eel-531711.hostingersite.com\\\/#organization\"},\"image\":{\"@id\":\"https:\\\/\\\/bladnanews.com\\\/moroccan-legend-predicts-africa-cup-of-nations-champion\\\/#primaryimage\"},\"thumbnailUrl\":\"https:\\\/\\\/bladnanews.com\\\/wp-content\\\/uploads\\\/2026\\\/01\\\/GettyImages-2252407716.jpg.jpg\",\"articleSection\":[\"Latest News\",\"Morocco National Team\"],\"inLanguage\":\"fr-FR\",\"copyrightYear\":\"2026\",\"copyrightHolder\":{\"@id\":\"https:\\\/\\\/bladnanews.com\\\/fr\\\/#organization\"}},{\"@type\":\"WebPage\",\"@id\":\"https:\\\/\\\/bladnanews.com\\\/moroccan-legend-predicts-africa-cup-of-nations-champion\\\/\",\"url\":\"https:\\\/\\\/bladnanews.com\\\/moroccan-legend-predicts-africa-cup-of-nations-champion\\\/\",\"name\":\"Moroccan legend predicts Africa Cup of Nations champion - Bladna News\",\"isPartOf\":{\"@id\":\"https:\\\/\\\/mediumseagreen-eel-531711.hostingersite.com\\\/#website\"},\"primaryImageOfPage\":{\"@id\":\"https:\\\/\\\/bladnanews.com\\\/moroccan-legend-predicts-africa-cup-of-nations-champion\\\/#primaryimage\"},\"image\":{\"@id\":\"https:\\\/\\\/bladnanews.com\\\/moroccan-legend-predicts-africa-cup-of-nations-champion\\\/#primaryimage\"},\"thumbnailUrl\":\"https:\\\/\\\/bladnanews.com\\\/wp-content\\\/uploads\\\/2026\\\/01\\\/GettyImages-2252407716.jpg.jpg\",\"datePublished\":\"2026-01-03T17:59:39+00:00\",\"breadcrumb\":{\"@id\":\"https:\\\/\\\/bladnanews.com\\\/moroccan-legend-predicts-africa-cup-of-nations-champion\\\/#breadcrumb\"},\"inLanguage\":\"fr-FR\",\"potentialAction\":[{\"@type\":\"ReadAction\",\"target\":[\"https:\\\/\\\/bladnanews.com\\\/moroccan-legend-predicts-africa-cup-of-nations-champion\\\/\"]}]},{\"@type\":\"ImageObject\",\"inLanguage\":\"fr-FR\",\"@id\":\"https:\\\/\\\/bladnanews.com\\\/moroccan-legend-predicts-africa-cup-of-nations-champion\\\/#primaryimage\",\"url\":\"https:\\\/\\\/bladnanews.com\\\/wp-content\\\/uploads\\\/2026\\\/01\\\/GettyImages-2252407716.jpg.jpg\",\"contentUrl\":\"https:\\\/\\\/bladnanews.com\\\/wp-content\\\/uploads\\\/2026\\\/01\\\/GettyImages-2252407716.jpg.jpg\",\"width\":2560,\"height\":1440,\"caption\":\"Celebratory AFCON trophy on display with performers in vibrant outfits, illuminating stage, showcasing the prestige of African football.\"},{\"@type\":\"BreadcrumbList\",\"@id\":\"https:\\\/\\\/bladnanews.com\\\/moroccan-legend-predicts-africa-cup-of-nations-champion\\\/#breadcrumb\",\"itemListElement\":[{\"@type\":\"ListItem\",\"position\":1,\"name\":\"Home\",\"item\":\"https:\\\/\\\/bladnanews.com\\\/\"},{\"@type\":\"ListItem\",\"position\":2,\"name\":\"Moroccan legend predicts Africa Cup of Nations champion\"}]},{\"@type\":\"WebSite\",\"@id\":\"https:\\\/\\\/mediumseagreen-eel-531711.hostingersite.com\\\/#website\",\"url\":\"https:\\\/\\\/mediumseagreen-eel-531711.hostingersite.com\\\/\",\"name\":\"Bladna News - Morocco\",\"description\":\"Where Moroccan Football Meets the World\",\"publisher\":{\"@id\":\"https:\\\/\\\/mediumseagreen-eel-531711.hostingersite.com\\\/#organization\"},\"potentialAction\":[{\"@type\":\"SearchAction\",\"target\":{\"@type\":\"EntryPoint\",\"urlTemplate\":\"https:\\\/\\\/mediumseagreen-eel-531711.hostingersite.com\\\/?s={search_term_string}\"},\"query-input\":{\"@type\":\"PropertyValueSpecification\",\"valueRequired\":true,\"valueName\":\"search_term_string\"}}],\"inLanguage\":\"fr-FR\"},{\"@type\":\"Organization\",\"@id\":\"https:\\\/\\\/mediumseagreen-eel-531711.hostingersite.com\\\/#organization\",\"name\":\"Bladna News.com\",\"url\":\"https:\\\/\\\/mediumseagreen-eel-531711.hostingersite.com\\\/\",\"logo\":{\"@type\":\"ImageObject\",\"inLanguage\":\"fr-FR\",\"@id\":\"https:\\\/\\\/mediumseagreen-eel-531711.hostingersite.com\\\/#\\\/schema\\\/logo\\\/image\\\/\",\"url\":\"https:\\\/\\\/bladnanews.com\\\/wp-content\\\/uploads\\\/2025\\\/12\\\/logo-bladnanews-V2-web-black-red.png\",\"contentUrl\":\"https:\\\/\\\/bladnanews.com\\\/wp-content\\\/uploads\\\/2025\\\/12\\\/logo-bladnanews-V2-web-black-red.png\",\"width\":703,\"height\":287,\"caption\":\"Bladna News.com\"},\"image\":{\"@id\":\"https:\\\/\\\/mediumseagreen-eel-531711.hostingersite.com\\\/#\\\/schema\\\/logo\\\/image\\\/\"},\"email\":\"info@bladnanews.com\",\"legalName\":\"Bladna News\"},{\"@type\":\"Person\",\"@id\":\"https:\\\/\\\/mediumseagreen-eel-531711.hostingersite.com\\\/#\\\/schema\\\/person\\\/6712b38fabe810f7eb8d15ed30d90f1e\",\"name\":\"Bladna Sports Desk\",\"url\":\"https:\\\/\\\/bladnanews.com\\\/fr\\\/author\\\/bladna-sports-desk\\\/\"}]}<\/script>\n<!-- \/ Yoast SEO Premium plugin. -->","yoast_head_json":{"title":"La l\u00e9gende marocaine pr\u00e9dit le champion de la Coupe d'Afrique des Nations - Bladna News","robots":{"index":"index","follow":"follow","max-snippet":"max-snippet:-1","max-image-preview":"max-image-preview:large","max-video-preview":"max-video-preview:-1"},"canonical":"https:\/\/bladnanews.com\/fr\/la-legende-marocaine-predit-le-champion-de-la-coupe-dafrique-des-nations\/","og_locale":"fr_FR","og_type":"article","og_title":"Moroccan legend predicts Africa Cup of Nations champion","og_description":"Morocco legend Ahmed Faras has backed his country to win the Africa Cup of Nations, believing the current generation has [&hellip;]","og_url":"https:\/\/bladnanews.com\/fr\/la-legende-marocaine-predit-le-champion-de-la-coupe-dafrique-des-nations\/","og_site_name":"Bladna News","article_published_time":"2026-01-03T17:59:39+00:00","og_image":[{"width":2560,"height":1440,"url":"https:\/\/bladnanews.com\/wp-content\/uploads\/2026\/01\/GettyImages-2252407716.jpg.jpg","type":"image\/jpeg"}],"author":"Bladna Sports Desk","twitter_card":"summary_large_image","twitter_misc":{"\u00c9crit par":"Bladna Sports Desk","Dur\u00e9e de lecture estim\u00e9e":"1 minute"},"schema":{"@context":"https:\/\/schema.org","@graph":[{"@type":"Article","@id":"https:\/\/bladnanews.com\/moroccan-legend-predicts-africa-cup-of-nations-champion\/#article","isPartOf":{"@id":"https:\/\/bladnanews.com\/moroccan-legend-predicts-africa-cup-of-nations-champion\/"},"author":{"name":"Bladna Sports Desk","@id":"https:\/\/mediumseagreen-eel-531711.hostingersite.com\/#\/schema\/person\/6712b38fabe810f7eb8d15ed30d90f1e"},"headline":"Moroccan legend predicts Africa Cup of Nations champion","datePublished":"2026-01-03T17:59:39+00:00","mainEntityOfPage":{"@id":"https:\/\/bladnanews.com\/moroccan-legend-predicts-africa-cup-of-nations-champion\/"},"wordCount":142,"publisher":{"@id":"https:\/\/mediumseagreen-eel-531711.hostingersite.com\/#organization"},"image":{"@id":"https:\/\/bladnanews.com\/moroccan-legend-predicts-africa-cup-of-nations-champion\/#primaryimage"},"thumbnailUrl":"https:\/\/bladnanews.com\/wp-content\/uploads\/2026\/01\/GettyImages-2252407716.jpg.jpg","articleSection":["Latest News","Morocco National Team"],"inLanguage":"fr-FR","copyrightYear":"2026","copyrightHolder":{"@id":"https:\/\/bladnanews.com\/fr\/#organization"}},{"@type":"WebPage","@id":"https:\/\/bladnanews.com\/moroccan-legend-predicts-africa-cup-of-nations-champion\/","url":"https:\/\/bladnanews.com\/moroccan-legend-predicts-africa-cup-of-nations-champion\/","name":"La l\u00e9gende marocaine pr\u00e9dit le champion de la Coupe d'Afrique des Nations - Bladna News","isPartOf":{"@id":"https:\/\/mediumseagreen-eel-531711.hostingersite.com\/#website"},"primaryImageOfPage":{"@id":"https:\/\/bladnanews.com\/moroccan-legend-predicts-africa-cup-of-nations-champion\/#primaryimage"},"image":{"@id":"https:\/\/bladnanews.com\/moroccan-legend-predicts-africa-cup-of-nations-champion\/#primaryimage"},"thumbnailUrl":"https:\/\/bladnanews.com\/wp-content\/uploads\/2026\/01\/GettyImages-2252407716.jpg.jpg","datePublished":"2026-01-03T17:59:39+00:00","breadcrumb":{"@id":"https:\/\/bladnanews.com\/moroccan-legend-predicts-africa-cup-of-nations-champion\/#breadcrumb"},"inLanguage":"fr-FR","potentialAction":[{"@type":"ReadAction","target":["https:\/\/bladnanews.com\/moroccan-legend-predicts-africa-cup-of-nations-champion\/"]}]},{"@type":"ImageObject","inLanguage":"fr-FR","@id":"https:\/\/bladnanews.com\/moroccan-legend-predicts-africa-cup-of-nations-champion\/#primaryimage","url":"https:\/\/bladnanews.com\/wp-content\/uploads\/2026\/01\/GettyImages-2252407716.jpg.jpg","contentUrl":"https:\/\/bladnanews.com\/wp-content\/uploads\/2026\/01\/GettyImages-2252407716.jpg.jpg","width":2560,"height":1440,"caption":"Celebratory AFCON trophy on display with performers in vibrant outfits, illuminating stage, showcasing the prestige of African football."},{"@type":"BreadcrumbList","@id":"https:\/\/bladnanews.com\/moroccan-legend-predicts-africa-cup-of-nations-champion\/#breadcrumb","itemListElement":[{"@type":"ListItem","position":1,"name":"Home","item":"https:\/\/bladnanews.com\/"},{"@type":"ListItem","position":2,"name":"Moroccan legend predicts Africa Cup of Nations champion"}]},{"@type":"WebSite","@id":"https:\/\/mediumseagreen-eel-531711.hostingersite.com\/#website","url":"https:\/\/mediumseagreen-eel-531711.hostingersite.com\/","name":"Bladna News - Maroc","description":"Quand le football marocain rencontre le monde","publisher":{"@id":"https:\/\/mediumseagreen-eel-531711.hostingersite.com\/#organization"},"potentialAction":[{"@type":"SearchAction","target":{"@type":"EntryPoint","urlTemplate":"https:\/\/mediumseagreen-eel-531711.hostingersite.com\/?s={search_term_string}"},"query-input":{"@type":"PropertyValueSpecification","valueRequired":true,"valueName":"search_term_string"}}],"inLanguage":"fr-FR"},{"@type":"Organization","@id":"https:\/\/mediumseagreen-eel-531711.hostingersite.com\/#organization","name":"Bladna News.com","url":"https:\/\/mediumseagreen-eel-531711.hostingersite.com\/","logo":{"@type":"ImageObject","inLanguage":"fr-FR","@id":"https:\/\/mediumseagreen-eel-531711.hostingersite.com\/#\/schema\/logo\/image\/","url":"https:\/\/bladnanews.com\/wp-content\/uploads\/2025\/12\/logo-bladnanews-V2-web-black-red.png","contentUrl":"https:\/\/bladnanews.com\/wp-content\/uploads\/2025\/12\/logo-bladnanews-V2-web-black-red.png","width":703,"height":287,"caption":"Bladna News.com"},"image":{"@id":"https:\/\/mediumseagreen-eel-531711.hostingersite.com\/#\/schema\/logo\/image\/"},"email":"info@bladnanews.com","legalName":"Bladna News"},{"@type":"Person","@id":"https:\/\/mediumseagreen-eel-531711.hostingersite.com\/#\/schema\/person\/6712b38fabe810f7eb8d15ed30d90f1e","name":"Bladna Sports Desk","url":"https:\/\/bladnanews.com\/fr\/author\/bladna-sports-desk\/"}]}},"_links":{"self":[{"href":"https:\/\/bladnanews.com\/fr\/wp-json\/wp\/v2\/posts\/1626","targetHints":{"allow":["GET"]}}],"collection":[{"href":"https:\/\/bladnanews.com\/fr\/wp-json\/wp\/v2\/posts"}],"about":[{"href":"https:\/\/bladnanews.com\/fr\/wp-json\/wp\/v2\/types\/post"}],"author":[{"embeddable":true,"href":"https:\/\/bladnanews.com\/fr\/wp-json\/wp\/v2\/users\/4"}],"replies":[{"embeddable":true,"href":"https:\/\/bladnanews.com\/fr\/wp-json\/wp\/v2\/comments?post=1626"}],"version-history":[{"count":0,"href":"https:\/\/bladnanews.com\/fr\/wp-json\/wp\/v2\/posts\/1626\/revisions"}],"wp:featuredmedia":[{"embeddable":true,"href":"https:\/\/bladnanews.com\/fr\/wp-json\/wp\/v2\/media\/1625"}],"wp:attachment":[{"href":"https:\/\/bladnanews.com\/fr\/wp-json\/wp\/v2\/media?parent=1626"}],"wp:term":[{"taxonomy":"category","embeddable":true,"href":"https:\/\/bladnanews.com\/fr\/wp-json\/wp\/v2\/categories?post=1626"},{"taxonomy":"post_tag","embeddable":true,"href":"https:\/\/bladnanews.com\/fr\/wp-json\/wp\/v2\/tags?post=1626"}],"curies":[{"name":"wp","href":"https:\/\/api.w.org\/{rel}","templated":true}]}}