{"id":1632,"date":"2026-01-03T17:00:39","date_gmt":"2026-01-03T17:00:39","guid":{"rendered":"https:\/\/bladnanews.com\/xabi-alonso-explains-endrick-loan-after-lyon-move\/"},"modified":"2026-01-03T17:00:39","modified_gmt":"2026-01-03T17:00:39","slug":"xabi-alonso-explique-le-pret-dendrick-apres-son-transfert-a-lyon","status":"publish","type":"post","link":"https:\/\/bladnanews.com\/fr\/xabi-alonso-explique-le-pret-dendrick-apres-son-transfert-a-lyon\/","title":{"rendered":"Xabi Alonso explique le pr\u00eat d'Endrick apr\u00e8s son transfert \u00e0 Lyon"},"content":{"rendered":"<p>Xabi Alonso a expliqu\u00e9 pourquoi le Real Madrid a d\u00e9cid\u00e9 de pr\u00eater Endrick apr\u00e8s que le Br\u00e9silien a effectu\u00e9 son transfert \u00e0 Lyon.<\/p>\n<p>Le jeune attaquant a rejoint le club de Ligue 1 dans le cadre d'un accord temporaire peu apr\u00e8s son arriv\u00e9e \u00e0 Madrid, le club ayant opt\u00e9 pour un temps de jeu r\u00e9gulier en \u00e9quipe premi\u00e8re plut\u00f4t que de le garder en Espagne cette saison.<\/p>\n<p>\u00c9voquant cette d\u00e9cision, Alonso a clairement indiqu\u00e9 que la priorit\u00e9 \u00e9tait le d\u00e9veloppement et le temps de jeu d'Endrick, plut\u00f4t que de le voir sur le banc au Bernabeu. L'entra\u00eeneur du Real Madrid a d\u00e9clar\u00e9 que ce pr\u00eat \u00e9tait con\u00e7u pour aider l'adolescent \u00e0 s'adapter au football europ\u00e9en et \u00e0 poursuivre sa progression dans un environnement comp\u00e9titif.<\/p>\n<p>Le transfert d'Endrick \u00e0 Lyon a \u00e9t\u00e9 confirm\u00e9 cette semaine, l'accord l'envoyant en France pour la campagne. Madrid estime que ce mouvement lui donnera l'occasion de jouer r\u00e9guli\u00e8rement et de revenir mieux pr\u00e9par\u00e9 aux exigences de la vie au club.<\/p>\n<p>Alonso a soulign\u00e9 que le club suivrait Endrick de pr\u00e8s durant son passage en Ligue 1, et que ce plan avait \u00e9t\u00e9 discut\u00e9 en interne dans le cadre d'un parcours \u00e0 long terme pour l'international br\u00e9silien.<\/p>\n<p>Cette d\u00e9cision souligne l'approche du Madrid avec les jeunes talents, et les commentaires d'Alonso ont offert l'\u00e9clairage le plus clair \u00e0 ce jour sur les raisons pour lesquelles le club a estim\u00e9 qu'un pr\u00eat \u00e9tait la meilleure prochaine \u00e9tape apr\u00e8s le transfert d'Endrick \u00e0 Lyon.<\/p>","protected":false},"excerpt":{"rendered":"<p>Xabi Alonso has explained why Real Madrid have decided to send Endrick out on loan after the Brazilian completed a [&hellip;]<\/p>\n","protected":false},"author":3,"featured_media":1631,"comment_status":"","ping_status":"open","sticky":false,"template":"","format":"standard","meta":{"googlesitekit_rrm_CAow_uzEDA:productID":"","site-sidebar-layout":"default","site-content-layout":"","ast-site-content-layout":"default","site-content-style":"default","site-sidebar-style":"default","ast-global-header-display":"","ast-banner-title-visibility":"","ast-main-header-display":"","ast-hfb-above-header-display":"","ast-hfb-below-header-display":"","ast-hfb-mobile-header-display":"","site-post-title":"","ast-breadcrumbs-content":"","ast-featured-img":"","footer-sml-layout":"","ast-disable-related-posts":"","theme-transparent-header-meta":"","adv-header-id-meta":"","stick-header-meta":"","header-above-stick-meta":"","header-main-stick-meta":"","header-below-stick-meta":"","astra-migrate-meta-layouts":"default","ast-page-background-enabled":"default","ast-page-background-meta":{"desktop":{"background-color":"var(--ast-global-color-5)","background-image":"","background-repeat":"repeat","background-position":"center center","background-size":"auto","background-attachment":"scroll","background-type":"","background-media":"","overlay-type":"","overlay-color":"","overlay-opacity":"","overlay-gradient":""},"tablet":{"background-color":"","background-image":"","background-repeat":"repeat","background-position":"center center","background-size":"auto","background-attachment":"scroll","background-type":"","background-media":"","overlay-type":"","overlay-color":"","overlay-opacity":"","overlay-gradient":""},"mobile":{"background-color":"","background-image":"","background-repeat":"repeat","background-position":"center center","background-size":"auto","background-attachment":"scroll","background-type":"","background-media":"","overlay-type":"","overlay-color":"","overlay-opacity":"","overlay-gradient":""}},"ast-content-background-meta":{"desktop":{"background-color":"var(--ast-global-color-4)","background-image":"","background-repeat":"repeat","background-position":"center center","background-size":"auto","background-attachment":"scroll","background-type":"","background-media":"","overlay-type":"","overlay-color":"","overlay-opacity":"","overlay-gradient":""},"tablet":{"background-color":"var(--ast-global-color-4)","background-image":"","background-repeat":"repeat","background-position":"center center","background-size":"auto","background-attachment":"scroll","background-type":"","background-media":"","overlay-type":"","overlay-color":"","overlay-opacity":"","overlay-gradient":""},"mobile":{"background-color":"var(--ast-global-color-4)","background-image":"","background-repeat":"repeat","background-position":"center center","background-size":"auto","background-attachment":"scroll","background-type":"","background-media":"","overlay-type":"","overlay-color":"","overlay-opacity":"","overlay-gradient":""}},"footnotes":""},"categories":[20,1],"tags":[],"class_list":["post-1632","post","type-post","status-publish","format-standard","has-post-thumbnail","hentry","category-international","category-football-latest-news"],"yoast_head":"<!-- This site is optimized with the Yoast SEO Premium plugin v26.6 (Yoast SEO v27.5) - https:\/\/yoast.com\/product\/yoast-seo-premium-wordpress\/ -->\n<title>Xabi Alonso explains Endrick loan after Lyon move - Bladna News<\/title>\n<meta name=\"robots\" content=\"index, follow, max-snippet:-1, max-image-preview:large, max-video-preview:-1\" \/>\n<link rel=\"canonical\" href=\"https:\/\/bladnanews.com\/fr\/xabi-alonso-explique-le-pret-dendrick-apres-son-transfert-a-lyon\/\" \/>\n<meta property=\"og:locale\" content=\"fr_FR\" \/>\n<meta property=\"og:type\" content=\"article\" \/>\n<meta property=\"og:title\" content=\"Xabi Alonso explains Endrick loan after Lyon move\" \/>\n<meta property=\"og:description\" content=\"Xabi Alonso has explained why Real Madrid have decided to send Endrick out on loan after the Brazilian completed a [&hellip;]\" \/>\n<meta property=\"og:url\" content=\"https:\/\/bladnanews.com\/fr\/xabi-alonso-explique-le-pret-dendrick-apres-son-transfert-a-lyon\/\" \/>\n<meta property=\"og:site_name\" content=\"Bladna News\" \/>\n<meta property=\"article:published_time\" content=\"2026-01-03T17:00:39+00:00\" \/>\n<meta property=\"og:image\" content=\"https:\/\/bladnanews.com\/wp-content\/uploads\/2026\/01\/BladnaNews-Xabi-Alonso-explains-Endrick-loan-after-Lyon-move-2026-01-03T195036.898Z.jpg\" \/>\n\t<meta property=\"og:image:width\" content=\"1600\" \/>\n\t<meta property=\"og:image:height\" content=\"900\" \/>\n\t<meta property=\"og:image:type\" content=\"image\/jpeg\" \/>\n<meta name=\"author\" content=\"Bladna News Staff\" \/>\n<meta name=\"twitter:card\" content=\"summary_large_image\" \/>\n<meta name=\"twitter:label1\" content=\"\u00c9crit par\" \/>\n\t<meta name=\"twitter:data1\" content=\"Bladna News Staff\" \/>\n\t<meta name=\"twitter:label2\" content=\"Dur\u00e9e de lecture estim\u00e9e\" \/>\n\t<meta name=\"twitter:data2\" content=\"1 minute\" \/>\n<script type=\"application\/ld+json\" class=\"yoast-schema-graph\">{\"@context\":\"https:\\\/\\\/schema.org\",\"@graph\":[{\"@type\":\"Article\",\"@id\":\"https:\\\/\\\/bladnanews.com\\\/xabi-alonso-explains-endrick-loan-after-lyon-move\\\/#article\",\"isPartOf\":{\"@id\":\"https:\\\/\\\/bladnanews.com\\\/xabi-alonso-explains-endrick-loan-after-lyon-move\\\/\"},\"author\":{\"name\":\"Bladna News Staff\",\"@id\":\"https:\\\/\\\/mediumseagreen-eel-531711.hostingersite.com\\\/#\\\/schema\\\/person\\\/268e18a453ab080ebf76df6ef7845083\"},\"headline\":\"Xabi Alonso explains Endrick loan after Lyon move\",\"datePublished\":\"2026-01-03T17:00:39+00:00\",\"mainEntityOfPage\":{\"@id\":\"https:\\\/\\\/bladnanews.com\\\/xabi-alonso-explains-endrick-loan-after-lyon-move\\\/\"},\"wordCount\":230,\"publisher\":{\"@id\":\"https:\\\/\\\/mediumseagreen-eel-531711.hostingersite.com\\\/#organization\"},\"image\":{\"@id\":\"https:\\\/\\\/bladnanews.com\\\/xabi-alonso-explains-endrick-loan-after-lyon-move\\\/#primaryimage\"},\"thumbnailUrl\":\"https:\\\/\\\/bladnanews.com\\\/wp-content\\\/uploads\\\/2026\\\/01\\\/BladnaNews-Xabi-Alonso-explains-Endrick-loan-after-Lyon-move-2026-01-03T195036.898Z.jpg\",\"articleSection\":[\"International\",\"Latest News\"],\"inLanguage\":\"fr-FR\",\"copyrightYear\":\"2026\",\"copyrightHolder\":{\"@id\":\"https:\\\/\\\/bladnanews.com\\\/fr\\\/#organization\"}},{\"@type\":\"WebPage\",\"@id\":\"https:\\\/\\\/bladnanews.com\\\/xabi-alonso-explains-endrick-loan-after-lyon-move\\\/\",\"url\":\"https:\\\/\\\/bladnanews.com\\\/xabi-alonso-explains-endrick-loan-after-lyon-move\\\/\",\"name\":\"Xabi Alonso explains Endrick loan after Lyon move - Bladna News\",\"isPartOf\":{\"@id\":\"https:\\\/\\\/mediumseagreen-eel-531711.hostingersite.com\\\/#website\"},\"primaryImageOfPage\":{\"@id\":\"https:\\\/\\\/bladnanews.com\\\/xabi-alonso-explains-endrick-loan-after-lyon-move\\\/#primaryimage\"},\"image\":{\"@id\":\"https:\\\/\\\/bladnanews.com\\\/xabi-alonso-explains-endrick-loan-after-lyon-move\\\/#primaryimage\"},\"thumbnailUrl\":\"https:\\\/\\\/bladnanews.com\\\/wp-content\\\/uploads\\\/2026\\\/01\\\/BladnaNews-Xabi-Alonso-explains-Endrick-loan-after-Lyon-move-2026-01-03T195036.898Z.jpg\",\"datePublished\":\"2026-01-03T17:00:39+00:00\",\"breadcrumb\":{\"@id\":\"https:\\\/\\\/bladnanews.com\\\/xabi-alonso-explains-endrick-loan-after-lyon-move\\\/#breadcrumb\"},\"inLanguage\":\"fr-FR\",\"potentialAction\":[{\"@type\":\"ReadAction\",\"target\":[\"https:\\\/\\\/bladnanews.com\\\/xabi-alonso-explains-endrick-loan-after-lyon-move\\\/\"]}]},{\"@type\":\"ImageObject\",\"inLanguage\":\"fr-FR\",\"@id\":\"https:\\\/\\\/bladnanews.com\\\/xabi-alonso-explains-endrick-loan-after-lyon-move\\\/#primaryimage\",\"url\":\"https:\\\/\\\/bladnanews.com\\\/wp-content\\\/uploads\\\/2026\\\/01\\\/BladnaNews-Xabi-Alonso-explains-Endrick-loan-after-Lyon-move-2026-01-03T195036.898Z.jpg\",\"contentUrl\":\"https:\\\/\\\/bladnanews.com\\\/wp-content\\\/uploads\\\/2026\\\/01\\\/BladnaNews-Xabi-Alonso-explains-Endrick-loan-after-Lyon-move-2026-01-03T195036.898Z.jpg\",\"width\":1600,\"height\":900,\"caption\":\"Endrick in a bright orange Real Madrid kit shows emotion on the pitch, while Xabi Alonso, in a dark jacket, appears focused and contemplative.\"},{\"@type\":\"BreadcrumbList\",\"@id\":\"https:\\\/\\\/bladnanews.com\\\/xabi-alonso-explains-endrick-loan-after-lyon-move\\\/#breadcrumb\",\"itemListElement\":[{\"@type\":\"ListItem\",\"position\":1,\"name\":\"Home\",\"item\":\"https:\\\/\\\/bladnanews.com\\\/\"},{\"@type\":\"ListItem\",\"position\":2,\"name\":\"Xabi Alonso explains Endrick loan after Lyon move\"}]},{\"@type\":\"WebSite\",\"@id\":\"https:\\\/\\\/mediumseagreen-eel-531711.hostingersite.com\\\/#website\",\"url\":\"https:\\\/\\\/mediumseagreen-eel-531711.hostingersite.com\\\/\",\"name\":\"Bladna News - Morocco\",\"description\":\"Where Moroccan Football Meets the World\",\"publisher\":{\"@id\":\"https:\\\/\\\/mediumseagreen-eel-531711.hostingersite.com\\\/#organization\"},\"potentialAction\":[{\"@type\":\"SearchAction\",\"target\":{\"@type\":\"EntryPoint\",\"urlTemplate\":\"https:\\\/\\\/mediumseagreen-eel-531711.hostingersite.com\\\/?s={search_term_string}\"},\"query-input\":{\"@type\":\"PropertyValueSpecification\",\"valueRequired\":true,\"valueName\":\"search_term_string\"}}],\"inLanguage\":\"fr-FR\"},{\"@type\":\"Organization\",\"@id\":\"https:\\\/\\\/mediumseagreen-eel-531711.hostingersite.com\\\/#organization\",\"name\":\"Bladna News.com\",\"url\":\"https:\\\/\\\/mediumseagreen-eel-531711.hostingersite.com\\\/\",\"logo\":{\"@type\":\"ImageObject\",\"inLanguage\":\"fr-FR\",\"@id\":\"https:\\\/\\\/mediumseagreen-eel-531711.hostingersite.com\\\/#\\\/schema\\\/logo\\\/image\\\/\",\"url\":\"https:\\\/\\\/bladnanews.com\\\/wp-content\\\/uploads\\\/2025\\\/12\\\/logo-bladnanews-V2-web-black-red.png\",\"contentUrl\":\"https:\\\/\\\/bladnanews.com\\\/wp-content\\\/uploads\\\/2025\\\/12\\\/logo-bladnanews-V2-web-black-red.png\",\"width\":703,\"height\":287,\"caption\":\"Bladna News.com\"},\"image\":{\"@id\":\"https:\\\/\\\/mediumseagreen-eel-531711.hostingersite.com\\\/#\\\/schema\\\/logo\\\/image\\\/\"},\"email\":\"info@bladnanews.com\",\"legalName\":\"Bladna News\"},{\"@type\":\"Person\",\"@id\":\"https:\\\/\\\/mediumseagreen-eel-531711.hostingersite.com\\\/#\\\/schema\\\/person\\\/268e18a453ab080ebf76df6ef7845083\",\"name\":\"Bladna News Staff\",\"url\":\"https:\\\/\\\/bladnanews.com\\\/fr\\\/author\\\/bladna-news-staff\\\/\"}]}<\/script>\n<!-- \/ Yoast SEO Premium plugin. -->","yoast_head_json":{"title":"Xabi Alonso explique le pr\u00eat d'Endrick apr\u00e8s son transfert \u00e0 Lyon - Bladna News","robots":{"index":"index","follow":"follow","max-snippet":"max-snippet:-1","max-image-preview":"max-image-preview:large","max-video-preview":"max-video-preview:-1"},"canonical":"https:\/\/bladnanews.com\/fr\/xabi-alonso-explique-le-pret-dendrick-apres-son-transfert-a-lyon\/","og_locale":"fr_FR","og_type":"article","og_title":"Xabi Alonso explains Endrick loan after Lyon move","og_description":"Xabi Alonso has explained why Real Madrid have decided to send Endrick out on loan after the Brazilian completed a [&hellip;]","og_url":"https:\/\/bladnanews.com\/fr\/xabi-alonso-explique-le-pret-dendrick-apres-son-transfert-a-lyon\/","og_site_name":"Bladna News","article_published_time":"2026-01-03T17:00:39+00:00","og_image":[{"width":1600,"height":900,"url":"https:\/\/bladnanews.com\/wp-content\/uploads\/2026\/01\/BladnaNews-Xabi-Alonso-explains-Endrick-loan-after-Lyon-move-2026-01-03T195036.898Z.jpg","type":"image\/jpeg"}],"author":"Bladna News Staff","twitter_card":"summary_large_image","twitter_misc":{"\u00c9crit par":"Bladna News Staff","Dur\u00e9e de lecture estim\u00e9e":"1 minute"},"schema":{"@context":"https:\/\/schema.org","@graph":[{"@type":"Article","@id":"https:\/\/bladnanews.com\/xabi-alonso-explains-endrick-loan-after-lyon-move\/#article","isPartOf":{"@id":"https:\/\/bladnanews.com\/xabi-alonso-explains-endrick-loan-after-lyon-move\/"},"author":{"name":"Bladna News Staff","@id":"https:\/\/mediumseagreen-eel-531711.hostingersite.com\/#\/schema\/person\/268e18a453ab080ebf76df6ef7845083"},"headline":"Xabi Alonso explains Endrick loan after Lyon move","datePublished":"2026-01-03T17:00:39+00:00","mainEntityOfPage":{"@id":"https:\/\/bladnanews.com\/xabi-alonso-explains-endrick-loan-after-lyon-move\/"},"wordCount":230,"publisher":{"@id":"https:\/\/mediumseagreen-eel-531711.hostingersite.com\/#organization"},"image":{"@id":"https:\/\/bladnanews.com\/xabi-alonso-explains-endrick-loan-after-lyon-move\/#primaryimage"},"thumbnailUrl":"https:\/\/bladnanews.com\/wp-content\/uploads\/2026\/01\/BladnaNews-Xabi-Alonso-explains-Endrick-loan-after-Lyon-move-2026-01-03T195036.898Z.jpg","articleSection":["International","Latest News"],"inLanguage":"fr-FR","copyrightYear":"2026","copyrightHolder":{"@id":"https:\/\/bladnanews.com\/fr\/#organization"}},{"@type":"WebPage","@id":"https:\/\/bladnanews.com\/xabi-alonso-explains-endrick-loan-after-lyon-move\/","url":"https:\/\/bladnanews.com\/xabi-alonso-explains-endrick-loan-after-lyon-move\/","name":"Xabi Alonso explique le pr\u00eat d'Endrick apr\u00e8s son transfert \u00e0 Lyon - Bladna News","isPartOf":{"@id":"https:\/\/mediumseagreen-eel-531711.hostingersite.com\/#website"},"primaryImageOfPage":{"@id":"https:\/\/bladnanews.com\/xabi-alonso-explains-endrick-loan-after-lyon-move\/#primaryimage"},"image":{"@id":"https:\/\/bladnanews.com\/xabi-alonso-explains-endrick-loan-after-lyon-move\/#primaryimage"},"thumbnailUrl":"https:\/\/bladnanews.com\/wp-content\/uploads\/2026\/01\/BladnaNews-Xabi-Alonso-explains-Endrick-loan-after-Lyon-move-2026-01-03T195036.898Z.jpg","datePublished":"2026-01-03T17:00:39+00:00","breadcrumb":{"@id":"https:\/\/bladnanews.com\/xabi-alonso-explains-endrick-loan-after-lyon-move\/#breadcrumb"},"inLanguage":"fr-FR","potentialAction":[{"@type":"ReadAction","target":["https:\/\/bladnanews.com\/xabi-alonso-explains-endrick-loan-after-lyon-move\/"]}]},{"@type":"ImageObject","inLanguage":"fr-FR","@id":"https:\/\/bladnanews.com\/xabi-alonso-explains-endrick-loan-after-lyon-move\/#primaryimage","url":"https:\/\/bladnanews.com\/wp-content\/uploads\/2026\/01\/BladnaNews-Xabi-Alonso-explains-Endrick-loan-after-Lyon-move-2026-01-03T195036.898Z.jpg","contentUrl":"https:\/\/bladnanews.com\/wp-content\/uploads\/2026\/01\/BladnaNews-Xabi-Alonso-explains-Endrick-loan-after-Lyon-move-2026-01-03T195036.898Z.jpg","width":1600,"height":900,"caption":"Endrick in a bright orange Real Madrid kit shows emotion on the pitch, while Xabi Alonso, in a dark jacket, appears focused and contemplative."},{"@type":"BreadcrumbList","@id":"https:\/\/bladnanews.com\/xabi-alonso-explains-endrick-loan-after-lyon-move\/#breadcrumb","itemListElement":[{"@type":"ListItem","position":1,"name":"Home","item":"https:\/\/bladnanews.com\/"},{"@type":"ListItem","position":2,"name":"Xabi Alonso explains Endrick loan after Lyon move"}]},{"@type":"WebSite","@id":"https:\/\/mediumseagreen-eel-531711.hostingersite.com\/#website","url":"https:\/\/mediumseagreen-eel-531711.hostingersite.com\/","name":"Bladna News - Maroc","description":"Quand le football marocain rencontre le monde","publisher":{"@id":"https:\/\/mediumseagreen-eel-531711.hostingersite.com\/#organization"},"potentialAction":[{"@type":"SearchAction","target":{"@type":"EntryPoint","urlTemplate":"https:\/\/mediumseagreen-eel-531711.hostingersite.com\/?s={search_term_string}"},"query-input":{"@type":"PropertyValueSpecification","valueRequired":true,"valueName":"search_term_string"}}],"inLanguage":"fr-FR"},{"@type":"Organization","@id":"https:\/\/mediumseagreen-eel-531711.hostingersite.com\/#organization","name":"Bladna News.com","url":"https:\/\/mediumseagreen-eel-531711.hostingersite.com\/","logo":{"@type":"ImageObject","inLanguage":"fr-FR","@id":"https:\/\/mediumseagreen-eel-531711.hostingersite.com\/#\/schema\/logo\/image\/","url":"https:\/\/bladnanews.com\/wp-content\/uploads\/2025\/12\/logo-bladnanews-V2-web-black-red.png","contentUrl":"https:\/\/bladnanews.com\/wp-content\/uploads\/2025\/12\/logo-bladnanews-V2-web-black-red.png","width":703,"height":287,"caption":"Bladna News.com"},"image":{"@id":"https:\/\/mediumseagreen-eel-531711.hostingersite.com\/#\/schema\/logo\/image\/"},"email":"info@bladnanews.com","legalName":"Bladna News"},{"@type":"Person","@id":"https:\/\/mediumseagreen-eel-531711.hostingersite.com\/#\/schema\/person\/268e18a453ab080ebf76df6ef7845083","name":"\u00c9quipe r\u00e9dactionnelle de Bladna News","url":"https:\/\/bladnanews.com\/fr\/author\/bladna-news-staff\/"}]}},"_links":{"self":[{"href":"https:\/\/bladnanews.com\/fr\/wp-json\/wp\/v2\/posts\/1632","targetHints":{"allow":["GET"]}}],"collection":[{"href":"https:\/\/bladnanews.com\/fr\/wp-json\/wp\/v2\/posts"}],"about":[{"href":"https:\/\/bladnanews.com\/fr\/wp-json\/wp\/v2\/types\/post"}],"author":[{"embeddable":true,"href":"https:\/\/bladnanews.com\/fr\/wp-json\/wp\/v2\/users\/3"}],"replies":[{"embeddable":true,"href":"https:\/\/bladnanews.com\/fr\/wp-json\/wp\/v2\/comments?post=1632"}],"version-history":[{"count":0,"href":"https:\/\/bladnanews.com\/fr\/wp-json\/wp\/v2\/posts\/1632\/revisions"}],"wp:featuredmedia":[{"embeddable":true,"href":"https:\/\/bladnanews.com\/fr\/wp-json\/wp\/v2\/media\/1631"}],"wp:attachment":[{"href":"https:\/\/bladnanews.com\/fr\/wp-json\/wp\/v2\/media?parent=1632"}],"wp:term":[{"taxonomy":"category","embeddable":true,"href":"https:\/\/bladnanews.com\/fr\/wp-json\/wp\/v2\/categories?post=1632"},{"taxonomy":"post_tag","embeddable":true,"href":"https:\/\/bladnanews.com\/fr\/wp-json\/wp\/v2\/tags?post=1632"}],"curies":[{"name":"wp","href":"https:\/\/api.w.org\/{rel}","templated":true}]}}