{"id":1634,"date":"2026-01-03T17:27:43","date_gmt":"2026-01-03T17:27:43","guid":{"rendered":"https:\/\/bladnanews.com\/hugo-ekitike-on-profiting-after-isak-suffers-leg-fracture\/"},"modified":"2026-01-03T17:27:43","modified_gmt":"2026-01-03T17:27:43","slug":"hugo-ekitike-profite-apres-quisak-subisse-une-fracture-de-la-jambe","status":"publish","type":"post","link":"https:\/\/bladnanews.com\/fr\/hugo-ekitike-profite-apres-quisak-subisse-une-fracture-de-la-jambe\/","title":{"rendered":"Hugo Ekitike profite apr\u00e8s la fracture de la jambe d'Isak"},"content":{"rendered":"<p>Hugo Ekitike a reconnu qu'il \u00e9tait \u201c difficile \u201d de g\u00e9rer la r\u00e9alit\u00e9 selon laquelle il pourrait b\u00e9n\u00e9ficier du malheur d'Alexander Isak, apr\u00e8s que l'attaquant de Newcastle ait subi une fracture de la jambe, alors que l'int\u00e9r\u00eat de Liverpool se manifestait.<\/p>\n<p>Isak, dont la valeur est estim\u00e9e \u00e0 environ 125 millions de livres sterling, doit d\u00e9sormais faire face \u00e0 une p\u00e9riode d'indisponibilit\u00e9 suite \u00e0 sa blessure, portant un coup \u00e0 la fois \u00e0 Newcastle et \u00e0 tout projet imm\u00e9diat concernant son avenir.<\/p>\n<p>Pour Ekitike, cette situation a plac\u00e9 sous un projecteur inconfortable. L'attaquant fran\u00e7ais a \u00e9voqu\u00e9 les sentiments mitig\u00e9s que suscite la blessure d'un co\u00e9quipier de poste, tout en sachant qu'elle peut ouvrir des portes ailleurs sur le march\u00e9.<\/p>\n<p>\u201c C'est difficile \u201d, a d\u00e9clar\u00e9 Ekitike, abordant l'id\u00e9e de profiter du revers d'un autre joueur alors que le paysage du march\u00e9 des transferts \u00e9volue suite \u00e0 la fracture d'Isak.<\/p>\n<p>Cette blessure constitue un moment important compte tenu de l'attention port\u00e9e \u00e0 Isak et \u00e0 Liverpool, et elle a in\u00e9vitablement ramen\u00e9 l'accent sur des options alternatives \u00e0 travers l'Europe, Ekitike figurant parmi les noms \u00e9voqu\u00e9s.<\/p>\n<p>Les propos d'Ekitike ont soulign\u00e9 l'aspect humain de la situation, pr\u00e9cisant clairement que si des opportunit\u00e9s peuvent surgir dans le football, elles peuvent na\u00eetre dans des circonstances qu'aucun joueur ne souhaite voir.<\/p>","protected":false},"excerpt":{"rendered":"<p>Hugo Ekitike has admitted it has been \u201cdifficult\u201d to deal with the reality that he could benefit from Alexander Isak\u2019s [&hellip;]<\/p>\n","protected":false},"author":3,"featured_media":1633,"comment_status":"","ping_status":"open","sticky":false,"template":"","format":"standard","meta":{"googlesitekit_rrm_CAow_uzEDA:productID":"","site-sidebar-layout":"default","site-content-layout":"","ast-site-content-layout":"default","site-content-style":"default","site-sidebar-style":"default","ast-global-header-display":"","ast-banner-title-visibility":"","ast-main-header-display":"","ast-hfb-above-header-display":"","ast-hfb-below-header-display":"","ast-hfb-mobile-header-display":"","site-post-title":"","ast-breadcrumbs-content":"","ast-featured-img":"","footer-sml-layout":"","ast-disable-related-posts":"","theme-transparent-header-meta":"","adv-header-id-meta":"","stick-header-meta":"","header-above-stick-meta":"","header-main-stick-meta":"","header-below-stick-meta":"","astra-migrate-meta-layouts":"default","ast-page-background-enabled":"default","ast-page-background-meta":{"desktop":{"background-color":"var(--ast-global-color-5)","background-image":"","background-repeat":"repeat","background-position":"center center","background-size":"auto","background-attachment":"scroll","background-type":"","background-media":"","overlay-type":"","overlay-color":"","overlay-opacity":"","overlay-gradient":""},"tablet":{"background-color":"","background-image":"","background-repeat":"repeat","background-position":"center center","background-size":"auto","background-attachment":"scroll","background-type":"","background-media":"","overlay-type":"","overlay-color":"","overlay-opacity":"","overlay-gradient":""},"mobile":{"background-color":"","background-image":"","background-repeat":"repeat","background-position":"center center","background-size":"auto","background-attachment":"scroll","background-type":"","background-media":"","overlay-type":"","overlay-color":"","overlay-opacity":"","overlay-gradient":""}},"ast-content-background-meta":{"desktop":{"background-color":"var(--ast-global-color-4)","background-image":"","background-repeat":"repeat","background-position":"center center","background-size":"auto","background-attachment":"scroll","background-type":"","background-media":"","overlay-type":"","overlay-color":"","overlay-opacity":"","overlay-gradient":""},"tablet":{"background-color":"var(--ast-global-color-4)","background-image":"","background-repeat":"repeat","background-position":"center center","background-size":"auto","background-attachment":"scroll","background-type":"","background-media":"","overlay-type":"","overlay-color":"","overlay-opacity":"","overlay-gradient":""},"mobile":{"background-color":"var(--ast-global-color-4)","background-image":"","background-repeat":"repeat","background-position":"center center","background-size":"auto","background-attachment":"scroll","background-type":"","background-media":"","overlay-type":"","overlay-color":"","overlay-opacity":"","overlay-gradient":""}},"footnotes":""},"categories":[20,1],"tags":[],"class_list":["post-1634","post","type-post","status-publish","format-standard","has-post-thumbnail","hentry","category-international","category-football-latest-news"],"yoast_head":"<!-- This site is optimized with the Yoast SEO Premium plugin v26.6 (Yoast SEO v27.5) - https:\/\/yoast.com\/product\/yoast-seo-premium-wordpress\/ -->\n<title>Hugo Ekitike on profiting after Isak suffers leg fracture - Bladna News<\/title>\n<meta name=\"robots\" content=\"index, follow, max-snippet:-1, max-image-preview:large, max-video-preview:-1\" \/>\n<link rel=\"canonical\" href=\"https:\/\/bladnanews.com\/fr\/hugo-ekitike-profite-apres-quisak-subisse-une-fracture-de-la-jambe\/\" \/>\n<meta property=\"og:locale\" content=\"fr_FR\" \/>\n<meta property=\"og:type\" content=\"article\" \/>\n<meta property=\"og:title\" content=\"Hugo Ekitike on profiting after Isak suffers leg fracture\" \/>\n<meta property=\"og:description\" content=\"Hugo Ekitike has admitted it has been \u201cdifficult\u201d to deal with the reality that he could benefit from Alexander Isak\u2019s [&hellip;]\" \/>\n<meta property=\"og:url\" content=\"https:\/\/bladnanews.com\/fr\/hugo-ekitike-profite-apres-quisak-subisse-une-fracture-de-la-jambe\/\" \/>\n<meta property=\"og:site_name\" content=\"Bladna News\" \/>\n<meta property=\"article:published_time\" content=\"2026-01-03T17:27:43+00:00\" \/>\n<meta property=\"og:image\" content=\"https:\/\/bladnanews.com\/wp-content\/uploads\/2026\/01\/BladnaNews-Hugo-Ekitike-on-profiting-after-Isak-suffers-leg-fracture-2026-01-03T195050.381Z.jpg\" \/>\n\t<meta property=\"og:image:width\" content=\"1600\" \/>\n\t<meta property=\"og:image:height\" content=\"900\" \/>\n\t<meta property=\"og:image:type\" content=\"image\/jpeg\" \/>\n<meta name=\"author\" content=\"Bladna News Staff\" \/>\n<meta name=\"twitter:card\" content=\"summary_large_image\" \/>\n<meta name=\"twitter:label1\" content=\"\u00c9crit par\" \/>\n\t<meta name=\"twitter:data1\" content=\"Bladna News Staff\" \/>\n\t<meta name=\"twitter:label2\" content=\"Dur\u00e9e de lecture estim\u00e9e\" \/>\n\t<meta name=\"twitter:data2\" content=\"1 minute\" \/>\n<script type=\"application\/ld+json\" class=\"yoast-schema-graph\">{\"@context\":\"https:\\\/\\\/schema.org\",\"@graph\":[{\"@type\":\"Article\",\"@id\":\"https:\\\/\\\/bladnanews.com\\\/hugo-ekitike-on-profiting-after-isak-suffers-leg-fracture\\\/#article\",\"isPartOf\":{\"@id\":\"https:\\\/\\\/bladnanews.com\\\/hugo-ekitike-on-profiting-after-isak-suffers-leg-fracture\\\/\"},\"author\":{\"name\":\"Bladna News Staff\",\"@id\":\"https:\\\/\\\/mediumseagreen-eel-531711.hostingersite.com\\\/#\\\/schema\\\/person\\\/268e18a453ab080ebf76df6ef7845083\"},\"headline\":\"Hugo Ekitike on profiting after Isak suffers leg fracture\",\"datePublished\":\"2026-01-03T17:27:43+00:00\",\"mainEntityOfPage\":{\"@id\":\"https:\\\/\\\/bladnanews.com\\\/hugo-ekitike-on-profiting-after-isak-suffers-leg-fracture\\\/\"},\"wordCount\":197,\"publisher\":{\"@id\":\"https:\\\/\\\/mediumseagreen-eel-531711.hostingersite.com\\\/#organization\"},\"image\":{\"@id\":\"https:\\\/\\\/bladnanews.com\\\/hugo-ekitike-on-profiting-after-isak-suffers-leg-fracture\\\/#primaryimage\"},\"thumbnailUrl\":\"https:\\\/\\\/bladnanews.com\\\/wp-content\\\/uploads\\\/2026\\\/01\\\/BladnaNews-Hugo-Ekitike-on-profiting-after-Isak-suffers-leg-fracture-2026-01-03T195050.381Z.jpg\",\"articleSection\":[\"International\",\"Latest News\"],\"inLanguage\":\"fr-FR\",\"copyrightYear\":\"2026\",\"copyrightHolder\":{\"@id\":\"https:\\\/\\\/bladnanews.com\\\/fr\\\/#organization\"}},{\"@type\":\"WebPage\",\"@id\":\"https:\\\/\\\/bladnanews.com\\\/hugo-ekitike-on-profiting-after-isak-suffers-leg-fracture\\\/\",\"url\":\"https:\\\/\\\/bladnanews.com\\\/hugo-ekitike-on-profiting-after-isak-suffers-leg-fracture\\\/\",\"name\":\"Hugo Ekitike on profiting after Isak suffers leg fracture - Bladna News\",\"isPartOf\":{\"@id\":\"https:\\\/\\\/mediumseagreen-eel-531711.hostingersite.com\\\/#website\"},\"primaryImageOfPage\":{\"@id\":\"https:\\\/\\\/bladnanews.com\\\/hugo-ekitike-on-profiting-after-isak-suffers-leg-fracture\\\/#primaryimage\"},\"image\":{\"@id\":\"https:\\\/\\\/bladnanews.com\\\/hugo-ekitike-on-profiting-after-isak-suffers-leg-fracture\\\/#primaryimage\"},\"thumbnailUrl\":\"https:\\\/\\\/bladnanews.com\\\/wp-content\\\/uploads\\\/2026\\\/01\\\/BladnaNews-Hugo-Ekitike-on-profiting-after-Isak-suffers-leg-fracture-2026-01-03T195050.381Z.jpg\",\"datePublished\":\"2026-01-03T17:27:43+00:00\",\"breadcrumb\":{\"@id\":\"https:\\\/\\\/bladnanews.com\\\/hugo-ekitike-on-profiting-after-isak-suffers-leg-fracture\\\/#breadcrumb\"},\"inLanguage\":\"fr-FR\",\"potentialAction\":[{\"@type\":\"ReadAction\",\"target\":[\"https:\\\/\\\/bladnanews.com\\\/hugo-ekitike-on-profiting-after-isak-suffers-leg-fracture\\\/\"]}]},{\"@type\":\"ImageObject\",\"inLanguage\":\"fr-FR\",\"@id\":\"https:\\\/\\\/bladnanews.com\\\/hugo-ekitike-on-profiting-after-isak-suffers-leg-fracture\\\/#primaryimage\",\"url\":\"https:\\\/\\\/bladnanews.com\\\/wp-content\\\/uploads\\\/2026\\\/01\\\/BladnaNews-Hugo-Ekitike-on-profiting-after-Isak-suffers-leg-fracture-2026-01-03T195050.381Z.jpg\",\"contentUrl\":\"https:\\\/\\\/bladnanews.com\\\/wp-content\\\/uploads\\\/2026\\\/01\\\/BladnaNews-Hugo-Ekitike-on-profiting-after-Isak-suffers-leg-fracture-2026-01-03T195050.381Z.jpg\",\"width\":1600,\"height\":900,\"caption\":\"Hugo Ekitike and Alexander Isak in red club kits, showcasing concentrated expressions during a match, highlighting their roles in the game.\"},{\"@type\":\"BreadcrumbList\",\"@id\":\"https:\\\/\\\/bladnanews.com\\\/hugo-ekitike-on-profiting-after-isak-suffers-leg-fracture\\\/#breadcrumb\",\"itemListElement\":[{\"@type\":\"ListItem\",\"position\":1,\"name\":\"Home\",\"item\":\"https:\\\/\\\/bladnanews.com\\\/\"},{\"@type\":\"ListItem\",\"position\":2,\"name\":\"Hugo Ekitike on profiting after Isak suffers leg fracture\"}]},{\"@type\":\"WebSite\",\"@id\":\"https:\\\/\\\/mediumseagreen-eel-531711.hostingersite.com\\\/#website\",\"url\":\"https:\\\/\\\/mediumseagreen-eel-531711.hostingersite.com\\\/\",\"name\":\"Bladna News - Morocco\",\"description\":\"Where Moroccan Football Meets the World\",\"publisher\":{\"@id\":\"https:\\\/\\\/mediumseagreen-eel-531711.hostingersite.com\\\/#organization\"},\"potentialAction\":[{\"@type\":\"SearchAction\",\"target\":{\"@type\":\"EntryPoint\",\"urlTemplate\":\"https:\\\/\\\/mediumseagreen-eel-531711.hostingersite.com\\\/?s={search_term_string}\"},\"query-input\":{\"@type\":\"PropertyValueSpecification\",\"valueRequired\":true,\"valueName\":\"search_term_string\"}}],\"inLanguage\":\"fr-FR\"},{\"@type\":\"Organization\",\"@id\":\"https:\\\/\\\/mediumseagreen-eel-531711.hostingersite.com\\\/#organization\",\"name\":\"Bladna News.com\",\"url\":\"https:\\\/\\\/mediumseagreen-eel-531711.hostingersite.com\\\/\",\"logo\":{\"@type\":\"ImageObject\",\"inLanguage\":\"fr-FR\",\"@id\":\"https:\\\/\\\/mediumseagreen-eel-531711.hostingersite.com\\\/#\\\/schema\\\/logo\\\/image\\\/\",\"url\":\"https:\\\/\\\/bladnanews.com\\\/wp-content\\\/uploads\\\/2025\\\/12\\\/logo-bladnanews-V2-web-black-red.png\",\"contentUrl\":\"https:\\\/\\\/bladnanews.com\\\/wp-content\\\/uploads\\\/2025\\\/12\\\/logo-bladnanews-V2-web-black-red.png\",\"width\":703,\"height\":287,\"caption\":\"Bladna News.com\"},\"image\":{\"@id\":\"https:\\\/\\\/mediumseagreen-eel-531711.hostingersite.com\\\/#\\\/schema\\\/logo\\\/image\\\/\"},\"email\":\"info@bladnanews.com\",\"legalName\":\"Bladna News\"},{\"@type\":\"Person\",\"@id\":\"https:\\\/\\\/mediumseagreen-eel-531711.hostingersite.com\\\/#\\\/schema\\\/person\\\/268e18a453ab080ebf76df6ef7845083\",\"name\":\"Bladna News Staff\",\"url\":\"https:\\\/\\\/bladnanews.com\\\/fr\\\/author\\\/bladna-news-staff\\\/\"}]}<\/script>\n<!-- \/ Yoast SEO Premium plugin. -->","yoast_head_json":{"title":"Hugo Ekitike profite apr\u00e8s la fracture de la jambe d'Isak - Bladna News","robots":{"index":"index","follow":"follow","max-snippet":"max-snippet:-1","max-image-preview":"max-image-preview:large","max-video-preview":"max-video-preview:-1"},"canonical":"https:\/\/bladnanews.com\/fr\/hugo-ekitike-profite-apres-quisak-subisse-une-fracture-de-la-jambe\/","og_locale":"fr_FR","og_type":"article","og_title":"Hugo Ekitike on profiting after Isak suffers leg fracture","og_description":"Hugo Ekitike has admitted it has been \u201cdifficult\u201d to deal with the reality that he could benefit from Alexander Isak\u2019s [&hellip;]","og_url":"https:\/\/bladnanews.com\/fr\/hugo-ekitike-profite-apres-quisak-subisse-une-fracture-de-la-jambe\/","og_site_name":"Bladna News","article_published_time":"2026-01-03T17:27:43+00:00","og_image":[{"width":1600,"height":900,"url":"https:\/\/bladnanews.com\/wp-content\/uploads\/2026\/01\/BladnaNews-Hugo-Ekitike-on-profiting-after-Isak-suffers-leg-fracture-2026-01-03T195050.381Z.jpg","type":"image\/jpeg"}],"author":"Bladna News Staff","twitter_card":"summary_large_image","twitter_misc":{"\u00c9crit par":"Bladna News Staff","Dur\u00e9e de lecture estim\u00e9e":"1 minute"},"schema":{"@context":"https:\/\/schema.org","@graph":[{"@type":"Article","@id":"https:\/\/bladnanews.com\/hugo-ekitike-on-profiting-after-isak-suffers-leg-fracture\/#article","isPartOf":{"@id":"https:\/\/bladnanews.com\/hugo-ekitike-on-profiting-after-isak-suffers-leg-fracture\/"},"author":{"name":"Bladna News Staff","@id":"https:\/\/mediumseagreen-eel-531711.hostingersite.com\/#\/schema\/person\/268e18a453ab080ebf76df6ef7845083"},"headline":"Hugo Ekitike on profiting after Isak suffers leg fracture","datePublished":"2026-01-03T17:27:43+00:00","mainEntityOfPage":{"@id":"https:\/\/bladnanews.com\/hugo-ekitike-on-profiting-after-isak-suffers-leg-fracture\/"},"wordCount":197,"publisher":{"@id":"https:\/\/mediumseagreen-eel-531711.hostingersite.com\/#organization"},"image":{"@id":"https:\/\/bladnanews.com\/hugo-ekitike-on-profiting-after-isak-suffers-leg-fracture\/#primaryimage"},"thumbnailUrl":"https:\/\/bladnanews.com\/wp-content\/uploads\/2026\/01\/BladnaNews-Hugo-Ekitike-on-profiting-after-Isak-suffers-leg-fracture-2026-01-03T195050.381Z.jpg","articleSection":["International","Latest News"],"inLanguage":"fr-FR","copyrightYear":"2026","copyrightHolder":{"@id":"https:\/\/bladnanews.com\/fr\/#organization"}},{"@type":"WebPage","@id":"https:\/\/bladnanews.com\/hugo-ekitike-on-profiting-after-isak-suffers-leg-fracture\/","url":"https:\/\/bladnanews.com\/hugo-ekitike-on-profiting-after-isak-suffers-leg-fracture\/","name":"Hugo Ekitike profite apr\u00e8s la fracture de la jambe d'Isak - Bladna News","isPartOf":{"@id":"https:\/\/mediumseagreen-eel-531711.hostingersite.com\/#website"},"primaryImageOfPage":{"@id":"https:\/\/bladnanews.com\/hugo-ekitike-on-profiting-after-isak-suffers-leg-fracture\/#primaryimage"},"image":{"@id":"https:\/\/bladnanews.com\/hugo-ekitike-on-profiting-after-isak-suffers-leg-fracture\/#primaryimage"},"thumbnailUrl":"https:\/\/bladnanews.com\/wp-content\/uploads\/2026\/01\/BladnaNews-Hugo-Ekitike-on-profiting-after-Isak-suffers-leg-fracture-2026-01-03T195050.381Z.jpg","datePublished":"2026-01-03T17:27:43+00:00","breadcrumb":{"@id":"https:\/\/bladnanews.com\/hugo-ekitike-on-profiting-after-isak-suffers-leg-fracture\/#breadcrumb"},"inLanguage":"fr-FR","potentialAction":[{"@type":"ReadAction","target":["https:\/\/bladnanews.com\/hugo-ekitike-on-profiting-after-isak-suffers-leg-fracture\/"]}]},{"@type":"ImageObject","inLanguage":"fr-FR","@id":"https:\/\/bladnanews.com\/hugo-ekitike-on-profiting-after-isak-suffers-leg-fracture\/#primaryimage","url":"https:\/\/bladnanews.com\/wp-content\/uploads\/2026\/01\/BladnaNews-Hugo-Ekitike-on-profiting-after-Isak-suffers-leg-fracture-2026-01-03T195050.381Z.jpg","contentUrl":"https:\/\/bladnanews.com\/wp-content\/uploads\/2026\/01\/BladnaNews-Hugo-Ekitike-on-profiting-after-Isak-suffers-leg-fracture-2026-01-03T195050.381Z.jpg","width":1600,"height":900,"caption":"Hugo Ekitike and Alexander Isak in red club kits, showcasing concentrated expressions during a match, highlighting their roles in the game."},{"@type":"BreadcrumbList","@id":"https:\/\/bladnanews.com\/hugo-ekitike-on-profiting-after-isak-suffers-leg-fracture\/#breadcrumb","itemListElement":[{"@type":"ListItem","position":1,"name":"Home","item":"https:\/\/bladnanews.com\/"},{"@type":"ListItem","position":2,"name":"Hugo Ekitike on profiting after Isak suffers leg fracture"}]},{"@type":"WebSite","@id":"https:\/\/mediumseagreen-eel-531711.hostingersite.com\/#website","url":"https:\/\/mediumseagreen-eel-531711.hostingersite.com\/","name":"Bladna News - Maroc","description":"Quand le football marocain rencontre le monde","publisher":{"@id":"https:\/\/mediumseagreen-eel-531711.hostingersite.com\/#organization"},"potentialAction":[{"@type":"SearchAction","target":{"@type":"EntryPoint","urlTemplate":"https:\/\/mediumseagreen-eel-531711.hostingersite.com\/?s={search_term_string}"},"query-input":{"@type":"PropertyValueSpecification","valueRequired":true,"valueName":"search_term_string"}}],"inLanguage":"fr-FR"},{"@type":"Organization","@id":"https:\/\/mediumseagreen-eel-531711.hostingersite.com\/#organization","name":"Bladna News.com","url":"https:\/\/mediumseagreen-eel-531711.hostingersite.com\/","logo":{"@type":"ImageObject","inLanguage":"fr-FR","@id":"https:\/\/mediumseagreen-eel-531711.hostingersite.com\/#\/schema\/logo\/image\/","url":"https:\/\/bladnanews.com\/wp-content\/uploads\/2025\/12\/logo-bladnanews-V2-web-black-red.png","contentUrl":"https:\/\/bladnanews.com\/wp-content\/uploads\/2025\/12\/logo-bladnanews-V2-web-black-red.png","width":703,"height":287,"caption":"Bladna News.com"},"image":{"@id":"https:\/\/mediumseagreen-eel-531711.hostingersite.com\/#\/schema\/logo\/image\/"},"email":"info@bladnanews.com","legalName":"Bladna News"},{"@type":"Person","@id":"https:\/\/mediumseagreen-eel-531711.hostingersite.com\/#\/schema\/person\/268e18a453ab080ebf76df6ef7845083","name":"\u00c9quipe r\u00e9dactionnelle de Bladna News","url":"https:\/\/bladnanews.com\/fr\/author\/bladna-news-staff\/"}]}},"_links":{"self":[{"href":"https:\/\/bladnanews.com\/fr\/wp-json\/wp\/v2\/posts\/1634","targetHints":{"allow":["GET"]}}],"collection":[{"href":"https:\/\/bladnanews.com\/fr\/wp-json\/wp\/v2\/posts"}],"about":[{"href":"https:\/\/bladnanews.com\/fr\/wp-json\/wp\/v2\/types\/post"}],"author":[{"embeddable":true,"href":"https:\/\/bladnanews.com\/fr\/wp-json\/wp\/v2\/users\/3"}],"replies":[{"embeddable":true,"href":"https:\/\/bladnanews.com\/fr\/wp-json\/wp\/v2\/comments?post=1634"}],"version-history":[{"count":0,"href":"https:\/\/bladnanews.com\/fr\/wp-json\/wp\/v2\/posts\/1634\/revisions"}],"wp:featuredmedia":[{"embeddable":true,"href":"https:\/\/bladnanews.com\/fr\/wp-json\/wp\/v2\/media\/1633"}],"wp:attachment":[{"href":"https:\/\/bladnanews.com\/fr\/wp-json\/wp\/v2\/media?parent=1634"}],"wp:term":[{"taxonomy":"category","embeddable":true,"href":"https:\/\/bladnanews.com\/fr\/wp-json\/wp\/v2\/categories?post=1634"},{"taxonomy":"post_tag","embeddable":true,"href":"https:\/\/bladnanews.com\/fr\/wp-json\/wp\/v2\/tags?post=1634"}],"curies":[{"name":"wp","href":"https:\/\/api.w.org\/{rel}","templated":true}]}}