{"id":1636,"date":"2026-01-03T18:04:26","date_gmt":"2026-01-03T18:04:26","guid":{"rendered":"https:\/\/bladnanews.com\/xabi-alonso-gives-update-on-mbappe-knee-injury-for-super-cup\/"},"modified":"2026-01-03T18:04:26","modified_gmt":"2026-01-03T18:04:26","slug":"xabi-alonso-fait-le-point-sur-la-blessure-au-genou-de-mbappe-pour-la-supercoupe","status":"publish","type":"post","link":"https:\/\/bladnanews.com\/fr\/xabi-alonso-fait-le-point-sur-la-blessure-au-genou-de-mbappe-pour-la-supercoupe\/","title":{"rendered":"Xabi Alonso fait le point sur la blessure au genou de Mbapp\u00e9 pour la Super Coupe"},"content":{"rendered":"<p>Xabi Alonso a fait le point sur le probl\u00e8me au genou de Kylian Mbapp\u00e9 alors que le Real Madrid se pr\u00e9pare pour la Supercoupe d'Espagne.<\/p>\n<p>L'attaquant fran\u00e7ais ressent une g\u00eane au genou, ce qui soul\u00e8ve des interrogations sur sa participation au prochain match de la Supercoupe. S'exprimant avant la rencontre, Alonso est revenu sur la situation et a clairement indiqu\u00e9 que le club surveillait de pr\u00e8s l'\u00e9tat de Mbapp\u00e9.<\/p>\n<p><strong>\u201c Il va bien \u201d,\u201d<\/strong> a d\u00e9clar\u00e9 Alonso, cherchant \u00e0 rassurer sur la condition du joueur. L'entra\u00eeneur du Real Madrid a ajout\u00e9 que le joueur continuerait \u00e0 \u00eatre \u00e9valu\u00e9 \u00e0 l'approche de la comp\u00e9tition.<\/p>\n<p>Le Real Madrid s'appr\u00eate \u00e0 disputer la Supercoupe d'Espagne en Arabie Saoudite, avec Mbapp\u00e9 comme l'un des \u00e9l\u00e9ments cl\u00e9s du groupe d'Alonso. Toute inqui\u00e9tude concernant sa forme physique suscitera probablement de vifs d\u00e9bats, compte tenu de son importance dans l'attaque.<\/p>\n<p>Les propos d'Alonso interviennent alors que le Real Madrid doit concilier un calendrier charg\u00e9 et la n\u00e9cessit\u00e9 de g\u00e9rer les blessures avec prudence, le club \u00e9tant d\u00e9termin\u00e9 \u00e0 aborder la Supercoupe avec toutes ses forces.<\/p>","protected":false},"excerpt":{"rendered":"<p>Xabi Alonso has provided an update on Kylian Mbappe\u2019s knee issue as Real Madrid prepare for the Spanish Super Cup. [&hellip;]<\/p>\n","protected":false},"author":3,"featured_media":1635,"comment_status":"","ping_status":"open","sticky":false,"template":"","format":"standard","meta":{"googlesitekit_rrm_CAow_uzEDA:productID":"","site-sidebar-layout":"default","site-content-layout":"","ast-site-content-layout":"default","site-content-style":"default","site-sidebar-style":"default","ast-global-header-display":"","ast-banner-title-visibility":"","ast-main-header-display":"","ast-hfb-above-header-display":"","ast-hfb-below-header-display":"","ast-hfb-mobile-header-display":"","site-post-title":"","ast-breadcrumbs-content":"","ast-featured-img":"","footer-sml-layout":"","ast-disable-related-posts":"","theme-transparent-header-meta":"","adv-header-id-meta":"","stick-header-meta":"","header-above-stick-meta":"","header-main-stick-meta":"","header-below-stick-meta":"","astra-migrate-meta-layouts":"default","ast-page-background-enabled":"default","ast-page-background-meta":{"desktop":{"background-color":"var(--ast-global-color-5)","background-image":"","background-repeat":"repeat","background-position":"center center","background-size":"auto","background-attachment":"scroll","background-type":"","background-media":"","overlay-type":"","overlay-color":"","overlay-opacity":"","overlay-gradient":""},"tablet":{"background-color":"","background-image":"","background-repeat":"repeat","background-position":"center center","background-size":"auto","background-attachment":"scroll","background-type":"","background-media":"","overlay-type":"","overlay-color":"","overlay-opacity":"","overlay-gradient":""},"mobile":{"background-color":"","background-image":"","background-repeat":"repeat","background-position":"center center","background-size":"auto","background-attachment":"scroll","background-type":"","background-media":"","overlay-type":"","overlay-color":"","overlay-opacity":"","overlay-gradient":""}},"ast-content-background-meta":{"desktop":{"background-color":"var(--ast-global-color-4)","background-image":"","background-repeat":"repeat","background-position":"center center","background-size":"auto","background-attachment":"scroll","background-type":"","background-media":"","overlay-type":"","overlay-color":"","overlay-opacity":"","overlay-gradient":""},"tablet":{"background-color":"var(--ast-global-color-4)","background-image":"","background-repeat":"repeat","background-position":"center center","background-size":"auto","background-attachment":"scroll","background-type":"","background-media":"","overlay-type":"","overlay-color":"","overlay-opacity":"","overlay-gradient":""},"mobile":{"background-color":"var(--ast-global-color-4)","background-image":"","background-repeat":"repeat","background-position":"center center","background-size":"auto","background-attachment":"scroll","background-type":"","background-media":"","overlay-type":"","overlay-color":"","overlay-opacity":"","overlay-gradient":""}},"footnotes":""},"categories":[20,1],"tags":[],"class_list":["post-1636","post","type-post","status-publish","format-standard","has-post-thumbnail","hentry","category-international","category-football-latest-news"],"yoast_head":"<!-- This site is optimized with the Yoast SEO Premium plugin v26.6 (Yoast SEO v27.5) - https:\/\/yoast.com\/product\/yoast-seo-premium-wordpress\/ -->\n<title>Xabi Alonso gives update on Mbappe knee injury for Super Cup - Bladna News<\/title>\n<meta name=\"robots\" content=\"index, follow, max-snippet:-1, max-image-preview:large, max-video-preview:-1\" \/>\n<link rel=\"canonical\" href=\"https:\/\/bladnanews.com\/fr\/xabi-alonso-fait-le-point-sur-la-blessure-au-genou-de-mbappe-pour-la-supercoupe\/\" \/>\n<meta property=\"og:locale\" content=\"fr_FR\" \/>\n<meta property=\"og:type\" content=\"article\" \/>\n<meta property=\"og:title\" content=\"Xabi Alonso gives update on Mbappe knee injury for Super Cup\" \/>\n<meta property=\"og:description\" content=\"Xabi Alonso has provided an update on Kylian Mbappe\u2019s knee issue as Real Madrid prepare for the Spanish Super Cup. [&hellip;]\" \/>\n<meta property=\"og:url\" content=\"https:\/\/bladnanews.com\/fr\/xabi-alonso-fait-le-point-sur-la-blessure-au-genou-de-mbappe-pour-la-supercoupe\/\" \/>\n<meta property=\"og:site_name\" content=\"Bladna News\" \/>\n<meta property=\"article:published_time\" content=\"2026-01-03T18:04:26+00:00\" \/>\n<meta property=\"og:image\" content=\"https:\/\/bladnanews.com\/wp-content\/uploads\/2026\/01\/BladnaNews-Xabi-Alonso-gives-update-on-Mbappe-knee-injury-for-Super-Cup-2026-01-03T195101.659Z.jpg\" \/>\n\t<meta property=\"og:image:width\" content=\"2560\" \/>\n\t<meta property=\"og:image:height\" content=\"1440\" \/>\n\t<meta property=\"og:image:type\" content=\"image\/jpeg\" \/>\n<meta name=\"author\" content=\"Bladna News Staff\" \/>\n<meta name=\"twitter:card\" content=\"summary_large_image\" \/>\n<meta name=\"twitter:label1\" content=\"\u00c9crit par\" \/>\n\t<meta name=\"twitter:data1\" content=\"Bladna News Staff\" \/>\n\t<meta name=\"twitter:label2\" content=\"Dur\u00e9e de lecture estim\u00e9e\" \/>\n\t<meta name=\"twitter:data2\" content=\"1 minute\" \/>\n<script type=\"application\/ld+json\" class=\"yoast-schema-graph\">{\"@context\":\"https:\\\/\\\/schema.org\",\"@graph\":[{\"@type\":\"Article\",\"@id\":\"https:\\\/\\\/bladnanews.com\\\/xabi-alonso-gives-update-on-mbappe-knee-injury-for-super-cup\\\/#article\",\"isPartOf\":{\"@id\":\"https:\\\/\\\/bladnanews.com\\\/xabi-alonso-gives-update-on-mbappe-knee-injury-for-super-cup\\\/\"},\"author\":{\"name\":\"Bladna News Staff\",\"@id\":\"https:\\\/\\\/mediumseagreen-eel-531711.hostingersite.com\\\/#\\\/schema\\\/person\\\/268e18a453ab080ebf76df6ef7845083\"},\"headline\":\"Xabi Alonso gives update on Mbappe knee injury for Super Cup\",\"datePublished\":\"2026-01-03T18:04:26+00:00\",\"mainEntityOfPage\":{\"@id\":\"https:\\\/\\\/bladnanews.com\\\/xabi-alonso-gives-update-on-mbappe-knee-injury-for-super-cup\\\/\"},\"wordCount\":179,\"publisher\":{\"@id\":\"https:\\\/\\\/mediumseagreen-eel-531711.hostingersite.com\\\/#organization\"},\"image\":{\"@id\":\"https:\\\/\\\/bladnanews.com\\\/xabi-alonso-gives-update-on-mbappe-knee-injury-for-super-cup\\\/#primaryimage\"},\"thumbnailUrl\":\"https:\\\/\\\/bladnanews.com\\\/wp-content\\\/uploads\\\/2026\\\/01\\\/BladnaNews-Xabi-Alonso-gives-update-on-Mbappe-knee-injury-for-Super-Cup-2026-01-03T195101.659Z.jpg\",\"articleSection\":[\"International\",\"Latest News\"],\"inLanguage\":\"fr-FR\",\"copyrightYear\":\"2026\",\"copyrightHolder\":{\"@id\":\"https:\\\/\\\/bladnanews.com\\\/fr\\\/#organization\"}},{\"@type\":\"WebPage\",\"@id\":\"https:\\\/\\\/bladnanews.com\\\/xabi-alonso-gives-update-on-mbappe-knee-injury-for-super-cup\\\/\",\"url\":\"https:\\\/\\\/bladnanews.com\\\/xabi-alonso-gives-update-on-mbappe-knee-injury-for-super-cup\\\/\",\"name\":\"Xabi Alonso gives update on Mbappe knee injury for Super Cup - Bladna News\",\"isPartOf\":{\"@id\":\"https:\\\/\\\/mediumseagreen-eel-531711.hostingersite.com\\\/#website\"},\"primaryImageOfPage\":{\"@id\":\"https:\\\/\\\/bladnanews.com\\\/xabi-alonso-gives-update-on-mbappe-knee-injury-for-super-cup\\\/#primaryimage\"},\"image\":{\"@id\":\"https:\\\/\\\/bladnanews.com\\\/xabi-alonso-gives-update-on-mbappe-knee-injury-for-super-cup\\\/#primaryimage\"},\"thumbnailUrl\":\"https:\\\/\\\/bladnanews.com\\\/wp-content\\\/uploads\\\/2026\\\/01\\\/BladnaNews-Xabi-Alonso-gives-update-on-Mbappe-knee-injury-for-Super-Cup-2026-01-03T195101.659Z.jpg\",\"datePublished\":\"2026-01-03T18:04:26+00:00\",\"breadcrumb\":{\"@id\":\"https:\\\/\\\/bladnanews.com\\\/xabi-alonso-gives-update-on-mbappe-knee-injury-for-super-cup\\\/#breadcrumb\"},\"inLanguage\":\"fr-FR\",\"potentialAction\":[{\"@type\":\"ReadAction\",\"target\":[\"https:\\\/\\\/bladnanews.com\\\/xabi-alonso-gives-update-on-mbappe-knee-injury-for-super-cup\\\/\"]}]},{\"@type\":\"ImageObject\",\"inLanguage\":\"fr-FR\",\"@id\":\"https:\\\/\\\/bladnanews.com\\\/xabi-alonso-gives-update-on-mbappe-knee-injury-for-super-cup\\\/#primaryimage\",\"url\":\"https:\\\/\\\/bladnanews.com\\\/wp-content\\\/uploads\\\/2026\\\/01\\\/BladnaNews-Xabi-Alonso-gives-update-on-Mbappe-knee-injury-for-Super-Cup-2026-01-03T195101.659Z.jpg\",\"contentUrl\":\"https:\\\/\\\/bladnanews.com\\\/wp-content\\\/uploads\\\/2026\\\/01\\\/BladnaNews-Xabi-Alonso-gives-update-on-Mbappe-knee-injury-for-Super-Cup-2026-01-03T195101.659Z.jpg\",\"width\":2560,\"height\":1440,\"caption\":\"Kylian Mbapp\u00e9 in Real Madrid's white kit, focused on the pitch during a match, showcasing the club's emblem and sponsor.\"},{\"@type\":\"BreadcrumbList\",\"@id\":\"https:\\\/\\\/bladnanews.com\\\/xabi-alonso-gives-update-on-mbappe-knee-injury-for-super-cup\\\/#breadcrumb\",\"itemListElement\":[{\"@type\":\"ListItem\",\"position\":1,\"name\":\"Home\",\"item\":\"https:\\\/\\\/bladnanews.com\\\/\"},{\"@type\":\"ListItem\",\"position\":2,\"name\":\"Xabi Alonso gives update on Mbappe knee injury for Super Cup\"}]},{\"@type\":\"WebSite\",\"@id\":\"https:\\\/\\\/mediumseagreen-eel-531711.hostingersite.com\\\/#website\",\"url\":\"https:\\\/\\\/mediumseagreen-eel-531711.hostingersite.com\\\/\",\"name\":\"Bladna News - Morocco\",\"description\":\"Where Moroccan Football Meets the World\",\"publisher\":{\"@id\":\"https:\\\/\\\/mediumseagreen-eel-531711.hostingersite.com\\\/#organization\"},\"potentialAction\":[{\"@type\":\"SearchAction\",\"target\":{\"@type\":\"EntryPoint\",\"urlTemplate\":\"https:\\\/\\\/mediumseagreen-eel-531711.hostingersite.com\\\/?s={search_term_string}\"},\"query-input\":{\"@type\":\"PropertyValueSpecification\",\"valueRequired\":true,\"valueName\":\"search_term_string\"}}],\"inLanguage\":\"fr-FR\"},{\"@type\":\"Organization\",\"@id\":\"https:\\\/\\\/mediumseagreen-eel-531711.hostingersite.com\\\/#organization\",\"name\":\"Bladna News.com\",\"url\":\"https:\\\/\\\/mediumseagreen-eel-531711.hostingersite.com\\\/\",\"logo\":{\"@type\":\"ImageObject\",\"inLanguage\":\"fr-FR\",\"@id\":\"https:\\\/\\\/mediumseagreen-eel-531711.hostingersite.com\\\/#\\\/schema\\\/logo\\\/image\\\/\",\"url\":\"https:\\\/\\\/bladnanews.com\\\/wp-content\\\/uploads\\\/2025\\\/12\\\/logo-bladnanews-V2-web-black-red.png\",\"contentUrl\":\"https:\\\/\\\/bladnanews.com\\\/wp-content\\\/uploads\\\/2025\\\/12\\\/logo-bladnanews-V2-web-black-red.png\",\"width\":703,\"height\":287,\"caption\":\"Bladna News.com\"},\"image\":{\"@id\":\"https:\\\/\\\/mediumseagreen-eel-531711.hostingersite.com\\\/#\\\/schema\\\/logo\\\/image\\\/\"},\"email\":\"info@bladnanews.com\",\"legalName\":\"Bladna News\"},{\"@type\":\"Person\",\"@id\":\"https:\\\/\\\/mediumseagreen-eel-531711.hostingersite.com\\\/#\\\/schema\\\/person\\\/268e18a453ab080ebf76df6ef7845083\",\"name\":\"Bladna News Staff\",\"url\":\"https:\\\/\\\/bladnanews.com\\\/fr\\\/author\\\/bladna-news-staff\\\/\"}]}<\/script>\n<!-- \/ Yoast SEO Premium plugin. -->","yoast_head_json":{"title":"Xabi Alonso fait le point sur la blessure au genou de Mbapp\u00e9 pour la Super Coupe - Bladna News","robots":{"index":"index","follow":"follow","max-snippet":"max-snippet:-1","max-image-preview":"max-image-preview:large","max-video-preview":"max-video-preview:-1"},"canonical":"https:\/\/bladnanews.com\/fr\/xabi-alonso-fait-le-point-sur-la-blessure-au-genou-de-mbappe-pour-la-supercoupe\/","og_locale":"fr_FR","og_type":"article","og_title":"Xabi Alonso gives update on Mbappe knee injury for Super Cup","og_description":"Xabi Alonso has provided an update on Kylian Mbappe\u2019s knee issue as Real Madrid prepare for the Spanish Super Cup. [&hellip;]","og_url":"https:\/\/bladnanews.com\/fr\/xabi-alonso-fait-le-point-sur-la-blessure-au-genou-de-mbappe-pour-la-supercoupe\/","og_site_name":"Bladna News","article_published_time":"2026-01-03T18:04:26+00:00","og_image":[{"width":2560,"height":1440,"url":"https:\/\/bladnanews.com\/wp-content\/uploads\/2026\/01\/BladnaNews-Xabi-Alonso-gives-update-on-Mbappe-knee-injury-for-Super-Cup-2026-01-03T195101.659Z.jpg","type":"image\/jpeg"}],"author":"Bladna News Staff","twitter_card":"summary_large_image","twitter_misc":{"\u00c9crit par":"Bladna News Staff","Dur\u00e9e de lecture estim\u00e9e":"1 minute"},"schema":{"@context":"https:\/\/schema.org","@graph":[{"@type":"Article","@id":"https:\/\/bladnanews.com\/xabi-alonso-gives-update-on-mbappe-knee-injury-for-super-cup\/#article","isPartOf":{"@id":"https:\/\/bladnanews.com\/xabi-alonso-gives-update-on-mbappe-knee-injury-for-super-cup\/"},"author":{"name":"Bladna News Staff","@id":"https:\/\/mediumseagreen-eel-531711.hostingersite.com\/#\/schema\/person\/268e18a453ab080ebf76df6ef7845083"},"headline":"Xabi Alonso gives update on Mbappe knee injury for Super Cup","datePublished":"2026-01-03T18:04:26+00:00","mainEntityOfPage":{"@id":"https:\/\/bladnanews.com\/xabi-alonso-gives-update-on-mbappe-knee-injury-for-super-cup\/"},"wordCount":179,"publisher":{"@id":"https:\/\/mediumseagreen-eel-531711.hostingersite.com\/#organization"},"image":{"@id":"https:\/\/bladnanews.com\/xabi-alonso-gives-update-on-mbappe-knee-injury-for-super-cup\/#primaryimage"},"thumbnailUrl":"https:\/\/bladnanews.com\/wp-content\/uploads\/2026\/01\/BladnaNews-Xabi-Alonso-gives-update-on-Mbappe-knee-injury-for-Super-Cup-2026-01-03T195101.659Z.jpg","articleSection":["International","Latest News"],"inLanguage":"fr-FR","copyrightYear":"2026","copyrightHolder":{"@id":"https:\/\/bladnanews.com\/fr\/#organization"}},{"@type":"WebPage","@id":"https:\/\/bladnanews.com\/xabi-alonso-gives-update-on-mbappe-knee-injury-for-super-cup\/","url":"https:\/\/bladnanews.com\/xabi-alonso-gives-update-on-mbappe-knee-injury-for-super-cup\/","name":"Xabi Alonso fait le point sur la blessure au genou de Mbapp\u00e9 pour la Super Coupe - Bladna News","isPartOf":{"@id":"https:\/\/mediumseagreen-eel-531711.hostingersite.com\/#website"},"primaryImageOfPage":{"@id":"https:\/\/bladnanews.com\/xabi-alonso-gives-update-on-mbappe-knee-injury-for-super-cup\/#primaryimage"},"image":{"@id":"https:\/\/bladnanews.com\/xabi-alonso-gives-update-on-mbappe-knee-injury-for-super-cup\/#primaryimage"},"thumbnailUrl":"https:\/\/bladnanews.com\/wp-content\/uploads\/2026\/01\/BladnaNews-Xabi-Alonso-gives-update-on-Mbappe-knee-injury-for-Super-Cup-2026-01-03T195101.659Z.jpg","datePublished":"2026-01-03T18:04:26+00:00","breadcrumb":{"@id":"https:\/\/bladnanews.com\/xabi-alonso-gives-update-on-mbappe-knee-injury-for-super-cup\/#breadcrumb"},"inLanguage":"fr-FR","potentialAction":[{"@type":"ReadAction","target":["https:\/\/bladnanews.com\/xabi-alonso-gives-update-on-mbappe-knee-injury-for-super-cup\/"]}]},{"@type":"ImageObject","inLanguage":"fr-FR","@id":"https:\/\/bladnanews.com\/xabi-alonso-gives-update-on-mbappe-knee-injury-for-super-cup\/#primaryimage","url":"https:\/\/bladnanews.com\/wp-content\/uploads\/2026\/01\/BladnaNews-Xabi-Alonso-gives-update-on-Mbappe-knee-injury-for-Super-Cup-2026-01-03T195101.659Z.jpg","contentUrl":"https:\/\/bladnanews.com\/wp-content\/uploads\/2026\/01\/BladnaNews-Xabi-Alonso-gives-update-on-Mbappe-knee-injury-for-Super-Cup-2026-01-03T195101.659Z.jpg","width":2560,"height":1440,"caption":"Kylian Mbapp\u00e9 in Real Madrid's white kit, focused on the pitch during a match, showcasing the club's emblem and sponsor."},{"@type":"BreadcrumbList","@id":"https:\/\/bladnanews.com\/xabi-alonso-gives-update-on-mbappe-knee-injury-for-super-cup\/#breadcrumb","itemListElement":[{"@type":"ListItem","position":1,"name":"Home","item":"https:\/\/bladnanews.com\/"},{"@type":"ListItem","position":2,"name":"Xabi Alonso gives update on Mbappe knee injury for Super Cup"}]},{"@type":"WebSite","@id":"https:\/\/mediumseagreen-eel-531711.hostingersite.com\/#website","url":"https:\/\/mediumseagreen-eel-531711.hostingersite.com\/","name":"Bladna News - Maroc","description":"Quand le football marocain rencontre le monde","publisher":{"@id":"https:\/\/mediumseagreen-eel-531711.hostingersite.com\/#organization"},"potentialAction":[{"@type":"SearchAction","target":{"@type":"EntryPoint","urlTemplate":"https:\/\/mediumseagreen-eel-531711.hostingersite.com\/?s={search_term_string}"},"query-input":{"@type":"PropertyValueSpecification","valueRequired":true,"valueName":"search_term_string"}}],"inLanguage":"fr-FR"},{"@type":"Organization","@id":"https:\/\/mediumseagreen-eel-531711.hostingersite.com\/#organization","name":"Bladna News.com","url":"https:\/\/mediumseagreen-eel-531711.hostingersite.com\/","logo":{"@type":"ImageObject","inLanguage":"fr-FR","@id":"https:\/\/mediumseagreen-eel-531711.hostingersite.com\/#\/schema\/logo\/image\/","url":"https:\/\/bladnanews.com\/wp-content\/uploads\/2025\/12\/logo-bladnanews-V2-web-black-red.png","contentUrl":"https:\/\/bladnanews.com\/wp-content\/uploads\/2025\/12\/logo-bladnanews-V2-web-black-red.png","width":703,"height":287,"caption":"Bladna News.com"},"image":{"@id":"https:\/\/mediumseagreen-eel-531711.hostingersite.com\/#\/schema\/logo\/image\/"},"email":"info@bladnanews.com","legalName":"Bladna News"},{"@type":"Person","@id":"https:\/\/mediumseagreen-eel-531711.hostingersite.com\/#\/schema\/person\/268e18a453ab080ebf76df6ef7845083","name":"\u00c9quipe r\u00e9dactionnelle de Bladna News","url":"https:\/\/bladnanews.com\/fr\/author\/bladna-news-staff\/"}]}},"_links":{"self":[{"href":"https:\/\/bladnanews.com\/fr\/wp-json\/wp\/v2\/posts\/1636","targetHints":{"allow":["GET"]}}],"collection":[{"href":"https:\/\/bladnanews.com\/fr\/wp-json\/wp\/v2\/posts"}],"about":[{"href":"https:\/\/bladnanews.com\/fr\/wp-json\/wp\/v2\/types\/post"}],"author":[{"embeddable":true,"href":"https:\/\/bladnanews.com\/fr\/wp-json\/wp\/v2\/users\/3"}],"replies":[{"embeddable":true,"href":"https:\/\/bladnanews.com\/fr\/wp-json\/wp\/v2\/comments?post=1636"}],"version-history":[{"count":0,"href":"https:\/\/bladnanews.com\/fr\/wp-json\/wp\/v2\/posts\/1636\/revisions"}],"wp:featuredmedia":[{"embeddable":true,"href":"https:\/\/bladnanews.com\/fr\/wp-json\/wp\/v2\/media\/1635"}],"wp:attachment":[{"href":"https:\/\/bladnanews.com\/fr\/wp-json\/wp\/v2\/media?parent=1636"}],"wp:term":[{"taxonomy":"category","embeddable":true,"href":"https:\/\/bladnanews.com\/fr\/wp-json\/wp\/v2\/categories?post=1636"},{"taxonomy":"post_tag","embeddable":true,"href":"https:\/\/bladnanews.com\/fr\/wp-json\/wp\/v2\/tags?post=1636"}],"curies":[{"name":"wp","href":"https:\/\/api.w.org\/{rel}","templated":true}]}}