{"id":1762,"date":"2026-01-03T19:00:00","date_gmt":"2026-01-03T19:00:00","guid":{"rendered":"https:\/\/bladnanews.com\/africa-cup-teams-pray-together-at-moroccos-hassan-ii-mosque\/"},"modified":"2026-01-03T19:00:00","modified_gmt":"2026-01-03T19:00:00","slug":"les-equipes-de-la-coupe-dafrique-prient-ensemble-a-la-mosquee-hassan-ii-du-maroc","status":"publish","type":"post","link":"https:\/\/bladnanews.com\/fr\/les-equipes-de-la-coupe-dafrique-prient-ensemble-a-la-mosquee-hassan-ii-du-maroc\/","title":{"rendered":"Les \u00e9quipes de la Coupe d'Afrique prient ensemble \u00e0 la mosqu\u00e9e Hassan II du Maroc"},"content":{"rendered":"<p>Plusieurs \u00e9quipes de la Coupe d'Afrique des Nations ont pri\u00e9 ensemble \u00e0 la mosqu\u00e9e Hassan II \u00e0 Casablanca, la plus grande mosqu\u00e9e du Maroc.<\/p>\n<p>Dans des images partag\u00e9es sur les r\u00e9seaux sociaux, des joueurs et du personnel de diff\u00e9rents pays peuvent \u00eatre vus c\u00f4te \u00e0 c\u00f4te \u00e0 l'int\u00e9rieur de ce monument c\u00e9l\u00e8bre, participant \u00e0 un moment de pri\u00e8re commun.<\/p>\n<p>La visite \u00e0 la mosqu\u00e9e a eu lieu alors que le tournoi se poursuit, les \u00e9quipes utilisant la journ\u00e9e pour s'\u00e9loigner du terrain et se concentrer sur la r\u00e9flexion et l'unit\u00e9 loin de la pression des matchs.<\/p>\n<p>La mosqu\u00e9e Hassan II est l'un des sites les plus connus du Maroc et peut accueillir des dizaines de milliers de fid\u00e8les. Les images de nations rivales priant ensemble ont rapidement attir\u00e9 l'attention en ligne et ont \u00e9t\u00e9 largement salu\u00e9es pour montrer le respect et la solidarit\u00e9 pendant la Coupe d'Afrique des Nations.<\/p>\n<p>Il a \u00e9t\u00e9 r\u00e9v\u00e9l\u00e9 que les \u00e9quipes ont \u00e9t\u00e9 accueillies \u00e0 la mosqu\u00e9e dans le cadre d'une visite commune, des joueurs de plusieurs \u00e9quipes assistant en m\u00eame temps plut\u00f4t que d'y aller s\u00e9par\u00e9ment.<\/p>","protected":false},"excerpt":{"rendered":"<p>Several Africa Cup of Nations teams have prayed together at the Hassan II Mosque in Casablanca, the largest mosque in [&hellip;]<\/p>\n","protected":false},"author":4,"featured_media":1761,"comment_status":"","ping_status":"open","sticky":false,"template":"","format":"standard","meta":{"googlesitekit_rrm_CAow_uzEDA:productID":"","site-sidebar-layout":"default","site-content-layout":"","ast-site-content-layout":"default","site-content-style":"default","site-sidebar-style":"default","ast-global-header-display":"","ast-banner-title-visibility":"","ast-main-header-display":"","ast-hfb-above-header-display":"","ast-hfb-below-header-display":"","ast-hfb-mobile-header-display":"","site-post-title":"","ast-breadcrumbs-content":"","ast-featured-img":"","footer-sml-layout":"","ast-disable-related-posts":"","theme-transparent-header-meta":"","adv-header-id-meta":"","stick-header-meta":"","header-above-stick-meta":"","header-main-stick-meta":"","header-below-stick-meta":"","astra-migrate-meta-layouts":"default","ast-page-background-enabled":"default","ast-page-background-meta":{"desktop":{"background-color":"var(--ast-global-color-5)","background-image":"","background-repeat":"repeat","background-position":"center center","background-size":"auto","background-attachment":"scroll","background-type":"","background-media":"","overlay-type":"","overlay-color":"","overlay-opacity":"","overlay-gradient":""},"tablet":{"background-color":"","background-image":"","background-repeat":"repeat","background-position":"center center","background-size":"auto","background-attachment":"scroll","background-type":"","background-media":"","overlay-type":"","overlay-color":"","overlay-opacity":"","overlay-gradient":""},"mobile":{"background-color":"","background-image":"","background-repeat":"repeat","background-position":"center center","background-size":"auto","background-attachment":"scroll","background-type":"","background-media":"","overlay-type":"","overlay-color":"","overlay-opacity":"","overlay-gradient":""}},"ast-content-background-meta":{"desktop":{"background-color":"var(--ast-global-color-4)","background-image":"","background-repeat":"repeat","background-position":"center center","background-size":"auto","background-attachment":"scroll","background-type":"","background-media":"","overlay-type":"","overlay-color":"","overlay-opacity":"","overlay-gradient":""},"tablet":{"background-color":"var(--ast-global-color-4)","background-image":"","background-repeat":"repeat","background-position":"center center","background-size":"auto","background-attachment":"scroll","background-type":"","background-media":"","overlay-type":"","overlay-color":"","overlay-opacity":"","overlay-gradient":""},"mobile":{"background-color":"var(--ast-global-color-4)","background-image":"","background-repeat":"repeat","background-position":"center center","background-size":"auto","background-attachment":"scroll","background-type":"","background-media":"","overlay-type":"","overlay-color":"","overlay-opacity":"","overlay-gradient":""}},"footnotes":""},"categories":[1,168],"tags":[],"class_list":["post-1762","post","type-post","status-publish","format-standard","has-post-thumbnail","hentry","category-football-latest-news","category-morocco-national-team"],"yoast_head":"<!-- This site is optimized with the Yoast SEO Premium plugin v26.6 (Yoast SEO v27.5) - https:\/\/yoast.com\/product\/yoast-seo-premium-wordpress\/ -->\n<title>Africa Cup teams pray together at Morocco&#039;s Hassan II Mosque - Bladna News<\/title>\n<meta name=\"robots\" content=\"index, follow, max-snippet:-1, max-image-preview:large, max-video-preview:-1\" \/>\n<link rel=\"canonical\" href=\"https:\/\/bladnanews.com\/fr\/les-equipes-de-la-coupe-dafrique-prient-ensemble-a-la-mosquee-hassan-ii-du-maroc\/\" \/>\n<meta property=\"og:locale\" content=\"fr_FR\" \/>\n<meta property=\"og:type\" content=\"article\" \/>\n<meta property=\"og:title\" content=\"Africa Cup teams pray together at Morocco&#039;s Hassan II Mosque\" \/>\n<meta property=\"og:description\" content=\"Several Africa Cup of Nations teams have prayed together at the Hassan II Mosque in Casablanca, the largest mosque in [&hellip;]\" \/>\n<meta property=\"og:url\" content=\"https:\/\/bladnanews.com\/fr\/les-equipes-de-la-coupe-dafrique-prient-ensemble-a-la-mosquee-hassan-ii-du-maroc\/\" \/>\n<meta property=\"og:site_name\" content=\"Bladna News\" \/>\n<meta property=\"article:published_time\" content=\"2026-01-03T19:00:00+00:00\" \/>\n<meta property=\"og:image\" content=\"https:\/\/bladnanews.com\/wp-content\/uploads\/2026\/01\/afrika-cup-teams-moskee-casablanca-gebed.webp\" \/>\n\t<meta property=\"og:image:width\" content=\"1200\" \/>\n\t<meta property=\"og:image:height\" content=\"750\" \/>\n\t<meta property=\"og:image:type\" content=\"image\/webp\" \/>\n<meta name=\"author\" content=\"Bladna Sports Desk\" \/>\n<meta name=\"twitter:card\" content=\"summary_large_image\" \/>\n<meta name=\"twitter:label1\" content=\"\u00c9crit par\" \/>\n\t<meta name=\"twitter:data1\" content=\"Bladna Sports Desk\" \/>\n\t<meta name=\"twitter:label2\" content=\"Dur\u00e9e de lecture estim\u00e9e\" \/>\n\t<meta name=\"twitter:data2\" content=\"1 minute\" \/>\n<script type=\"application\/ld+json\" class=\"yoast-schema-graph\">{\"@context\":\"https:\\\/\\\/schema.org\",\"@graph\":[{\"@type\":\"Article\",\"@id\":\"https:\\\/\\\/bladnanews.com\\\/africa-cup-teams-pray-together-at-moroccos-hassan-ii-mosque\\\/#article\",\"isPartOf\":{\"@id\":\"https:\\\/\\\/bladnanews.com\\\/africa-cup-teams-pray-together-at-moroccos-hassan-ii-mosque\\\/\"},\"author\":{\"name\":\"Bladna Sports Desk\",\"@id\":\"https:\\\/\\\/mediumseagreen-eel-531711.hostingersite.com\\\/#\\\/schema\\\/person\\\/6712b38fabe810f7eb8d15ed30d90f1e\"},\"headline\":\"Africa Cup teams pray together at Morocco&#8217;s Hassan II Mosque\",\"datePublished\":\"2026-01-03T19:00:00+00:00\",\"mainEntityOfPage\":{\"@id\":\"https:\\\/\\\/bladnanews.com\\\/africa-cup-teams-pray-together-at-moroccos-hassan-ii-mosque\\\/\"},\"wordCount\":173,\"publisher\":{\"@id\":\"https:\\\/\\\/mediumseagreen-eel-531711.hostingersite.com\\\/#organization\"},\"image\":{\"@id\":\"https:\\\/\\\/bladnanews.com\\\/africa-cup-teams-pray-together-at-moroccos-hassan-ii-mosque\\\/#primaryimage\"},\"thumbnailUrl\":\"https:\\\/\\\/bladnanews.com\\\/wp-content\\\/uploads\\\/2026\\\/01\\\/afrika-cup-teams-moskee-casablanca-gebed.webp\",\"articleSection\":[\"Latest News\",\"Morocco National Team\"],\"inLanguage\":\"fr-FR\",\"copyrightYear\":\"2026\",\"copyrightHolder\":{\"@id\":\"https:\\\/\\\/bladnanews.com\\\/fr\\\/#organization\"}},{\"@type\":\"WebPage\",\"@id\":\"https:\\\/\\\/bladnanews.com\\\/africa-cup-teams-pray-together-at-moroccos-hassan-ii-mosque\\\/\",\"url\":\"https:\\\/\\\/bladnanews.com\\\/africa-cup-teams-pray-together-at-moroccos-hassan-ii-mosque\\\/\",\"name\":\"Africa Cup teams pray together at Morocco's Hassan II Mosque - Bladna News\",\"isPartOf\":{\"@id\":\"https:\\\/\\\/mediumseagreen-eel-531711.hostingersite.com\\\/#website\"},\"primaryImageOfPage\":{\"@id\":\"https:\\\/\\\/bladnanews.com\\\/africa-cup-teams-pray-together-at-moroccos-hassan-ii-mosque\\\/#primaryimage\"},\"image\":{\"@id\":\"https:\\\/\\\/bladnanews.com\\\/africa-cup-teams-pray-together-at-moroccos-hassan-ii-mosque\\\/#primaryimage\"},\"thumbnailUrl\":\"https:\\\/\\\/bladnanews.com\\\/wp-content\\\/uploads\\\/2026\\\/01\\\/afrika-cup-teams-moskee-casablanca-gebed.webp\",\"datePublished\":\"2026-01-03T19:00:00+00:00\",\"breadcrumb\":{\"@id\":\"https:\\\/\\\/bladnanews.com\\\/africa-cup-teams-pray-together-at-moroccos-hassan-ii-mosque\\\/#breadcrumb\"},\"inLanguage\":\"fr-FR\",\"potentialAction\":[{\"@type\":\"ReadAction\",\"target\":[\"https:\\\/\\\/bladnanews.com\\\/africa-cup-teams-pray-together-at-moroccos-hassan-ii-mosque\\\/\"]}]},{\"@type\":\"ImageObject\",\"inLanguage\":\"fr-FR\",\"@id\":\"https:\\\/\\\/bladnanews.com\\\/africa-cup-teams-pray-together-at-moroccos-hassan-ii-mosque\\\/#primaryimage\",\"url\":\"https:\\\/\\\/bladnanews.com\\\/wp-content\\\/uploads\\\/2026\\\/01\\\/afrika-cup-teams-moskee-casablanca-gebed.webp\",\"contentUrl\":\"https:\\\/\\\/bladnanews.com\\\/wp-content\\\/uploads\\\/2026\\\/01\\\/afrika-cup-teams-moskee-casablanca-gebed.webp\",\"width\":1200,\"height\":750,\"caption\":\"Red team buses parked outside a grand building in Casablanca, surrounded by decorative streetlights and open grass areas.\"},{\"@type\":\"BreadcrumbList\",\"@id\":\"https:\\\/\\\/bladnanews.com\\\/africa-cup-teams-pray-together-at-moroccos-hassan-ii-mosque\\\/#breadcrumb\",\"itemListElement\":[{\"@type\":\"ListItem\",\"position\":1,\"name\":\"Home\",\"item\":\"https:\\\/\\\/bladnanews.com\\\/\"},{\"@type\":\"ListItem\",\"position\":2,\"name\":\"Africa Cup teams pray together at Morocco&#8217;s Hassan II Mosque\"}]},{\"@type\":\"WebSite\",\"@id\":\"https:\\\/\\\/mediumseagreen-eel-531711.hostingersite.com\\\/#website\",\"url\":\"https:\\\/\\\/mediumseagreen-eel-531711.hostingersite.com\\\/\",\"name\":\"Bladna News - Morocco\",\"description\":\"Where Moroccan Football Meets the World\",\"publisher\":{\"@id\":\"https:\\\/\\\/mediumseagreen-eel-531711.hostingersite.com\\\/#organization\"},\"potentialAction\":[{\"@type\":\"SearchAction\",\"target\":{\"@type\":\"EntryPoint\",\"urlTemplate\":\"https:\\\/\\\/mediumseagreen-eel-531711.hostingersite.com\\\/?s={search_term_string}\"},\"query-input\":{\"@type\":\"PropertyValueSpecification\",\"valueRequired\":true,\"valueName\":\"search_term_string\"}}],\"inLanguage\":\"fr-FR\"},{\"@type\":\"Organization\",\"@id\":\"https:\\\/\\\/mediumseagreen-eel-531711.hostingersite.com\\\/#organization\",\"name\":\"Bladna News.com\",\"url\":\"https:\\\/\\\/mediumseagreen-eel-531711.hostingersite.com\\\/\",\"logo\":{\"@type\":\"ImageObject\",\"inLanguage\":\"fr-FR\",\"@id\":\"https:\\\/\\\/mediumseagreen-eel-531711.hostingersite.com\\\/#\\\/schema\\\/logo\\\/image\\\/\",\"url\":\"https:\\\/\\\/bladnanews.com\\\/wp-content\\\/uploads\\\/2025\\\/12\\\/logo-bladnanews-V2-web-black-red.png\",\"contentUrl\":\"https:\\\/\\\/bladnanews.com\\\/wp-content\\\/uploads\\\/2025\\\/12\\\/logo-bladnanews-V2-web-black-red.png\",\"width\":703,\"height\":287,\"caption\":\"Bladna News.com\"},\"image\":{\"@id\":\"https:\\\/\\\/mediumseagreen-eel-531711.hostingersite.com\\\/#\\\/schema\\\/logo\\\/image\\\/\"},\"email\":\"info@bladnanews.com\",\"legalName\":\"Bladna News\"},{\"@type\":\"Person\",\"@id\":\"https:\\\/\\\/mediumseagreen-eel-531711.hostingersite.com\\\/#\\\/schema\\\/person\\\/6712b38fabe810f7eb8d15ed30d90f1e\",\"name\":\"Bladna Sports Desk\",\"url\":\"https:\\\/\\\/bladnanews.com\\\/fr\\\/author\\\/bladna-sports-desk\\\/\"}]}<\/script>\n<!-- \/ Yoast SEO Premium plugin. -->","yoast_head_json":{"title":"Les \u00e9quipes de la Coupe d'Afrique prient ensemble \u00e0 la mosqu\u00e9e Hassan II du Maroc - Bladna News","robots":{"index":"index","follow":"follow","max-snippet":"max-snippet:-1","max-image-preview":"max-image-preview:large","max-video-preview":"max-video-preview:-1"},"canonical":"https:\/\/bladnanews.com\/fr\/les-equipes-de-la-coupe-dafrique-prient-ensemble-a-la-mosquee-hassan-ii-du-maroc\/","og_locale":"fr_FR","og_type":"article","og_title":"Africa Cup teams pray together at Morocco's Hassan II Mosque","og_description":"Several Africa Cup of Nations teams have prayed together at the Hassan II Mosque in Casablanca, the largest mosque in [&hellip;]","og_url":"https:\/\/bladnanews.com\/fr\/les-equipes-de-la-coupe-dafrique-prient-ensemble-a-la-mosquee-hassan-ii-du-maroc\/","og_site_name":"Bladna News","article_published_time":"2026-01-03T19:00:00+00:00","og_image":[{"width":1200,"height":750,"url":"https:\/\/bladnanews.com\/wp-content\/uploads\/2026\/01\/afrika-cup-teams-moskee-casablanca-gebed.webp","type":"image\/webp"}],"author":"Bladna Sports Desk","twitter_card":"summary_large_image","twitter_misc":{"\u00c9crit par":"Bladna Sports Desk","Dur\u00e9e de lecture estim\u00e9e":"1 minute"},"schema":{"@context":"https:\/\/schema.org","@graph":[{"@type":"Article","@id":"https:\/\/bladnanews.com\/africa-cup-teams-pray-together-at-moroccos-hassan-ii-mosque\/#article","isPartOf":{"@id":"https:\/\/bladnanews.com\/africa-cup-teams-pray-together-at-moroccos-hassan-ii-mosque\/"},"author":{"name":"Bladna Sports Desk","@id":"https:\/\/mediumseagreen-eel-531711.hostingersite.com\/#\/schema\/person\/6712b38fabe810f7eb8d15ed30d90f1e"},"headline":"Africa Cup teams pray together at Morocco&#8217;s Hassan II Mosque","datePublished":"2026-01-03T19:00:00+00:00","mainEntityOfPage":{"@id":"https:\/\/bladnanews.com\/africa-cup-teams-pray-together-at-moroccos-hassan-ii-mosque\/"},"wordCount":173,"publisher":{"@id":"https:\/\/mediumseagreen-eel-531711.hostingersite.com\/#organization"},"image":{"@id":"https:\/\/bladnanews.com\/africa-cup-teams-pray-together-at-moroccos-hassan-ii-mosque\/#primaryimage"},"thumbnailUrl":"https:\/\/bladnanews.com\/wp-content\/uploads\/2026\/01\/afrika-cup-teams-moskee-casablanca-gebed.webp","articleSection":["Latest News","Morocco National Team"],"inLanguage":"fr-FR","copyrightYear":"2026","copyrightHolder":{"@id":"https:\/\/bladnanews.com\/fr\/#organization"}},{"@type":"WebPage","@id":"https:\/\/bladnanews.com\/africa-cup-teams-pray-together-at-moroccos-hassan-ii-mosque\/","url":"https:\/\/bladnanews.com\/africa-cup-teams-pray-together-at-moroccos-hassan-ii-mosque\/","name":"Les \u00e9quipes de la Coupe d'Afrique prient ensemble \u00e0 la mosqu\u00e9e Hassan II du Maroc - Bladna News","isPartOf":{"@id":"https:\/\/mediumseagreen-eel-531711.hostingersite.com\/#website"},"primaryImageOfPage":{"@id":"https:\/\/bladnanews.com\/africa-cup-teams-pray-together-at-moroccos-hassan-ii-mosque\/#primaryimage"},"image":{"@id":"https:\/\/bladnanews.com\/africa-cup-teams-pray-together-at-moroccos-hassan-ii-mosque\/#primaryimage"},"thumbnailUrl":"https:\/\/bladnanews.com\/wp-content\/uploads\/2026\/01\/afrika-cup-teams-moskee-casablanca-gebed.webp","datePublished":"2026-01-03T19:00:00+00:00","breadcrumb":{"@id":"https:\/\/bladnanews.com\/africa-cup-teams-pray-together-at-moroccos-hassan-ii-mosque\/#breadcrumb"},"inLanguage":"fr-FR","potentialAction":[{"@type":"ReadAction","target":["https:\/\/bladnanews.com\/africa-cup-teams-pray-together-at-moroccos-hassan-ii-mosque\/"]}]},{"@type":"ImageObject","inLanguage":"fr-FR","@id":"https:\/\/bladnanews.com\/africa-cup-teams-pray-together-at-moroccos-hassan-ii-mosque\/#primaryimage","url":"https:\/\/bladnanews.com\/wp-content\/uploads\/2026\/01\/afrika-cup-teams-moskee-casablanca-gebed.webp","contentUrl":"https:\/\/bladnanews.com\/wp-content\/uploads\/2026\/01\/afrika-cup-teams-moskee-casablanca-gebed.webp","width":1200,"height":750,"caption":"Red team buses parked outside a grand building in Casablanca, surrounded by decorative streetlights and open grass areas."},{"@type":"BreadcrumbList","@id":"https:\/\/bladnanews.com\/africa-cup-teams-pray-together-at-moroccos-hassan-ii-mosque\/#breadcrumb","itemListElement":[{"@type":"ListItem","position":1,"name":"Home","item":"https:\/\/bladnanews.com\/"},{"@type":"ListItem","position":2,"name":"Africa Cup teams pray together at Morocco&#8217;s Hassan II Mosque"}]},{"@type":"WebSite","@id":"https:\/\/mediumseagreen-eel-531711.hostingersite.com\/#website","url":"https:\/\/mediumseagreen-eel-531711.hostingersite.com\/","name":"Bladna News - Maroc","description":"Quand le football marocain rencontre le monde","publisher":{"@id":"https:\/\/mediumseagreen-eel-531711.hostingersite.com\/#organization"},"potentialAction":[{"@type":"SearchAction","target":{"@type":"EntryPoint","urlTemplate":"https:\/\/mediumseagreen-eel-531711.hostingersite.com\/?s={search_term_string}"},"query-input":{"@type":"PropertyValueSpecification","valueRequired":true,"valueName":"search_term_string"}}],"inLanguage":"fr-FR"},{"@type":"Organization","@id":"https:\/\/mediumseagreen-eel-531711.hostingersite.com\/#organization","name":"Bladna News.com","url":"https:\/\/mediumseagreen-eel-531711.hostingersite.com\/","logo":{"@type":"ImageObject","inLanguage":"fr-FR","@id":"https:\/\/mediumseagreen-eel-531711.hostingersite.com\/#\/schema\/logo\/image\/","url":"https:\/\/bladnanews.com\/wp-content\/uploads\/2025\/12\/logo-bladnanews-V2-web-black-red.png","contentUrl":"https:\/\/bladnanews.com\/wp-content\/uploads\/2025\/12\/logo-bladnanews-V2-web-black-red.png","width":703,"height":287,"caption":"Bladna News.com"},"image":{"@id":"https:\/\/mediumseagreen-eel-531711.hostingersite.com\/#\/schema\/logo\/image\/"},"email":"info@bladnanews.com","legalName":"Bladna News"},{"@type":"Person","@id":"https:\/\/mediumseagreen-eel-531711.hostingersite.com\/#\/schema\/person\/6712b38fabe810f7eb8d15ed30d90f1e","name":"Bladna Sports Desk","url":"https:\/\/bladnanews.com\/fr\/author\/bladna-sports-desk\/"}]}},"_links":{"self":[{"href":"https:\/\/bladnanews.com\/fr\/wp-json\/wp\/v2\/posts\/1762","targetHints":{"allow":["GET"]}}],"collection":[{"href":"https:\/\/bladnanews.com\/fr\/wp-json\/wp\/v2\/posts"}],"about":[{"href":"https:\/\/bladnanews.com\/fr\/wp-json\/wp\/v2\/types\/post"}],"author":[{"embeddable":true,"href":"https:\/\/bladnanews.com\/fr\/wp-json\/wp\/v2\/users\/4"}],"replies":[{"embeddable":true,"href":"https:\/\/bladnanews.com\/fr\/wp-json\/wp\/v2\/comments?post=1762"}],"version-history":[{"count":0,"href":"https:\/\/bladnanews.com\/fr\/wp-json\/wp\/v2\/posts\/1762\/revisions"}],"wp:featuredmedia":[{"embeddable":true,"href":"https:\/\/bladnanews.com\/fr\/wp-json\/wp\/v2\/media\/1761"}],"wp:attachment":[{"href":"https:\/\/bladnanews.com\/fr\/wp-json\/wp\/v2\/media?parent=1762"}],"wp:term":[{"taxonomy":"category","embeddable":true,"href":"https:\/\/bladnanews.com\/fr\/wp-json\/wp\/v2\/categories?post=1762"},{"taxonomy":"post_tag","embeddable":true,"href":"https:\/\/bladnanews.com\/fr\/wp-json\/wp\/v2\/tags?post=1762"}],"curies":[{"name":"wp","href":"https:\/\/api.w.org\/{rel}","templated":true}]}}