{"id":207,"date":"2025-12-28T12:31:52","date_gmt":"2025-12-28T11:31:52","guid":{"rendered":"https:\/\/bladnanews.com\/hamdallah-retires-after-heroic-arab-cup-final-for-morocco\/"},"modified":"2025-12-31T09:49:58","modified_gmt":"2025-12-31T09:49:58","slug":"hamdallah-prend-sa-retraite-apres-une-finale-heroique-de-la-coupe-arabe-pour-le-maroc","status":"publish","type":"post","link":"https:\/\/bladnanews.com\/fr\/hamdallah-prend-sa-retraite-apres-une-finale-heroique-de-la-coupe-arabe-pour-le-maroc\/","title":{"rendered":"Hamdallah prend sa retraite apr\u00e8s la finale h\u00e9ro\u00efque de la Coupe arabe pour le Maroc"},"content":{"rendered":"<p>Rabat \u2014 L'attaquant v\u00e9t\u00e9ran marocain Abderrazak Hamdallah a annonc\u00e9 sa retraite du football international, mettant fin de mani\u00e8re \u00e9mouvante \u00e0 un chapitre marquant en \u00e9quipe nationale, quelques jours seulement apr\u00e8s la finale dramatique de la Coupe arabe des Lions de l'Atlas.<\/p>\n<p>Hamdallah, 34 ans, a confirm\u00e9 sa d\u00e9cision dans une d\u00e9claration publi\u00e9e sur les r\u00e9seaux sociaux, expliquant qu'il s'effa\u00e7ait pour laisser une nouvelle g\u00e9n\u00e9ration prendre la rel\u00e8ve en attaque. Cette annonce intervient apr\u00e8s son r\u00f4le pivot dans les phases finales du tournoi, o\u00f9 le Maroc s'est hiss\u00e9 en finale pour s'incliner de justesse dans un match d\u00e9cisif intense et acharn\u00e9.<\/p>\n<p><strong>Une derni\u00e8re performance qui a d\u00e9fini ses adieux<\/strong><\/p>\n<p>Bien que le Maroc ait finalement termin\u00e9 vice-champion, l'impact de Hamdallah en finale a \u00e9t\u00e9 largement salu\u00e9 par les supporters et les analystes, qui ont d\u00e9crit sa pr\u00e9sence comme cruciale pour l'intensit\u00e9 marocaine dans la surface de r\u00e9paration. Il a \u00e9t\u00e9 un point focal dans le jeu offensif du Maroc, attirant les d\u00e9fenseurs, cr\u00e9ant des espaces pour les milieux offensifs et for\u00e7ant des arr\u00eats d\u00e9cisifs alors que le match restait serr\u00e9 jusqu'au bout.<\/p>\n<p>Plusieurs co\u00e9quipiers ont rendu hommage au leadership et au professionnalisme de l'attaquant tout au long de la comp\u00e9tition, soulignant son influence autant dans les vestiaires que sur le terrain. \u201c Il a donn\u00e9 le ton pour notre pr\u00e9paration et notre combativit\u00e9 \u201d, a d\u00e9clar\u00e9 un membre de l'\u00e9quipe apr\u00e8s la finale. \u201c Il part avec le respect de tous. \u201d<\/p>\n<p><strong>Une carri\u00e8re marqu\u00e9e par les buts et la r\u00e9silience<\/strong><\/p>\n<p>Hamdallah s'est forg\u00e9 une r\u00e9putation comme l'un des buteurs les plus prolifiques de la r\u00e9gion au cours d'une carri\u00e8re en club entre le Maroc et le Golfe, o\u00f9 il s'est impos\u00e9 comme un meilleur buteur r\u00e9gulier. Sa forme pendant la Coupe arabe a raviv\u00e9 l'appr\u00e9ciation pour ses qualit\u00e9s de pur attaquant \u2014 des mouvements percutants, du sang-froid face au but et une volont\u00e9 de se battre physiquement contre des d\u00e9fenses organis\u00e9es.<\/p>\n<p>Si son parcours en \u00e9quipe nationale a connu des interruptions et des \u00e9loignements, son retour pour la Coupe arabe a offert un dernier chapitre que de nombreux fans ont qualifi\u00e9 de juste : une campagne \u00e0 haut risque, des moments d\u00e9cisifs et des adieux prononc\u00e9s au sommet de la comp\u00e9tition plut\u00f4t que dans le silence.<\/p>\n<p><strong>Et maintenant pour le Maroc ?<\/strong><\/p>\n<p>Le staff technique marocain devrait d\u00e9sormais acc\u00e9l\u00e9rer la transition vers des options offensives plus jeunes, les prochaines qualifications et fen\u00eatres internationales servant probablement de terrain d'exp\u00e9rimentation pour les attaquants \u00e9mergents. Les responsables de la f\u00e9d\u00e9ration n'ont pas encore d\u00e9taill\u00e9 les plans pour un hommage sur le terrain, mais des discussions devraient avoir lieu pour honorer les services de Hamdallah lors d'un futur match \u00e0 domicile.<\/p>\n<p>Pour l'instant, Hamdallah quitte la sc\u00e8ne internationale apr\u00e8s ce que les supporters appellent un dernier baroud d'honneur h\u00e9ro\u00efque \u2014 une finale d\u00e9finie non seulement par le r\u00e9sultat, mais par le combat montr\u00e9 par le Maroc et le r\u00f4le du v\u00e9t\u00e9ran pour porter cet effort jusqu'au bout.<\/p>","protected":false},"excerpt":{"rendered":"<p>Rabat \u2014 Morocco\u2019s veteran striker Abderrazak Hamdallah has announced his retirement from international football, bringing an emotional close to a [&hellip;]<\/p>\n","protected":false},"author":3,"featured_media":206,"comment_status":"open","ping_status":"open","sticky":false,"template":"","format":"standard","meta":{"googlesitekit_rrm_CAow_uzEDA:productID":"","site-sidebar-layout":"default","site-content-layout":"","ast-site-content-layout":"default","site-content-style":"default","site-sidebar-style":"default","ast-global-header-display":"","ast-banner-title-visibility":"","ast-main-header-display":"","ast-hfb-above-header-display":"","ast-hfb-below-header-display":"","ast-hfb-mobile-header-display":"","site-post-title":"","ast-breadcrumbs-content":"","ast-featured-img":"","footer-sml-layout":"","ast-disable-related-posts":"","theme-transparent-header-meta":"","adv-header-id-meta":"","stick-header-meta":"","header-above-stick-meta":"","header-main-stick-meta":"","header-below-stick-meta":"","astra-migrate-meta-layouts":"default","ast-page-background-enabled":"default","ast-page-background-meta":{"desktop":{"background-color":"var(--ast-global-color-5)","background-image":"","background-repeat":"repeat","background-position":"center center","background-size":"auto","background-attachment":"scroll","background-type":"","background-media":"","overlay-type":"","overlay-color":"","overlay-opacity":"","overlay-gradient":""},"tablet":{"background-color":"","background-image":"","background-repeat":"repeat","background-position":"center center","background-size":"auto","background-attachment":"scroll","background-type":"","background-media":"","overlay-type":"","overlay-color":"","overlay-opacity":"","overlay-gradient":""},"mobile":{"background-color":"","background-image":"","background-repeat":"repeat","background-position":"center center","background-size":"auto","background-attachment":"scroll","background-type":"","background-media":"","overlay-type":"","overlay-color":"","overlay-opacity":"","overlay-gradient":""}},"ast-content-background-meta":{"desktop":{"background-color":"var(--ast-global-color-4)","background-image":"","background-repeat":"repeat","background-position":"center center","background-size":"auto","background-attachment":"scroll","background-type":"","background-media":"","overlay-type":"","overlay-color":"","overlay-opacity":"","overlay-gradient":""},"tablet":{"background-color":"var(--ast-global-color-4)","background-image":"","background-repeat":"repeat","background-position":"center center","background-size":"auto","background-attachment":"scroll","background-type":"","background-media":"","overlay-type":"","overlay-color":"","overlay-opacity":"","overlay-gradient":""},"mobile":{"background-color":"var(--ast-global-color-4)","background-image":"","background-repeat":"repeat","background-position":"center center","background-size":"auto","background-attachment":"scroll","background-type":"","background-media":"","overlay-type":"","overlay-color":"","overlay-opacity":"","overlay-gradient":""}},"footnotes":""},"categories":[1,168],"tags":[],"class_list":["post-207","post","type-post","status-publish","format-standard","has-post-thumbnail","hentry","category-football-latest-news","category-morocco-national-team"],"yoast_head":"<!-- This site is optimized with the Yoast SEO Premium plugin v26.6 (Yoast SEO v27.5) - https:\/\/yoast.com\/product\/yoast-seo-premium-wordpress\/ -->\n<title>Hamdallah Retires After Heroic Arab Cup Final for Morocco - Bladna News<\/title>\n<meta name=\"robots\" content=\"index, follow, max-snippet:-1, max-image-preview:large, max-video-preview:-1\" \/>\n<link rel=\"canonical\" href=\"https:\/\/bladnanews.com\/fr\/hamdallah-prend-sa-retraite-apres-une-finale-heroique-de-la-coupe-arabe-pour-le-maroc\/\" \/>\n<meta property=\"og:locale\" content=\"fr_FR\" \/>\n<meta property=\"og:type\" content=\"article\" \/>\n<meta property=\"og:title\" content=\"Hamdallah Retires After Heroic Arab Cup Final for Morocco\" \/>\n<meta property=\"og:description\" content=\"Rabat \u2014 Morocco\u2019s veteran striker Abderrazak Hamdallah has announced his retirement from international football, bringing an emotional close to a [&hellip;]\" \/>\n<meta property=\"og:url\" content=\"https:\/\/bladnanews.com\/fr\/hamdallah-prend-sa-retraite-apres-une-finale-heroique-de-la-coupe-arabe-pour-le-maroc\/\" \/>\n<meta property=\"og:site_name\" content=\"Bladna News\" \/>\n<meta property=\"article:published_time\" content=\"2025-12-28T11:31:52+00:00\" \/>\n<meta property=\"article:modified_time\" content=\"2025-12-31T09:49:58+00:00\" \/>\n<meta property=\"og:image\" content=\"https:\/\/bladnanews.com\/wp-content\/uploads\/2025\/12\/Hamdallah-Retires-After-Heroic-Arab-Cup-Final-for-Morocco-2025-12-28T113151.394Z-Hamdallah-Retires-From-Morocco-National-Team-After-Heroic-Arab-Cup-Final-Performance.jpg\" \/>\n\t<meta property=\"og:image:width\" content=\"1200\" \/>\n\t<meta property=\"og:image:height\" content=\"630\" \/>\n\t<meta property=\"og:image:type\" content=\"image\/jpeg\" \/>\n<meta name=\"author\" content=\"Bladna News Staff\" \/>\n<meta name=\"twitter:card\" content=\"summary_large_image\" \/>\n<meta name=\"twitter:label1\" content=\"\u00c9crit par\" \/>\n\t<meta name=\"twitter:data1\" content=\"Bladna News Staff\" \/>\n\t<meta name=\"twitter:label2\" content=\"Dur\u00e9e de lecture estim\u00e9e\" \/>\n\t<meta name=\"twitter:data2\" content=\"2 minutes\" \/>\n<script type=\"application\/ld+json\" class=\"yoast-schema-graph\">{\"@context\":\"https:\\\/\\\/schema.org\",\"@graph\":[{\"@type\":\"Article\",\"@id\":\"https:\\\/\\\/bladnanews.com\\\/hamdallah-retires-after-heroic-arab-cup-final-for-morocco\\\/#article\",\"isPartOf\":{\"@id\":\"https:\\\/\\\/bladnanews.com\\\/hamdallah-retires-after-heroic-arab-cup-final-for-morocco\\\/\"},\"author\":{\"name\":\"Bladna News Staff\",\"@id\":\"https:\\\/\\\/mediumseagreen-eel-531711.hostingersite.com\\\/#\\\/schema\\\/person\\\/268e18a453ab080ebf76df6ef7845083\"},\"headline\":\"Hamdallah Retires After Heroic Arab Cup Final for Morocco\",\"datePublished\":\"2025-12-28T11:31:52+00:00\",\"dateModified\":\"2025-12-31T09:49:58+00:00\",\"mainEntityOfPage\":{\"@id\":\"https:\\\/\\\/bladnanews.com\\\/hamdallah-retires-after-heroic-arab-cup-final-for-morocco\\\/\"},\"wordCount\":437,\"commentCount\":0,\"publisher\":{\"@id\":\"https:\\\/\\\/mediumseagreen-eel-531711.hostingersite.com\\\/#organization\"},\"image\":{\"@id\":\"https:\\\/\\\/bladnanews.com\\\/hamdallah-retires-after-heroic-arab-cup-final-for-morocco\\\/#primaryimage\"},\"thumbnailUrl\":\"https:\\\/\\\/bladnanews.com\\\/wp-content\\\/uploads\\\/2025\\\/12\\\/Hamdallah-Retires-After-Heroic-Arab-Cup-Final-for-Morocco-2025-12-28T113151.394Z-Hamdallah-Retires-From-Morocco-National-Team-After-Heroic-Arab-Cup-Final-Performance.jpg\",\"articleSection\":[\"Latest News\",\"Morocco National Team\"],\"inLanguage\":\"fr-FR\",\"potentialAction\":[{\"@type\":\"CommentAction\",\"name\":\"Comment\",\"target\":[\"https:\\\/\\\/bladnanews.com\\\/hamdallah-retires-after-heroic-arab-cup-final-for-morocco\\\/#respond\"]}],\"copyrightYear\":\"2025\",\"copyrightHolder\":{\"@id\":\"https:\\\/\\\/bladnanews.com\\\/fr\\\/#organization\"}},{\"@type\":\"WebPage\",\"@id\":\"https:\\\/\\\/bladnanews.com\\\/hamdallah-retires-after-heroic-arab-cup-final-for-morocco\\\/\",\"url\":\"https:\\\/\\\/bladnanews.com\\\/hamdallah-retires-after-heroic-arab-cup-final-for-morocco\\\/\",\"name\":\"Hamdallah Retires After Heroic Arab Cup Final for Morocco - Bladna News\",\"isPartOf\":{\"@id\":\"https:\\\/\\\/mediumseagreen-eel-531711.hostingersite.com\\\/#website\"},\"primaryImageOfPage\":{\"@id\":\"https:\\\/\\\/bladnanews.com\\\/hamdallah-retires-after-heroic-arab-cup-final-for-morocco\\\/#primaryimage\"},\"image\":{\"@id\":\"https:\\\/\\\/bladnanews.com\\\/hamdallah-retires-after-heroic-arab-cup-final-for-morocco\\\/#primaryimage\"},\"thumbnailUrl\":\"https:\\\/\\\/bladnanews.com\\\/wp-content\\\/uploads\\\/2025\\\/12\\\/Hamdallah-Retires-After-Heroic-Arab-Cup-Final-for-Morocco-2025-12-28T113151.394Z-Hamdallah-Retires-From-Morocco-National-Team-After-Heroic-Arab-Cup-Final-Performance.jpg\",\"datePublished\":\"2025-12-28T11:31:52+00:00\",\"dateModified\":\"2025-12-31T09:49:58+00:00\",\"breadcrumb\":{\"@id\":\"https:\\\/\\\/bladnanews.com\\\/hamdallah-retires-after-heroic-arab-cup-final-for-morocco\\\/#breadcrumb\"},\"inLanguage\":\"fr-FR\",\"potentialAction\":[{\"@type\":\"ReadAction\",\"target\":[\"https:\\\/\\\/bladnanews.com\\\/hamdallah-retires-after-heroic-arab-cup-final-for-morocco\\\/\"]}]},{\"@type\":\"ImageObject\",\"inLanguage\":\"fr-FR\",\"@id\":\"https:\\\/\\\/bladnanews.com\\\/hamdallah-retires-after-heroic-arab-cup-final-for-morocco\\\/#primaryimage\",\"url\":\"https:\\\/\\\/bladnanews.com\\\/wp-content\\\/uploads\\\/2025\\\/12\\\/Hamdallah-Retires-After-Heroic-Arab-Cup-Final-for-Morocco-2025-12-28T113151.394Z-Hamdallah-Retires-From-Morocco-National-Team-After-Heroic-Arab-Cup-Final-Performance.jpg\",\"contentUrl\":\"https:\\\/\\\/bladnanews.com\\\/wp-content\\\/uploads\\\/2025\\\/12\\\/Hamdallah-Retires-After-Heroic-Arab-Cup-Final-for-Morocco-2025-12-28T113151.394Z-Hamdallah-Retires-From-Morocco-National-Team-After-Heroic-Arab-Cup-Final-Performance.jpg\",\"width\":1200,\"height\":630,\"caption\":\"Moroccan football star celebrates a goal during a match in Morocco's national team.\"},{\"@type\":\"BreadcrumbList\",\"@id\":\"https:\\\/\\\/bladnanews.com\\\/hamdallah-retires-after-heroic-arab-cup-final-for-morocco\\\/#breadcrumb\",\"itemListElement\":[{\"@type\":\"ListItem\",\"position\":1,\"name\":\"Home\",\"item\":\"https:\\\/\\\/bladnanews.com\\\/\"},{\"@type\":\"ListItem\",\"position\":2,\"name\":\"Hamdallah Retires After Heroic Arab Cup Final for Morocco\"}]},{\"@type\":\"WebSite\",\"@id\":\"https:\\\/\\\/mediumseagreen-eel-531711.hostingersite.com\\\/#website\",\"url\":\"https:\\\/\\\/mediumseagreen-eel-531711.hostingersite.com\\\/\",\"name\":\"Bladna News - Morocco\",\"description\":\"Where Moroccan Football Meets the World\",\"publisher\":{\"@id\":\"https:\\\/\\\/mediumseagreen-eel-531711.hostingersite.com\\\/#organization\"},\"potentialAction\":[{\"@type\":\"SearchAction\",\"target\":{\"@type\":\"EntryPoint\",\"urlTemplate\":\"https:\\\/\\\/mediumseagreen-eel-531711.hostingersite.com\\\/?s={search_term_string}\"},\"query-input\":{\"@type\":\"PropertyValueSpecification\",\"valueRequired\":true,\"valueName\":\"search_term_string\"}}],\"inLanguage\":\"fr-FR\"},{\"@type\":\"Organization\",\"@id\":\"https:\\\/\\\/mediumseagreen-eel-531711.hostingersite.com\\\/#organization\",\"name\":\"Bladna News.com\",\"url\":\"https:\\\/\\\/mediumseagreen-eel-531711.hostingersite.com\\\/\",\"logo\":{\"@type\":\"ImageObject\",\"inLanguage\":\"fr-FR\",\"@id\":\"https:\\\/\\\/mediumseagreen-eel-531711.hostingersite.com\\\/#\\\/schema\\\/logo\\\/image\\\/\",\"url\":\"https:\\\/\\\/bladnanews.com\\\/wp-content\\\/uploads\\\/2025\\\/12\\\/logo-bladnanews-V2-web-black-red.png\",\"contentUrl\":\"https:\\\/\\\/bladnanews.com\\\/wp-content\\\/uploads\\\/2025\\\/12\\\/logo-bladnanews-V2-web-black-red.png\",\"width\":703,\"height\":287,\"caption\":\"Bladna News.com\"},\"image\":{\"@id\":\"https:\\\/\\\/mediumseagreen-eel-531711.hostingersite.com\\\/#\\\/schema\\\/logo\\\/image\\\/\"},\"email\":\"info@bladnanews.com\",\"legalName\":\"Bladna News\"},{\"@type\":\"Person\",\"@id\":\"https:\\\/\\\/mediumseagreen-eel-531711.hostingersite.com\\\/#\\\/schema\\\/person\\\/268e18a453ab080ebf76df6ef7845083\",\"name\":\"Bladna News Staff\",\"url\":\"https:\\\/\\\/bladnanews.com\\\/fr\\\/author\\\/bladna-news-staff\\\/\"}]}<\/script>\n<!-- \/ Yoast SEO Premium plugin. -->","yoast_head_json":{"title":"Hamdallah prend sa retraite apr\u00e8s une finale h\u00e9ro\u00efque de la Coupe arabe pour le Maroc - Bladna News","robots":{"index":"index","follow":"follow","max-snippet":"max-snippet:-1","max-image-preview":"max-image-preview:large","max-video-preview":"max-video-preview:-1"},"canonical":"https:\/\/bladnanews.com\/fr\/hamdallah-prend-sa-retraite-apres-une-finale-heroique-de-la-coupe-arabe-pour-le-maroc\/","og_locale":"fr_FR","og_type":"article","og_title":"Hamdallah Retires After Heroic Arab Cup Final for Morocco","og_description":"Rabat \u2014 Morocco\u2019s veteran striker Abderrazak Hamdallah has announced his retirement from international football, bringing an emotional close to a [&hellip;]","og_url":"https:\/\/bladnanews.com\/fr\/hamdallah-prend-sa-retraite-apres-une-finale-heroique-de-la-coupe-arabe-pour-le-maroc\/","og_site_name":"Bladna News","article_published_time":"2025-12-28T11:31:52+00:00","article_modified_time":"2025-12-31T09:49:58+00:00","og_image":[{"width":1200,"height":630,"url":"https:\/\/bladnanews.com\/wp-content\/uploads\/2025\/12\/Hamdallah-Retires-After-Heroic-Arab-Cup-Final-for-Morocco-2025-12-28T113151.394Z-Hamdallah-Retires-From-Morocco-National-Team-After-Heroic-Arab-Cup-Final-Performance.jpg","type":"image\/jpeg"}],"author":"Bladna News Staff","twitter_card":"summary_large_image","twitter_misc":{"\u00c9crit par":"Bladna News Staff","Dur\u00e9e de lecture estim\u00e9e":"2 minutes"},"schema":{"@context":"https:\/\/schema.org","@graph":[{"@type":"Article","@id":"https:\/\/bladnanews.com\/hamdallah-retires-after-heroic-arab-cup-final-for-morocco\/#article","isPartOf":{"@id":"https:\/\/bladnanews.com\/hamdallah-retires-after-heroic-arab-cup-final-for-morocco\/"},"author":{"name":"Bladna News Staff","@id":"https:\/\/mediumseagreen-eel-531711.hostingersite.com\/#\/schema\/person\/268e18a453ab080ebf76df6ef7845083"},"headline":"Hamdallah Retires After Heroic Arab Cup Final for Morocco","datePublished":"2025-12-28T11:31:52+00:00","dateModified":"2025-12-31T09:49:58+00:00","mainEntityOfPage":{"@id":"https:\/\/bladnanews.com\/hamdallah-retires-after-heroic-arab-cup-final-for-morocco\/"},"wordCount":437,"commentCount":0,"publisher":{"@id":"https:\/\/mediumseagreen-eel-531711.hostingersite.com\/#organization"},"image":{"@id":"https:\/\/bladnanews.com\/hamdallah-retires-after-heroic-arab-cup-final-for-morocco\/#primaryimage"},"thumbnailUrl":"https:\/\/bladnanews.com\/wp-content\/uploads\/2025\/12\/Hamdallah-Retires-After-Heroic-Arab-Cup-Final-for-Morocco-2025-12-28T113151.394Z-Hamdallah-Retires-From-Morocco-National-Team-After-Heroic-Arab-Cup-Final-Performance.jpg","articleSection":["Latest News","Morocco National Team"],"inLanguage":"fr-FR","potentialAction":[{"@type":"CommentAction","name":"Comment","target":["https:\/\/bladnanews.com\/hamdallah-retires-after-heroic-arab-cup-final-for-morocco\/#respond"]}],"copyrightYear":"2025","copyrightHolder":{"@id":"https:\/\/bladnanews.com\/fr\/#organization"}},{"@type":"WebPage","@id":"https:\/\/bladnanews.com\/hamdallah-retires-after-heroic-arab-cup-final-for-morocco\/","url":"https:\/\/bladnanews.com\/hamdallah-retires-after-heroic-arab-cup-final-for-morocco\/","name":"Hamdallah prend sa retraite apr\u00e8s une finale h\u00e9ro\u00efque de la Coupe arabe pour le Maroc - Bladna News","isPartOf":{"@id":"https:\/\/mediumseagreen-eel-531711.hostingersite.com\/#website"},"primaryImageOfPage":{"@id":"https:\/\/bladnanews.com\/hamdallah-retires-after-heroic-arab-cup-final-for-morocco\/#primaryimage"},"image":{"@id":"https:\/\/bladnanews.com\/hamdallah-retires-after-heroic-arab-cup-final-for-morocco\/#primaryimage"},"thumbnailUrl":"https:\/\/bladnanews.com\/wp-content\/uploads\/2025\/12\/Hamdallah-Retires-After-Heroic-Arab-Cup-Final-for-Morocco-2025-12-28T113151.394Z-Hamdallah-Retires-From-Morocco-National-Team-After-Heroic-Arab-Cup-Final-Performance.jpg","datePublished":"2025-12-28T11:31:52+00:00","dateModified":"2025-12-31T09:49:58+00:00","breadcrumb":{"@id":"https:\/\/bladnanews.com\/hamdallah-retires-after-heroic-arab-cup-final-for-morocco\/#breadcrumb"},"inLanguage":"fr-FR","potentialAction":[{"@type":"ReadAction","target":["https:\/\/bladnanews.com\/hamdallah-retires-after-heroic-arab-cup-final-for-morocco\/"]}]},{"@type":"ImageObject","inLanguage":"fr-FR","@id":"https:\/\/bladnanews.com\/hamdallah-retires-after-heroic-arab-cup-final-for-morocco\/#primaryimage","url":"https:\/\/bladnanews.com\/wp-content\/uploads\/2025\/12\/Hamdallah-Retires-After-Heroic-Arab-Cup-Final-for-Morocco-2025-12-28T113151.394Z-Hamdallah-Retires-From-Morocco-National-Team-After-Heroic-Arab-Cup-Final-Performance.jpg","contentUrl":"https:\/\/bladnanews.com\/wp-content\/uploads\/2025\/12\/Hamdallah-Retires-After-Heroic-Arab-Cup-Final-for-Morocco-2025-12-28T113151.394Z-Hamdallah-Retires-From-Morocco-National-Team-After-Heroic-Arab-Cup-Final-Performance.jpg","width":1200,"height":630,"caption":"Moroccan football star celebrates a goal during a match in Morocco's national team."},{"@type":"BreadcrumbList","@id":"https:\/\/bladnanews.com\/hamdallah-retires-after-heroic-arab-cup-final-for-morocco\/#breadcrumb","itemListElement":[{"@type":"ListItem","position":1,"name":"Home","item":"https:\/\/bladnanews.com\/"},{"@type":"ListItem","position":2,"name":"Hamdallah Retires After Heroic Arab Cup Final for Morocco"}]},{"@type":"WebSite","@id":"https:\/\/mediumseagreen-eel-531711.hostingersite.com\/#website","url":"https:\/\/mediumseagreen-eel-531711.hostingersite.com\/","name":"Bladna News - Maroc","description":"Quand le football marocain rencontre le monde","publisher":{"@id":"https:\/\/mediumseagreen-eel-531711.hostingersite.com\/#organization"},"potentialAction":[{"@type":"SearchAction","target":{"@type":"EntryPoint","urlTemplate":"https:\/\/mediumseagreen-eel-531711.hostingersite.com\/?s={search_term_string}"},"query-input":{"@type":"PropertyValueSpecification","valueRequired":true,"valueName":"search_term_string"}}],"inLanguage":"fr-FR"},{"@type":"Organization","@id":"https:\/\/mediumseagreen-eel-531711.hostingersite.com\/#organization","name":"Bladna News.com","url":"https:\/\/mediumseagreen-eel-531711.hostingersite.com\/","logo":{"@type":"ImageObject","inLanguage":"fr-FR","@id":"https:\/\/mediumseagreen-eel-531711.hostingersite.com\/#\/schema\/logo\/image\/","url":"https:\/\/bladnanews.com\/wp-content\/uploads\/2025\/12\/logo-bladnanews-V2-web-black-red.png","contentUrl":"https:\/\/bladnanews.com\/wp-content\/uploads\/2025\/12\/logo-bladnanews-V2-web-black-red.png","width":703,"height":287,"caption":"Bladna News.com"},"image":{"@id":"https:\/\/mediumseagreen-eel-531711.hostingersite.com\/#\/schema\/logo\/image\/"},"email":"info@bladnanews.com","legalName":"Bladna News"},{"@type":"Person","@id":"https:\/\/mediumseagreen-eel-531711.hostingersite.com\/#\/schema\/person\/268e18a453ab080ebf76df6ef7845083","name":"\u00c9quipe r\u00e9dactionnelle de Bladna News","url":"https:\/\/bladnanews.com\/fr\/author\/bladna-news-staff\/"}]}},"_links":{"self":[{"href":"https:\/\/bladnanews.com\/fr\/wp-json\/wp\/v2\/posts\/207","targetHints":{"allow":["GET"]}}],"collection":[{"href":"https:\/\/bladnanews.com\/fr\/wp-json\/wp\/v2\/posts"}],"about":[{"href":"https:\/\/bladnanews.com\/fr\/wp-json\/wp\/v2\/types\/post"}],"author":[{"embeddable":true,"href":"https:\/\/bladnanews.com\/fr\/wp-json\/wp\/v2\/users\/3"}],"replies":[{"embeddable":true,"href":"https:\/\/bladnanews.com\/fr\/wp-json\/wp\/v2\/comments?post=207"}],"version-history":[{"count":0,"href":"https:\/\/bladnanews.com\/fr\/wp-json\/wp\/v2\/posts\/207\/revisions"}],"wp:featuredmedia":[{"embeddable":true,"href":"https:\/\/bladnanews.com\/fr\/wp-json\/wp\/v2\/media\/206"}],"wp:attachment":[{"href":"https:\/\/bladnanews.com\/fr\/wp-json\/wp\/v2\/media?parent=207"}],"wp:term":[{"taxonomy":"category","embeddable":true,"href":"https:\/\/bladnanews.com\/fr\/wp-json\/wp\/v2\/categories?post=207"},{"taxonomy":"post_tag","embeddable":true,"href":"https:\/\/bladnanews.com\/fr\/wp-json\/wp\/v2\/tags?post=207"}],"curies":[{"name":"wp","href":"https:\/\/api.w.org\/{rel}","templated":true}]}}