{"id":2188,"date":"2026-01-03T18:55:02","date_gmt":"2026-01-03T18:55:02","guid":{"rendered":"https:\/\/bladnanews.com\/alan-shearer-backs-enzo-maresca-for-quick-return-to-work\/"},"modified":"2026-01-03T18:55:02","modified_gmt":"2026-01-03T18:55:02","slug":"alan-shearer-soutient-enzo-maresca-pour-un-retour-rapide-au-travail","status":"publish","type":"post","link":"https:\/\/bladnanews.com\/fr\/alan-shearer-soutient-enzo-maresca-pour-un-retour-rapide-au-travail\/","title":{"rendered":"Alan Shearer soutient qu'Enzo Maresca retrouvera rapidement du travail"},"content":{"rendered":"<p>Alan Shearer a soutenu qu'Enzo Maresca ferait rapidement son retour dans le m\u00e9tier d'entra\u00eeneur, apr\u00e8s que l'Italien ait \u00e9t\u00e9 \u00e9tonnamment licenci\u00e9 par Chelsea.<\/p>\n<p>Le passage de Maresca \u00e0 Stamford Bridge s'est termin\u00e9 de mani\u00e8re abrupte, le club ayant opt\u00e9 pour un nouveau changement sur le banc malgr\u00e9 une nouvelle saison mouvement\u00e9e dans l'ouest londonien.<\/p>\n<p>\u00c9voquant cette d\u00e9cision, Shearer n'a pas cach\u00e9 son incr\u00e9dulit\u00e9 face \u00e0 la rapidit\u00e9 avec laquelle les choses peuvent changer \u00e0 Chelsea. <strong>\u201c Chelsea est un club fou \u201d,\u201d<\/strong> a-t-il d\u00e9clar\u00e9, pointant le roulement constant des entra\u00eeneurs et la pression inh\u00e9rente \u00e0 ce poste.<\/p>\n<p>Shearer est convaincu que Maresca ne restera pas longtemps sans emploi, soulignant que les entra\u00eeneurs de son profil et de sa r\u00e9putation trouvent g\u00e9n\u00e9ralement rapidement de nouvelles opportunit\u00e9s, m\u00eame apr\u00e8s un licenciement soudain.<\/p>\n<p>L'ancien attaquant de l'\u00e9quipe d'Angleterre a \u00e9galement mis en lumi\u00e8re la r\u00e9alit\u00e9 plus large \u00e0 Stamford Bridge, o\u00f9 la patience est souvent rare et o\u00f9 la prochaine nomination n'est jamais loin. Pour Maresca, cependant, l'avis de Shearer est clair : ce revers ne devrait pas ralentir sa carri\u00e8re tr\u00e8s longtemps.<\/p>","protected":false},"excerpt":{"rendered":"<p>Alan Shearer has backed Enzo Maresca to make a quick return to management after the Italian was surprisingly sacked by [&hellip;]<\/p>\n","protected":false},"author":3,"featured_media":2186,"comment_status":"","ping_status":"open","sticky":false,"template":"","format":"standard","meta":{"googlesitekit_rrm_CAow_uzEDA:productID":"","site-sidebar-layout":"default","site-content-layout":"","ast-site-content-layout":"default","site-content-style":"default","site-sidebar-style":"default","ast-global-header-display":"","ast-banner-title-visibility":"","ast-main-header-display":"","ast-hfb-above-header-display":"","ast-hfb-below-header-display":"","ast-hfb-mobile-header-display":"","site-post-title":"","ast-breadcrumbs-content":"","ast-featured-img":"","footer-sml-layout":"","ast-disable-related-posts":"","theme-transparent-header-meta":"","adv-header-id-meta":"","stick-header-meta":"","header-above-stick-meta":"","header-main-stick-meta":"","header-below-stick-meta":"","astra-migrate-meta-layouts":"default","ast-page-background-enabled":"default","ast-page-background-meta":{"desktop":{"background-color":"var(--ast-global-color-5)","background-image":"","background-repeat":"repeat","background-position":"center center","background-size":"auto","background-attachment":"scroll","background-type":"","background-media":"","overlay-type":"","overlay-color":"","overlay-opacity":"","overlay-gradient":""},"tablet":{"background-color":"","background-image":"","background-repeat":"repeat","background-position":"center center","background-size":"auto","background-attachment":"scroll","background-type":"","background-media":"","overlay-type":"","overlay-color":"","overlay-opacity":"","overlay-gradient":""},"mobile":{"background-color":"","background-image":"","background-repeat":"repeat","background-position":"center center","background-size":"auto","background-attachment":"scroll","background-type":"","background-media":"","overlay-type":"","overlay-color":"","overlay-opacity":"","overlay-gradient":""}},"ast-content-background-meta":{"desktop":{"background-color":"var(--ast-global-color-4)","background-image":"","background-repeat":"repeat","background-position":"center center","background-size":"auto","background-attachment":"scroll","background-type":"","background-media":"","overlay-type":"","overlay-color":"","overlay-opacity":"","overlay-gradient":""},"tablet":{"background-color":"var(--ast-global-color-4)","background-image":"","background-repeat":"repeat","background-position":"center center","background-size":"auto","background-attachment":"scroll","background-type":"","background-media":"","overlay-type":"","overlay-color":"","overlay-opacity":"","overlay-gradient":""},"mobile":{"background-color":"var(--ast-global-color-4)","background-image":"","background-repeat":"repeat","background-position":"center center","background-size":"auto","background-attachment":"scroll","background-type":"","background-media":"","overlay-type":"","overlay-color":"","overlay-opacity":"","overlay-gradient":""}},"footnotes":""},"categories":[20,1],"tags":[],"class_list":["post-2188","post","type-post","status-publish","format-standard","has-post-thumbnail","hentry","category-international","category-football-latest-news"],"yoast_head":"<!-- This site is optimized with the Yoast SEO Premium plugin v26.6 (Yoast SEO v27.5) - https:\/\/yoast.com\/product\/yoast-seo-premium-wordpress\/ -->\n<title>Alan Shearer backs Enzo Maresca for quick return to work - Bladna News<\/title>\n<meta name=\"robots\" content=\"index, follow, max-snippet:-1, max-image-preview:large, max-video-preview:-1\" \/>\n<link rel=\"canonical\" href=\"https:\/\/bladnanews.com\/fr\/alan-shearer-soutient-enzo-maresca-pour-un-retour-rapide-au-travail\/\" \/>\n<meta property=\"og:locale\" content=\"fr_FR\" \/>\n<meta property=\"og:type\" content=\"article\" \/>\n<meta property=\"og:title\" content=\"Alan Shearer backs Enzo Maresca for quick return to work\" \/>\n<meta property=\"og:description\" content=\"Alan Shearer has backed Enzo Maresca to make a quick return to management after the Italian was surprisingly sacked by [&hellip;]\" \/>\n<meta property=\"og:url\" content=\"https:\/\/bladnanews.com\/fr\/alan-shearer-soutient-enzo-maresca-pour-un-retour-rapide-au-travail\/\" \/>\n<meta property=\"og:site_name\" content=\"Bladna News\" \/>\n<meta property=\"article:published_time\" content=\"2026-01-03T18:55:02+00:00\" \/>\n<meta property=\"og:image\" content=\"https:\/\/bladnanews.com\/wp-content\/uploads\/2026\/01\/BladnaNews-Alan-Shearer-backs-Enzo-Maresca-for-quick-return-to-work-2026-01-03T215034.219Z-scaled.jpg\" \/>\n\t<meta property=\"og:image:width\" content=\"2560\" \/>\n\t<meta property=\"og:image:height\" content=\"1440\" \/>\n\t<meta property=\"og:image:type\" content=\"image\/jpeg\" \/>\n<meta name=\"author\" content=\"Bladna News Staff\" \/>\n<meta name=\"twitter:card\" content=\"summary_large_image\" \/>\n<meta name=\"twitter:label1\" content=\"\u00c9crit par\" \/>\n\t<meta name=\"twitter:data1\" content=\"Bladna News Staff\" \/>\n\t<meta name=\"twitter:label2\" content=\"Dur\u00e9e de lecture estim\u00e9e\" \/>\n\t<meta name=\"twitter:data2\" content=\"1 minute\" \/>\n<script type=\"application\/ld+json\" class=\"yoast-schema-graph\">{\"@context\":\"https:\\\/\\\/schema.org\",\"@graph\":[{\"@type\":\"Article\",\"@id\":\"https:\\\/\\\/bladnanews.com\\\/alan-shearer-backs-enzo-maresca-for-quick-return-to-work\\\/#article\",\"isPartOf\":{\"@id\":\"https:\\\/\\\/bladnanews.com\\\/alan-shearer-backs-enzo-maresca-for-quick-return-to-work\\\/\"},\"author\":{\"name\":\"Bladna News Staff\",\"@id\":\"https:\\\/\\\/mediumseagreen-eel-531711.hostingersite.com\\\/#\\\/schema\\\/person\\\/268e18a453ab080ebf76df6ef7845083\"},\"headline\":\"Alan Shearer backs Enzo Maresca for quick return to work\",\"datePublished\":\"2026-01-03T18:55:02+00:00\",\"mainEntityOfPage\":{\"@id\":\"https:\\\/\\\/bladnanews.com\\\/alan-shearer-backs-enzo-maresca-for-quick-return-to-work\\\/\"},\"wordCount\":174,\"publisher\":{\"@id\":\"https:\\\/\\\/mediumseagreen-eel-531711.hostingersite.com\\\/#organization\"},\"image\":{\"@id\":\"https:\\\/\\\/bladnanews.com\\\/alan-shearer-backs-enzo-maresca-for-quick-return-to-work\\\/#primaryimage\"},\"thumbnailUrl\":\"https:\\\/\\\/bladnanews.com\\\/wp-content\\\/uploads\\\/2026\\\/01\\\/BladnaNews-Alan-Shearer-backs-Enzo-Maresca-for-quick-return-to-work-2026-01-03T215034.219Z-scaled.jpg\",\"articleSection\":[\"International\",\"Latest News\"],\"inLanguage\":\"fr-FR\",\"copyrightYear\":\"2026\",\"copyrightHolder\":{\"@id\":\"https:\\\/\\\/bladnanews.com\\\/fr\\\/#organization\"}},{\"@type\":\"WebPage\",\"@id\":\"https:\\\/\\\/bladnanews.com\\\/alan-shearer-backs-enzo-maresca-for-quick-return-to-work\\\/\",\"url\":\"https:\\\/\\\/bladnanews.com\\\/alan-shearer-backs-enzo-maresca-for-quick-return-to-work\\\/\",\"name\":\"Alan Shearer backs Enzo Maresca for quick return to work - Bladna News\",\"isPartOf\":{\"@id\":\"https:\\\/\\\/mediumseagreen-eel-531711.hostingersite.com\\\/#website\"},\"primaryImageOfPage\":{\"@id\":\"https:\\\/\\\/bladnanews.com\\\/alan-shearer-backs-enzo-maresca-for-quick-return-to-work\\\/#primaryimage\"},\"image\":{\"@id\":\"https:\\\/\\\/bladnanews.com\\\/alan-shearer-backs-enzo-maresca-for-quick-return-to-work\\\/#primaryimage\"},\"thumbnailUrl\":\"https:\\\/\\\/bladnanews.com\\\/wp-content\\\/uploads\\\/2026\\\/01\\\/BladnaNews-Alan-Shearer-backs-Enzo-Maresca-for-quick-return-to-work-2026-01-03T215034.219Z-scaled.jpg\",\"datePublished\":\"2026-01-03T18:55:02+00:00\",\"breadcrumb\":{\"@id\":\"https:\\\/\\\/bladnanews.com\\\/alan-shearer-backs-enzo-maresca-for-quick-return-to-work\\\/#breadcrumb\"},\"inLanguage\":\"fr-FR\",\"potentialAction\":[{\"@type\":\"ReadAction\",\"target\":[\"https:\\\/\\\/bladnanews.com\\\/alan-shearer-backs-enzo-maresca-for-quick-return-to-work\\\/\"]}]},{\"@type\":\"ImageObject\",\"inLanguage\":\"fr-FR\",\"@id\":\"https:\\\/\\\/bladnanews.com\\\/alan-shearer-backs-enzo-maresca-for-quick-return-to-work\\\/#primaryimage\",\"url\":\"https:\\\/\\\/bladnanews.com\\\/wp-content\\\/uploads\\\/2026\\\/01\\\/BladnaNews-Alan-Shearer-backs-Enzo-Maresca-for-quick-return-to-work-2026-01-03T215034.219Z-scaled.jpg\",\"contentUrl\":\"https:\\\/\\\/bladnanews.com\\\/wp-content\\\/uploads\\\/2026\\\/01\\\/BladnaNews-Alan-Shearer-backs-Enzo-Maresca-for-quick-return-to-work-2026-01-03T215034.219Z-scaled.jpg\",\"width\":2560,\"height\":1440,\"caption\":\"Enzo Maresca in a dark jacket and grey sweater, focused expression on the sidelines during a football match.\"},{\"@type\":\"BreadcrumbList\",\"@id\":\"https:\\\/\\\/bladnanews.com\\\/alan-shearer-backs-enzo-maresca-for-quick-return-to-work\\\/#breadcrumb\",\"itemListElement\":[{\"@type\":\"ListItem\",\"position\":1,\"name\":\"Home\",\"item\":\"https:\\\/\\\/bladnanews.com\\\/\"},{\"@type\":\"ListItem\",\"position\":2,\"name\":\"Alan Shearer backs Enzo Maresca for quick return to work\"}]},{\"@type\":\"WebSite\",\"@id\":\"https:\\\/\\\/mediumseagreen-eel-531711.hostingersite.com\\\/#website\",\"url\":\"https:\\\/\\\/mediumseagreen-eel-531711.hostingersite.com\\\/\",\"name\":\"Bladna News - Morocco\",\"description\":\"Where Moroccan Football Meets the World\",\"publisher\":{\"@id\":\"https:\\\/\\\/mediumseagreen-eel-531711.hostingersite.com\\\/#organization\"},\"potentialAction\":[{\"@type\":\"SearchAction\",\"target\":{\"@type\":\"EntryPoint\",\"urlTemplate\":\"https:\\\/\\\/mediumseagreen-eel-531711.hostingersite.com\\\/?s={search_term_string}\"},\"query-input\":{\"@type\":\"PropertyValueSpecification\",\"valueRequired\":true,\"valueName\":\"search_term_string\"}}],\"inLanguage\":\"fr-FR\"},{\"@type\":\"Organization\",\"@id\":\"https:\\\/\\\/mediumseagreen-eel-531711.hostingersite.com\\\/#organization\",\"name\":\"Bladna News.com\",\"url\":\"https:\\\/\\\/mediumseagreen-eel-531711.hostingersite.com\\\/\",\"logo\":{\"@type\":\"ImageObject\",\"inLanguage\":\"fr-FR\",\"@id\":\"https:\\\/\\\/mediumseagreen-eel-531711.hostingersite.com\\\/#\\\/schema\\\/logo\\\/image\\\/\",\"url\":\"https:\\\/\\\/bladnanews.com\\\/wp-content\\\/uploads\\\/2025\\\/12\\\/logo-bladnanews-V2-web-black-red.png\",\"contentUrl\":\"https:\\\/\\\/bladnanews.com\\\/wp-content\\\/uploads\\\/2025\\\/12\\\/logo-bladnanews-V2-web-black-red.png\",\"width\":703,\"height\":287,\"caption\":\"Bladna News.com\"},\"image\":{\"@id\":\"https:\\\/\\\/mediumseagreen-eel-531711.hostingersite.com\\\/#\\\/schema\\\/logo\\\/image\\\/\"},\"email\":\"info@bladnanews.com\",\"legalName\":\"Bladna News\"},{\"@type\":\"Person\",\"@id\":\"https:\\\/\\\/mediumseagreen-eel-531711.hostingersite.com\\\/#\\\/schema\\\/person\\\/268e18a453ab080ebf76df6ef7845083\",\"name\":\"Bladna News Staff\",\"url\":\"https:\\\/\\\/bladnanews.com\\\/fr\\\/author\\\/bladna-news-staff\\\/\"}]}<\/script>\n<!-- \/ Yoast SEO Premium plugin. -->","yoast_head_json":{"title":"Alan Shearer soutient Enzo Maresca pour un retour rapide au travail - Bladna News","robots":{"index":"index","follow":"follow","max-snippet":"max-snippet:-1","max-image-preview":"max-image-preview:large","max-video-preview":"max-video-preview:-1"},"canonical":"https:\/\/bladnanews.com\/fr\/alan-shearer-soutient-enzo-maresca-pour-un-retour-rapide-au-travail\/","og_locale":"fr_FR","og_type":"article","og_title":"Alan Shearer backs Enzo Maresca for quick return to work","og_description":"Alan Shearer has backed Enzo Maresca to make a quick return to management after the Italian was surprisingly sacked by [&hellip;]","og_url":"https:\/\/bladnanews.com\/fr\/alan-shearer-soutient-enzo-maresca-pour-un-retour-rapide-au-travail\/","og_site_name":"Bladna News","article_published_time":"2026-01-03T18:55:02+00:00","og_image":[{"width":2560,"height":1440,"url":"https:\/\/bladnanews.com\/wp-content\/uploads\/2026\/01\/BladnaNews-Alan-Shearer-backs-Enzo-Maresca-for-quick-return-to-work-2026-01-03T215034.219Z-scaled.jpg","type":"image\/jpeg"}],"author":"Bladna News Staff","twitter_card":"summary_large_image","twitter_misc":{"\u00c9crit par":"Bladna News Staff","Dur\u00e9e de lecture estim\u00e9e":"1 minute"},"schema":{"@context":"https:\/\/schema.org","@graph":[{"@type":"Article","@id":"https:\/\/bladnanews.com\/alan-shearer-backs-enzo-maresca-for-quick-return-to-work\/#article","isPartOf":{"@id":"https:\/\/bladnanews.com\/alan-shearer-backs-enzo-maresca-for-quick-return-to-work\/"},"author":{"name":"Bladna News Staff","@id":"https:\/\/mediumseagreen-eel-531711.hostingersite.com\/#\/schema\/person\/268e18a453ab080ebf76df6ef7845083"},"headline":"Alan Shearer backs Enzo Maresca for quick return to work","datePublished":"2026-01-03T18:55:02+00:00","mainEntityOfPage":{"@id":"https:\/\/bladnanews.com\/alan-shearer-backs-enzo-maresca-for-quick-return-to-work\/"},"wordCount":174,"publisher":{"@id":"https:\/\/mediumseagreen-eel-531711.hostingersite.com\/#organization"},"image":{"@id":"https:\/\/bladnanews.com\/alan-shearer-backs-enzo-maresca-for-quick-return-to-work\/#primaryimage"},"thumbnailUrl":"https:\/\/bladnanews.com\/wp-content\/uploads\/2026\/01\/BladnaNews-Alan-Shearer-backs-Enzo-Maresca-for-quick-return-to-work-2026-01-03T215034.219Z-scaled.jpg","articleSection":["International","Latest News"],"inLanguage":"fr-FR","copyrightYear":"2026","copyrightHolder":{"@id":"https:\/\/bladnanews.com\/fr\/#organization"}},{"@type":"WebPage","@id":"https:\/\/bladnanews.com\/alan-shearer-backs-enzo-maresca-for-quick-return-to-work\/","url":"https:\/\/bladnanews.com\/alan-shearer-backs-enzo-maresca-for-quick-return-to-work\/","name":"Alan Shearer soutient Enzo Maresca pour un retour rapide au travail - Bladna News","isPartOf":{"@id":"https:\/\/mediumseagreen-eel-531711.hostingersite.com\/#website"},"primaryImageOfPage":{"@id":"https:\/\/bladnanews.com\/alan-shearer-backs-enzo-maresca-for-quick-return-to-work\/#primaryimage"},"image":{"@id":"https:\/\/bladnanews.com\/alan-shearer-backs-enzo-maresca-for-quick-return-to-work\/#primaryimage"},"thumbnailUrl":"https:\/\/bladnanews.com\/wp-content\/uploads\/2026\/01\/BladnaNews-Alan-Shearer-backs-Enzo-Maresca-for-quick-return-to-work-2026-01-03T215034.219Z-scaled.jpg","datePublished":"2026-01-03T18:55:02+00:00","breadcrumb":{"@id":"https:\/\/bladnanews.com\/alan-shearer-backs-enzo-maresca-for-quick-return-to-work\/#breadcrumb"},"inLanguage":"fr-FR","potentialAction":[{"@type":"ReadAction","target":["https:\/\/bladnanews.com\/alan-shearer-backs-enzo-maresca-for-quick-return-to-work\/"]}]},{"@type":"ImageObject","inLanguage":"fr-FR","@id":"https:\/\/bladnanews.com\/alan-shearer-backs-enzo-maresca-for-quick-return-to-work\/#primaryimage","url":"https:\/\/bladnanews.com\/wp-content\/uploads\/2026\/01\/BladnaNews-Alan-Shearer-backs-Enzo-Maresca-for-quick-return-to-work-2026-01-03T215034.219Z-scaled.jpg","contentUrl":"https:\/\/bladnanews.com\/wp-content\/uploads\/2026\/01\/BladnaNews-Alan-Shearer-backs-Enzo-Maresca-for-quick-return-to-work-2026-01-03T215034.219Z-scaled.jpg","width":2560,"height":1440,"caption":"Enzo Maresca in a dark jacket and grey sweater, focused expression on the sidelines during a football match."},{"@type":"BreadcrumbList","@id":"https:\/\/bladnanews.com\/alan-shearer-backs-enzo-maresca-for-quick-return-to-work\/#breadcrumb","itemListElement":[{"@type":"ListItem","position":1,"name":"Home","item":"https:\/\/bladnanews.com\/"},{"@type":"ListItem","position":2,"name":"Alan Shearer backs Enzo Maresca for quick return to work"}]},{"@type":"WebSite","@id":"https:\/\/mediumseagreen-eel-531711.hostingersite.com\/#website","url":"https:\/\/mediumseagreen-eel-531711.hostingersite.com\/","name":"Bladna News - Maroc","description":"Quand le football marocain rencontre le monde","publisher":{"@id":"https:\/\/mediumseagreen-eel-531711.hostingersite.com\/#organization"},"potentialAction":[{"@type":"SearchAction","target":{"@type":"EntryPoint","urlTemplate":"https:\/\/mediumseagreen-eel-531711.hostingersite.com\/?s={search_term_string}"},"query-input":{"@type":"PropertyValueSpecification","valueRequired":true,"valueName":"search_term_string"}}],"inLanguage":"fr-FR"},{"@type":"Organization","@id":"https:\/\/mediumseagreen-eel-531711.hostingersite.com\/#organization","name":"Bladna News.com","url":"https:\/\/mediumseagreen-eel-531711.hostingersite.com\/","logo":{"@type":"ImageObject","inLanguage":"fr-FR","@id":"https:\/\/mediumseagreen-eel-531711.hostingersite.com\/#\/schema\/logo\/image\/","url":"https:\/\/bladnanews.com\/wp-content\/uploads\/2025\/12\/logo-bladnanews-V2-web-black-red.png","contentUrl":"https:\/\/bladnanews.com\/wp-content\/uploads\/2025\/12\/logo-bladnanews-V2-web-black-red.png","width":703,"height":287,"caption":"Bladna News.com"},"image":{"@id":"https:\/\/mediumseagreen-eel-531711.hostingersite.com\/#\/schema\/logo\/image\/"},"email":"info@bladnanews.com","legalName":"Bladna News"},{"@type":"Person","@id":"https:\/\/mediumseagreen-eel-531711.hostingersite.com\/#\/schema\/person\/268e18a453ab080ebf76df6ef7845083","name":"\u00c9quipe r\u00e9dactionnelle de Bladna News","url":"https:\/\/bladnanews.com\/fr\/author\/bladna-news-staff\/"}]}},"_links":{"self":[{"href":"https:\/\/bladnanews.com\/fr\/wp-json\/wp\/v2\/posts\/2188","targetHints":{"allow":["GET"]}}],"collection":[{"href":"https:\/\/bladnanews.com\/fr\/wp-json\/wp\/v2\/posts"}],"about":[{"href":"https:\/\/bladnanews.com\/fr\/wp-json\/wp\/v2\/types\/post"}],"author":[{"embeddable":true,"href":"https:\/\/bladnanews.com\/fr\/wp-json\/wp\/v2\/users\/3"}],"replies":[{"embeddable":true,"href":"https:\/\/bladnanews.com\/fr\/wp-json\/wp\/v2\/comments?post=2188"}],"version-history":[{"count":0,"href":"https:\/\/bladnanews.com\/fr\/wp-json\/wp\/v2\/posts\/2188\/revisions"}],"wp:featuredmedia":[{"embeddable":true,"href":"https:\/\/bladnanews.com\/fr\/wp-json\/wp\/v2\/media\/2186"}],"wp:attachment":[{"href":"https:\/\/bladnanews.com\/fr\/wp-json\/wp\/v2\/media?parent=2188"}],"wp:term":[{"taxonomy":"category","embeddable":true,"href":"https:\/\/bladnanews.com\/fr\/wp-json\/wp\/v2\/categories?post=2188"},{"taxonomy":"post_tag","embeddable":true,"href":"https:\/\/bladnanews.com\/fr\/wp-json\/wp\/v2\/tags?post=2188"}],"curies":[{"name":"wp","href":"https:\/\/api.w.org\/{rel}","templated":true}]}}