{"id":2272,"date":"2026-01-03T20:29:39","date_gmt":"2026-01-03T20:29:39","guid":{"rendered":"https:\/\/bladnanews.com\/man-city-made-to-wait-for-antoine-semenyo-transfer-update\/"},"modified":"2026-01-03T20:29:39","modified_gmt":"2026-01-03T20:29:39","slug":"manchester-city-doit-patienter-pour-une-mise-a-jour-sur-le-transfert-dantoine-semenyo","status":"publish","type":"post","link":"https:\/\/bladnanews.com\/fr\/manchester-city-doit-patienter-pour-une-mise-a-jour-sur-le-transfert-dantoine-semenyo\/","title":{"rendered":"Man City doit attendre une mise \u00e0 jour sur le transfert d'Antoine Semenyo"},"content":{"rendered":"<p>Il a \u00e9t\u00e9 indiqu\u00e9 \u00e0 Manchester City qu'elle devrait peut-\u00eatre faire preuve de patience dans sa poursuite de l'attaquant de Bournemouth Antoine Semenyo, le coach en chef des Cherries, Andoni Iraola, ayant fourni une mise \u00e0 jour claire sur le joueur de 24 ans dans un contexte de rumeurs de transfert croissantes.<\/p>\n<p>Semenyo devrait susciter un int\u00e9r\u00eat s\u00e9rieux cet \u00e9t\u00e9, avec une \u00e9tiquette de prix de 65 millions de livres sterling \u00e9voqu\u00e9e, alors que City continue d'\u00e9valuer ses options en attaque. L'international ghan\u00e9en a impressionn\u00e9 \u00e0 Bournemouth la saison derni\u00e8re et est devenu l'un des noms les plus discut\u00e9s au Vitality Stadium \u00e0 mesure que le mercato s'acc\u00e9l\u00e8re.<\/p>\n<p>\u00c9voquant la situation, Iraola a clairement indiqu\u00e9 que Bournemouth ne travaille pas selon le calendrier d'autrui et qu'aucune d\u00e9cision finale n'a encore \u00e9t\u00e9 prise \u00e0 partager. L'Espagnol a soulign\u00e9 que le club se concentre sur ses propres projets et qu'il n'y a rien d'imminent \u00e0 annoncer concernant l'avenir de Semenyo.<\/p>\n<p>Cette mise \u00e0 jour signifie que City pourrait devoir attendre avant de savoir si un accord est r\u00e9aliste, m\u00eame si les attentes d'un transfert \u00e0 gros budget continuent de cro\u00eetre. De leur c\u00f4t\u00e9, Bournemouth insiste sur le fait qu'elle contr\u00f4le le processus et n'agira qu'au moment opportun.<\/p>\n<p>Semenyo reste pour l'instant une figure cl\u00e9 de l'effectif d'Iraola, et les commentaires du manager soulignent qu'un \u00e9ventuel transfert ne sera pas pr\u00e9cipit\u00e9. Alors que la pr\u00e9-saison approche et que la campagne de Premier League se profile \u00e0 l'horizon, l'int\u00e9r\u00eat de City est \u00e0 surveiller \u2013 mais Bournemouth n'offre aucune r\u00e9solution rapide.<\/p>","protected":false},"excerpt":{"rendered":"<p>Manchester City have been told they may have to be patient in their pursuit of Bournemouth forward Antoine Semenyo, with [&hellip;]<\/p>\n","protected":false},"author":3,"featured_media":2271,"comment_status":"","ping_status":"open","sticky":false,"template":"","format":"standard","meta":{"googlesitekit_rrm_CAow_uzEDA:productID":"","site-sidebar-layout":"default","site-content-layout":"","ast-site-content-layout":"default","site-content-style":"default","site-sidebar-style":"default","ast-global-header-display":"","ast-banner-title-visibility":"","ast-main-header-display":"","ast-hfb-above-header-display":"","ast-hfb-below-header-display":"","ast-hfb-mobile-header-display":"","site-post-title":"","ast-breadcrumbs-content":"","ast-featured-img":"","footer-sml-layout":"","ast-disable-related-posts":"","theme-transparent-header-meta":"","adv-header-id-meta":"","stick-header-meta":"","header-above-stick-meta":"","header-main-stick-meta":"","header-below-stick-meta":"","astra-migrate-meta-layouts":"default","ast-page-background-enabled":"default","ast-page-background-meta":{"desktop":{"background-color":"var(--ast-global-color-5)","background-image":"","background-repeat":"repeat","background-position":"center center","background-size":"auto","background-attachment":"scroll","background-type":"","background-media":"","overlay-type":"","overlay-color":"","overlay-opacity":"","overlay-gradient":""},"tablet":{"background-color":"","background-image":"","background-repeat":"repeat","background-position":"center center","background-size":"auto","background-attachment":"scroll","background-type":"","background-media":"","overlay-type":"","overlay-color":"","overlay-opacity":"","overlay-gradient":""},"mobile":{"background-color":"","background-image":"","background-repeat":"repeat","background-position":"center center","background-size":"auto","background-attachment":"scroll","background-type":"","background-media":"","overlay-type":"","overlay-color":"","overlay-opacity":"","overlay-gradient":""}},"ast-content-background-meta":{"desktop":{"background-color":"var(--ast-global-color-4)","background-image":"","background-repeat":"repeat","background-position":"center center","background-size":"auto","background-attachment":"scroll","background-type":"","background-media":"","overlay-type":"","overlay-color":"","overlay-opacity":"","overlay-gradient":""},"tablet":{"background-color":"var(--ast-global-color-4)","background-image":"","background-repeat":"repeat","background-position":"center center","background-size":"auto","background-attachment":"scroll","background-type":"","background-media":"","overlay-type":"","overlay-color":"","overlay-opacity":"","overlay-gradient":""},"mobile":{"background-color":"var(--ast-global-color-4)","background-image":"","background-repeat":"repeat","background-position":"center center","background-size":"auto","background-attachment":"scroll","background-type":"","background-media":"","overlay-type":"","overlay-color":"","overlay-opacity":"","overlay-gradient":""}},"footnotes":""},"categories":[20,1],"tags":[],"class_list":["post-2272","post","type-post","status-publish","format-standard","has-post-thumbnail","hentry","category-international","category-football-latest-news"],"yoast_head":"<!-- This site is optimized with the Yoast SEO Premium plugin v26.6 (Yoast SEO v27.5) - https:\/\/yoast.com\/product\/yoast-seo-premium-wordpress\/ -->\n<title>Man City made to wait for Antoine Semenyo transfer update - Bladna News<\/title>\n<meta name=\"robots\" content=\"index, follow, max-snippet:-1, max-image-preview:large, max-video-preview:-1\" \/>\n<link rel=\"canonical\" href=\"https:\/\/bladnanews.com\/fr\/manchester-city-doit-patienter-pour-une-mise-a-jour-sur-le-transfert-dantoine-semenyo\/\" \/>\n<meta property=\"og:locale\" content=\"fr_FR\" \/>\n<meta property=\"og:type\" content=\"article\" \/>\n<meta property=\"og:title\" content=\"Man City made to wait for Antoine Semenyo transfer update\" \/>\n<meta property=\"og:description\" content=\"Manchester City have been told they may have to be patient in their pursuit of Bournemouth forward Antoine Semenyo, with [&hellip;]\" \/>\n<meta property=\"og:url\" content=\"https:\/\/bladnanews.com\/fr\/manchester-city-doit-patienter-pour-une-mise-a-jour-sur-le-transfert-dantoine-semenyo\/\" \/>\n<meta property=\"og:site_name\" content=\"Bladna News\" \/>\n<meta property=\"article:published_time\" content=\"2026-01-03T20:29:39+00:00\" \/>\n<meta property=\"og:image\" content=\"https:\/\/bladnanews.com\/wp-content\/uploads\/2026\/01\/BladnaNews-Man-City-made-to-wait-for-Antoine-Semenyo-transfer-update-2026-01-03T235047.663Z.jpg\" \/>\n\t<meta property=\"og:image:width\" content=\"1600\" \/>\n\t<meta property=\"og:image:height\" content=\"900\" \/>\n\t<meta property=\"og:image:type\" content=\"image\/jpeg\" \/>\n<meta name=\"author\" content=\"Bladna News Staff\" \/>\n<meta name=\"twitter:card\" content=\"summary_large_image\" \/>\n<meta name=\"twitter:label1\" content=\"\u00c9crit par\" \/>\n\t<meta name=\"twitter:data1\" content=\"Bladna News Staff\" \/>\n\t<meta name=\"twitter:label2\" content=\"Dur\u00e9e de lecture estim\u00e9e\" \/>\n\t<meta name=\"twitter:data2\" content=\"1 minute\" \/>\n<script type=\"application\/ld+json\" class=\"yoast-schema-graph\">{\"@context\":\"https:\\\/\\\/schema.org\",\"@graph\":[{\"@type\":\"Article\",\"@id\":\"https:\\\/\\\/bladnanews.com\\\/man-city-made-to-wait-for-antoine-semenyo-transfer-update\\\/#article\",\"isPartOf\":{\"@id\":\"https:\\\/\\\/bladnanews.com\\\/man-city-made-to-wait-for-antoine-semenyo-transfer-update\\\/\"},\"author\":{\"name\":\"Bladna News Staff\",\"@id\":\"https:\\\/\\\/mediumseagreen-eel-531711.hostingersite.com\\\/#\\\/schema\\\/person\\\/268e18a453ab080ebf76df6ef7845083\"},\"headline\":\"Man City made to wait for Antoine Semenyo transfer update\",\"datePublished\":\"2026-01-03T20:29:39+00:00\",\"mainEntityOfPage\":{\"@id\":\"https:\\\/\\\/bladnanews.com\\\/man-city-made-to-wait-for-antoine-semenyo-transfer-update\\\/\"},\"wordCount\":249,\"publisher\":{\"@id\":\"https:\\\/\\\/mediumseagreen-eel-531711.hostingersite.com\\\/#organization\"},\"image\":{\"@id\":\"https:\\\/\\\/bladnanews.com\\\/man-city-made-to-wait-for-antoine-semenyo-transfer-update\\\/#primaryimage\"},\"thumbnailUrl\":\"https:\\\/\\\/bladnanews.com\\\/wp-content\\\/uploads\\\/2026\\\/01\\\/BladnaNews-Man-City-made-to-wait-for-Antoine-Semenyo-transfer-update-2026-01-03T235047.663Z.jpg\",\"articleSection\":[\"International\",\"Latest News\"],\"inLanguage\":\"fr-FR\",\"copyrightYear\":\"2026\",\"copyrightHolder\":{\"@id\":\"https:\\\/\\\/bladnanews.com\\\/fr\\\/#organization\"}},{\"@type\":\"WebPage\",\"@id\":\"https:\\\/\\\/bladnanews.com\\\/man-city-made-to-wait-for-antoine-semenyo-transfer-update\\\/\",\"url\":\"https:\\\/\\\/bladnanews.com\\\/man-city-made-to-wait-for-antoine-semenyo-transfer-update\\\/\",\"name\":\"Man City made to wait for Antoine Semenyo transfer update - Bladna News\",\"isPartOf\":{\"@id\":\"https:\\\/\\\/mediumseagreen-eel-531711.hostingersite.com\\\/#website\"},\"primaryImageOfPage\":{\"@id\":\"https:\\\/\\\/bladnanews.com\\\/man-city-made-to-wait-for-antoine-semenyo-transfer-update\\\/#primaryimage\"},\"image\":{\"@id\":\"https:\\\/\\\/bladnanews.com\\\/man-city-made-to-wait-for-antoine-semenyo-transfer-update\\\/#primaryimage\"},\"thumbnailUrl\":\"https:\\\/\\\/bladnanews.com\\\/wp-content\\\/uploads\\\/2026\\\/01\\\/BladnaNews-Man-City-made-to-wait-for-Antoine-Semenyo-transfer-update-2026-01-03T235047.663Z.jpg\",\"datePublished\":\"2026-01-03T20:29:39+00:00\",\"breadcrumb\":{\"@id\":\"https:\\\/\\\/bladnanews.com\\\/man-city-made-to-wait-for-antoine-semenyo-transfer-update\\\/#breadcrumb\"},\"inLanguage\":\"fr-FR\",\"potentialAction\":[{\"@type\":\"ReadAction\",\"target\":[\"https:\\\/\\\/bladnanews.com\\\/man-city-made-to-wait-for-antoine-semenyo-transfer-update\\\/\"]}]},{\"@type\":\"ImageObject\",\"inLanguage\":\"fr-FR\",\"@id\":\"https:\\\/\\\/bladnanews.com\\\/man-city-made-to-wait-for-antoine-semenyo-transfer-update\\\/#primaryimage\",\"url\":\"https:\\\/\\\/bladnanews.com\\\/wp-content\\\/uploads\\\/2026\\\/01\\\/BladnaNews-Man-City-made-to-wait-for-Antoine-Semenyo-transfer-update-2026-01-03T235047.663Z.jpg\",\"contentUrl\":\"https:\\\/\\\/bladnanews.com\\\/wp-content\\\/uploads\\\/2026\\\/01\\\/BladnaNews-Man-City-made-to-wait-for-Antoine-Semenyo-transfer-update-2026-01-03T235047.663Z.jpg\",\"width\":1600,\"height\":900,\"caption\":\"Antoine Semenyo in AFC Bournemouth kit, with Manchester City's logo in the background, amid transfer speculation.\"},{\"@type\":\"BreadcrumbList\",\"@id\":\"https:\\\/\\\/bladnanews.com\\\/man-city-made-to-wait-for-antoine-semenyo-transfer-update\\\/#breadcrumb\",\"itemListElement\":[{\"@type\":\"ListItem\",\"position\":1,\"name\":\"Home\",\"item\":\"https:\\\/\\\/bladnanews.com\\\/\"},{\"@type\":\"ListItem\",\"position\":2,\"name\":\"Man City made to wait for Antoine Semenyo transfer update\"}]},{\"@type\":\"WebSite\",\"@id\":\"https:\\\/\\\/mediumseagreen-eel-531711.hostingersite.com\\\/#website\",\"url\":\"https:\\\/\\\/mediumseagreen-eel-531711.hostingersite.com\\\/\",\"name\":\"Bladna News - Morocco\",\"description\":\"Where Moroccan Football Meets the World\",\"publisher\":{\"@id\":\"https:\\\/\\\/mediumseagreen-eel-531711.hostingersite.com\\\/#organization\"},\"potentialAction\":[{\"@type\":\"SearchAction\",\"target\":{\"@type\":\"EntryPoint\",\"urlTemplate\":\"https:\\\/\\\/mediumseagreen-eel-531711.hostingersite.com\\\/?s={search_term_string}\"},\"query-input\":{\"@type\":\"PropertyValueSpecification\",\"valueRequired\":true,\"valueName\":\"search_term_string\"}}],\"inLanguage\":\"fr-FR\"},{\"@type\":\"Organization\",\"@id\":\"https:\\\/\\\/mediumseagreen-eel-531711.hostingersite.com\\\/#organization\",\"name\":\"Bladna News.com\",\"url\":\"https:\\\/\\\/mediumseagreen-eel-531711.hostingersite.com\\\/\",\"logo\":{\"@type\":\"ImageObject\",\"inLanguage\":\"fr-FR\",\"@id\":\"https:\\\/\\\/mediumseagreen-eel-531711.hostingersite.com\\\/#\\\/schema\\\/logo\\\/image\\\/\",\"url\":\"https:\\\/\\\/bladnanews.com\\\/wp-content\\\/uploads\\\/2025\\\/12\\\/logo-bladnanews-V2-web-black-red.png\",\"contentUrl\":\"https:\\\/\\\/bladnanews.com\\\/wp-content\\\/uploads\\\/2025\\\/12\\\/logo-bladnanews-V2-web-black-red.png\",\"width\":703,\"height\":287,\"caption\":\"Bladna News.com\"},\"image\":{\"@id\":\"https:\\\/\\\/mediumseagreen-eel-531711.hostingersite.com\\\/#\\\/schema\\\/logo\\\/image\\\/\"},\"email\":\"info@bladnanews.com\",\"legalName\":\"Bladna News\"},{\"@type\":\"Person\",\"@id\":\"https:\\\/\\\/mediumseagreen-eel-531711.hostingersite.com\\\/#\\\/schema\\\/person\\\/268e18a453ab080ebf76df6ef7845083\",\"name\":\"Bladna News Staff\",\"url\":\"https:\\\/\\\/bladnanews.com\\\/fr\\\/author\\\/bladna-news-staff\\\/\"}]}<\/script>\n<!-- \/ Yoast SEO Premium plugin. -->","yoast_head_json":{"title":"Man City contraint d'attendre une mise \u00e0 jour sur le transfert d'Antoine Semenyo - Bladna News","robots":{"index":"index","follow":"follow","max-snippet":"max-snippet:-1","max-image-preview":"max-image-preview:large","max-video-preview":"max-video-preview:-1"},"canonical":"https:\/\/bladnanews.com\/fr\/manchester-city-doit-patienter-pour-une-mise-a-jour-sur-le-transfert-dantoine-semenyo\/","og_locale":"fr_FR","og_type":"article","og_title":"Man City made to wait for Antoine Semenyo transfer update","og_description":"Manchester City have been told they may have to be patient in their pursuit of Bournemouth forward Antoine Semenyo, with [&hellip;]","og_url":"https:\/\/bladnanews.com\/fr\/manchester-city-doit-patienter-pour-une-mise-a-jour-sur-le-transfert-dantoine-semenyo\/","og_site_name":"Bladna News","article_published_time":"2026-01-03T20:29:39+00:00","og_image":[{"width":1600,"height":900,"url":"https:\/\/bladnanews.com\/wp-content\/uploads\/2026\/01\/BladnaNews-Man-City-made-to-wait-for-Antoine-Semenyo-transfer-update-2026-01-03T235047.663Z.jpg","type":"image\/jpeg"}],"author":"Bladna News Staff","twitter_card":"summary_large_image","twitter_misc":{"\u00c9crit par":"Bladna News Staff","Dur\u00e9e de lecture estim\u00e9e":"1 minute"},"schema":{"@context":"https:\/\/schema.org","@graph":[{"@type":"Article","@id":"https:\/\/bladnanews.com\/man-city-made-to-wait-for-antoine-semenyo-transfer-update\/#article","isPartOf":{"@id":"https:\/\/bladnanews.com\/man-city-made-to-wait-for-antoine-semenyo-transfer-update\/"},"author":{"name":"Bladna News Staff","@id":"https:\/\/mediumseagreen-eel-531711.hostingersite.com\/#\/schema\/person\/268e18a453ab080ebf76df6ef7845083"},"headline":"Man City made to wait for Antoine Semenyo transfer update","datePublished":"2026-01-03T20:29:39+00:00","mainEntityOfPage":{"@id":"https:\/\/bladnanews.com\/man-city-made-to-wait-for-antoine-semenyo-transfer-update\/"},"wordCount":249,"publisher":{"@id":"https:\/\/mediumseagreen-eel-531711.hostingersite.com\/#organization"},"image":{"@id":"https:\/\/bladnanews.com\/man-city-made-to-wait-for-antoine-semenyo-transfer-update\/#primaryimage"},"thumbnailUrl":"https:\/\/bladnanews.com\/wp-content\/uploads\/2026\/01\/BladnaNews-Man-City-made-to-wait-for-Antoine-Semenyo-transfer-update-2026-01-03T235047.663Z.jpg","articleSection":["International","Latest News"],"inLanguage":"fr-FR","copyrightYear":"2026","copyrightHolder":{"@id":"https:\/\/bladnanews.com\/fr\/#organization"}},{"@type":"WebPage","@id":"https:\/\/bladnanews.com\/man-city-made-to-wait-for-antoine-semenyo-transfer-update\/","url":"https:\/\/bladnanews.com\/man-city-made-to-wait-for-antoine-semenyo-transfer-update\/","name":"Man City contraint d'attendre une mise \u00e0 jour sur le transfert d'Antoine Semenyo - Bladna News","isPartOf":{"@id":"https:\/\/mediumseagreen-eel-531711.hostingersite.com\/#website"},"primaryImageOfPage":{"@id":"https:\/\/bladnanews.com\/man-city-made-to-wait-for-antoine-semenyo-transfer-update\/#primaryimage"},"image":{"@id":"https:\/\/bladnanews.com\/man-city-made-to-wait-for-antoine-semenyo-transfer-update\/#primaryimage"},"thumbnailUrl":"https:\/\/bladnanews.com\/wp-content\/uploads\/2026\/01\/BladnaNews-Man-City-made-to-wait-for-Antoine-Semenyo-transfer-update-2026-01-03T235047.663Z.jpg","datePublished":"2026-01-03T20:29:39+00:00","breadcrumb":{"@id":"https:\/\/bladnanews.com\/man-city-made-to-wait-for-antoine-semenyo-transfer-update\/#breadcrumb"},"inLanguage":"fr-FR","potentialAction":[{"@type":"ReadAction","target":["https:\/\/bladnanews.com\/man-city-made-to-wait-for-antoine-semenyo-transfer-update\/"]}]},{"@type":"ImageObject","inLanguage":"fr-FR","@id":"https:\/\/bladnanews.com\/man-city-made-to-wait-for-antoine-semenyo-transfer-update\/#primaryimage","url":"https:\/\/bladnanews.com\/wp-content\/uploads\/2026\/01\/BladnaNews-Man-City-made-to-wait-for-Antoine-Semenyo-transfer-update-2026-01-03T235047.663Z.jpg","contentUrl":"https:\/\/bladnanews.com\/wp-content\/uploads\/2026\/01\/BladnaNews-Man-City-made-to-wait-for-Antoine-Semenyo-transfer-update-2026-01-03T235047.663Z.jpg","width":1600,"height":900,"caption":"Antoine Semenyo in AFC Bournemouth kit, with Manchester City's logo in the background, amid transfer speculation."},{"@type":"BreadcrumbList","@id":"https:\/\/bladnanews.com\/man-city-made-to-wait-for-antoine-semenyo-transfer-update\/#breadcrumb","itemListElement":[{"@type":"ListItem","position":1,"name":"Home","item":"https:\/\/bladnanews.com\/"},{"@type":"ListItem","position":2,"name":"Man City made to wait for Antoine Semenyo transfer update"}]},{"@type":"WebSite","@id":"https:\/\/mediumseagreen-eel-531711.hostingersite.com\/#website","url":"https:\/\/mediumseagreen-eel-531711.hostingersite.com\/","name":"Bladna News - Maroc","description":"Quand le football marocain rencontre le monde","publisher":{"@id":"https:\/\/mediumseagreen-eel-531711.hostingersite.com\/#organization"},"potentialAction":[{"@type":"SearchAction","target":{"@type":"EntryPoint","urlTemplate":"https:\/\/mediumseagreen-eel-531711.hostingersite.com\/?s={search_term_string}"},"query-input":{"@type":"PropertyValueSpecification","valueRequired":true,"valueName":"search_term_string"}}],"inLanguage":"fr-FR"},{"@type":"Organization","@id":"https:\/\/mediumseagreen-eel-531711.hostingersite.com\/#organization","name":"Bladna News.com","url":"https:\/\/mediumseagreen-eel-531711.hostingersite.com\/","logo":{"@type":"ImageObject","inLanguage":"fr-FR","@id":"https:\/\/mediumseagreen-eel-531711.hostingersite.com\/#\/schema\/logo\/image\/","url":"https:\/\/bladnanews.com\/wp-content\/uploads\/2025\/12\/logo-bladnanews-V2-web-black-red.png","contentUrl":"https:\/\/bladnanews.com\/wp-content\/uploads\/2025\/12\/logo-bladnanews-V2-web-black-red.png","width":703,"height":287,"caption":"Bladna News.com"},"image":{"@id":"https:\/\/mediumseagreen-eel-531711.hostingersite.com\/#\/schema\/logo\/image\/"},"email":"info@bladnanews.com","legalName":"Bladna News"},{"@type":"Person","@id":"https:\/\/mediumseagreen-eel-531711.hostingersite.com\/#\/schema\/person\/268e18a453ab080ebf76df6ef7845083","name":"\u00c9quipe r\u00e9dactionnelle de Bladna News","url":"https:\/\/bladnanews.com\/fr\/author\/bladna-news-staff\/"}]}},"_links":{"self":[{"href":"https:\/\/bladnanews.com\/fr\/wp-json\/wp\/v2\/posts\/2272","targetHints":{"allow":["GET"]}}],"collection":[{"href":"https:\/\/bladnanews.com\/fr\/wp-json\/wp\/v2\/posts"}],"about":[{"href":"https:\/\/bladnanews.com\/fr\/wp-json\/wp\/v2\/types\/post"}],"author":[{"embeddable":true,"href":"https:\/\/bladnanews.com\/fr\/wp-json\/wp\/v2\/users\/3"}],"replies":[{"embeddable":true,"href":"https:\/\/bladnanews.com\/fr\/wp-json\/wp\/v2\/comments?post=2272"}],"version-history":[{"count":0,"href":"https:\/\/bladnanews.com\/fr\/wp-json\/wp\/v2\/posts\/2272\/revisions"}],"wp:featuredmedia":[{"embeddable":true,"href":"https:\/\/bladnanews.com\/fr\/wp-json\/wp\/v2\/media\/2271"}],"wp:attachment":[{"href":"https:\/\/bladnanews.com\/fr\/wp-json\/wp\/v2\/media?parent=2272"}],"wp:term":[{"taxonomy":"category","embeddable":true,"href":"https:\/\/bladnanews.com\/fr\/wp-json\/wp\/v2\/categories?post=2272"},{"taxonomy":"post_tag","embeddable":true,"href":"https:\/\/bladnanews.com\/fr\/wp-json\/wp\/v2\/tags?post=2272"}],"curies":[{"name":"wp","href":"https:\/\/api.w.org\/{rel}","templated":true}]}}