{"id":2391,"date":"2026-01-04T07:55:38","date_gmt":"2026-01-04T07:55:38","guid":{"rendered":"https:\/\/bladnanews.com\/al-majbri-reacts-strongly-after-tunisia-and-mali-drama\/"},"modified":"2026-01-04T07:55:38","modified_gmt":"2026-01-04T07:55:38","slug":"al-majbri-reagit-fortement-apres-le-drame-tunisie-et-mali","status":"publish","type":"post","link":"https:\/\/bladnanews.com\/fr\/al-majbri-reagit-fortement-apres-le-drame-tunisie-et-mali\/","title":{"rendered":"Al-Majbri r\u00e9agit fortement apr\u00e8s le drame de la Tunisie et du Mali"},"content":{"rendered":"<p>Hannibal Mejbri a r\u00e9agi fortement apr\u00e8s le choc dramatique de la Tunisie contre le Mali, alors que les \u00e9motions \u00e9taient vives apr\u00e8s le coup de sifflet final.<\/p>\n<p>Le joueur international tunisien n'a pas cach\u00e9 sa frustration, s'exprimant en des termes directs sur ce qui s'est pass\u00e9 dans le match et la pression entourant l'\u00e9quipe nationale.<\/p>\n<p>Les commentaires de Mejbri sont intervenus apr\u00e8s que le match est devenu une affaire tendue, avec des moments cl\u00e9s suscitant des d\u00e9bats et laissant les deux \u00e9quipes se disputer des d\u00e9cisions et des incidents sur le terrain.<\/p>\n<p>Dans ses remarques d'apr\u00e8s-match, le milieu de terrain a clairement indiqu\u00e9 qu'il estimait que la Tunisie avait \u00e9t\u00e9 l\u00e9s\u00e9e pendant le concours, soulignant que l'\u00e9quipe m\u00e9ritait un meilleur r\u00e9sultat apr\u00e8s ses efforts.<\/p>\n<p>Il a \u00e9galement soulign\u00e9 ce qu'il a d\u00e9crit comme des probl\u00e8mes r\u00e9p\u00e9t\u00e9s dans de tels matchs, disant que la situation devenait difficile \u00e0 accepter et que les joueurs en payaient le prix dans des moments d\u00e9cisifs.<\/p>\n<p>La r\u00e9ponse de Mejbri a rapidement attir\u00e9 l'attention des fans, surtout avec l'intensit\u00e9 de la confrontation Tunisie-Mali et le drame qui l'entourait.<\/p>\n<p>La r\u00e9action a soulign\u00e9 la tension qui suit souvent les internationaux \u00e0 enjeux \u00e9lev\u00e9s, la Tunisie faisant maintenant face \u00e0 des questions sur les cons\u00e9quences du match et ce qui vient ensuite.<\/p>","protected":false},"excerpt":{"rendered":"<p>Hannibal Mejbri delivered a strong reaction after Tunisia\u2019s dramatic clash with Mali, as emotions ran high following the final whistle. [&hellip;]<\/p>\n","protected":false},"author":4,"featured_media":2390,"comment_status":"","ping_status":"open","sticky":false,"template":"","format":"standard","meta":{"googlesitekit_rrm_CAow_uzEDA:productID":"","site-sidebar-layout":"default","site-content-layout":"","ast-site-content-layout":"default","site-content-style":"default","site-sidebar-style":"default","ast-global-header-display":"","ast-banner-title-visibility":"","ast-main-header-display":"","ast-hfb-above-header-display":"","ast-hfb-below-header-display":"","ast-hfb-mobile-header-display":"","site-post-title":"","ast-breadcrumbs-content":"","ast-featured-img":"","footer-sml-layout":"","ast-disable-related-posts":"","theme-transparent-header-meta":"","adv-header-id-meta":"","stick-header-meta":"","header-above-stick-meta":"","header-main-stick-meta":"","header-below-stick-meta":"","astra-migrate-meta-layouts":"default","ast-page-background-enabled":"default","ast-page-background-meta":{"desktop":{"background-color":"var(--ast-global-color-5)","background-image":"","background-repeat":"repeat","background-position":"center center","background-size":"auto","background-attachment":"scroll","background-type":"","background-media":"","overlay-type":"","overlay-color":"","overlay-opacity":"","overlay-gradient":""},"tablet":{"background-color":"","background-image":"","background-repeat":"repeat","background-position":"center center","background-size":"auto","background-attachment":"scroll","background-type":"","background-media":"","overlay-type":"","overlay-color":"","overlay-opacity":"","overlay-gradient":""},"mobile":{"background-color":"","background-image":"","background-repeat":"repeat","background-position":"center center","background-size":"auto","background-attachment":"scroll","background-type":"","background-media":"","overlay-type":"","overlay-color":"","overlay-opacity":"","overlay-gradient":""}},"ast-content-background-meta":{"desktop":{"background-color":"var(--ast-global-color-4)","background-image":"","background-repeat":"repeat","background-position":"center center","background-size":"auto","background-attachment":"scroll","background-type":"","background-media":"","overlay-type":"","overlay-color":"","overlay-opacity":"","overlay-gradient":""},"tablet":{"background-color":"var(--ast-global-color-4)","background-image":"","background-repeat":"repeat","background-position":"center center","background-size":"auto","background-attachment":"scroll","background-type":"","background-media":"","overlay-type":"","overlay-color":"","overlay-opacity":"","overlay-gradient":""},"mobile":{"background-color":"var(--ast-global-color-4)","background-image":"","background-repeat":"repeat","background-position":"center center","background-size":"auto","background-attachment":"scroll","background-type":"","background-media":"","overlay-type":"","overlay-color":"","overlay-opacity":"","overlay-gradient":""}},"footnotes":""},"categories":[1,168],"tags":[],"class_list":["post-2391","post","type-post","status-publish","format-standard","has-post-thumbnail","hentry","category-football-latest-news","category-morocco-national-team"],"yoast_head":"<!-- This site is optimized with the Yoast SEO Premium plugin v26.6 (Yoast SEO v27.5) - https:\/\/yoast.com\/product\/yoast-seo-premium-wordpress\/ -->\n<title>Al-Majbri reacts strongly after Tunisia and Mali drama - Bladna News<\/title>\n<meta name=\"robots\" content=\"index, follow, max-snippet:-1, max-image-preview:large, max-video-preview:-1\" \/>\n<link rel=\"canonical\" href=\"https:\/\/bladnanews.com\/fr\/al-majbri-reagit-fortement-apres-le-drame-tunisie-et-mali\/\" \/>\n<meta property=\"og:locale\" content=\"fr_FR\" \/>\n<meta property=\"og:type\" content=\"article\" \/>\n<meta property=\"og:title\" content=\"Al-Majbri reacts strongly after Tunisia and Mali drama\" \/>\n<meta property=\"og:description\" content=\"Hannibal Mejbri delivered a strong reaction after Tunisia\u2019s dramatic clash with Mali, as emotions ran high following the final whistle. [&hellip;]\" \/>\n<meta property=\"og:url\" content=\"https:\/\/bladnanews.com\/fr\/al-majbri-reagit-fortement-apres-le-drame-tunisie-et-mali\/\" \/>\n<meta property=\"og:site_name\" content=\"Bladna News\" \/>\n<meta property=\"article:published_time\" content=\"2026-01-04T07:55:38+00:00\" \/>\n<meta property=\"og:image\" content=\"https:\/\/bladnanews.com\/wp-content\/uploads\/2026\/01\/GettyImages-2253917700.jpg.jpg\" \/>\n\t<meta property=\"og:image:width\" content=\"2560\" \/>\n\t<meta property=\"og:image:height\" content=\"1440\" \/>\n\t<meta property=\"og:image:type\" content=\"image\/jpeg\" \/>\n<meta name=\"author\" content=\"Bladna Sports Desk\" \/>\n<meta name=\"twitter:card\" content=\"summary_large_image\" \/>\n<meta name=\"twitter:label1\" content=\"\u00c9crit par\" \/>\n\t<meta name=\"twitter:data1\" content=\"Bladna Sports Desk\" \/>\n\t<meta name=\"twitter:label2\" content=\"Dur\u00e9e de lecture estim\u00e9e\" \/>\n\t<meta name=\"twitter:data2\" content=\"1 minute\" \/>\n<script type=\"application\/ld+json\" class=\"yoast-schema-graph\">{\"@context\":\"https:\\\/\\\/schema.org\",\"@graph\":[{\"@type\":\"Article\",\"@id\":\"https:\\\/\\\/bladnanews.com\\\/al-majbri-reacts-strongly-after-tunisia-and-mali-drama\\\/#article\",\"isPartOf\":{\"@id\":\"https:\\\/\\\/bladnanews.com\\\/al-majbri-reacts-strongly-after-tunisia-and-mali-drama\\\/\"},\"author\":{\"name\":\"Bladna Sports Desk\",\"@id\":\"https:\\\/\\\/mediumseagreen-eel-531711.hostingersite.com\\\/#\\\/schema\\\/person\\\/6712b38fabe810f7eb8d15ed30d90f1e\"},\"headline\":\"Al-Majbri reacts strongly after Tunisia and Mali drama\",\"datePublished\":\"2026-01-04T07:55:38+00:00\",\"mainEntityOfPage\":{\"@id\":\"https:\\\/\\\/bladnanews.com\\\/al-majbri-reacts-strongly-after-tunisia-and-mali-drama\\\/\"},\"wordCount\":192,\"publisher\":{\"@id\":\"https:\\\/\\\/mediumseagreen-eel-531711.hostingersite.com\\\/#organization\"},\"image\":{\"@id\":\"https:\\\/\\\/bladnanews.com\\\/al-majbri-reacts-strongly-after-tunisia-and-mali-drama\\\/#primaryimage\"},\"thumbnailUrl\":\"https:\\\/\\\/bladnanews.com\\\/wp-content\\\/uploads\\\/2026\\\/01\\\/GettyImages-2253917700.jpg.jpg\",\"articleSection\":[\"Latest News\",\"Morocco National Team\"],\"inLanguage\":\"fr-FR\",\"copyrightYear\":\"2026\",\"copyrightHolder\":{\"@id\":\"https:\\\/\\\/bladnanews.com\\\/fr\\\/#organization\"}},{\"@type\":\"WebPage\",\"@id\":\"https:\\\/\\\/bladnanews.com\\\/al-majbri-reacts-strongly-after-tunisia-and-mali-drama\\\/\",\"url\":\"https:\\\/\\\/bladnanews.com\\\/al-majbri-reacts-strongly-after-tunisia-and-mali-drama\\\/\",\"name\":\"Al-Majbri reacts strongly after Tunisia and Mali drama - Bladna News\",\"isPartOf\":{\"@id\":\"https:\\\/\\\/mediumseagreen-eel-531711.hostingersite.com\\\/#website\"},\"primaryImageOfPage\":{\"@id\":\"https:\\\/\\\/bladnanews.com\\\/al-majbri-reacts-strongly-after-tunisia-and-mali-drama\\\/#primaryimage\"},\"image\":{\"@id\":\"https:\\\/\\\/bladnanews.com\\\/al-majbri-reacts-strongly-after-tunisia-and-mali-drama\\\/#primaryimage\"},\"thumbnailUrl\":\"https:\\\/\\\/bladnanews.com\\\/wp-content\\\/uploads\\\/2026\\\/01\\\/GettyImages-2253917700.jpg.jpg\",\"datePublished\":\"2026-01-04T07:55:38+00:00\",\"breadcrumb\":{\"@id\":\"https:\\\/\\\/bladnanews.com\\\/al-majbri-reacts-strongly-after-tunisia-and-mali-drama\\\/#breadcrumb\"},\"inLanguage\":\"fr-FR\",\"potentialAction\":[{\"@type\":\"ReadAction\",\"target\":[\"https:\\\/\\\/bladnanews.com\\\/al-majbri-reacts-strongly-after-tunisia-and-mali-drama\\\/\"]}]},{\"@type\":\"ImageObject\",\"inLanguage\":\"fr-FR\",\"@id\":\"https:\\\/\\\/bladnanews.com\\\/al-majbri-reacts-strongly-after-tunisia-and-mali-drama\\\/#primaryimage\",\"url\":\"https:\\\/\\\/bladnanews.com\\\/wp-content\\\/uploads\\\/2026\\\/01\\\/GettyImages-2253917700.jpg.jpg\",\"contentUrl\":\"https:\\\/\\\/bladnanews.com\\\/wp-content\\\/uploads\\\/2026\\\/01\\\/GettyImages-2253917700.jpg.jpg\",\"width\":2560,\"height\":1440,\"caption\":\"Tunisia's player, wearing a white kit with red accents and the number 10, gestures actively during a match, with fans in the background.\"},{\"@type\":\"BreadcrumbList\",\"@id\":\"https:\\\/\\\/bladnanews.com\\\/al-majbri-reacts-strongly-after-tunisia-and-mali-drama\\\/#breadcrumb\",\"itemListElement\":[{\"@type\":\"ListItem\",\"position\":1,\"name\":\"Home\",\"item\":\"https:\\\/\\\/bladnanews.com\\\/\"},{\"@type\":\"ListItem\",\"position\":2,\"name\":\"Al-Majbri reacts strongly after Tunisia and Mali drama\"}]},{\"@type\":\"WebSite\",\"@id\":\"https:\\\/\\\/mediumseagreen-eel-531711.hostingersite.com\\\/#website\",\"url\":\"https:\\\/\\\/mediumseagreen-eel-531711.hostingersite.com\\\/\",\"name\":\"Bladna News - Morocco\",\"description\":\"Where Moroccan Football Meets the World\",\"publisher\":{\"@id\":\"https:\\\/\\\/mediumseagreen-eel-531711.hostingersite.com\\\/#organization\"},\"potentialAction\":[{\"@type\":\"SearchAction\",\"target\":{\"@type\":\"EntryPoint\",\"urlTemplate\":\"https:\\\/\\\/mediumseagreen-eel-531711.hostingersite.com\\\/?s={search_term_string}\"},\"query-input\":{\"@type\":\"PropertyValueSpecification\",\"valueRequired\":true,\"valueName\":\"search_term_string\"}}],\"inLanguage\":\"fr-FR\"},{\"@type\":\"Organization\",\"@id\":\"https:\\\/\\\/mediumseagreen-eel-531711.hostingersite.com\\\/#organization\",\"name\":\"Bladna News.com\",\"url\":\"https:\\\/\\\/mediumseagreen-eel-531711.hostingersite.com\\\/\",\"logo\":{\"@type\":\"ImageObject\",\"inLanguage\":\"fr-FR\",\"@id\":\"https:\\\/\\\/mediumseagreen-eel-531711.hostingersite.com\\\/#\\\/schema\\\/logo\\\/image\\\/\",\"url\":\"https:\\\/\\\/bladnanews.com\\\/wp-content\\\/uploads\\\/2025\\\/12\\\/logo-bladnanews-V2-web-black-red.png\",\"contentUrl\":\"https:\\\/\\\/bladnanews.com\\\/wp-content\\\/uploads\\\/2025\\\/12\\\/logo-bladnanews-V2-web-black-red.png\",\"width\":703,\"height\":287,\"caption\":\"Bladna News.com\"},\"image\":{\"@id\":\"https:\\\/\\\/mediumseagreen-eel-531711.hostingersite.com\\\/#\\\/schema\\\/logo\\\/image\\\/\"},\"email\":\"info@bladnanews.com\",\"legalName\":\"Bladna News\"},{\"@type\":\"Person\",\"@id\":\"https:\\\/\\\/mediumseagreen-eel-531711.hostingersite.com\\\/#\\\/schema\\\/person\\\/6712b38fabe810f7eb8d15ed30d90f1e\",\"name\":\"Bladna Sports Desk\",\"url\":\"https:\\\/\\\/bladnanews.com\\\/fr\\\/author\\\/bladna-sports-desk\\\/\"}]}<\/script>\n<!-- \/ Yoast SEO Premium plugin. -->","yoast_head_json":{"title":"Al-Majbri r\u00e9agit fortement apr\u00e8s le drame de la Tunisie et du Mali - Bladna News","robots":{"index":"index","follow":"follow","max-snippet":"max-snippet:-1","max-image-preview":"max-image-preview:large","max-video-preview":"max-video-preview:-1"},"canonical":"https:\/\/bladnanews.com\/fr\/al-majbri-reagit-fortement-apres-le-drame-tunisie-et-mali\/","og_locale":"fr_FR","og_type":"article","og_title":"Al-Majbri reacts strongly after Tunisia and Mali drama","og_description":"Hannibal Mejbri delivered a strong reaction after Tunisia\u2019s dramatic clash with Mali, as emotions ran high following the final whistle. [&hellip;]","og_url":"https:\/\/bladnanews.com\/fr\/al-majbri-reagit-fortement-apres-le-drame-tunisie-et-mali\/","og_site_name":"Bladna News","article_published_time":"2026-01-04T07:55:38+00:00","og_image":[{"width":2560,"height":1440,"url":"https:\/\/bladnanews.com\/wp-content\/uploads\/2026\/01\/GettyImages-2253917700.jpg.jpg","type":"image\/jpeg"}],"author":"Bladna Sports Desk","twitter_card":"summary_large_image","twitter_misc":{"\u00c9crit par":"Bladna Sports Desk","Dur\u00e9e de lecture estim\u00e9e":"1 minute"},"schema":{"@context":"https:\/\/schema.org","@graph":[{"@type":"Article","@id":"https:\/\/bladnanews.com\/al-majbri-reacts-strongly-after-tunisia-and-mali-drama\/#article","isPartOf":{"@id":"https:\/\/bladnanews.com\/al-majbri-reacts-strongly-after-tunisia-and-mali-drama\/"},"author":{"name":"Bladna Sports Desk","@id":"https:\/\/mediumseagreen-eel-531711.hostingersite.com\/#\/schema\/person\/6712b38fabe810f7eb8d15ed30d90f1e"},"headline":"Al-Majbri reacts strongly after Tunisia and Mali drama","datePublished":"2026-01-04T07:55:38+00:00","mainEntityOfPage":{"@id":"https:\/\/bladnanews.com\/al-majbri-reacts-strongly-after-tunisia-and-mali-drama\/"},"wordCount":192,"publisher":{"@id":"https:\/\/mediumseagreen-eel-531711.hostingersite.com\/#organization"},"image":{"@id":"https:\/\/bladnanews.com\/al-majbri-reacts-strongly-after-tunisia-and-mali-drama\/#primaryimage"},"thumbnailUrl":"https:\/\/bladnanews.com\/wp-content\/uploads\/2026\/01\/GettyImages-2253917700.jpg.jpg","articleSection":["Latest News","Morocco National Team"],"inLanguage":"fr-FR","copyrightYear":"2026","copyrightHolder":{"@id":"https:\/\/bladnanews.com\/fr\/#organization"}},{"@type":"WebPage","@id":"https:\/\/bladnanews.com\/al-majbri-reacts-strongly-after-tunisia-and-mali-drama\/","url":"https:\/\/bladnanews.com\/al-majbri-reacts-strongly-after-tunisia-and-mali-drama\/","name":"Al-Majbri r\u00e9agit fortement apr\u00e8s le drame de la Tunisie et du Mali - Bladna News","isPartOf":{"@id":"https:\/\/mediumseagreen-eel-531711.hostingersite.com\/#website"},"primaryImageOfPage":{"@id":"https:\/\/bladnanews.com\/al-majbri-reacts-strongly-after-tunisia-and-mali-drama\/#primaryimage"},"image":{"@id":"https:\/\/bladnanews.com\/al-majbri-reacts-strongly-after-tunisia-and-mali-drama\/#primaryimage"},"thumbnailUrl":"https:\/\/bladnanews.com\/wp-content\/uploads\/2026\/01\/GettyImages-2253917700.jpg.jpg","datePublished":"2026-01-04T07:55:38+00:00","breadcrumb":{"@id":"https:\/\/bladnanews.com\/al-majbri-reacts-strongly-after-tunisia-and-mali-drama\/#breadcrumb"},"inLanguage":"fr-FR","potentialAction":[{"@type":"ReadAction","target":["https:\/\/bladnanews.com\/al-majbri-reacts-strongly-after-tunisia-and-mali-drama\/"]}]},{"@type":"ImageObject","inLanguage":"fr-FR","@id":"https:\/\/bladnanews.com\/al-majbri-reacts-strongly-after-tunisia-and-mali-drama\/#primaryimage","url":"https:\/\/bladnanews.com\/wp-content\/uploads\/2026\/01\/GettyImages-2253917700.jpg.jpg","contentUrl":"https:\/\/bladnanews.com\/wp-content\/uploads\/2026\/01\/GettyImages-2253917700.jpg.jpg","width":2560,"height":1440,"caption":"Tunisia's player, wearing a white kit with red accents and the number 10, gestures actively during a match, with fans in the background."},{"@type":"BreadcrumbList","@id":"https:\/\/bladnanews.com\/al-majbri-reacts-strongly-after-tunisia-and-mali-drama\/#breadcrumb","itemListElement":[{"@type":"ListItem","position":1,"name":"Home","item":"https:\/\/bladnanews.com\/"},{"@type":"ListItem","position":2,"name":"Al-Majbri reacts strongly after Tunisia and Mali drama"}]},{"@type":"WebSite","@id":"https:\/\/mediumseagreen-eel-531711.hostingersite.com\/#website","url":"https:\/\/mediumseagreen-eel-531711.hostingersite.com\/","name":"Bladna News - Maroc","description":"Quand le football marocain rencontre le monde","publisher":{"@id":"https:\/\/mediumseagreen-eel-531711.hostingersite.com\/#organization"},"potentialAction":[{"@type":"SearchAction","target":{"@type":"EntryPoint","urlTemplate":"https:\/\/mediumseagreen-eel-531711.hostingersite.com\/?s={search_term_string}"},"query-input":{"@type":"PropertyValueSpecification","valueRequired":true,"valueName":"search_term_string"}}],"inLanguage":"fr-FR"},{"@type":"Organization","@id":"https:\/\/mediumseagreen-eel-531711.hostingersite.com\/#organization","name":"Bladna News.com","url":"https:\/\/mediumseagreen-eel-531711.hostingersite.com\/","logo":{"@type":"ImageObject","inLanguage":"fr-FR","@id":"https:\/\/mediumseagreen-eel-531711.hostingersite.com\/#\/schema\/logo\/image\/","url":"https:\/\/bladnanews.com\/wp-content\/uploads\/2025\/12\/logo-bladnanews-V2-web-black-red.png","contentUrl":"https:\/\/bladnanews.com\/wp-content\/uploads\/2025\/12\/logo-bladnanews-V2-web-black-red.png","width":703,"height":287,"caption":"Bladna News.com"},"image":{"@id":"https:\/\/mediumseagreen-eel-531711.hostingersite.com\/#\/schema\/logo\/image\/"},"email":"info@bladnanews.com","legalName":"Bladna News"},{"@type":"Person","@id":"https:\/\/mediumseagreen-eel-531711.hostingersite.com\/#\/schema\/person\/6712b38fabe810f7eb8d15ed30d90f1e","name":"Bladna Sports Desk","url":"https:\/\/bladnanews.com\/fr\/author\/bladna-sports-desk\/"}]}},"_links":{"self":[{"href":"https:\/\/bladnanews.com\/fr\/wp-json\/wp\/v2\/posts\/2391","targetHints":{"allow":["GET"]}}],"collection":[{"href":"https:\/\/bladnanews.com\/fr\/wp-json\/wp\/v2\/posts"}],"about":[{"href":"https:\/\/bladnanews.com\/fr\/wp-json\/wp\/v2\/types\/post"}],"author":[{"embeddable":true,"href":"https:\/\/bladnanews.com\/fr\/wp-json\/wp\/v2\/users\/4"}],"replies":[{"embeddable":true,"href":"https:\/\/bladnanews.com\/fr\/wp-json\/wp\/v2\/comments?post=2391"}],"version-history":[{"count":0,"href":"https:\/\/bladnanews.com\/fr\/wp-json\/wp\/v2\/posts\/2391\/revisions"}],"wp:featuredmedia":[{"embeddable":true,"href":"https:\/\/bladnanews.com\/fr\/wp-json\/wp\/v2\/media\/2390"}],"wp:attachment":[{"href":"https:\/\/bladnanews.com\/fr\/wp-json\/wp\/v2\/media?parent=2391"}],"wp:term":[{"taxonomy":"category","embeddable":true,"href":"https:\/\/bladnanews.com\/fr\/wp-json\/wp\/v2\/categories?post=2391"},{"taxonomy":"post_tag","embeddable":true,"href":"https:\/\/bladnanews.com\/fr\/wp-json\/wp\/v2\/tags?post=2391"}],"curies":[{"name":"wp","href":"https:\/\/api.w.org\/{rel}","templated":true}]}}