{"id":2393,"date":"2026-01-04T08:10:53","date_gmt":"2026-01-04T08:10:53","guid":{"rendered":"https:\/\/bladnanews.com\/historic-twist-unites-tunisia-and-morocco-in-africa-cup-of-nations\/"},"modified":"2026-01-04T08:10:53","modified_gmt":"2026-01-04T08:10:53","slug":"un-rebondissement-historique-unit-la-tunisie-et-le-maroc-en-coupe-dafrique-des-nations","status":"publish","type":"post","link":"https:\/\/bladnanews.com\/fr\/un-rebondissement-historique-unit-la-tunisie-et-le-maroc-en-coupe-dafrique-des-nations\/","title":{"rendered":"Un tournant historique unit la Tunisie et le Maroc lors de la Coupe d'Afrique des Nations"},"content":{"rendered":"<p>Un rebondissement historique a r\u00e9uni <strong>la Tunisie<\/strong> et <strong>Maroc<\/strong> \u00e0 nouveau au <strong>Coupe d'Afrique des Nations<\/strong>, dans un sc\u00e9nario \u00e9trangement familier des \u00e9ditions pr\u00e9c\u00e9dentes de la comp\u00e9tition.<\/p>\n<p>Le tirage au sort a plac\u00e9 les deux rivaux nord-africains sur la m\u00eame trajectoire, ravivant une rivalit\u00e9 qui a souvent d\u00e9pass\u00e9 le cadre du terrain. Cette rencontre a imm\u00e9diatement attir\u00e9 l'attention, au vu de ce que l'histoire montre chaque fois que les deux \u00e9quipes se croisent dans le contexte de la CAN.<\/p>\n<p>Il a \u00e9t\u00e9 r\u00e9v\u00e9l\u00e9 que ce n'est pas la premi\u00e8re fois que la Tunisie et le Maroc sont li\u00e9s par une co\u00efncidence inhabituelle \u00e0 la CAN, la comp\u00e9tition reproduisant \u00e0 nouveau un sch\u00e9ma r\u00e9p\u00e9t\u00e9 qui relie leurs parcours d'une mani\u00e8re que les supporters reconna\u00eetront.<\/p>\n<p>Le lien remonte \u00e0 des \u00e9ditions ant\u00e9rieures o\u00f9 leurs routes se sont crois\u00e9es \u00e0 des moments cl\u00e9s, cr\u00e9ant une trame narrative trop frappante pour \u00eatre ignor\u00e9e. Aujourd'hui, le m\u00eame type de rebondissement est de retour, pla\u00e7ant les deux \u00e9quipes sous les projecteurs avant m\u00eame le coup d'envoi.<\/p>\n<p>Pour la Tunisie, le tirage ajoute un adversaire familier au tableau et rappelle des campagnes pass\u00e9es o\u00f9 de petits d\u00e9tails ont fa\u00e7onn\u00e9 des r\u00e9sultats majeurs. Le Maroc, quant \u00e0 lui, fait face \u00e0 la m\u00eame r\u00e9alit\u00e9 : un rival qu'il conna\u00eet bien, et un tournoi qui a l'habitude d'\u00e9crire des chapitres inattendus lorsque les deux \u00e9quipes sont impliqu\u00e9es.<\/p>\n<p>Alors que les pr\u00e9paratifs de la CAN se poursuivent, ce lien renouvel\u00e9 entre la Tunisie et le Maroc ajoute une tension pr\u00e9coce \u00e0 la comp\u00e9tition, l'histoire pr\u00e9parant une fois de plus la sc\u00e8ne pour une rivalit\u00e9 qui rarement passe inaper\u00e7ue.<\/p>","protected":false},"excerpt":{"rendered":"<p>A historic twist has brought Tunisia and Morocco together again at the Africa Cup of Nations, in a scenario that [&hellip;]<\/p>\n","protected":false},"author":4,"featured_media":2392,"comment_status":"","ping_status":"open","sticky":false,"template":"","format":"standard","meta":{"googlesitekit_rrm_CAow_uzEDA:productID":"","site-sidebar-layout":"default","site-content-layout":"","ast-site-content-layout":"default","site-content-style":"default","site-sidebar-style":"default","ast-global-header-display":"","ast-banner-title-visibility":"","ast-main-header-display":"","ast-hfb-above-header-display":"","ast-hfb-below-header-display":"","ast-hfb-mobile-header-display":"","site-post-title":"","ast-breadcrumbs-content":"","ast-featured-img":"","footer-sml-layout":"","ast-disable-related-posts":"","theme-transparent-header-meta":"","adv-header-id-meta":"","stick-header-meta":"","header-above-stick-meta":"","header-main-stick-meta":"","header-below-stick-meta":"","astra-migrate-meta-layouts":"default","ast-page-background-enabled":"default","ast-page-background-meta":{"desktop":{"background-color":"var(--ast-global-color-5)","background-image":"","background-repeat":"repeat","background-position":"center center","background-size":"auto","background-attachment":"scroll","background-type":"","background-media":"","overlay-type":"","overlay-color":"","overlay-opacity":"","overlay-gradient":""},"tablet":{"background-color":"","background-image":"","background-repeat":"repeat","background-position":"center center","background-size":"auto","background-attachment":"scroll","background-type":"","background-media":"","overlay-type":"","overlay-color":"","overlay-opacity":"","overlay-gradient":""},"mobile":{"background-color":"","background-image":"","background-repeat":"repeat","background-position":"center center","background-size":"auto","background-attachment":"scroll","background-type":"","background-media":"","overlay-type":"","overlay-color":"","overlay-opacity":"","overlay-gradient":""}},"ast-content-background-meta":{"desktop":{"background-color":"var(--ast-global-color-4)","background-image":"","background-repeat":"repeat","background-position":"center center","background-size":"auto","background-attachment":"scroll","background-type":"","background-media":"","overlay-type":"","overlay-color":"","overlay-opacity":"","overlay-gradient":""},"tablet":{"background-color":"var(--ast-global-color-4)","background-image":"","background-repeat":"repeat","background-position":"center center","background-size":"auto","background-attachment":"scroll","background-type":"","background-media":"","overlay-type":"","overlay-color":"","overlay-opacity":"","overlay-gradient":""},"mobile":{"background-color":"var(--ast-global-color-4)","background-image":"","background-repeat":"repeat","background-position":"center center","background-size":"auto","background-attachment":"scroll","background-type":"","background-media":"","overlay-type":"","overlay-color":"","overlay-opacity":"","overlay-gradient":""}},"footnotes":""},"categories":[1,168],"tags":[],"class_list":["post-2393","post","type-post","status-publish","format-standard","has-post-thumbnail","hentry","category-football-latest-news","category-morocco-national-team"],"yoast_head":"<!-- This site is optimized with the Yoast SEO Premium plugin v26.6 (Yoast SEO v27.5) - https:\/\/yoast.com\/product\/yoast-seo-premium-wordpress\/ -->\n<title>Historic twist unites Tunisia and Morocco in Africa Cup of Nations - Bladna News<\/title>\n<meta name=\"robots\" content=\"index, follow, max-snippet:-1, max-image-preview:large, max-video-preview:-1\" \/>\n<link rel=\"canonical\" href=\"https:\/\/bladnanews.com\/fr\/un-rebondissement-historique-unit-la-tunisie-et-le-maroc-en-coupe-dafrique-des-nations\/\" \/>\n<meta property=\"og:locale\" content=\"fr_FR\" \/>\n<meta property=\"og:type\" content=\"article\" \/>\n<meta property=\"og:title\" content=\"Historic twist unites Tunisia and Morocco in Africa Cup of Nations\" \/>\n<meta property=\"og:description\" content=\"A historic twist has brought Tunisia and Morocco together again at the Africa Cup of Nations, in a scenario that [&hellip;]\" \/>\n<meta property=\"og:url\" content=\"https:\/\/bladnanews.com\/fr\/un-rebondissement-historique-unit-la-tunisie-et-le-maroc-en-coupe-dafrique-des-nations\/\" \/>\n<meta property=\"og:site_name\" content=\"Bladna News\" \/>\n<meta property=\"article:published_time\" content=\"2026-01-04T08:10:53+00:00\" \/>\n<meta property=\"og:image\" content=\"https:\/\/bladnanews.com\/wp-content\/uploads\/2026\/01\/GettyImages-2253917922.jpg-1.jpg\" \/>\n\t<meta property=\"og:image:width\" content=\"2560\" \/>\n\t<meta property=\"og:image:height\" content=\"1440\" \/>\n\t<meta property=\"og:image:type\" content=\"image\/jpeg\" \/>\n<meta name=\"author\" content=\"Bladna Sports Desk\" \/>\n<meta name=\"twitter:card\" content=\"summary_large_image\" \/>\n<meta name=\"twitter:label1\" content=\"\u00c9crit par\" \/>\n\t<meta name=\"twitter:data1\" content=\"Bladna Sports Desk\" \/>\n\t<meta name=\"twitter:label2\" content=\"Dur\u00e9e de lecture estim\u00e9e\" \/>\n\t<meta name=\"twitter:data2\" content=\"1 minute\" \/>\n<script type=\"application\/ld+json\" class=\"yoast-schema-graph\">{\"@context\":\"https:\\\/\\\/schema.org\",\"@graph\":[{\"@type\":\"Article\",\"@id\":\"https:\\\/\\\/bladnanews.com\\\/historic-twist-unites-tunisia-and-morocco-in-africa-cup-of-nations\\\/#article\",\"isPartOf\":{\"@id\":\"https:\\\/\\\/bladnanews.com\\\/historic-twist-unites-tunisia-and-morocco-in-africa-cup-of-nations\\\/\"},\"author\":{\"name\":\"Bladna Sports Desk\",\"@id\":\"https:\\\/\\\/mediumseagreen-eel-531711.hostingersite.com\\\/#\\\/schema\\\/person\\\/6712b38fabe810f7eb8d15ed30d90f1e\"},\"headline\":\"Historic twist unites Tunisia and Morocco in Africa Cup of Nations\",\"datePublished\":\"2026-01-04T08:10:53+00:00\",\"mainEntityOfPage\":{\"@id\":\"https:\\\/\\\/bladnanews.com\\\/historic-twist-unites-tunisia-and-morocco-in-africa-cup-of-nations\\\/\"},\"wordCount\":257,\"publisher\":{\"@id\":\"https:\\\/\\\/mediumseagreen-eel-531711.hostingersite.com\\\/#organization\"},\"image\":{\"@id\":\"https:\\\/\\\/bladnanews.com\\\/historic-twist-unites-tunisia-and-morocco-in-africa-cup-of-nations\\\/#primaryimage\"},\"thumbnailUrl\":\"https:\\\/\\\/bladnanews.com\\\/wp-content\\\/uploads\\\/2026\\\/01\\\/GettyImages-2253917922.jpg-1.jpg\",\"articleSection\":[\"Latest News\",\"Morocco National Team\"],\"inLanguage\":\"fr-FR\",\"copyrightYear\":\"2026\",\"copyrightHolder\":{\"@id\":\"https:\\\/\\\/bladnanews.com\\\/fr\\\/#organization\"}},{\"@type\":\"WebPage\",\"@id\":\"https:\\\/\\\/bladnanews.com\\\/historic-twist-unites-tunisia-and-morocco-in-africa-cup-of-nations\\\/\",\"url\":\"https:\\\/\\\/bladnanews.com\\\/historic-twist-unites-tunisia-and-morocco-in-africa-cup-of-nations\\\/\",\"name\":\"Historic twist unites Tunisia and Morocco in Africa Cup of Nations - Bladna News\",\"isPartOf\":{\"@id\":\"https:\\\/\\\/mediumseagreen-eel-531711.hostingersite.com\\\/#website\"},\"primaryImageOfPage\":{\"@id\":\"https:\\\/\\\/bladnanews.com\\\/historic-twist-unites-tunisia-and-morocco-in-africa-cup-of-nations\\\/#primaryimage\"},\"image\":{\"@id\":\"https:\\\/\\\/bladnanews.com\\\/historic-twist-unites-tunisia-and-morocco-in-africa-cup-of-nations\\\/#primaryimage\"},\"thumbnailUrl\":\"https:\\\/\\\/bladnanews.com\\\/wp-content\\\/uploads\\\/2026\\\/01\\\/GettyImages-2253917922.jpg-1.jpg\",\"datePublished\":\"2026-01-04T08:10:53+00:00\",\"breadcrumb\":{\"@id\":\"https:\\\/\\\/bladnanews.com\\\/historic-twist-unites-tunisia-and-morocco-in-africa-cup-of-nations\\\/#breadcrumb\"},\"inLanguage\":\"fr-FR\",\"potentialAction\":[{\"@type\":\"ReadAction\",\"target\":[\"https:\\\/\\\/bladnanews.com\\\/historic-twist-unites-tunisia-and-morocco-in-africa-cup-of-nations\\\/\"]}]},{\"@type\":\"ImageObject\",\"inLanguage\":\"fr-FR\",\"@id\":\"https:\\\/\\\/bladnanews.com\\\/historic-twist-unites-tunisia-and-morocco-in-africa-cup-of-nations\\\/#primaryimage\",\"url\":\"https:\\\/\\\/bladnanews.com\\\/wp-content\\\/uploads\\\/2026\\\/01\\\/GettyImages-2253917922.jpg-1.jpg\",\"contentUrl\":\"https:\\\/\\\/bladnanews.com\\\/wp-content\\\/uploads\\\/2026\\\/01\\\/GettyImages-2253917922.jpg-1.jpg\",\"width\":2560,\"height\":1440,\"caption\":\"Tunisia players Sassi and Mastouri attend to an injured teammate during a match against Mali, while the referee and opposing players observe.\"},{\"@type\":\"BreadcrumbList\",\"@id\":\"https:\\\/\\\/bladnanews.com\\\/historic-twist-unites-tunisia-and-morocco-in-africa-cup-of-nations\\\/#breadcrumb\",\"itemListElement\":[{\"@type\":\"ListItem\",\"position\":1,\"name\":\"Home\",\"item\":\"https:\\\/\\\/bladnanews.com\\\/\"},{\"@type\":\"ListItem\",\"position\":2,\"name\":\"Historic twist unites Tunisia and Morocco in Africa Cup of Nations\"}]},{\"@type\":\"WebSite\",\"@id\":\"https:\\\/\\\/mediumseagreen-eel-531711.hostingersite.com\\\/#website\",\"url\":\"https:\\\/\\\/mediumseagreen-eel-531711.hostingersite.com\\\/\",\"name\":\"Bladna News - Morocco\",\"description\":\"Where Moroccan Football Meets the World\",\"publisher\":{\"@id\":\"https:\\\/\\\/mediumseagreen-eel-531711.hostingersite.com\\\/#organization\"},\"potentialAction\":[{\"@type\":\"SearchAction\",\"target\":{\"@type\":\"EntryPoint\",\"urlTemplate\":\"https:\\\/\\\/mediumseagreen-eel-531711.hostingersite.com\\\/?s={search_term_string}\"},\"query-input\":{\"@type\":\"PropertyValueSpecification\",\"valueRequired\":true,\"valueName\":\"search_term_string\"}}],\"inLanguage\":\"fr-FR\"},{\"@type\":\"Organization\",\"@id\":\"https:\\\/\\\/mediumseagreen-eel-531711.hostingersite.com\\\/#organization\",\"name\":\"Bladna News.com\",\"url\":\"https:\\\/\\\/mediumseagreen-eel-531711.hostingersite.com\\\/\",\"logo\":{\"@type\":\"ImageObject\",\"inLanguage\":\"fr-FR\",\"@id\":\"https:\\\/\\\/mediumseagreen-eel-531711.hostingersite.com\\\/#\\\/schema\\\/logo\\\/image\\\/\",\"url\":\"https:\\\/\\\/bladnanews.com\\\/wp-content\\\/uploads\\\/2025\\\/12\\\/logo-bladnanews-V2-web-black-red.png\",\"contentUrl\":\"https:\\\/\\\/bladnanews.com\\\/wp-content\\\/uploads\\\/2025\\\/12\\\/logo-bladnanews-V2-web-black-red.png\",\"width\":703,\"height\":287,\"caption\":\"Bladna News.com\"},\"image\":{\"@id\":\"https:\\\/\\\/mediumseagreen-eel-531711.hostingersite.com\\\/#\\\/schema\\\/logo\\\/image\\\/\"},\"email\":\"info@bladnanews.com\",\"legalName\":\"Bladna News\"},{\"@type\":\"Person\",\"@id\":\"https:\\\/\\\/mediumseagreen-eel-531711.hostingersite.com\\\/#\\\/schema\\\/person\\\/6712b38fabe810f7eb8d15ed30d90f1e\",\"name\":\"Bladna Sports Desk\",\"url\":\"https:\\\/\\\/bladnanews.com\\\/fr\\\/author\\\/bladna-sports-desk\\\/\"}]}<\/script>\n<!-- \/ Yoast SEO Premium plugin. -->","yoast_head_json":{"title":"Un rebondissement historique unit la Tunisie et le Maroc \u00e0 la Coupe d'Afrique des Nations - Bladna News","robots":{"index":"index","follow":"follow","max-snippet":"max-snippet:-1","max-image-preview":"max-image-preview:large","max-video-preview":"max-video-preview:-1"},"canonical":"https:\/\/bladnanews.com\/fr\/un-rebondissement-historique-unit-la-tunisie-et-le-maroc-en-coupe-dafrique-des-nations\/","og_locale":"fr_FR","og_type":"article","og_title":"Historic twist unites Tunisia and Morocco in Africa Cup of Nations","og_description":"A historic twist has brought Tunisia and Morocco together again at the Africa Cup of Nations, in a scenario that [&hellip;]","og_url":"https:\/\/bladnanews.com\/fr\/un-rebondissement-historique-unit-la-tunisie-et-le-maroc-en-coupe-dafrique-des-nations\/","og_site_name":"Bladna News","article_published_time":"2026-01-04T08:10:53+00:00","og_image":[{"width":2560,"height":1440,"url":"https:\/\/bladnanews.com\/wp-content\/uploads\/2026\/01\/GettyImages-2253917922.jpg-1.jpg","type":"image\/jpeg"}],"author":"Bladna Sports Desk","twitter_card":"summary_large_image","twitter_misc":{"\u00c9crit par":"Bladna Sports Desk","Dur\u00e9e de lecture estim\u00e9e":"1 minute"},"schema":{"@context":"https:\/\/schema.org","@graph":[{"@type":"Article","@id":"https:\/\/bladnanews.com\/historic-twist-unites-tunisia-and-morocco-in-africa-cup-of-nations\/#article","isPartOf":{"@id":"https:\/\/bladnanews.com\/historic-twist-unites-tunisia-and-morocco-in-africa-cup-of-nations\/"},"author":{"name":"Bladna Sports Desk","@id":"https:\/\/mediumseagreen-eel-531711.hostingersite.com\/#\/schema\/person\/6712b38fabe810f7eb8d15ed30d90f1e"},"headline":"Historic twist unites Tunisia and Morocco in Africa Cup of Nations","datePublished":"2026-01-04T08:10:53+00:00","mainEntityOfPage":{"@id":"https:\/\/bladnanews.com\/historic-twist-unites-tunisia-and-morocco-in-africa-cup-of-nations\/"},"wordCount":257,"publisher":{"@id":"https:\/\/mediumseagreen-eel-531711.hostingersite.com\/#organization"},"image":{"@id":"https:\/\/bladnanews.com\/historic-twist-unites-tunisia-and-morocco-in-africa-cup-of-nations\/#primaryimage"},"thumbnailUrl":"https:\/\/bladnanews.com\/wp-content\/uploads\/2026\/01\/GettyImages-2253917922.jpg-1.jpg","articleSection":["Latest News","Morocco National Team"],"inLanguage":"fr-FR","copyrightYear":"2026","copyrightHolder":{"@id":"https:\/\/bladnanews.com\/fr\/#organization"}},{"@type":"WebPage","@id":"https:\/\/bladnanews.com\/historic-twist-unites-tunisia-and-morocco-in-africa-cup-of-nations\/","url":"https:\/\/bladnanews.com\/historic-twist-unites-tunisia-and-morocco-in-africa-cup-of-nations\/","name":"Un rebondissement historique unit la Tunisie et le Maroc \u00e0 la Coupe d'Afrique des Nations - Bladna News","isPartOf":{"@id":"https:\/\/mediumseagreen-eel-531711.hostingersite.com\/#website"},"primaryImageOfPage":{"@id":"https:\/\/bladnanews.com\/historic-twist-unites-tunisia-and-morocco-in-africa-cup-of-nations\/#primaryimage"},"image":{"@id":"https:\/\/bladnanews.com\/historic-twist-unites-tunisia-and-morocco-in-africa-cup-of-nations\/#primaryimage"},"thumbnailUrl":"https:\/\/bladnanews.com\/wp-content\/uploads\/2026\/01\/GettyImages-2253917922.jpg-1.jpg","datePublished":"2026-01-04T08:10:53+00:00","breadcrumb":{"@id":"https:\/\/bladnanews.com\/historic-twist-unites-tunisia-and-morocco-in-africa-cup-of-nations\/#breadcrumb"},"inLanguage":"fr-FR","potentialAction":[{"@type":"ReadAction","target":["https:\/\/bladnanews.com\/historic-twist-unites-tunisia-and-morocco-in-africa-cup-of-nations\/"]}]},{"@type":"ImageObject","inLanguage":"fr-FR","@id":"https:\/\/bladnanews.com\/historic-twist-unites-tunisia-and-morocco-in-africa-cup-of-nations\/#primaryimage","url":"https:\/\/bladnanews.com\/wp-content\/uploads\/2026\/01\/GettyImages-2253917922.jpg-1.jpg","contentUrl":"https:\/\/bladnanews.com\/wp-content\/uploads\/2026\/01\/GettyImages-2253917922.jpg-1.jpg","width":2560,"height":1440,"caption":"Tunisia players Sassi and Mastouri attend to an injured teammate during a match against Mali, while the referee and opposing players observe."},{"@type":"BreadcrumbList","@id":"https:\/\/bladnanews.com\/historic-twist-unites-tunisia-and-morocco-in-africa-cup-of-nations\/#breadcrumb","itemListElement":[{"@type":"ListItem","position":1,"name":"Home","item":"https:\/\/bladnanews.com\/"},{"@type":"ListItem","position":2,"name":"Historic twist unites Tunisia and Morocco in Africa Cup of Nations"}]},{"@type":"WebSite","@id":"https:\/\/mediumseagreen-eel-531711.hostingersite.com\/#website","url":"https:\/\/mediumseagreen-eel-531711.hostingersite.com\/","name":"Bladna News - Maroc","description":"Quand le football marocain rencontre le monde","publisher":{"@id":"https:\/\/mediumseagreen-eel-531711.hostingersite.com\/#organization"},"potentialAction":[{"@type":"SearchAction","target":{"@type":"EntryPoint","urlTemplate":"https:\/\/mediumseagreen-eel-531711.hostingersite.com\/?s={search_term_string}"},"query-input":{"@type":"PropertyValueSpecification","valueRequired":true,"valueName":"search_term_string"}}],"inLanguage":"fr-FR"},{"@type":"Organization","@id":"https:\/\/mediumseagreen-eel-531711.hostingersite.com\/#organization","name":"Bladna News.com","url":"https:\/\/mediumseagreen-eel-531711.hostingersite.com\/","logo":{"@type":"ImageObject","inLanguage":"fr-FR","@id":"https:\/\/mediumseagreen-eel-531711.hostingersite.com\/#\/schema\/logo\/image\/","url":"https:\/\/bladnanews.com\/wp-content\/uploads\/2025\/12\/logo-bladnanews-V2-web-black-red.png","contentUrl":"https:\/\/bladnanews.com\/wp-content\/uploads\/2025\/12\/logo-bladnanews-V2-web-black-red.png","width":703,"height":287,"caption":"Bladna News.com"},"image":{"@id":"https:\/\/mediumseagreen-eel-531711.hostingersite.com\/#\/schema\/logo\/image\/"},"email":"info@bladnanews.com","legalName":"Bladna News"},{"@type":"Person","@id":"https:\/\/mediumseagreen-eel-531711.hostingersite.com\/#\/schema\/person\/6712b38fabe810f7eb8d15ed30d90f1e","name":"Bladna Sports Desk","url":"https:\/\/bladnanews.com\/fr\/author\/bladna-sports-desk\/"}]}},"_links":{"self":[{"href":"https:\/\/bladnanews.com\/fr\/wp-json\/wp\/v2\/posts\/2393","targetHints":{"allow":["GET"]}}],"collection":[{"href":"https:\/\/bladnanews.com\/fr\/wp-json\/wp\/v2\/posts"}],"about":[{"href":"https:\/\/bladnanews.com\/fr\/wp-json\/wp\/v2\/types\/post"}],"author":[{"embeddable":true,"href":"https:\/\/bladnanews.com\/fr\/wp-json\/wp\/v2\/users\/4"}],"replies":[{"embeddable":true,"href":"https:\/\/bladnanews.com\/fr\/wp-json\/wp\/v2\/comments?post=2393"}],"version-history":[{"count":0,"href":"https:\/\/bladnanews.com\/fr\/wp-json\/wp\/v2\/posts\/2393\/revisions"}],"wp:featuredmedia":[{"embeddable":true,"href":"https:\/\/bladnanews.com\/fr\/wp-json\/wp\/v2\/media\/2392"}],"wp:attachment":[{"href":"https:\/\/bladnanews.com\/fr\/wp-json\/wp\/v2\/media?parent=2393"}],"wp:term":[{"taxonomy":"category","embeddable":true,"href":"https:\/\/bladnanews.com\/fr\/wp-json\/wp\/v2\/categories?post=2393"},{"taxonomy":"post_tag","embeddable":true,"href":"https:\/\/bladnanews.com\/fr\/wp-json\/wp\/v2\/tags?post=2393"}],"curies":[{"name":"wp","href":"https:\/\/api.w.org\/{rel}","templated":true}]}}