{"id":2414,"date":"2026-01-04T08:40:54","date_gmt":"2026-01-04T08:40:54","guid":{"rendered":"https:\/\/bladnanews.com\/declan-rice-says-he-was-fuming-after-arsenal-return\/"},"modified":"2026-01-04T08:40:54","modified_gmt":"2026-01-04T08:40:54","slug":"declan-rice-dit-quil-etait-furieux-apres-son-retour-a-arsenal","status":"publish","type":"post","link":"https:\/\/bladnanews.com\/fr\/declan-rice-dit-quil-etait-furieux-apres-son-retour-a-arsenal\/","title":{"rendered":"Declan Rice dit qu'il \u00e9tait furieux apr\u00e8s son retour \u00e0 Arsenal"},"content":{"rendered":"<p>Declan Rice a admis qu'il \u00e9tait \u201cfurieux\u201d apr\u00e8s que son retour sur le terrain avec Arsenal se soit termin\u00e9 par un doubl\u00e9 contre Bournemouth.<\/p>\n<p>Le milieu de terrain \u00e9tait de retour dans l'\u00e9quipe et a eu un impact imm\u00e9diat, trouvant le filet \u00e0 deux reprises alors qu'Arsenal sortait vainqueur. Mais Rice a r\u00e9v\u00e9l\u00e9 par la suite que sa frustration ne concernait pas le r\u00e9sultat, mais le revers personnel qu'il avait d\u00fb g\u00e9rer avant de revenir sur le terrain.<\/p>\n<p>\u201cJ'\u00e9tais furieux,\u201d a d\u00e9clar\u00e9 Rice, expliquant \u00e0 quel point cela l'avait d\u00e9rang\u00e9 d'\u00eatre absent et \u00e0 quel point il \u00e9tait d\u00e9termin\u00e9 \u00e0 r\u00e9pondre une fois qu'il aurait \u00e0 nouveau sa chance.<\/p>\n<p>Les buts de Rice se sont r\u00e9v\u00e9l\u00e9s d\u00e9cisifs ce jour-l\u00e0, l'international anglais soulignant son importance dans les deux surfaces. Son premier a termin\u00e9 une forte p\u00e9riode d'Arsenal, avant qu'il ne frappe \u00e0 nouveau pour mettre une distance claire entre les \u00e9quipes et prendre le contr\u00f4le du match.<\/p>\n<p>Apr\u00e8s le match, Rice a parl\u00e9 avec une \u00e9motion claire de ce que cela signifiait de revenir et de contribuer de mani\u00e8re aussi directe. Il a \u00e9galement pr\u00e9cis\u00e9 qu'il avait \u00e9t\u00e9 d\u00e9sesp\u00e9r\u00e9 de jouer son r\u00f4le, et que la d\u00e9ception d'\u00eatre \u00e9cart\u00e9 l'avait motiv\u00e9.<\/p>\n<p>L'honn\u00eatet\u00e9 du joueur de 25 ans a ajout\u00e9 un contexte suppl\u00e9mentaire \u00e0 sa performance, Rice r\u00e9v\u00e9lant \u00e0 quel point il avait \u00e9t\u00e9 en col\u00e8re d'avoir manqu\u00e9 l'occasion, avant de transformer ce sentiment en une performance d\u00e9cisive pour Arsenal contre Bournemouth.<\/p>","protected":false},"excerpt":{"rendered":"<p>Declan Rice admitted he was \u201cfuming\u201d after his return to Arsenal action ended with a brace against Bournemouth. The midfielder [&hellip;]<\/p>\n","protected":false},"author":3,"featured_media":2413,"comment_status":"","ping_status":"open","sticky":false,"template":"","format":"standard","meta":{"googlesitekit_rrm_CAow_uzEDA:productID":"","site-sidebar-layout":"default","site-content-layout":"","ast-site-content-layout":"default","site-content-style":"default","site-sidebar-style":"default","ast-global-header-display":"","ast-banner-title-visibility":"","ast-main-header-display":"","ast-hfb-above-header-display":"","ast-hfb-below-header-display":"","ast-hfb-mobile-header-display":"","site-post-title":"","ast-breadcrumbs-content":"","ast-featured-img":"","footer-sml-layout":"","ast-disable-related-posts":"","theme-transparent-header-meta":"","adv-header-id-meta":"","stick-header-meta":"","header-above-stick-meta":"","header-main-stick-meta":"","header-below-stick-meta":"","astra-migrate-meta-layouts":"default","ast-page-background-enabled":"default","ast-page-background-meta":{"desktop":{"background-color":"var(--ast-global-color-5)","background-image":"","background-repeat":"repeat","background-position":"center center","background-size":"auto","background-attachment":"scroll","background-type":"","background-media":"","overlay-type":"","overlay-color":"","overlay-opacity":"","overlay-gradient":""},"tablet":{"background-color":"","background-image":"","background-repeat":"repeat","background-position":"center center","background-size":"auto","background-attachment":"scroll","background-type":"","background-media":"","overlay-type":"","overlay-color":"","overlay-opacity":"","overlay-gradient":""},"mobile":{"background-color":"","background-image":"","background-repeat":"repeat","background-position":"center center","background-size":"auto","background-attachment":"scroll","background-type":"","background-media":"","overlay-type":"","overlay-color":"","overlay-opacity":"","overlay-gradient":""}},"ast-content-background-meta":{"desktop":{"background-color":"var(--ast-global-color-4)","background-image":"","background-repeat":"repeat","background-position":"center center","background-size":"auto","background-attachment":"scroll","background-type":"","background-media":"","overlay-type":"","overlay-color":"","overlay-opacity":"","overlay-gradient":""},"tablet":{"background-color":"var(--ast-global-color-4)","background-image":"","background-repeat":"repeat","background-position":"center center","background-size":"auto","background-attachment":"scroll","background-type":"","background-media":"","overlay-type":"","overlay-color":"","overlay-opacity":"","overlay-gradient":""},"mobile":{"background-color":"var(--ast-global-color-4)","background-image":"","background-repeat":"repeat","background-position":"center center","background-size":"auto","background-attachment":"scroll","background-type":"","background-media":"","overlay-type":"","overlay-color":"","overlay-opacity":"","overlay-gradient":""}},"footnotes":""},"categories":[20,1],"tags":[],"class_list":["post-2414","post","type-post","status-publish","format-standard","has-post-thumbnail","hentry","category-international","category-football-latest-news"],"yoast_head":"<!-- This site is optimized with the Yoast SEO Premium plugin v26.6 (Yoast SEO v27.5) - https:\/\/yoast.com\/product\/yoast-seo-premium-wordpress\/ -->\n<title>Declan Rice says he was fuming after Arsenal return - Bladna News<\/title>\n<meta name=\"robots\" content=\"index, follow, max-snippet:-1, max-image-preview:large, max-video-preview:-1\" \/>\n<link rel=\"canonical\" href=\"https:\/\/bladnanews.com\/fr\/declan-rice-dit-quil-etait-furieux-apres-son-retour-a-arsenal\/\" \/>\n<meta property=\"og:locale\" content=\"fr_FR\" \/>\n<meta property=\"og:type\" content=\"article\" \/>\n<meta property=\"og:title\" content=\"Declan Rice says he was fuming after Arsenal return\" \/>\n<meta property=\"og:description\" content=\"Declan Rice admitted he was \u201cfuming\u201d after his return to Arsenal action ended with a brace against Bournemouth. The midfielder [&hellip;]\" \/>\n<meta property=\"og:url\" content=\"https:\/\/bladnanews.com\/fr\/declan-rice-dit-quil-etait-furieux-apres-son-retour-a-arsenal\/\" \/>\n<meta property=\"og:site_name\" content=\"Bladna News\" \/>\n<meta property=\"article:published_time\" content=\"2026-01-04T08:40:54+00:00\" \/>\n<meta property=\"og:image\" content=\"https:\/\/bladnanews.com\/wp-content\/uploads\/2026\/01\/BladnaNews-Declan-Rice-says-he-was-fuming-after-Arsenal-return-2026-01-04T095059.132Z.jpg\" \/>\n\t<meta property=\"og:image:width\" content=\"1600\" \/>\n\t<meta property=\"og:image:height\" content=\"900\" \/>\n\t<meta property=\"og:image:type\" content=\"image\/jpeg\" \/>\n<meta name=\"author\" content=\"Bladna News Staff\" \/>\n<meta name=\"twitter:card\" content=\"summary_large_image\" \/>\n<meta name=\"twitter:label1\" content=\"\u00c9crit par\" \/>\n\t<meta name=\"twitter:data1\" content=\"Bladna News Staff\" \/>\n\t<meta name=\"twitter:label2\" content=\"Dur\u00e9e de lecture estim\u00e9e\" \/>\n\t<meta name=\"twitter:data2\" content=\"1 minute\" \/>\n<script type=\"application\/ld+json\" class=\"yoast-schema-graph\">{\"@context\":\"https:\\\/\\\/schema.org\",\"@graph\":[{\"@type\":\"Article\",\"@id\":\"https:\\\/\\\/bladnanews.com\\\/declan-rice-says-he-was-fuming-after-arsenal-return\\\/#article\",\"isPartOf\":{\"@id\":\"https:\\\/\\\/bladnanews.com\\\/declan-rice-says-he-was-fuming-after-arsenal-return\\\/\"},\"author\":{\"name\":\"Bladna News Staff\",\"@id\":\"https:\\\/\\\/mediumseagreen-eel-531711.hostingersite.com\\\/#\\\/schema\\\/person\\\/268e18a453ab080ebf76df6ef7845083\"},\"headline\":\"Declan Rice says he was fuming after Arsenal return\",\"datePublished\":\"2026-01-04T08:40:54+00:00\",\"mainEntityOfPage\":{\"@id\":\"https:\\\/\\\/bladnanews.com\\\/declan-rice-says-he-was-fuming-after-arsenal-return\\\/\"},\"wordCount\":227,\"publisher\":{\"@id\":\"https:\\\/\\\/mediumseagreen-eel-531711.hostingersite.com\\\/#organization\"},\"image\":{\"@id\":\"https:\\\/\\\/bladnanews.com\\\/declan-rice-says-he-was-fuming-after-arsenal-return\\\/#primaryimage\"},\"thumbnailUrl\":\"https:\\\/\\\/bladnanews.com\\\/wp-content\\\/uploads\\\/2026\\\/01\\\/BladnaNews-Declan-Rice-says-he-was-fuming-after-Arsenal-return-2026-01-04T095059.132Z.jpg\",\"articleSection\":[\"International\",\"Latest News\"],\"inLanguage\":\"fr-FR\",\"copyrightYear\":\"2026\",\"copyrightHolder\":{\"@id\":\"https:\\\/\\\/bladnanews.com\\\/fr\\\/#organization\"}},{\"@type\":\"WebPage\",\"@id\":\"https:\\\/\\\/bladnanews.com\\\/declan-rice-says-he-was-fuming-after-arsenal-return\\\/\",\"url\":\"https:\\\/\\\/bladnanews.com\\\/declan-rice-says-he-was-fuming-after-arsenal-return\\\/\",\"name\":\"Declan Rice says he was fuming after Arsenal return - Bladna News\",\"isPartOf\":{\"@id\":\"https:\\\/\\\/mediumseagreen-eel-531711.hostingersite.com\\\/#website\"},\"primaryImageOfPage\":{\"@id\":\"https:\\\/\\\/bladnanews.com\\\/declan-rice-says-he-was-fuming-after-arsenal-return\\\/#primaryimage\"},\"image\":{\"@id\":\"https:\\\/\\\/bladnanews.com\\\/declan-rice-says-he-was-fuming-after-arsenal-return\\\/#primaryimage\"},\"thumbnailUrl\":\"https:\\\/\\\/bladnanews.com\\\/wp-content\\\/uploads\\\/2026\\\/01\\\/BladnaNews-Declan-Rice-says-he-was-fuming-after-Arsenal-return-2026-01-04T095059.132Z.jpg\",\"datePublished\":\"2026-01-04T08:40:54+00:00\",\"breadcrumb\":{\"@id\":\"https:\\\/\\\/bladnanews.com\\\/declan-rice-says-he-was-fuming-after-arsenal-return\\\/#breadcrumb\"},\"inLanguage\":\"fr-FR\",\"potentialAction\":[{\"@type\":\"ReadAction\",\"target\":[\"https:\\\/\\\/bladnanews.com\\\/declan-rice-says-he-was-fuming-after-arsenal-return\\\/\"]}]},{\"@type\":\"ImageObject\",\"inLanguage\":\"fr-FR\",\"@id\":\"https:\\\/\\\/bladnanews.com\\\/declan-rice-says-he-was-fuming-after-arsenal-return\\\/#primaryimage\",\"url\":\"https:\\\/\\\/bladnanews.com\\\/wp-content\\\/uploads\\\/2026\\\/01\\\/BladnaNews-Declan-Rice-says-he-was-fuming-after-Arsenal-return-2026-01-04T095059.132Z.jpg\",\"contentUrl\":\"https:\\\/\\\/bladnanews.com\\\/wp-content\\\/uploads\\\/2026\\\/01\\\/BladnaNews-Declan-Rice-says-he-was-fuming-after-Arsenal-return-2026-01-04T095059.132Z.jpg\",\"width\":1600,\"height\":900,\"caption\":\"Declan Rice celebrates on the pitch after scoring for Arsenal, wearing the team's white and burgundy kit, with fans in the background.\"},{\"@type\":\"BreadcrumbList\",\"@id\":\"https:\\\/\\\/bladnanews.com\\\/declan-rice-says-he-was-fuming-after-arsenal-return\\\/#breadcrumb\",\"itemListElement\":[{\"@type\":\"ListItem\",\"position\":1,\"name\":\"Home\",\"item\":\"https:\\\/\\\/bladnanews.com\\\/\"},{\"@type\":\"ListItem\",\"position\":2,\"name\":\"Declan Rice says he was fuming after Arsenal return\"}]},{\"@type\":\"WebSite\",\"@id\":\"https:\\\/\\\/mediumseagreen-eel-531711.hostingersite.com\\\/#website\",\"url\":\"https:\\\/\\\/mediumseagreen-eel-531711.hostingersite.com\\\/\",\"name\":\"Bladna News - Morocco\",\"description\":\"Where Moroccan Football Meets the World\",\"publisher\":{\"@id\":\"https:\\\/\\\/mediumseagreen-eel-531711.hostingersite.com\\\/#organization\"},\"potentialAction\":[{\"@type\":\"SearchAction\",\"target\":{\"@type\":\"EntryPoint\",\"urlTemplate\":\"https:\\\/\\\/mediumseagreen-eel-531711.hostingersite.com\\\/?s={search_term_string}\"},\"query-input\":{\"@type\":\"PropertyValueSpecification\",\"valueRequired\":true,\"valueName\":\"search_term_string\"}}],\"inLanguage\":\"fr-FR\"},{\"@type\":\"Organization\",\"@id\":\"https:\\\/\\\/mediumseagreen-eel-531711.hostingersite.com\\\/#organization\",\"name\":\"Bladna News.com\",\"url\":\"https:\\\/\\\/mediumseagreen-eel-531711.hostingersite.com\\\/\",\"logo\":{\"@type\":\"ImageObject\",\"inLanguage\":\"fr-FR\",\"@id\":\"https:\\\/\\\/mediumseagreen-eel-531711.hostingersite.com\\\/#\\\/schema\\\/logo\\\/image\\\/\",\"url\":\"https:\\\/\\\/bladnanews.com\\\/wp-content\\\/uploads\\\/2025\\\/12\\\/logo-bladnanews-V2-web-black-red.png\",\"contentUrl\":\"https:\\\/\\\/bladnanews.com\\\/wp-content\\\/uploads\\\/2025\\\/12\\\/logo-bladnanews-V2-web-black-red.png\",\"width\":703,\"height\":287,\"caption\":\"Bladna News.com\"},\"image\":{\"@id\":\"https:\\\/\\\/mediumseagreen-eel-531711.hostingersite.com\\\/#\\\/schema\\\/logo\\\/image\\\/\"},\"email\":\"info@bladnanews.com\",\"legalName\":\"Bladna News\"},{\"@type\":\"Person\",\"@id\":\"https:\\\/\\\/mediumseagreen-eel-531711.hostingersite.com\\\/#\\\/schema\\\/person\\\/268e18a453ab080ebf76df6ef7845083\",\"name\":\"Bladna News Staff\",\"url\":\"https:\\\/\\\/bladnanews.com\\\/fr\\\/author\\\/bladna-news-staff\\\/\"}]}<\/script>\n<!-- \/ Yoast SEO Premium plugin. -->","yoast_head_json":{"title":"Declan Rice dit qu'il \u00e9tait furieux apr\u00e8s son retour \u00e0 Arsenal - Bladna News","robots":{"index":"index","follow":"follow","max-snippet":"max-snippet:-1","max-image-preview":"max-image-preview:large","max-video-preview":"max-video-preview:-1"},"canonical":"https:\/\/bladnanews.com\/fr\/declan-rice-dit-quil-etait-furieux-apres-son-retour-a-arsenal\/","og_locale":"fr_FR","og_type":"article","og_title":"Declan Rice says he was fuming after Arsenal return","og_description":"Declan Rice admitted he was \u201cfuming\u201d after his return to Arsenal action ended with a brace against Bournemouth. The midfielder [&hellip;]","og_url":"https:\/\/bladnanews.com\/fr\/declan-rice-dit-quil-etait-furieux-apres-son-retour-a-arsenal\/","og_site_name":"Bladna News","article_published_time":"2026-01-04T08:40:54+00:00","og_image":[{"width":1600,"height":900,"url":"https:\/\/bladnanews.com\/wp-content\/uploads\/2026\/01\/BladnaNews-Declan-Rice-says-he-was-fuming-after-Arsenal-return-2026-01-04T095059.132Z.jpg","type":"image\/jpeg"}],"author":"Bladna News Staff","twitter_card":"summary_large_image","twitter_misc":{"\u00c9crit par":"Bladna News Staff","Dur\u00e9e de lecture estim\u00e9e":"1 minute"},"schema":{"@context":"https:\/\/schema.org","@graph":[{"@type":"Article","@id":"https:\/\/bladnanews.com\/declan-rice-says-he-was-fuming-after-arsenal-return\/#article","isPartOf":{"@id":"https:\/\/bladnanews.com\/declan-rice-says-he-was-fuming-after-arsenal-return\/"},"author":{"name":"Bladna News Staff","@id":"https:\/\/mediumseagreen-eel-531711.hostingersite.com\/#\/schema\/person\/268e18a453ab080ebf76df6ef7845083"},"headline":"Declan Rice says he was fuming after Arsenal return","datePublished":"2026-01-04T08:40:54+00:00","mainEntityOfPage":{"@id":"https:\/\/bladnanews.com\/declan-rice-says-he-was-fuming-after-arsenal-return\/"},"wordCount":227,"publisher":{"@id":"https:\/\/mediumseagreen-eel-531711.hostingersite.com\/#organization"},"image":{"@id":"https:\/\/bladnanews.com\/declan-rice-says-he-was-fuming-after-arsenal-return\/#primaryimage"},"thumbnailUrl":"https:\/\/bladnanews.com\/wp-content\/uploads\/2026\/01\/BladnaNews-Declan-Rice-says-he-was-fuming-after-Arsenal-return-2026-01-04T095059.132Z.jpg","articleSection":["International","Latest News"],"inLanguage":"fr-FR","copyrightYear":"2026","copyrightHolder":{"@id":"https:\/\/bladnanews.com\/fr\/#organization"}},{"@type":"WebPage","@id":"https:\/\/bladnanews.com\/declan-rice-says-he-was-fuming-after-arsenal-return\/","url":"https:\/\/bladnanews.com\/declan-rice-says-he-was-fuming-after-arsenal-return\/","name":"Declan Rice dit qu'il \u00e9tait furieux apr\u00e8s son retour \u00e0 Arsenal - Bladna News","isPartOf":{"@id":"https:\/\/mediumseagreen-eel-531711.hostingersite.com\/#website"},"primaryImageOfPage":{"@id":"https:\/\/bladnanews.com\/declan-rice-says-he-was-fuming-after-arsenal-return\/#primaryimage"},"image":{"@id":"https:\/\/bladnanews.com\/declan-rice-says-he-was-fuming-after-arsenal-return\/#primaryimage"},"thumbnailUrl":"https:\/\/bladnanews.com\/wp-content\/uploads\/2026\/01\/BladnaNews-Declan-Rice-says-he-was-fuming-after-Arsenal-return-2026-01-04T095059.132Z.jpg","datePublished":"2026-01-04T08:40:54+00:00","breadcrumb":{"@id":"https:\/\/bladnanews.com\/declan-rice-says-he-was-fuming-after-arsenal-return\/#breadcrumb"},"inLanguage":"fr-FR","potentialAction":[{"@type":"ReadAction","target":["https:\/\/bladnanews.com\/declan-rice-says-he-was-fuming-after-arsenal-return\/"]}]},{"@type":"ImageObject","inLanguage":"fr-FR","@id":"https:\/\/bladnanews.com\/declan-rice-says-he-was-fuming-after-arsenal-return\/#primaryimage","url":"https:\/\/bladnanews.com\/wp-content\/uploads\/2026\/01\/BladnaNews-Declan-Rice-says-he-was-fuming-after-Arsenal-return-2026-01-04T095059.132Z.jpg","contentUrl":"https:\/\/bladnanews.com\/wp-content\/uploads\/2026\/01\/BladnaNews-Declan-Rice-says-he-was-fuming-after-Arsenal-return-2026-01-04T095059.132Z.jpg","width":1600,"height":900,"caption":"Declan Rice celebrates on the pitch after scoring for Arsenal, wearing the team's white and burgundy kit, with fans in the background."},{"@type":"BreadcrumbList","@id":"https:\/\/bladnanews.com\/declan-rice-says-he-was-fuming-after-arsenal-return\/#breadcrumb","itemListElement":[{"@type":"ListItem","position":1,"name":"Home","item":"https:\/\/bladnanews.com\/"},{"@type":"ListItem","position":2,"name":"Declan Rice says he was fuming after Arsenal return"}]},{"@type":"WebSite","@id":"https:\/\/mediumseagreen-eel-531711.hostingersite.com\/#website","url":"https:\/\/mediumseagreen-eel-531711.hostingersite.com\/","name":"Bladna News - Maroc","description":"Quand le football marocain rencontre le monde","publisher":{"@id":"https:\/\/mediumseagreen-eel-531711.hostingersite.com\/#organization"},"potentialAction":[{"@type":"SearchAction","target":{"@type":"EntryPoint","urlTemplate":"https:\/\/mediumseagreen-eel-531711.hostingersite.com\/?s={search_term_string}"},"query-input":{"@type":"PropertyValueSpecification","valueRequired":true,"valueName":"search_term_string"}}],"inLanguage":"fr-FR"},{"@type":"Organization","@id":"https:\/\/mediumseagreen-eel-531711.hostingersite.com\/#organization","name":"Bladna News.com","url":"https:\/\/mediumseagreen-eel-531711.hostingersite.com\/","logo":{"@type":"ImageObject","inLanguage":"fr-FR","@id":"https:\/\/mediumseagreen-eel-531711.hostingersite.com\/#\/schema\/logo\/image\/","url":"https:\/\/bladnanews.com\/wp-content\/uploads\/2025\/12\/logo-bladnanews-V2-web-black-red.png","contentUrl":"https:\/\/bladnanews.com\/wp-content\/uploads\/2025\/12\/logo-bladnanews-V2-web-black-red.png","width":703,"height":287,"caption":"Bladna News.com"},"image":{"@id":"https:\/\/mediumseagreen-eel-531711.hostingersite.com\/#\/schema\/logo\/image\/"},"email":"info@bladnanews.com","legalName":"Bladna News"},{"@type":"Person","@id":"https:\/\/mediumseagreen-eel-531711.hostingersite.com\/#\/schema\/person\/268e18a453ab080ebf76df6ef7845083","name":"\u00c9quipe r\u00e9dactionnelle de Bladna News","url":"https:\/\/bladnanews.com\/fr\/author\/bladna-news-staff\/"}]}},"_links":{"self":[{"href":"https:\/\/bladnanews.com\/fr\/wp-json\/wp\/v2\/posts\/2414","targetHints":{"allow":["GET"]}}],"collection":[{"href":"https:\/\/bladnanews.com\/fr\/wp-json\/wp\/v2\/posts"}],"about":[{"href":"https:\/\/bladnanews.com\/fr\/wp-json\/wp\/v2\/types\/post"}],"author":[{"embeddable":true,"href":"https:\/\/bladnanews.com\/fr\/wp-json\/wp\/v2\/users\/3"}],"replies":[{"embeddable":true,"href":"https:\/\/bladnanews.com\/fr\/wp-json\/wp\/v2\/comments?post=2414"}],"version-history":[{"count":0,"href":"https:\/\/bladnanews.com\/fr\/wp-json\/wp\/v2\/posts\/2414\/revisions"}],"wp:featuredmedia":[{"embeddable":true,"href":"https:\/\/bladnanews.com\/fr\/wp-json\/wp\/v2\/media\/2413"}],"wp:attachment":[{"href":"https:\/\/bladnanews.com\/fr\/wp-json\/wp\/v2\/media?parent=2414"}],"wp:term":[{"taxonomy":"category","embeddable":true,"href":"https:\/\/bladnanews.com\/fr\/wp-json\/wp\/v2\/categories?post=2414"},{"taxonomy":"post_tag","embeddable":true,"href":"https:\/\/bladnanews.com\/fr\/wp-json\/wp\/v2\/tags?post=2414"}],"curies":[{"name":"wp","href":"https:\/\/api.w.org\/{rel}","templated":true}]}}