{"id":2416,"date":"2026-01-04T09:23:43","date_gmt":"2026-01-04T09:23:43","guid":{"rendered":"https:\/\/bladnanews.com\/raheem-sterling-open-to-staying-in-london-amid-interest\/"},"modified":"2026-01-04T09:23:43","modified_gmt":"2026-01-04T09:23:43","slug":"raheem-sterling-ouvert-a-rester-a-londres-malgre-linteret","status":"publish","type":"post","link":"https:\/\/bladnanews.com\/fr\/raheem-sterling-ouvert-a-rester-a-londres-malgre-linteret\/","title":{"rendered":"Raheem Sterling ouvert \u00e0 rester \u00e0 Londres malgr\u00e9 l'int\u00e9r\u00eat"},"content":{"rendered":"<p>Raheem Sterling est ouvert \u00e0 rester \u00e0 Londres malgr\u00e9 les suggestions qu'il est pr\u00eat \u00e0 quitter la capitale, avec une croyance croissante que la \u201cnarration\u201d autour de son avenir a \u00e9t\u00e9 exag\u00e9r\u00e9e.<\/p>\n<p>L'attaquant de Chelsea a \u00e9t\u00e9 mis \u00e0 l'\u00e9cart \u00e0 Stamford Bridge et fait face \u00e0 une situation incertaine avant la nouvelle saison. Sterling a \u00e9t\u00e9 li\u00e9 \u00e0 un transfert estival, mais les rapports indiquant qu'il est d\u00e9termin\u00e9 \u00e0 quitter Londres ont \u00e9t\u00e9 contest\u00e9s, avec maintenant la certitude que rester dans la ville est toujours une option r\u00e9aliste pour l'international anglais.<\/p>\n<p>Plusieurs clubs londoniens gardent un \u0153il sur sa situation. <strong>Crystal Palace<\/strong>, <strong>Fulham<\/strong> et <strong>West Ham<\/strong> ont tous \u00e9t\u00e9 cr\u00e9dit\u00e9s d'un int\u00e9r\u00eat alors que Sterling consid\u00e8re sa prochaine \u00e9tape pendant que Chelsea fa\u00e7onne ses plans.<\/p>\n<p>Le point cl\u00e9 r\u00e9v\u00e9l\u00e9 est que l'id\u00e9e que Sterling doit quitter Londres n'est pas une r\u00e9flexion pr\u00e9cise de la situation actuelle. Plut\u00f4t que de pousser pour un d\u00e9part, il est compris qu'il est ouvert \u00e0 rester dans la capitale si la bonne opportunit\u00e9 se pr\u00e9sente.<\/p>\n<p>La position de Sterling \u00e0 Chelsea reste le probl\u00e8me central, l'attaquant \u00e9tant consid\u00e9r\u00e9 comme un paria au club pour le moment. Avec l'ouverture du march\u00e9, les options bas\u00e9es \u00e0 Londres pourraient devenir de plus en plus pertinentes si Chelsea d\u00e9cide de le transf\u00e9rer et qu'un des clubs int\u00e9ress\u00e9s intensifie sa recherche.<\/p>","protected":false},"excerpt":{"rendered":"<p>Raheem Sterling is open to staying in London despite suggestions he is ready to move away from the capital, with [&hellip;]<\/p>\n","protected":false},"author":3,"featured_media":2415,"comment_status":"","ping_status":"open","sticky":false,"template":"","format":"standard","meta":{"googlesitekit_rrm_CAow_uzEDA:productID":"","site-sidebar-layout":"default","site-content-layout":"","ast-site-content-layout":"default","site-content-style":"default","site-sidebar-style":"default","ast-global-header-display":"","ast-banner-title-visibility":"","ast-main-header-display":"","ast-hfb-above-header-display":"","ast-hfb-below-header-display":"","ast-hfb-mobile-header-display":"","site-post-title":"","ast-breadcrumbs-content":"","ast-featured-img":"","footer-sml-layout":"","ast-disable-related-posts":"","theme-transparent-header-meta":"","adv-header-id-meta":"","stick-header-meta":"","header-above-stick-meta":"","header-main-stick-meta":"","header-below-stick-meta":"","astra-migrate-meta-layouts":"default","ast-page-background-enabled":"default","ast-page-background-meta":{"desktop":{"background-color":"var(--ast-global-color-5)","background-image":"","background-repeat":"repeat","background-position":"center center","background-size":"auto","background-attachment":"scroll","background-type":"","background-media":"","overlay-type":"","overlay-color":"","overlay-opacity":"","overlay-gradient":""},"tablet":{"background-color":"","background-image":"","background-repeat":"repeat","background-position":"center center","background-size":"auto","background-attachment":"scroll","background-type":"","background-media":"","overlay-type":"","overlay-color":"","overlay-opacity":"","overlay-gradient":""},"mobile":{"background-color":"","background-image":"","background-repeat":"repeat","background-position":"center center","background-size":"auto","background-attachment":"scroll","background-type":"","background-media":"","overlay-type":"","overlay-color":"","overlay-opacity":"","overlay-gradient":""}},"ast-content-background-meta":{"desktop":{"background-color":"var(--ast-global-color-4)","background-image":"","background-repeat":"repeat","background-position":"center center","background-size":"auto","background-attachment":"scroll","background-type":"","background-media":"","overlay-type":"","overlay-color":"","overlay-opacity":"","overlay-gradient":""},"tablet":{"background-color":"var(--ast-global-color-4)","background-image":"","background-repeat":"repeat","background-position":"center center","background-size":"auto","background-attachment":"scroll","background-type":"","background-media":"","overlay-type":"","overlay-color":"","overlay-opacity":"","overlay-gradient":""},"mobile":{"background-color":"var(--ast-global-color-4)","background-image":"","background-repeat":"repeat","background-position":"center center","background-size":"auto","background-attachment":"scroll","background-type":"","background-media":"","overlay-type":"","overlay-color":"","overlay-opacity":"","overlay-gradient":""}},"footnotes":""},"categories":[20,1],"tags":[],"class_list":["post-2416","post","type-post","status-publish","format-standard","has-post-thumbnail","hentry","category-international","category-football-latest-news"],"yoast_head":"<!-- This site is optimized with the Yoast SEO Premium plugin v26.6 (Yoast SEO v27.5) - https:\/\/yoast.com\/product\/yoast-seo-premium-wordpress\/ -->\n<title>Raheem Sterling open to staying in London amid interest - Bladna News<\/title>\n<meta name=\"robots\" content=\"index, follow, max-snippet:-1, max-image-preview:large, max-video-preview:-1\" \/>\n<link rel=\"canonical\" href=\"https:\/\/bladnanews.com\/fr\/raheem-sterling-ouvert-a-rester-a-londres-malgre-linteret\/\" \/>\n<meta property=\"og:locale\" content=\"fr_FR\" \/>\n<meta property=\"og:type\" content=\"article\" \/>\n<meta property=\"og:title\" content=\"Raheem Sterling open to staying in London amid interest\" \/>\n<meta property=\"og:description\" content=\"Raheem Sterling is open to staying in London despite suggestions he is ready to move away from the capital, with [&hellip;]\" \/>\n<meta property=\"og:url\" content=\"https:\/\/bladnanews.com\/fr\/raheem-sterling-ouvert-a-rester-a-londres-malgre-linteret\/\" \/>\n<meta property=\"og:site_name\" content=\"Bladna News\" \/>\n<meta property=\"article:published_time\" content=\"2026-01-04T09:23:43+00:00\" \/>\n<meta property=\"og:image\" content=\"https:\/\/bladnanews.com\/wp-content\/uploads\/2026\/01\/BladnaNews-Raheem-Sterling-open-to-staying-in-London-amid-interest-2026-01-04T095113.156Z.jpg\" \/>\n\t<meta property=\"og:image:width\" content=\"2560\" \/>\n\t<meta property=\"og:image:height\" content=\"1440\" \/>\n\t<meta property=\"og:image:type\" content=\"image\/jpeg\" \/>\n<meta name=\"author\" content=\"Bladna News Staff\" \/>\n<meta name=\"twitter:card\" content=\"summary_large_image\" \/>\n<meta name=\"twitter:label1\" content=\"\u00c9crit par\" \/>\n\t<meta name=\"twitter:data1\" content=\"Bladna News Staff\" \/>\n\t<meta name=\"twitter:label2\" content=\"Dur\u00e9e de lecture estim\u00e9e\" \/>\n\t<meta name=\"twitter:data2\" content=\"1 minute\" \/>\n<script type=\"application\/ld+json\" class=\"yoast-schema-graph\">{\"@context\":\"https:\\\/\\\/schema.org\",\"@graph\":[{\"@type\":\"Article\",\"@id\":\"https:\\\/\\\/bladnanews.com\\\/raheem-sterling-open-to-staying-in-london-amid-interest\\\/#article\",\"isPartOf\":{\"@id\":\"https:\\\/\\\/bladnanews.com\\\/raheem-sterling-open-to-staying-in-london-amid-interest\\\/\"},\"author\":{\"name\":\"Bladna News Staff\",\"@id\":\"https:\\\/\\\/mediumseagreen-eel-531711.hostingersite.com\\\/#\\\/schema\\\/person\\\/268e18a453ab080ebf76df6ef7845083\"},\"headline\":\"Raheem Sterling open to staying in London amid interest\",\"datePublished\":\"2026-01-04T09:23:43+00:00\",\"mainEntityOfPage\":{\"@id\":\"https:\\\/\\\/bladnanews.com\\\/raheem-sterling-open-to-staying-in-london-amid-interest\\\/\"},\"wordCount\":231,\"publisher\":{\"@id\":\"https:\\\/\\\/mediumseagreen-eel-531711.hostingersite.com\\\/#organization\"},\"image\":{\"@id\":\"https:\\\/\\\/bladnanews.com\\\/raheem-sterling-open-to-staying-in-london-amid-interest\\\/#primaryimage\"},\"thumbnailUrl\":\"https:\\\/\\\/bladnanews.com\\\/wp-content\\\/uploads\\\/2026\\\/01\\\/BladnaNews-Raheem-Sterling-open-to-staying-in-London-amid-interest-2026-01-04T095113.156Z.jpg\",\"articleSection\":[\"International\",\"Latest News\"],\"inLanguage\":\"fr-FR\",\"copyrightYear\":\"2026\",\"copyrightHolder\":{\"@id\":\"https:\\\/\\\/bladnanews.com\\\/fr\\\/#organization\"}},{\"@type\":\"WebPage\",\"@id\":\"https:\\\/\\\/bladnanews.com\\\/raheem-sterling-open-to-staying-in-london-amid-interest\\\/\",\"url\":\"https:\\\/\\\/bladnanews.com\\\/raheem-sterling-open-to-staying-in-london-amid-interest\\\/\",\"name\":\"Raheem Sterling open to staying in London amid interest - Bladna News\",\"isPartOf\":{\"@id\":\"https:\\\/\\\/mediumseagreen-eel-531711.hostingersite.com\\\/#website\"},\"primaryImageOfPage\":{\"@id\":\"https:\\\/\\\/bladnanews.com\\\/raheem-sterling-open-to-staying-in-london-amid-interest\\\/#primaryimage\"},\"image\":{\"@id\":\"https:\\\/\\\/bladnanews.com\\\/raheem-sterling-open-to-staying-in-london-amid-interest\\\/#primaryimage\"},\"thumbnailUrl\":\"https:\\\/\\\/bladnanews.com\\\/wp-content\\\/uploads\\\/2026\\\/01\\\/BladnaNews-Raheem-Sterling-open-to-staying-in-London-amid-interest-2026-01-04T095113.156Z.jpg\",\"datePublished\":\"2026-01-04T09:23:43+00:00\",\"breadcrumb\":{\"@id\":\"https:\\\/\\\/bladnanews.com\\\/raheem-sterling-open-to-staying-in-london-amid-interest\\\/#breadcrumb\"},\"inLanguage\":\"fr-FR\",\"potentialAction\":[{\"@type\":\"ReadAction\",\"target\":[\"https:\\\/\\\/bladnanews.com\\\/raheem-sterling-open-to-staying-in-london-amid-interest\\\/\"]}]},{\"@type\":\"ImageObject\",\"inLanguage\":\"fr-FR\",\"@id\":\"https:\\\/\\\/bladnanews.com\\\/raheem-sterling-open-to-staying-in-london-amid-interest\\\/#primaryimage\",\"url\":\"https:\\\/\\\/bladnanews.com\\\/wp-content\\\/uploads\\\/2026\\\/01\\\/BladnaNews-Raheem-Sterling-open-to-staying-in-London-amid-interest-2026-01-04T095113.156Z.jpg\",\"contentUrl\":\"https:\\\/\\\/bladnanews.com\\\/wp-content\\\/uploads\\\/2026\\\/01\\\/BladnaNews-Raheem-Sterling-open-to-staying-in-London-amid-interest-2026-01-04T095113.156Z.jpg\",\"width\":2560,\"height\":1440,\"caption\":\"Raheem Sterling in a red and white football kit, looking thoughtfully away during a match, showcasing his distinctive braided hairstyle.\"},{\"@type\":\"BreadcrumbList\",\"@id\":\"https:\\\/\\\/bladnanews.com\\\/raheem-sterling-open-to-staying-in-london-amid-interest\\\/#breadcrumb\",\"itemListElement\":[{\"@type\":\"ListItem\",\"position\":1,\"name\":\"Home\",\"item\":\"https:\\\/\\\/bladnanews.com\\\/\"},{\"@type\":\"ListItem\",\"position\":2,\"name\":\"Raheem Sterling open to staying in London amid interest\"}]},{\"@type\":\"WebSite\",\"@id\":\"https:\\\/\\\/mediumseagreen-eel-531711.hostingersite.com\\\/#website\",\"url\":\"https:\\\/\\\/mediumseagreen-eel-531711.hostingersite.com\\\/\",\"name\":\"Bladna News - Morocco\",\"description\":\"Where Moroccan Football Meets the World\",\"publisher\":{\"@id\":\"https:\\\/\\\/mediumseagreen-eel-531711.hostingersite.com\\\/#organization\"},\"potentialAction\":[{\"@type\":\"SearchAction\",\"target\":{\"@type\":\"EntryPoint\",\"urlTemplate\":\"https:\\\/\\\/mediumseagreen-eel-531711.hostingersite.com\\\/?s={search_term_string}\"},\"query-input\":{\"@type\":\"PropertyValueSpecification\",\"valueRequired\":true,\"valueName\":\"search_term_string\"}}],\"inLanguage\":\"fr-FR\"},{\"@type\":\"Organization\",\"@id\":\"https:\\\/\\\/mediumseagreen-eel-531711.hostingersite.com\\\/#organization\",\"name\":\"Bladna News.com\",\"url\":\"https:\\\/\\\/mediumseagreen-eel-531711.hostingersite.com\\\/\",\"logo\":{\"@type\":\"ImageObject\",\"inLanguage\":\"fr-FR\",\"@id\":\"https:\\\/\\\/mediumseagreen-eel-531711.hostingersite.com\\\/#\\\/schema\\\/logo\\\/image\\\/\",\"url\":\"https:\\\/\\\/bladnanews.com\\\/wp-content\\\/uploads\\\/2025\\\/12\\\/logo-bladnanews-V2-web-black-red.png\",\"contentUrl\":\"https:\\\/\\\/bladnanews.com\\\/wp-content\\\/uploads\\\/2025\\\/12\\\/logo-bladnanews-V2-web-black-red.png\",\"width\":703,\"height\":287,\"caption\":\"Bladna News.com\"},\"image\":{\"@id\":\"https:\\\/\\\/mediumseagreen-eel-531711.hostingersite.com\\\/#\\\/schema\\\/logo\\\/image\\\/\"},\"email\":\"info@bladnanews.com\",\"legalName\":\"Bladna News\"},{\"@type\":\"Person\",\"@id\":\"https:\\\/\\\/mediumseagreen-eel-531711.hostingersite.com\\\/#\\\/schema\\\/person\\\/268e18a453ab080ebf76df6ef7845083\",\"name\":\"Bladna News Staff\",\"url\":\"https:\\\/\\\/bladnanews.com\\\/fr\\\/author\\\/bladna-news-staff\\\/\"}]}<\/script>\n<!-- \/ Yoast SEO Premium plugin. -->","yoast_head_json":{"title":"Raheem Sterling ouvert \u00e0 rester \u00e0 Londres malgr\u00e9 l'int\u00e9r\u00eat - Bladna News","robots":{"index":"index","follow":"follow","max-snippet":"max-snippet:-1","max-image-preview":"max-image-preview:large","max-video-preview":"max-video-preview:-1"},"canonical":"https:\/\/bladnanews.com\/fr\/raheem-sterling-ouvert-a-rester-a-londres-malgre-linteret\/","og_locale":"fr_FR","og_type":"article","og_title":"Raheem Sterling open to staying in London amid interest","og_description":"Raheem Sterling is open to staying in London despite suggestions he is ready to move away from the capital, with [&hellip;]","og_url":"https:\/\/bladnanews.com\/fr\/raheem-sterling-ouvert-a-rester-a-londres-malgre-linteret\/","og_site_name":"Bladna News","article_published_time":"2026-01-04T09:23:43+00:00","og_image":[{"width":2560,"height":1440,"url":"https:\/\/bladnanews.com\/wp-content\/uploads\/2026\/01\/BladnaNews-Raheem-Sterling-open-to-staying-in-London-amid-interest-2026-01-04T095113.156Z.jpg","type":"image\/jpeg"}],"author":"Bladna News Staff","twitter_card":"summary_large_image","twitter_misc":{"\u00c9crit par":"Bladna News Staff","Dur\u00e9e de lecture estim\u00e9e":"1 minute"},"schema":{"@context":"https:\/\/schema.org","@graph":[{"@type":"Article","@id":"https:\/\/bladnanews.com\/raheem-sterling-open-to-staying-in-london-amid-interest\/#article","isPartOf":{"@id":"https:\/\/bladnanews.com\/raheem-sterling-open-to-staying-in-london-amid-interest\/"},"author":{"name":"Bladna News Staff","@id":"https:\/\/mediumseagreen-eel-531711.hostingersite.com\/#\/schema\/person\/268e18a453ab080ebf76df6ef7845083"},"headline":"Raheem Sterling open to staying in London amid interest","datePublished":"2026-01-04T09:23:43+00:00","mainEntityOfPage":{"@id":"https:\/\/bladnanews.com\/raheem-sterling-open-to-staying-in-london-amid-interest\/"},"wordCount":231,"publisher":{"@id":"https:\/\/mediumseagreen-eel-531711.hostingersite.com\/#organization"},"image":{"@id":"https:\/\/bladnanews.com\/raheem-sterling-open-to-staying-in-london-amid-interest\/#primaryimage"},"thumbnailUrl":"https:\/\/bladnanews.com\/wp-content\/uploads\/2026\/01\/BladnaNews-Raheem-Sterling-open-to-staying-in-London-amid-interest-2026-01-04T095113.156Z.jpg","articleSection":["International","Latest News"],"inLanguage":"fr-FR","copyrightYear":"2026","copyrightHolder":{"@id":"https:\/\/bladnanews.com\/fr\/#organization"}},{"@type":"WebPage","@id":"https:\/\/bladnanews.com\/raheem-sterling-open-to-staying-in-london-amid-interest\/","url":"https:\/\/bladnanews.com\/raheem-sterling-open-to-staying-in-london-amid-interest\/","name":"Raheem Sterling ouvert \u00e0 rester \u00e0 Londres malgr\u00e9 l'int\u00e9r\u00eat - Bladna News","isPartOf":{"@id":"https:\/\/mediumseagreen-eel-531711.hostingersite.com\/#website"},"primaryImageOfPage":{"@id":"https:\/\/bladnanews.com\/raheem-sterling-open-to-staying-in-london-amid-interest\/#primaryimage"},"image":{"@id":"https:\/\/bladnanews.com\/raheem-sterling-open-to-staying-in-london-amid-interest\/#primaryimage"},"thumbnailUrl":"https:\/\/bladnanews.com\/wp-content\/uploads\/2026\/01\/BladnaNews-Raheem-Sterling-open-to-staying-in-London-amid-interest-2026-01-04T095113.156Z.jpg","datePublished":"2026-01-04T09:23:43+00:00","breadcrumb":{"@id":"https:\/\/bladnanews.com\/raheem-sterling-open-to-staying-in-london-amid-interest\/#breadcrumb"},"inLanguage":"fr-FR","potentialAction":[{"@type":"ReadAction","target":["https:\/\/bladnanews.com\/raheem-sterling-open-to-staying-in-london-amid-interest\/"]}]},{"@type":"ImageObject","inLanguage":"fr-FR","@id":"https:\/\/bladnanews.com\/raheem-sterling-open-to-staying-in-london-amid-interest\/#primaryimage","url":"https:\/\/bladnanews.com\/wp-content\/uploads\/2026\/01\/BladnaNews-Raheem-Sterling-open-to-staying-in-London-amid-interest-2026-01-04T095113.156Z.jpg","contentUrl":"https:\/\/bladnanews.com\/wp-content\/uploads\/2026\/01\/BladnaNews-Raheem-Sterling-open-to-staying-in-London-amid-interest-2026-01-04T095113.156Z.jpg","width":2560,"height":1440,"caption":"Raheem Sterling in a red and white football kit, looking thoughtfully away during a match, showcasing his distinctive braided hairstyle."},{"@type":"BreadcrumbList","@id":"https:\/\/bladnanews.com\/raheem-sterling-open-to-staying-in-london-amid-interest\/#breadcrumb","itemListElement":[{"@type":"ListItem","position":1,"name":"Home","item":"https:\/\/bladnanews.com\/"},{"@type":"ListItem","position":2,"name":"Raheem Sterling open to staying in London amid interest"}]},{"@type":"WebSite","@id":"https:\/\/mediumseagreen-eel-531711.hostingersite.com\/#website","url":"https:\/\/mediumseagreen-eel-531711.hostingersite.com\/","name":"Bladna News - Maroc","description":"Quand le football marocain rencontre le monde","publisher":{"@id":"https:\/\/mediumseagreen-eel-531711.hostingersite.com\/#organization"},"potentialAction":[{"@type":"SearchAction","target":{"@type":"EntryPoint","urlTemplate":"https:\/\/mediumseagreen-eel-531711.hostingersite.com\/?s={search_term_string}"},"query-input":{"@type":"PropertyValueSpecification","valueRequired":true,"valueName":"search_term_string"}}],"inLanguage":"fr-FR"},{"@type":"Organization","@id":"https:\/\/mediumseagreen-eel-531711.hostingersite.com\/#organization","name":"Bladna News.com","url":"https:\/\/mediumseagreen-eel-531711.hostingersite.com\/","logo":{"@type":"ImageObject","inLanguage":"fr-FR","@id":"https:\/\/mediumseagreen-eel-531711.hostingersite.com\/#\/schema\/logo\/image\/","url":"https:\/\/bladnanews.com\/wp-content\/uploads\/2025\/12\/logo-bladnanews-V2-web-black-red.png","contentUrl":"https:\/\/bladnanews.com\/wp-content\/uploads\/2025\/12\/logo-bladnanews-V2-web-black-red.png","width":703,"height":287,"caption":"Bladna News.com"},"image":{"@id":"https:\/\/mediumseagreen-eel-531711.hostingersite.com\/#\/schema\/logo\/image\/"},"email":"info@bladnanews.com","legalName":"Bladna News"},{"@type":"Person","@id":"https:\/\/mediumseagreen-eel-531711.hostingersite.com\/#\/schema\/person\/268e18a453ab080ebf76df6ef7845083","name":"\u00c9quipe r\u00e9dactionnelle de Bladna News","url":"https:\/\/bladnanews.com\/fr\/author\/bladna-news-staff\/"}]}},"_links":{"self":[{"href":"https:\/\/bladnanews.com\/fr\/wp-json\/wp\/v2\/posts\/2416","targetHints":{"allow":["GET"]}}],"collection":[{"href":"https:\/\/bladnanews.com\/fr\/wp-json\/wp\/v2\/posts"}],"about":[{"href":"https:\/\/bladnanews.com\/fr\/wp-json\/wp\/v2\/types\/post"}],"author":[{"embeddable":true,"href":"https:\/\/bladnanews.com\/fr\/wp-json\/wp\/v2\/users\/3"}],"replies":[{"embeddable":true,"href":"https:\/\/bladnanews.com\/fr\/wp-json\/wp\/v2\/comments?post=2416"}],"version-history":[{"count":0,"href":"https:\/\/bladnanews.com\/fr\/wp-json\/wp\/v2\/posts\/2416\/revisions"}],"wp:featuredmedia":[{"embeddable":true,"href":"https:\/\/bladnanews.com\/fr\/wp-json\/wp\/v2\/media\/2415"}],"wp:attachment":[{"href":"https:\/\/bladnanews.com\/fr\/wp-json\/wp\/v2\/media?parent=2416"}],"wp:term":[{"taxonomy":"category","embeddable":true,"href":"https:\/\/bladnanews.com\/fr\/wp-json\/wp\/v2\/categories?post=2416"},{"taxonomy":"post_tag","embeddable":true,"href":"https:\/\/bladnanews.com\/fr\/wp-json\/wp\/v2\/tags?post=2416"}],"curies":[{"name":"wp","href":"https:\/\/api.w.org\/{rel}","templated":true}]}}