{"id":2508,"date":"2026-01-04T09:27:14","date_gmt":"2026-01-04T09:27:14","guid":{"rendered":"https:\/\/bladnanews.com\/liam-rosenior-faces-premier-league-questions-as-strasbourg-boss\/"},"modified":"2026-01-04T09:27:14","modified_gmt":"2026-01-04T09:27:14","slug":"liam-rosenior-confronte-aux-interrogations-de-la-premier-league-en-tant-que-manager-de-strasbourg","status":"publish","type":"post","link":"https:\/\/bladnanews.com\/fr\/liam-rosenior-confronte-aux-interrogations-de-la-premier-league-en-tant-que-manager-de-strasbourg\/","title":{"rendered":"Liam Rosenior est confront\u00e9 \u00e0 des questions de Premier League en tant que patron de Strasbourg"},"content":{"rendered":"<p>Liam Rosenior a \u00e9t\u00e9 confront\u00e9 \u00e0 de nouvelles interrogations sur son avenir en tant qu'entra\u00eeneur principal de Strasbourg, alors que les rapports continuent de l'associer \u00e0 un \u00e9ventuel transfert en Premier League, Chelsea \u00e9tant mentionn\u00e9 parmi les clubs surveillant sa situation.<\/p>\n<p>Le quadrag\u00e9naire a subi une pression soutenue de la part des journalistes lors d'une apparition m\u00e9diatique, \u00e9tant interrog\u00e9 \u00e0 plusieurs reprises sur ces rumeurs et sur sa possible candidature \u00e0 un poste dans l'\u00e9lite anglaise.<\/p>\n<p>Rosenior n'a laiss\u00e9 transpara\u00eetre aucun indice sugg\u00e9rant qu'un transfert \u00e9tait imminent. Il a plut\u00f4t tent\u00e9 de maintenir l'attention sur son travail actuel en France, insistant sur le fait que sa priorit\u00e9 restait Strasbourg et la mission confi\u00e9e \u00e0 son effectif.<\/p>\n<p>L'ancien manager de Hull City est cr\u00e9dit\u00e9 pour son impact depuis son arriv\u00e9e au club de Ligue 1, et son nom est largement \u00e9voqu\u00e9 comme l'un des entra\u00eeneurs regard\u00e9s favorablement par la direction propri\u00e9taire de Chelsea.<\/p>\n<p>La situation n'a pas \u00e9t\u00e9 arrang\u00e9e par l'attention constante port\u00e9e aux changements manag\u00e9riaux potentiels en Angleterre, et le sang-froid de Rosenior a de nouveau \u00e9t\u00e9 mis \u00e0 l'\u00e9preuve alors qu'on le pressait de donner des r\u00e9ponses claires sur la suite.<\/p>\n<p>Pour l'instant, aucune d\u00e9cision officielle n'a \u00e9t\u00e9 confirm\u00e9e, et Rosenior poursuit sa mission \u00e0 Strasbourg, tandis que les questions sur un retour en Premier League refusent de dispara\u00eetre.<\/p>","protected":false},"excerpt":{"rendered":"<p>Liam Rosenior faced fresh questions over his future as Strasbourg head coach as reports continued to link him with a [&hellip;]<\/p>\n","protected":false},"author":3,"featured_media":2507,"comment_status":"","ping_status":"open","sticky":false,"template":"","format":"standard","meta":{"googlesitekit_rrm_CAow_uzEDA:productID":"","site-sidebar-layout":"default","site-content-layout":"","ast-site-content-layout":"default","site-content-style":"default","site-sidebar-style":"default","ast-global-header-display":"","ast-banner-title-visibility":"","ast-main-header-display":"","ast-hfb-above-header-display":"","ast-hfb-below-header-display":"","ast-hfb-mobile-header-display":"","site-post-title":"","ast-breadcrumbs-content":"","ast-featured-img":"","footer-sml-layout":"","ast-disable-related-posts":"","theme-transparent-header-meta":"","adv-header-id-meta":"","stick-header-meta":"","header-above-stick-meta":"","header-main-stick-meta":"","header-below-stick-meta":"","astra-migrate-meta-layouts":"default","ast-page-background-enabled":"default","ast-page-background-meta":{"desktop":{"background-color":"var(--ast-global-color-5)","background-image":"","background-repeat":"repeat","background-position":"center center","background-size":"auto","background-attachment":"scroll","background-type":"","background-media":"","overlay-type":"","overlay-color":"","overlay-opacity":"","overlay-gradient":""},"tablet":{"background-color":"","background-image":"","background-repeat":"repeat","background-position":"center center","background-size":"auto","background-attachment":"scroll","background-type":"","background-media":"","overlay-type":"","overlay-color":"","overlay-opacity":"","overlay-gradient":""},"mobile":{"background-color":"","background-image":"","background-repeat":"repeat","background-position":"center center","background-size":"auto","background-attachment":"scroll","background-type":"","background-media":"","overlay-type":"","overlay-color":"","overlay-opacity":"","overlay-gradient":""}},"ast-content-background-meta":{"desktop":{"background-color":"var(--ast-global-color-4)","background-image":"","background-repeat":"repeat","background-position":"center center","background-size":"auto","background-attachment":"scroll","background-type":"","background-media":"","overlay-type":"","overlay-color":"","overlay-opacity":"","overlay-gradient":""},"tablet":{"background-color":"var(--ast-global-color-4)","background-image":"","background-repeat":"repeat","background-position":"center center","background-size":"auto","background-attachment":"scroll","background-type":"","background-media":"","overlay-type":"","overlay-color":"","overlay-opacity":"","overlay-gradient":""},"mobile":{"background-color":"var(--ast-global-color-4)","background-image":"","background-repeat":"repeat","background-position":"center center","background-size":"auto","background-attachment":"scroll","background-type":"","background-media":"","overlay-type":"","overlay-color":"","overlay-opacity":"","overlay-gradient":""}},"footnotes":""},"categories":[20,1],"tags":[],"class_list":["post-2508","post","type-post","status-publish","format-standard","has-post-thumbnail","hentry","category-international","category-football-latest-news"],"yoast_head":"<!-- This site is optimized with the Yoast SEO Premium plugin v26.6 (Yoast SEO v27.5) - https:\/\/yoast.com\/product\/yoast-seo-premium-wordpress\/ -->\n<title>Liam Rosenior faces Premier League questions as Strasbourg boss - Bladna News<\/title>\n<meta name=\"robots\" content=\"index, follow, max-snippet:-1, max-image-preview:large, max-video-preview:-1\" \/>\n<link rel=\"canonical\" href=\"https:\/\/bladnanews.com\/fr\/liam-rosenior-confronte-aux-interrogations-de-la-premier-league-en-tant-que-manager-de-strasbourg\/\" \/>\n<meta property=\"og:locale\" content=\"fr_FR\" \/>\n<meta property=\"og:type\" content=\"article\" \/>\n<meta property=\"og:title\" content=\"Liam Rosenior faces Premier League questions as Strasbourg boss\" \/>\n<meta property=\"og:description\" content=\"Liam Rosenior faced fresh questions over his future as Strasbourg head coach as reports continued to link him with a [&hellip;]\" \/>\n<meta property=\"og:url\" content=\"https:\/\/bladnanews.com\/fr\/liam-rosenior-confronte-aux-interrogations-de-la-premier-league-en-tant-que-manager-de-strasbourg\/\" \/>\n<meta property=\"og:site_name\" content=\"Bladna News\" \/>\n<meta property=\"article:published_time\" content=\"2026-01-04T09:27:14+00:00\" \/>\n<meta property=\"og:image\" content=\"https:\/\/bladnanews.com\/wp-content\/uploads\/2026\/01\/BladnaNews-Liam-Rosenior-faces-Premier-League-questions-as-Strasbourg-boss-2026-01-04T115035.609Z.jpg\" \/>\n\t<meta property=\"og:image:width\" content=\"1600\" \/>\n\t<meta property=\"og:image:height\" content=\"900\" \/>\n\t<meta property=\"og:image:type\" content=\"image\/jpeg\" \/>\n<meta name=\"author\" content=\"Bladna News Staff\" \/>\n<meta name=\"twitter:card\" content=\"summary_large_image\" \/>\n<meta name=\"twitter:label1\" content=\"\u00c9crit par\" \/>\n\t<meta name=\"twitter:data1\" content=\"Bladna News Staff\" \/>\n\t<meta name=\"twitter:label2\" content=\"Dur\u00e9e de lecture estim\u00e9e\" \/>\n\t<meta name=\"twitter:data2\" content=\"1 minute\" \/>\n<script type=\"application\/ld+json\" class=\"yoast-schema-graph\">{\"@context\":\"https:\\\/\\\/schema.org\",\"@graph\":[{\"@type\":\"Article\",\"@id\":\"https:\\\/\\\/bladnanews.com\\\/liam-rosenior-faces-premier-league-questions-as-strasbourg-boss\\\/#article\",\"isPartOf\":{\"@id\":\"https:\\\/\\\/bladnanews.com\\\/liam-rosenior-faces-premier-league-questions-as-strasbourg-boss\\\/\"},\"author\":{\"name\":\"Bladna News Staff\",\"@id\":\"https:\\\/\\\/mediumseagreen-eel-531711.hostingersite.com\\\/#\\\/schema\\\/person\\\/268e18a453ab080ebf76df6ef7845083\"},\"headline\":\"Liam Rosenior faces Premier League questions as Strasbourg boss\",\"datePublished\":\"2026-01-04T09:27:14+00:00\",\"mainEntityOfPage\":{\"@id\":\"https:\\\/\\\/bladnanews.com\\\/liam-rosenior-faces-premier-league-questions-as-strasbourg-boss\\\/\"},\"wordCount\":209,\"publisher\":{\"@id\":\"https:\\\/\\\/mediumseagreen-eel-531711.hostingersite.com\\\/#organization\"},\"image\":{\"@id\":\"https:\\\/\\\/bladnanews.com\\\/liam-rosenior-faces-premier-league-questions-as-strasbourg-boss\\\/#primaryimage\"},\"thumbnailUrl\":\"https:\\\/\\\/bladnanews.com\\\/wp-content\\\/uploads\\\/2026\\\/01\\\/BladnaNews-Liam-Rosenior-faces-Premier-League-questions-as-Strasbourg-boss-2026-01-04T115035.609Z.jpg\",\"articleSection\":[\"International\",\"Latest News\"],\"inLanguage\":\"fr-FR\",\"copyrightYear\":\"2026\",\"copyrightHolder\":{\"@id\":\"https:\\\/\\\/bladnanews.com\\\/fr\\\/#organization\"}},{\"@type\":\"WebPage\",\"@id\":\"https:\\\/\\\/bladnanews.com\\\/liam-rosenior-faces-premier-league-questions-as-strasbourg-boss\\\/\",\"url\":\"https:\\\/\\\/bladnanews.com\\\/liam-rosenior-faces-premier-league-questions-as-strasbourg-boss\\\/\",\"name\":\"Liam Rosenior faces Premier League questions as Strasbourg boss - Bladna News\",\"isPartOf\":{\"@id\":\"https:\\\/\\\/mediumseagreen-eel-531711.hostingersite.com\\\/#website\"},\"primaryImageOfPage\":{\"@id\":\"https:\\\/\\\/bladnanews.com\\\/liam-rosenior-faces-premier-league-questions-as-strasbourg-boss\\\/#primaryimage\"},\"image\":{\"@id\":\"https:\\\/\\\/bladnanews.com\\\/liam-rosenior-faces-premier-league-questions-as-strasbourg-boss\\\/#primaryimage\"},\"thumbnailUrl\":\"https:\\\/\\\/bladnanews.com\\\/wp-content\\\/uploads\\\/2026\\\/01\\\/BladnaNews-Liam-Rosenior-faces-Premier-League-questions-as-Strasbourg-boss-2026-01-04T115035.609Z.jpg\",\"datePublished\":\"2026-01-04T09:27:14+00:00\",\"breadcrumb\":{\"@id\":\"https:\\\/\\\/bladnanews.com\\\/liam-rosenior-faces-premier-league-questions-as-strasbourg-boss\\\/#breadcrumb\"},\"inLanguage\":\"fr-FR\",\"potentialAction\":[{\"@type\":\"ReadAction\",\"target\":[\"https:\\\/\\\/bladnanews.com\\\/liam-rosenior-faces-premier-league-questions-as-strasbourg-boss\\\/\"]}]},{\"@type\":\"ImageObject\",\"inLanguage\":\"fr-FR\",\"@id\":\"https:\\\/\\\/bladnanews.com\\\/liam-rosenior-faces-premier-league-questions-as-strasbourg-boss\\\/#primaryimage\",\"url\":\"https:\\\/\\\/bladnanews.com\\\/wp-content\\\/uploads\\\/2026\\\/01\\\/BladnaNews-Liam-Rosenior-faces-Premier-League-questions-as-Strasbourg-boss-2026-01-04T115035.609Z.jpg\",\"contentUrl\":\"https:\\\/\\\/bladnanews.com\\\/wp-content\\\/uploads\\\/2026\\\/01\\\/BladnaNews-Liam-Rosenior-faces-Premier-League-questions-as-Strasbourg-boss-2026-01-04T115035.609Z.jpg\",\"width\":1600,\"height\":900,\"caption\":\"Liam Rosenior looks thoughtfully on, wearing glasses and a white hoodie under a black coat, amidst a football stadium backdrop.\"},{\"@type\":\"BreadcrumbList\",\"@id\":\"https:\\\/\\\/bladnanews.com\\\/liam-rosenior-faces-premier-league-questions-as-strasbourg-boss\\\/#breadcrumb\",\"itemListElement\":[{\"@type\":\"ListItem\",\"position\":1,\"name\":\"Home\",\"item\":\"https:\\\/\\\/bladnanews.com\\\/\"},{\"@type\":\"ListItem\",\"position\":2,\"name\":\"Liam Rosenior faces Premier League questions as Strasbourg boss\"}]},{\"@type\":\"WebSite\",\"@id\":\"https:\\\/\\\/mediumseagreen-eel-531711.hostingersite.com\\\/#website\",\"url\":\"https:\\\/\\\/mediumseagreen-eel-531711.hostingersite.com\\\/\",\"name\":\"Bladna News - Morocco\",\"description\":\"Where Moroccan Football Meets the World\",\"publisher\":{\"@id\":\"https:\\\/\\\/mediumseagreen-eel-531711.hostingersite.com\\\/#organization\"},\"potentialAction\":[{\"@type\":\"SearchAction\",\"target\":{\"@type\":\"EntryPoint\",\"urlTemplate\":\"https:\\\/\\\/mediumseagreen-eel-531711.hostingersite.com\\\/?s={search_term_string}\"},\"query-input\":{\"@type\":\"PropertyValueSpecification\",\"valueRequired\":true,\"valueName\":\"search_term_string\"}}],\"inLanguage\":\"fr-FR\"},{\"@type\":\"Organization\",\"@id\":\"https:\\\/\\\/mediumseagreen-eel-531711.hostingersite.com\\\/#organization\",\"name\":\"Bladna News.com\",\"url\":\"https:\\\/\\\/mediumseagreen-eel-531711.hostingersite.com\\\/\",\"logo\":{\"@type\":\"ImageObject\",\"inLanguage\":\"fr-FR\",\"@id\":\"https:\\\/\\\/mediumseagreen-eel-531711.hostingersite.com\\\/#\\\/schema\\\/logo\\\/image\\\/\",\"url\":\"https:\\\/\\\/bladnanews.com\\\/wp-content\\\/uploads\\\/2025\\\/12\\\/logo-bladnanews-V2-web-black-red.png\",\"contentUrl\":\"https:\\\/\\\/bladnanews.com\\\/wp-content\\\/uploads\\\/2025\\\/12\\\/logo-bladnanews-V2-web-black-red.png\",\"width\":703,\"height\":287,\"caption\":\"Bladna News.com\"},\"image\":{\"@id\":\"https:\\\/\\\/mediumseagreen-eel-531711.hostingersite.com\\\/#\\\/schema\\\/logo\\\/image\\\/\"},\"email\":\"info@bladnanews.com\",\"legalName\":\"Bladna News\"},{\"@type\":\"Person\",\"@id\":\"https:\\\/\\\/mediumseagreen-eel-531711.hostingersite.com\\\/#\\\/schema\\\/person\\\/268e18a453ab080ebf76df6ef7845083\",\"name\":\"Bladna News Staff\",\"url\":\"https:\\\/\\\/bladnanews.com\\\/fr\\\/author\\\/bladna-news-staff\\\/\"}]}<\/script>\n<!-- \/ Yoast SEO Premium plugin. -->","yoast_head_json":{"title":"Liam Rosenior confront\u00e9 aux questions de la Premier League en tant que patron de Strasbourg - Bladna News","robots":{"index":"index","follow":"follow","max-snippet":"max-snippet:-1","max-image-preview":"max-image-preview:large","max-video-preview":"max-video-preview:-1"},"canonical":"https:\/\/bladnanews.com\/fr\/liam-rosenior-confronte-aux-interrogations-de-la-premier-league-en-tant-que-manager-de-strasbourg\/","og_locale":"fr_FR","og_type":"article","og_title":"Liam Rosenior faces Premier League questions as Strasbourg boss","og_description":"Liam Rosenior faced fresh questions over his future as Strasbourg head coach as reports continued to link him with a [&hellip;]","og_url":"https:\/\/bladnanews.com\/fr\/liam-rosenior-confronte-aux-interrogations-de-la-premier-league-en-tant-que-manager-de-strasbourg\/","og_site_name":"Bladna News","article_published_time":"2026-01-04T09:27:14+00:00","og_image":[{"width":1600,"height":900,"url":"https:\/\/bladnanews.com\/wp-content\/uploads\/2026\/01\/BladnaNews-Liam-Rosenior-faces-Premier-League-questions-as-Strasbourg-boss-2026-01-04T115035.609Z.jpg","type":"image\/jpeg"}],"author":"Bladna News Staff","twitter_card":"summary_large_image","twitter_misc":{"\u00c9crit par":"Bladna News Staff","Dur\u00e9e de lecture estim\u00e9e":"1 minute"},"schema":{"@context":"https:\/\/schema.org","@graph":[{"@type":"Article","@id":"https:\/\/bladnanews.com\/liam-rosenior-faces-premier-league-questions-as-strasbourg-boss\/#article","isPartOf":{"@id":"https:\/\/bladnanews.com\/liam-rosenior-faces-premier-league-questions-as-strasbourg-boss\/"},"author":{"name":"Bladna News Staff","@id":"https:\/\/mediumseagreen-eel-531711.hostingersite.com\/#\/schema\/person\/268e18a453ab080ebf76df6ef7845083"},"headline":"Liam Rosenior faces Premier League questions as Strasbourg boss","datePublished":"2026-01-04T09:27:14+00:00","mainEntityOfPage":{"@id":"https:\/\/bladnanews.com\/liam-rosenior-faces-premier-league-questions-as-strasbourg-boss\/"},"wordCount":209,"publisher":{"@id":"https:\/\/mediumseagreen-eel-531711.hostingersite.com\/#organization"},"image":{"@id":"https:\/\/bladnanews.com\/liam-rosenior-faces-premier-league-questions-as-strasbourg-boss\/#primaryimage"},"thumbnailUrl":"https:\/\/bladnanews.com\/wp-content\/uploads\/2026\/01\/BladnaNews-Liam-Rosenior-faces-Premier-League-questions-as-Strasbourg-boss-2026-01-04T115035.609Z.jpg","articleSection":["International","Latest News"],"inLanguage":"fr-FR","copyrightYear":"2026","copyrightHolder":{"@id":"https:\/\/bladnanews.com\/fr\/#organization"}},{"@type":"WebPage","@id":"https:\/\/bladnanews.com\/liam-rosenior-faces-premier-league-questions-as-strasbourg-boss\/","url":"https:\/\/bladnanews.com\/liam-rosenior-faces-premier-league-questions-as-strasbourg-boss\/","name":"Liam Rosenior confront\u00e9 aux questions de la Premier League en tant que patron de Strasbourg - Bladna News","isPartOf":{"@id":"https:\/\/mediumseagreen-eel-531711.hostingersite.com\/#website"},"primaryImageOfPage":{"@id":"https:\/\/bladnanews.com\/liam-rosenior-faces-premier-league-questions-as-strasbourg-boss\/#primaryimage"},"image":{"@id":"https:\/\/bladnanews.com\/liam-rosenior-faces-premier-league-questions-as-strasbourg-boss\/#primaryimage"},"thumbnailUrl":"https:\/\/bladnanews.com\/wp-content\/uploads\/2026\/01\/BladnaNews-Liam-Rosenior-faces-Premier-League-questions-as-Strasbourg-boss-2026-01-04T115035.609Z.jpg","datePublished":"2026-01-04T09:27:14+00:00","breadcrumb":{"@id":"https:\/\/bladnanews.com\/liam-rosenior-faces-premier-league-questions-as-strasbourg-boss\/#breadcrumb"},"inLanguage":"fr-FR","potentialAction":[{"@type":"ReadAction","target":["https:\/\/bladnanews.com\/liam-rosenior-faces-premier-league-questions-as-strasbourg-boss\/"]}]},{"@type":"ImageObject","inLanguage":"fr-FR","@id":"https:\/\/bladnanews.com\/liam-rosenior-faces-premier-league-questions-as-strasbourg-boss\/#primaryimage","url":"https:\/\/bladnanews.com\/wp-content\/uploads\/2026\/01\/BladnaNews-Liam-Rosenior-faces-Premier-League-questions-as-Strasbourg-boss-2026-01-04T115035.609Z.jpg","contentUrl":"https:\/\/bladnanews.com\/wp-content\/uploads\/2026\/01\/BladnaNews-Liam-Rosenior-faces-Premier-League-questions-as-Strasbourg-boss-2026-01-04T115035.609Z.jpg","width":1600,"height":900,"caption":"Liam Rosenior looks thoughtfully on, wearing glasses and a white hoodie under a black coat, amidst a football stadium backdrop."},{"@type":"BreadcrumbList","@id":"https:\/\/bladnanews.com\/liam-rosenior-faces-premier-league-questions-as-strasbourg-boss\/#breadcrumb","itemListElement":[{"@type":"ListItem","position":1,"name":"Home","item":"https:\/\/bladnanews.com\/"},{"@type":"ListItem","position":2,"name":"Liam Rosenior faces Premier League questions as Strasbourg boss"}]},{"@type":"WebSite","@id":"https:\/\/mediumseagreen-eel-531711.hostingersite.com\/#website","url":"https:\/\/mediumseagreen-eel-531711.hostingersite.com\/","name":"Bladna News - Maroc","description":"Quand le football marocain rencontre le monde","publisher":{"@id":"https:\/\/mediumseagreen-eel-531711.hostingersite.com\/#organization"},"potentialAction":[{"@type":"SearchAction","target":{"@type":"EntryPoint","urlTemplate":"https:\/\/mediumseagreen-eel-531711.hostingersite.com\/?s={search_term_string}"},"query-input":{"@type":"PropertyValueSpecification","valueRequired":true,"valueName":"search_term_string"}}],"inLanguage":"fr-FR"},{"@type":"Organization","@id":"https:\/\/mediumseagreen-eel-531711.hostingersite.com\/#organization","name":"Bladna News.com","url":"https:\/\/mediumseagreen-eel-531711.hostingersite.com\/","logo":{"@type":"ImageObject","inLanguage":"fr-FR","@id":"https:\/\/mediumseagreen-eel-531711.hostingersite.com\/#\/schema\/logo\/image\/","url":"https:\/\/bladnanews.com\/wp-content\/uploads\/2025\/12\/logo-bladnanews-V2-web-black-red.png","contentUrl":"https:\/\/bladnanews.com\/wp-content\/uploads\/2025\/12\/logo-bladnanews-V2-web-black-red.png","width":703,"height":287,"caption":"Bladna News.com"},"image":{"@id":"https:\/\/mediumseagreen-eel-531711.hostingersite.com\/#\/schema\/logo\/image\/"},"email":"info@bladnanews.com","legalName":"Bladna News"},{"@type":"Person","@id":"https:\/\/mediumseagreen-eel-531711.hostingersite.com\/#\/schema\/person\/268e18a453ab080ebf76df6ef7845083","name":"\u00c9quipe r\u00e9dactionnelle de Bladna News","url":"https:\/\/bladnanews.com\/fr\/author\/bladna-news-staff\/"}]}},"_links":{"self":[{"href":"https:\/\/bladnanews.com\/fr\/wp-json\/wp\/v2\/posts\/2508","targetHints":{"allow":["GET"]}}],"collection":[{"href":"https:\/\/bladnanews.com\/fr\/wp-json\/wp\/v2\/posts"}],"about":[{"href":"https:\/\/bladnanews.com\/fr\/wp-json\/wp\/v2\/types\/post"}],"author":[{"embeddable":true,"href":"https:\/\/bladnanews.com\/fr\/wp-json\/wp\/v2\/users\/3"}],"replies":[{"embeddable":true,"href":"https:\/\/bladnanews.com\/fr\/wp-json\/wp\/v2\/comments?post=2508"}],"version-history":[{"count":0,"href":"https:\/\/bladnanews.com\/fr\/wp-json\/wp\/v2\/posts\/2508\/revisions"}],"wp:featuredmedia":[{"embeddable":true,"href":"https:\/\/bladnanews.com\/fr\/wp-json\/wp\/v2\/media\/2507"}],"wp:attachment":[{"href":"https:\/\/bladnanews.com\/fr\/wp-json\/wp\/v2\/media?parent=2508"}],"wp:term":[{"taxonomy":"category","embeddable":true,"href":"https:\/\/bladnanews.com\/fr\/wp-json\/wp\/v2\/categories?post=2508"},{"taxonomy":"post_tag","embeddable":true,"href":"https:\/\/bladnanews.com\/fr\/wp-json\/wp\/v2\/tags?post=2508"}],"curies":[{"name":"wp","href":"https:\/\/api.w.org\/{rel}","templated":true}]}}