{"id":2512,"date":"2026-01-04T10:58:54","date_gmt":"2026-01-04T10:58:54","guid":{"rendered":"https:\/\/bladnanews.com\/jurgen-klopp-emerges-as-chelsea-dream-manager-candidate\/"},"modified":"2026-01-04T10:58:54","modified_gmt":"2026-01-04T10:58:54","slug":"jurgen-klopp-emerge-comme-candidat-ideal-pour-le-poste-dentraineur-de-chelsea","status":"publish","type":"post","link":"https:\/\/bladnanews.com\/fr\/jurgen-klopp-emerge-comme-candidat-ideal-pour-le-poste-dentraineur-de-chelsea\/","title":{"rendered":"Jurgen Klopp \u00e9merge comme candidat id\u00e9al pour le poste d'entra\u00eeneur de Chelsea"},"content":{"rendered":"<p>Jurgen Klopp a \u00e9t\u00e9 d\u00e9crit comme un candidat manag\u00e9rial \u201c de r\u00eave \u201d pour Chelsea, m\u00eame si l'ancien entra\u00eeneur de Liverpool s'\u00e9loigne actuellement de la gestion de premi\u00e8re ligne.<\/p>\n<p>Klopp a quitt\u00e9 Anfield \u00e0 la fin de la saison 2023-24 apr\u00e8s avoir remport\u00e9 tous les grands honneurs disponibles pour lui \u00e0 Merseyside, y compris la Premier League et la Ligue des champions. Il a depuis parl\u00e9 de la n\u00e9cessit\u00e9 de faire une pause face aux pressions du poste, insistant sur le fait qu'il ne retournerait pas \u00e0 la gestion \u00e0 court terme.<\/p>\n<p>Malgr\u00e9 cela, le nom de Klopp continue d'\u00eatre associ\u00e9 \u00e0 des r\u00f4les d'\u00e9lite \u00e0 travers l'Europe, et Chelsea est le dernier club mentionn\u00e9 dans cette conversation. Les Blues ont travers\u00e9 un certain nombre de changements d'entra\u00eeneurs ces derni\u00e8res saisons et restent une \u00e9quipe avec des attentes de comp\u00e9tition au plus haut niveau de la Premier League.<\/p>\n<p>Une l\u00e9gende de Chelsea a maintenant sugg\u00e9r\u00e9 que Klopp serait le genre de nomination que les supporters du club adoreraient, le qualifiant d'option \u201c de r\u00eave \u201d. Cependant, l'ancien joueur a \u00e9galement averti que esp\u00e9rer un tel mouvement est \u201c mental \u201d compte tenu de la situation actuelle de Klopp et de son d\u00e9sir d\u00e9clar\u00e9 de prendre du temps loin du banc.<\/p>\n<p>Pour l'instant, il n'y a pas de mouvement confirm\u00e9 et aucune indication que Klopp se pr\u00e9pare \u00e0 revenir. Mais sa position dans le jeu signifie que son avenir continuera d'attirer l'attention, Chelsea \u00e9tant parmi les clubs dont on parle chaque fois que le prochain grand poste devient disponible.<\/p>","protected":false},"excerpt":{"rendered":"<p>Jurgen Klopp has been described as a \u201cdream\u201d managerial candidate for Chelsea, even though the former Liverpool boss is currently [&hellip;]<\/p>\n","protected":false},"author":3,"featured_media":2511,"comment_status":"","ping_status":"open","sticky":false,"template":"","format":"standard","meta":{"googlesitekit_rrm_CAow_uzEDA:productID":"","site-sidebar-layout":"default","site-content-layout":"","ast-site-content-layout":"default","site-content-style":"default","site-sidebar-style":"default","ast-global-header-display":"","ast-banner-title-visibility":"","ast-main-header-display":"","ast-hfb-above-header-display":"","ast-hfb-below-header-display":"","ast-hfb-mobile-header-display":"","site-post-title":"","ast-breadcrumbs-content":"","ast-featured-img":"","footer-sml-layout":"","ast-disable-related-posts":"","theme-transparent-header-meta":"","adv-header-id-meta":"","stick-header-meta":"","header-above-stick-meta":"","header-main-stick-meta":"","header-below-stick-meta":"","astra-migrate-meta-layouts":"default","ast-page-background-enabled":"default","ast-page-background-meta":{"desktop":{"background-color":"var(--ast-global-color-5)","background-image":"","background-repeat":"repeat","background-position":"center center","background-size":"auto","background-attachment":"scroll","background-type":"","background-media":"","overlay-type":"","overlay-color":"","overlay-opacity":"","overlay-gradient":""},"tablet":{"background-color":"","background-image":"","background-repeat":"repeat","background-position":"center center","background-size":"auto","background-attachment":"scroll","background-type":"","background-media":"","overlay-type":"","overlay-color":"","overlay-opacity":"","overlay-gradient":""},"mobile":{"background-color":"","background-image":"","background-repeat":"repeat","background-position":"center center","background-size":"auto","background-attachment":"scroll","background-type":"","background-media":"","overlay-type":"","overlay-color":"","overlay-opacity":"","overlay-gradient":""}},"ast-content-background-meta":{"desktop":{"background-color":"var(--ast-global-color-4)","background-image":"","background-repeat":"repeat","background-position":"center center","background-size":"auto","background-attachment":"scroll","background-type":"","background-media":"","overlay-type":"","overlay-color":"","overlay-opacity":"","overlay-gradient":""},"tablet":{"background-color":"var(--ast-global-color-4)","background-image":"","background-repeat":"repeat","background-position":"center center","background-size":"auto","background-attachment":"scroll","background-type":"","background-media":"","overlay-type":"","overlay-color":"","overlay-opacity":"","overlay-gradient":""},"mobile":{"background-color":"var(--ast-global-color-4)","background-image":"","background-repeat":"repeat","background-position":"center center","background-size":"auto","background-attachment":"scroll","background-type":"","background-media":"","overlay-type":"","overlay-color":"","overlay-opacity":"","overlay-gradient":""}},"footnotes":""},"categories":[20,1],"tags":[],"class_list":["post-2512","post","type-post","status-publish","format-standard","has-post-thumbnail","hentry","category-international","category-football-latest-news"],"yoast_head":"<!-- This site is optimized with the Yoast SEO Premium plugin v26.6 (Yoast SEO v27.5) - https:\/\/yoast.com\/product\/yoast-seo-premium-wordpress\/ -->\n<title>Jurgen Klopp emerges as Chelsea dream manager candidate - Bladna News<\/title>\n<meta name=\"robots\" content=\"index, follow, max-snippet:-1, max-image-preview:large, max-video-preview:-1\" \/>\n<link rel=\"canonical\" href=\"https:\/\/bladnanews.com\/fr\/jurgen-klopp-emerge-comme-candidat-ideal-pour-le-poste-dentraineur-de-chelsea\/\" \/>\n<meta property=\"og:locale\" content=\"fr_FR\" \/>\n<meta property=\"og:type\" content=\"article\" \/>\n<meta property=\"og:title\" content=\"Jurgen Klopp emerges as Chelsea dream manager candidate\" \/>\n<meta property=\"og:description\" content=\"Jurgen Klopp has been described as a \u201cdream\u201d managerial candidate for Chelsea, even though the former Liverpool boss is currently [&hellip;]\" \/>\n<meta property=\"og:url\" content=\"https:\/\/bladnanews.com\/fr\/jurgen-klopp-emerge-comme-candidat-ideal-pour-le-poste-dentraineur-de-chelsea\/\" \/>\n<meta property=\"og:site_name\" content=\"Bladna News\" \/>\n<meta property=\"article:published_time\" content=\"2026-01-04T10:58:54+00:00\" \/>\n<meta property=\"og:image\" content=\"https:\/\/bladnanews.com\/wp-content\/uploads\/2026\/01\/BladnaNews-Jurgen-Klopp-emerges-as-Chelsea-dream-manager-candidate-2026-01-04T115110.513Z.jpg\" \/>\n\t<meta property=\"og:image:width\" content=\"1600\" \/>\n\t<meta property=\"og:image:height\" content=\"900\" \/>\n\t<meta property=\"og:image:type\" content=\"image\/jpeg\" \/>\n<meta name=\"author\" content=\"Bladna News Staff\" \/>\n<meta name=\"twitter:card\" content=\"summary_large_image\" \/>\n<meta name=\"twitter:label1\" content=\"\u00c9crit par\" \/>\n\t<meta name=\"twitter:data1\" content=\"Bladna News Staff\" \/>\n\t<meta name=\"twitter:label2\" content=\"Dur\u00e9e de lecture estim\u00e9e\" \/>\n\t<meta name=\"twitter:data2\" content=\"1 minute\" \/>\n<script type=\"application\/ld+json\" class=\"yoast-schema-graph\">{\"@context\":\"https:\\\/\\\/schema.org\",\"@graph\":[{\"@type\":\"Article\",\"@id\":\"https:\\\/\\\/bladnanews.com\\\/nl\\\/jurgen-klopp-emerges-as-chelsea-dream-manager-candidate\\\/#article\",\"isPartOf\":{\"@id\":\"https:\\\/\\\/bladnanews.com\\\/nl\\\/jurgen-klopp-emerges-as-chelsea-dream-manager-candidate\\\/\"},\"author\":{\"name\":\"Bladna News Staff\",\"@id\":\"https:\\\/\\\/mediumseagreen-eel-531711.hostingersite.com\\\/#\\\/schema\\\/person\\\/268e18a453ab080ebf76df6ef7845083\"},\"headline\":\"Jurgen Klopp emerges as Chelsea dream manager candidate\",\"datePublished\":\"2026-01-04T10:58:54+00:00\",\"mainEntityOfPage\":{\"@id\":\"https:\\\/\\\/bladnanews.com\\\/nl\\\/jurgen-klopp-emerges-as-chelsea-dream-manager-candidate\\\/\"},\"wordCount\":239,\"publisher\":{\"@id\":\"https:\\\/\\\/mediumseagreen-eel-531711.hostingersite.com\\\/#organization\"},\"image\":{\"@id\":\"https:\\\/\\\/bladnanews.com\\\/nl\\\/jurgen-klopp-emerges-as-chelsea-dream-manager-candidate\\\/#primaryimage\"},\"thumbnailUrl\":\"https:\\\/\\\/bladnanews.com\\\/wp-content\\\/uploads\\\/2026\\\/01\\\/BladnaNews-Jurgen-Klopp-emerges-as-Chelsea-dream-manager-candidate-2026-01-04T115110.513Z.jpg\",\"articleSection\":[\"International\",\"Latest News\"],\"inLanguage\":\"fr-FR\",\"copyrightYear\":\"2026\",\"copyrightHolder\":{\"@id\":\"https:\\\/\\\/bladnanews.com\\\/fr\\\/#organization\"}},{\"@type\":\"WebPage\",\"@id\":\"https:\\\/\\\/bladnanews.com\\\/nl\\\/jurgen-klopp-emerges-as-chelsea-dream-manager-candidate\\\/\",\"url\":\"https:\\\/\\\/bladnanews.com\\\/nl\\\/jurgen-klopp-emerges-as-chelsea-dream-manager-candidate\\\/\",\"name\":\"Jurgen Klopp emerges as Chelsea dream manager candidate - Bladna News\",\"isPartOf\":{\"@id\":\"https:\\\/\\\/mediumseagreen-eel-531711.hostingersite.com\\\/#website\"},\"primaryImageOfPage\":{\"@id\":\"https:\\\/\\\/bladnanews.com\\\/nl\\\/jurgen-klopp-emerges-as-chelsea-dream-manager-candidate\\\/#primaryimage\"},\"image\":{\"@id\":\"https:\\\/\\\/bladnanews.com\\\/nl\\\/jurgen-klopp-emerges-as-chelsea-dream-manager-candidate\\\/#primaryimage\"},\"thumbnailUrl\":\"https:\\\/\\\/bladnanews.com\\\/wp-content\\\/uploads\\\/2026\\\/01\\\/BladnaNews-Jurgen-Klopp-emerges-as-Chelsea-dream-manager-candidate-2026-01-04T115110.513Z.jpg\",\"datePublished\":\"2026-01-04T10:58:54+00:00\",\"breadcrumb\":{\"@id\":\"https:\\\/\\\/bladnanews.com\\\/nl\\\/jurgen-klopp-emerges-as-chelsea-dream-manager-candidate\\\/#breadcrumb\"},\"inLanguage\":\"fr-FR\",\"potentialAction\":[{\"@type\":\"ReadAction\",\"target\":[\"https:\\\/\\\/bladnanews.com\\\/nl\\\/jurgen-klopp-emerges-as-chelsea-dream-manager-candidate\\\/\"]}]},{\"@type\":\"ImageObject\",\"inLanguage\":\"fr-FR\",\"@id\":\"https:\\\/\\\/bladnanews.com\\\/nl\\\/jurgen-klopp-emerges-as-chelsea-dream-manager-candidate\\\/#primaryimage\",\"url\":\"https:\\\/\\\/bladnanews.com\\\/wp-content\\\/uploads\\\/2026\\\/01\\\/BladnaNews-Jurgen-Klopp-emerges-as-Chelsea-dream-manager-candidate-2026-01-04T115110.513Z.jpg\",\"contentUrl\":\"https:\\\/\\\/bladnanews.com\\\/wp-content\\\/uploads\\\/2026\\\/01\\\/BladnaNews-Jurgen-Klopp-emerges-as-Chelsea-dream-manager-candidate-2026-01-04T115110.513Z.jpg\",\"width\":1600,\"height\":900,\"caption\":\"Jurgen Klopp smiles confidently, set against the Chelsea FC logo, highlighting potential managerial interest in the club.\"},{\"@type\":\"BreadcrumbList\",\"@id\":\"https:\\\/\\\/bladnanews.com\\\/nl\\\/jurgen-klopp-emerges-as-chelsea-dream-manager-candidate\\\/#breadcrumb\",\"itemListElement\":[{\"@type\":\"ListItem\",\"position\":1,\"name\":\"Home\",\"item\":\"https:\\\/\\\/bladnanews.com\\\/\"},{\"@type\":\"ListItem\",\"position\":2,\"name\":\"Jurgen Klopp emerges as Chelsea dream manager candidate\"}]},{\"@type\":\"WebSite\",\"@id\":\"https:\\\/\\\/mediumseagreen-eel-531711.hostingersite.com\\\/#website\",\"url\":\"https:\\\/\\\/mediumseagreen-eel-531711.hostingersite.com\\\/\",\"name\":\"Bladna News - Morocco\",\"description\":\"Where Moroccan Football Meets the World\",\"publisher\":{\"@id\":\"https:\\\/\\\/mediumseagreen-eel-531711.hostingersite.com\\\/#organization\"},\"potentialAction\":[{\"@type\":\"SearchAction\",\"target\":{\"@type\":\"EntryPoint\",\"urlTemplate\":\"https:\\\/\\\/mediumseagreen-eel-531711.hostingersite.com\\\/?s={search_term_string}\"},\"query-input\":{\"@type\":\"PropertyValueSpecification\",\"valueRequired\":true,\"valueName\":\"search_term_string\"}}],\"inLanguage\":\"fr-FR\"},{\"@type\":\"Organization\",\"@id\":\"https:\\\/\\\/mediumseagreen-eel-531711.hostingersite.com\\\/#organization\",\"name\":\"Bladna News.com\",\"url\":\"https:\\\/\\\/mediumseagreen-eel-531711.hostingersite.com\\\/\",\"logo\":{\"@type\":\"ImageObject\",\"inLanguage\":\"fr-FR\",\"@id\":\"https:\\\/\\\/mediumseagreen-eel-531711.hostingersite.com\\\/#\\\/schema\\\/logo\\\/image\\\/\",\"url\":\"https:\\\/\\\/bladnanews.com\\\/wp-content\\\/uploads\\\/2025\\\/12\\\/logo-bladnanews-V2-web-black-red.png\",\"contentUrl\":\"https:\\\/\\\/bladnanews.com\\\/wp-content\\\/uploads\\\/2025\\\/12\\\/logo-bladnanews-V2-web-black-red.png\",\"width\":703,\"height\":287,\"caption\":\"Bladna News.com\"},\"image\":{\"@id\":\"https:\\\/\\\/mediumseagreen-eel-531711.hostingersite.com\\\/#\\\/schema\\\/logo\\\/image\\\/\"},\"email\":\"info@bladnanews.com\",\"legalName\":\"Bladna News\"},{\"@type\":\"Person\",\"@id\":\"https:\\\/\\\/mediumseagreen-eel-531711.hostingersite.com\\\/#\\\/schema\\\/person\\\/268e18a453ab080ebf76df6ef7845083\",\"name\":\"Bladna News Staff\",\"url\":\"https:\\\/\\\/bladnanews.com\\\/fr\\\/author\\\/bladna-news-staff\\\/\"}]}<\/script>\n<!-- \/ Yoast SEO Premium plugin. -->","yoast_head_json":{"title":"Jurgen Klopp \u00e9merge comme candidat id\u00e9al pour le poste d'entra\u00eeneur de Chelsea - Bladna News","robots":{"index":"index","follow":"follow","max-snippet":"max-snippet:-1","max-image-preview":"max-image-preview:large","max-video-preview":"max-video-preview:-1"},"canonical":"https:\/\/bladnanews.com\/fr\/jurgen-klopp-emerge-comme-candidat-ideal-pour-le-poste-dentraineur-de-chelsea\/","og_locale":"fr_FR","og_type":"article","og_title":"Jurgen Klopp emerges as Chelsea dream manager candidate","og_description":"Jurgen Klopp has been described as a \u201cdream\u201d managerial candidate for Chelsea, even though the former Liverpool boss is currently [&hellip;]","og_url":"https:\/\/bladnanews.com\/fr\/jurgen-klopp-emerge-comme-candidat-ideal-pour-le-poste-dentraineur-de-chelsea\/","og_site_name":"Bladna News","article_published_time":"2026-01-04T10:58:54+00:00","og_image":[{"width":1600,"height":900,"url":"https:\/\/bladnanews.com\/wp-content\/uploads\/2026\/01\/BladnaNews-Jurgen-Klopp-emerges-as-Chelsea-dream-manager-candidate-2026-01-04T115110.513Z.jpg","type":"image\/jpeg"}],"author":"Bladna News Staff","twitter_card":"summary_large_image","twitter_misc":{"\u00c9crit par":"Bladna News Staff","Dur\u00e9e de lecture estim\u00e9e":"1 minute"},"schema":{"@context":"https:\/\/schema.org","@graph":[{"@type":"Article","@id":"https:\/\/bladnanews.com\/nl\/jurgen-klopp-emerges-as-chelsea-dream-manager-candidate\/#article","isPartOf":{"@id":"https:\/\/bladnanews.com\/nl\/jurgen-klopp-emerges-as-chelsea-dream-manager-candidate\/"},"author":{"name":"Bladna News Staff","@id":"https:\/\/mediumseagreen-eel-531711.hostingersite.com\/#\/schema\/person\/268e18a453ab080ebf76df6ef7845083"},"headline":"Jurgen Klopp emerges as Chelsea dream manager candidate","datePublished":"2026-01-04T10:58:54+00:00","mainEntityOfPage":{"@id":"https:\/\/bladnanews.com\/nl\/jurgen-klopp-emerges-as-chelsea-dream-manager-candidate\/"},"wordCount":239,"publisher":{"@id":"https:\/\/mediumseagreen-eel-531711.hostingersite.com\/#organization"},"image":{"@id":"https:\/\/bladnanews.com\/nl\/jurgen-klopp-emerges-as-chelsea-dream-manager-candidate\/#primaryimage"},"thumbnailUrl":"https:\/\/bladnanews.com\/wp-content\/uploads\/2026\/01\/BladnaNews-Jurgen-Klopp-emerges-as-Chelsea-dream-manager-candidate-2026-01-04T115110.513Z.jpg","articleSection":["International","Latest News"],"inLanguage":"fr-FR","copyrightYear":"2026","copyrightHolder":{"@id":"https:\/\/bladnanews.com\/fr\/#organization"}},{"@type":"WebPage","@id":"https:\/\/bladnanews.com\/nl\/jurgen-klopp-emerges-as-chelsea-dream-manager-candidate\/","url":"https:\/\/bladnanews.com\/nl\/jurgen-klopp-emerges-as-chelsea-dream-manager-candidate\/","name":"Jurgen Klopp \u00e9merge comme candidat id\u00e9al pour le poste d'entra\u00eeneur de Chelsea - Bladna News","isPartOf":{"@id":"https:\/\/mediumseagreen-eel-531711.hostingersite.com\/#website"},"primaryImageOfPage":{"@id":"https:\/\/bladnanews.com\/nl\/jurgen-klopp-emerges-as-chelsea-dream-manager-candidate\/#primaryimage"},"image":{"@id":"https:\/\/bladnanews.com\/nl\/jurgen-klopp-emerges-as-chelsea-dream-manager-candidate\/#primaryimage"},"thumbnailUrl":"https:\/\/bladnanews.com\/wp-content\/uploads\/2026\/01\/BladnaNews-Jurgen-Klopp-emerges-as-Chelsea-dream-manager-candidate-2026-01-04T115110.513Z.jpg","datePublished":"2026-01-04T10:58:54+00:00","breadcrumb":{"@id":"https:\/\/bladnanews.com\/nl\/jurgen-klopp-emerges-as-chelsea-dream-manager-candidate\/#breadcrumb"},"inLanguage":"fr-FR","potentialAction":[{"@type":"ReadAction","target":["https:\/\/bladnanews.com\/nl\/jurgen-klopp-emerges-as-chelsea-dream-manager-candidate\/"]}]},{"@type":"ImageObject","inLanguage":"fr-FR","@id":"https:\/\/bladnanews.com\/nl\/jurgen-klopp-emerges-as-chelsea-dream-manager-candidate\/#primaryimage","url":"https:\/\/bladnanews.com\/wp-content\/uploads\/2026\/01\/BladnaNews-Jurgen-Klopp-emerges-as-Chelsea-dream-manager-candidate-2026-01-04T115110.513Z.jpg","contentUrl":"https:\/\/bladnanews.com\/wp-content\/uploads\/2026\/01\/BladnaNews-Jurgen-Klopp-emerges-as-Chelsea-dream-manager-candidate-2026-01-04T115110.513Z.jpg","width":1600,"height":900,"caption":"Jurgen Klopp smiles confidently, set against the Chelsea FC logo, highlighting potential managerial interest in the club."},{"@type":"BreadcrumbList","@id":"https:\/\/bladnanews.com\/nl\/jurgen-klopp-emerges-as-chelsea-dream-manager-candidate\/#breadcrumb","itemListElement":[{"@type":"ListItem","position":1,"name":"Home","item":"https:\/\/bladnanews.com\/"},{"@type":"ListItem","position":2,"name":"Jurgen Klopp emerges as Chelsea dream manager candidate"}]},{"@type":"WebSite","@id":"https:\/\/mediumseagreen-eel-531711.hostingersite.com\/#website","url":"https:\/\/mediumseagreen-eel-531711.hostingersite.com\/","name":"Bladna News - Maroc","description":"Quand le football marocain rencontre le monde","publisher":{"@id":"https:\/\/mediumseagreen-eel-531711.hostingersite.com\/#organization"},"potentialAction":[{"@type":"SearchAction","target":{"@type":"EntryPoint","urlTemplate":"https:\/\/mediumseagreen-eel-531711.hostingersite.com\/?s={search_term_string}"},"query-input":{"@type":"PropertyValueSpecification","valueRequired":true,"valueName":"search_term_string"}}],"inLanguage":"fr-FR"},{"@type":"Organization","@id":"https:\/\/mediumseagreen-eel-531711.hostingersite.com\/#organization","name":"Bladna News.com","url":"https:\/\/mediumseagreen-eel-531711.hostingersite.com\/","logo":{"@type":"ImageObject","inLanguage":"fr-FR","@id":"https:\/\/mediumseagreen-eel-531711.hostingersite.com\/#\/schema\/logo\/image\/","url":"https:\/\/bladnanews.com\/wp-content\/uploads\/2025\/12\/logo-bladnanews-V2-web-black-red.png","contentUrl":"https:\/\/bladnanews.com\/wp-content\/uploads\/2025\/12\/logo-bladnanews-V2-web-black-red.png","width":703,"height":287,"caption":"Bladna News.com"},"image":{"@id":"https:\/\/mediumseagreen-eel-531711.hostingersite.com\/#\/schema\/logo\/image\/"},"email":"info@bladnanews.com","legalName":"Bladna News"},{"@type":"Person","@id":"https:\/\/mediumseagreen-eel-531711.hostingersite.com\/#\/schema\/person\/268e18a453ab080ebf76df6ef7845083","name":"\u00c9quipe r\u00e9dactionnelle de Bladna News","url":"https:\/\/bladnanews.com\/fr\/author\/bladna-news-staff\/"}]}},"_links":{"self":[{"href":"https:\/\/bladnanews.com\/fr\/wp-json\/wp\/v2\/posts\/2512","targetHints":{"allow":["GET"]}}],"collection":[{"href":"https:\/\/bladnanews.com\/fr\/wp-json\/wp\/v2\/posts"}],"about":[{"href":"https:\/\/bladnanews.com\/fr\/wp-json\/wp\/v2\/types\/post"}],"author":[{"embeddable":true,"href":"https:\/\/bladnanews.com\/fr\/wp-json\/wp\/v2\/users\/3"}],"replies":[{"embeddable":true,"href":"https:\/\/bladnanews.com\/fr\/wp-json\/wp\/v2\/comments?post=2512"}],"version-history":[{"count":0,"href":"https:\/\/bladnanews.com\/fr\/wp-json\/wp\/v2\/posts\/2512\/revisions"}],"wp:featuredmedia":[{"embeddable":true,"href":"https:\/\/bladnanews.com\/fr\/wp-json\/wp\/v2\/media\/2511"}],"wp:attachment":[{"href":"https:\/\/bladnanews.com\/fr\/wp-json\/wp\/v2\/media?parent=2512"}],"wp:term":[{"taxonomy":"category","embeddable":true,"href":"https:\/\/bladnanews.com\/fr\/wp-json\/wp\/v2\/categories?post=2512"},{"taxonomy":"post_tag","embeddable":true,"href":"https:\/\/bladnanews.com\/fr\/wp-json\/wp\/v2\/tags?post=2512"}],"curies":[{"name":"wp","href":"https:\/\/api.w.org\/{rel}","templated":true}]}}