{"id":2609,"date":"2026-01-04T11:58:06","date_gmt":"2026-01-04T11:58:06","guid":{"rendered":"https:\/\/bladnanews.com\/declan-rice-hails-arsenal-summer-signing-as-unreal\/"},"modified":"2026-01-04T11:58:06","modified_gmt":"2026-01-04T11:58:06","slug":"declan-rice-qualifie-la-signature-estivale-darsenal-dirreelle","status":"publish","type":"post","link":"https:\/\/bladnanews.com\/fr\/declan-rice-qualifie-la-signature-estivale-darsenal-dirreelle\/","title":{"rendered":"Declan Rice salue la signature estivale d'Arsenal comme irr\u00e9elle"},"content":{"rendered":"<p>Declan Rice a qualifi\u00e9 le recrutement estival d'Arsenal d\u201c\u201d irr\u00e9el \u00bb apr\u00e8s que les Gunners ont consolid\u00e9 leur position en t\u00eate du classement de Premier League.<\/p>\n<p>Arsenal a \u00e9largi son avance au sommet avec un autre r\u00e9sultat important, maintenant son \u00e9lan alors que la course au titre continue de s'intensifier. Cette victoire a permis \u00e0 l'\u00e9quipe de Mikel Arteta de rester en t\u00eate, le club du nord de Londres continuant de dicter le rythme dans l'\u00e9lite anglaise.<\/p>\n<p>Apr\u00e8s le coup de sifflet final, Rice s'est empress\u00e9 de distinguer l'une des nouvelles recrues pour des \u00e9loges particuliers, admettant avoir \u00e9t\u00e9 impressionn\u00e9 par l'impact de ce joueur depuis son arriv\u00e9e \u00e0 l'\u00e9t\u00e9.<\/p>\n<p><strong>\u201c Il a \u00e9t\u00e9 irr\u00e9el \u201d,\u201d<\/strong> a d\u00e9clar\u00e9 Rice, soulignant la rapidit\u00e9 avec laquelle le joueur s'est int\u00e9gr\u00e9 au syst\u00e8me d'Arteta et l'influence qu'il exerce d\u00e9j\u00e0 sur les performances d'Arsenal.<\/p>\n<p>Les commentaires de Rice refl\u00e8tent l'\u00e9tat d'esprit au sein de l'effectif, alors qu'Arsenal cherche \u00e0 maintenir son bon d\u00e9part et \u00e0 poursuivre sa qu\u00eate de r\u00e9gularit\u00e9 dans les deux surfaces. Le milieu de terrain a lui-m\u00eame \u00e9t\u00e9 central dans cette s\u00e9rie, mais il tenait \u00e0 souligner la contribution du recrue estivale apr\u00e8s une nouvelle soir\u00e9e s'achevant avec Arsenal toujours leader de la Premier League.<\/p>","protected":false},"excerpt":{"rendered":"<p>Declan Rice has hailed Arsenal\u2019s summer signing as \u201cunreal\u201d after the Gunners strengthened their position at the top of the [&hellip;]<\/p>\n","protected":false},"author":3,"featured_media":2608,"comment_status":"","ping_status":"open","sticky":false,"template":"","format":"standard","meta":{"googlesitekit_rrm_CAow_uzEDA:productID":"","site-sidebar-layout":"default","site-content-layout":"","ast-site-content-layout":"default","site-content-style":"default","site-sidebar-style":"default","ast-global-header-display":"","ast-banner-title-visibility":"","ast-main-header-display":"","ast-hfb-above-header-display":"","ast-hfb-below-header-display":"","ast-hfb-mobile-header-display":"","site-post-title":"","ast-breadcrumbs-content":"","ast-featured-img":"","footer-sml-layout":"","ast-disable-related-posts":"","theme-transparent-header-meta":"","adv-header-id-meta":"","stick-header-meta":"","header-above-stick-meta":"","header-main-stick-meta":"","header-below-stick-meta":"","astra-migrate-meta-layouts":"default","ast-page-background-enabled":"default","ast-page-background-meta":{"desktop":{"background-color":"var(--ast-global-color-5)","background-image":"","background-repeat":"repeat","background-position":"center center","background-size":"auto","background-attachment":"scroll","background-type":"","background-media":"","overlay-type":"","overlay-color":"","overlay-opacity":"","overlay-gradient":""},"tablet":{"background-color":"","background-image":"","background-repeat":"repeat","background-position":"center center","background-size":"auto","background-attachment":"scroll","background-type":"","background-media":"","overlay-type":"","overlay-color":"","overlay-opacity":"","overlay-gradient":""},"mobile":{"background-color":"","background-image":"","background-repeat":"repeat","background-position":"center center","background-size":"auto","background-attachment":"scroll","background-type":"","background-media":"","overlay-type":"","overlay-color":"","overlay-opacity":"","overlay-gradient":""}},"ast-content-background-meta":{"desktop":{"background-color":"var(--ast-global-color-4)","background-image":"","background-repeat":"repeat","background-position":"center center","background-size":"auto","background-attachment":"scroll","background-type":"","background-media":"","overlay-type":"","overlay-color":"","overlay-opacity":"","overlay-gradient":""},"tablet":{"background-color":"var(--ast-global-color-4)","background-image":"","background-repeat":"repeat","background-position":"center center","background-size":"auto","background-attachment":"scroll","background-type":"","background-media":"","overlay-type":"","overlay-color":"","overlay-opacity":"","overlay-gradient":""},"mobile":{"background-color":"var(--ast-global-color-4)","background-image":"","background-repeat":"repeat","background-position":"center center","background-size":"auto","background-attachment":"scroll","background-type":"","background-media":"","overlay-type":"","overlay-color":"","overlay-opacity":"","overlay-gradient":""}},"footnotes":""},"categories":[20,1],"tags":[],"class_list":["post-2609","post","type-post","status-publish","format-standard","has-post-thumbnail","hentry","category-international","category-football-latest-news"],"yoast_head":"<!-- This site is optimized with the Yoast SEO Premium plugin v26.6 (Yoast SEO v27.5) - https:\/\/yoast.com\/product\/yoast-seo-premium-wordpress\/ -->\n<title>Declan Rice hails Arsenal summer signing as unreal - Bladna News<\/title>\n<meta name=\"robots\" content=\"index, follow, max-snippet:-1, max-image-preview:large, max-video-preview:-1\" \/>\n<link rel=\"canonical\" href=\"https:\/\/mediumseagreen-eel-531711.hostingersite.com\/declan-rice-hails-arsenal-summer-signing-as-unreal\/\" \/>\n<meta property=\"og:locale\" content=\"fr_FR\" \/>\n<meta property=\"og:type\" content=\"article\" \/>\n<meta property=\"og:title\" content=\"Declan Rice hails Arsenal summer signing as unreal\" \/>\n<meta property=\"og:description\" content=\"Declan Rice has hailed Arsenal\u2019s summer signing as \u201cunreal\u201d after the Gunners strengthened their position at the top of the [&hellip;]\" \/>\n<meta property=\"og:url\" content=\"https:\/\/mediumseagreen-eel-531711.hostingersite.com\/declan-rice-hails-arsenal-summer-signing-as-unreal\/\" \/>\n<meta property=\"og:site_name\" content=\"Bladna News\" \/>\n<meta property=\"article:published_time\" content=\"2026-01-04T11:58:06+00:00\" \/>\n<meta property=\"og:image\" content=\"https:\/\/mediumseagreen-eel-531711.hostingersite.com\/wp-content\/uploads\/2026\/01\/BladnaNews-Declan-Rice-hails-Arsenal-summer-signing-as-unreal-2026-01-04T135035.634Z.jpg\" \/>\n\t<meta property=\"og:image:width\" content=\"2560\" \/>\n\t<meta property=\"og:image:height\" content=\"1440\" \/>\n\t<meta property=\"og:image:type\" content=\"image\/jpeg\" \/>\n<meta name=\"author\" content=\"Bladna News Staff\" \/>\n<meta name=\"twitter:card\" content=\"summary_large_image\" \/>\n<meta name=\"twitter:label1\" content=\"\u00c9crit par\" \/>\n\t<meta name=\"twitter:data1\" content=\"Bladna News Staff\" \/>\n\t<meta name=\"twitter:label2\" content=\"Dur\u00e9e de lecture estim\u00e9e\" \/>\n\t<meta name=\"twitter:data2\" content=\"1 minute\" \/>\n<script type=\"application\/ld+json\" class=\"yoast-schema-graph\">{\"@context\":\"https:\\\/\\\/schema.org\",\"@graph\":[{\"@type\":\"Article\",\"@id\":\"https:\\\/\\\/mediumseagreen-eel-531711.hostingersite.com\\\/declan-rice-hails-arsenal-summer-signing-as-unreal\\\/#article\",\"isPartOf\":{\"@id\":\"https:\\\/\\\/mediumseagreen-eel-531711.hostingersite.com\\\/declan-rice-hails-arsenal-summer-signing-as-unreal\\\/\"},\"author\":{\"name\":\"Bladna News Staff\",\"@id\":\"https:\\\/\\\/mediumseagreen-eel-531711.hostingersite.com\\\/#\\\/schema\\\/person\\\/268e18a453ab080ebf76df6ef7845083\"},\"headline\":\"Declan Rice hails Arsenal summer signing as unreal\",\"datePublished\":\"2026-01-04T11:58:06+00:00\",\"mainEntityOfPage\":{\"@id\":\"https:\\\/\\\/mediumseagreen-eel-531711.hostingersite.com\\\/declan-rice-hails-arsenal-summer-signing-as-unreal\\\/\"},\"wordCount\":201,\"publisher\":{\"@id\":\"https:\\\/\\\/mediumseagreen-eel-531711.hostingersite.com\\\/#organization\"},\"image\":{\"@id\":\"https:\\\/\\\/mediumseagreen-eel-531711.hostingersite.com\\\/declan-rice-hails-arsenal-summer-signing-as-unreal\\\/#primaryimage\"},\"thumbnailUrl\":\"https:\\\/\\\/bladnanews.com\\\/wp-content\\\/uploads\\\/2026\\\/01\\\/BladnaNews-Declan-Rice-hails-Arsenal-summer-signing-as-unreal-2026-01-04T135035.634Z.jpg\",\"articleSection\":[\"International\",\"Latest News\"],\"inLanguage\":\"fr-FR\",\"copyrightYear\":\"2026\",\"copyrightHolder\":{\"@id\":\"https:\\\/\\\/bladnanews.com\\\/fr\\\/#organization\"}},{\"@type\":\"WebPage\",\"@id\":\"https:\\\/\\\/mediumseagreen-eel-531711.hostingersite.com\\\/declan-rice-hails-arsenal-summer-signing-as-unreal\\\/\",\"url\":\"https:\\\/\\\/mediumseagreen-eel-531711.hostingersite.com\\\/declan-rice-hails-arsenal-summer-signing-as-unreal\\\/\",\"name\":\"Declan Rice hails Arsenal summer signing as unreal - Bladna News\",\"isPartOf\":{\"@id\":\"https:\\\/\\\/mediumseagreen-eel-531711.hostingersite.com\\\/#website\"},\"primaryImageOfPage\":{\"@id\":\"https:\\\/\\\/mediumseagreen-eel-531711.hostingersite.com\\\/declan-rice-hails-arsenal-summer-signing-as-unreal\\\/#primaryimage\"},\"image\":{\"@id\":\"https:\\\/\\\/mediumseagreen-eel-531711.hostingersite.com\\\/declan-rice-hails-arsenal-summer-signing-as-unreal\\\/#primaryimage\"},\"thumbnailUrl\":\"https:\\\/\\\/bladnanews.com\\\/wp-content\\\/uploads\\\/2026\\\/01\\\/BladnaNews-Declan-Rice-hails-Arsenal-summer-signing-as-unreal-2026-01-04T135035.634Z.jpg\",\"datePublished\":\"2026-01-04T11:58:06+00:00\",\"breadcrumb\":{\"@id\":\"https:\\\/\\\/mediumseagreen-eel-531711.hostingersite.com\\\/declan-rice-hails-arsenal-summer-signing-as-unreal\\\/#breadcrumb\"},\"inLanguage\":\"fr-FR\",\"potentialAction\":[{\"@type\":\"ReadAction\",\"target\":[\"https:\\\/\\\/mediumseagreen-eel-531711.hostingersite.com\\\/declan-rice-hails-arsenal-summer-signing-as-unreal\\\/\"]}]},{\"@type\":\"ImageObject\",\"inLanguage\":\"fr-FR\",\"@id\":\"https:\\\/\\\/mediumseagreen-eel-531711.hostingersite.com\\\/declan-rice-hails-arsenal-summer-signing-as-unreal\\\/#primaryimage\",\"url\":\"https:\\\/\\\/bladnanews.com\\\/wp-content\\\/uploads\\\/2026\\\/01\\\/BladnaNews-Declan-Rice-hails-Arsenal-summer-signing-as-unreal-2026-01-04T135035.634Z.jpg\",\"contentUrl\":\"https:\\\/\\\/bladnanews.com\\\/wp-content\\\/uploads\\\/2026\\\/01\\\/BladnaNews-Declan-Rice-hails-Arsenal-summer-signing-as-unreal-2026-01-04T135035.634Z.jpg\",\"width\":2560,\"height\":1440,\"caption\":\"Arsenal players celebrate after a match, wearing white kits with red details, applauding the fans in the stadium.\"},{\"@type\":\"BreadcrumbList\",\"@id\":\"https:\\\/\\\/mediumseagreen-eel-531711.hostingersite.com\\\/declan-rice-hails-arsenal-summer-signing-as-unreal\\\/#breadcrumb\",\"itemListElement\":[{\"@type\":\"ListItem\",\"position\":1,\"name\":\"Home\",\"item\":\"https:\\\/\\\/bladnanews.com\\\/\"},{\"@type\":\"ListItem\",\"position\":2,\"name\":\"Declan Rice hails Arsenal summer signing as unreal\"}]},{\"@type\":\"WebSite\",\"@id\":\"https:\\\/\\\/mediumseagreen-eel-531711.hostingersite.com\\\/#website\",\"url\":\"https:\\\/\\\/mediumseagreen-eel-531711.hostingersite.com\\\/\",\"name\":\"Bladna News - Morocco\",\"description\":\"Where Moroccan Football Meets the World\",\"publisher\":{\"@id\":\"https:\\\/\\\/mediumseagreen-eel-531711.hostingersite.com\\\/#organization\"},\"potentialAction\":[{\"@type\":\"SearchAction\",\"target\":{\"@type\":\"EntryPoint\",\"urlTemplate\":\"https:\\\/\\\/mediumseagreen-eel-531711.hostingersite.com\\\/?s={search_term_string}\"},\"query-input\":{\"@type\":\"PropertyValueSpecification\",\"valueRequired\":true,\"valueName\":\"search_term_string\"}}],\"inLanguage\":\"fr-FR\"},{\"@type\":\"Organization\",\"@id\":\"https:\\\/\\\/mediumseagreen-eel-531711.hostingersite.com\\\/#organization\",\"name\":\"Bladna News.com\",\"url\":\"https:\\\/\\\/mediumseagreen-eel-531711.hostingersite.com\\\/\",\"logo\":{\"@type\":\"ImageObject\",\"inLanguage\":\"fr-FR\",\"@id\":\"https:\\\/\\\/mediumseagreen-eel-531711.hostingersite.com\\\/#\\\/schema\\\/logo\\\/image\\\/\",\"url\":\"https:\\\/\\\/bladnanews.com\\\/wp-content\\\/uploads\\\/2025\\\/12\\\/logo-bladnanews-V2-web-black-red.png\",\"contentUrl\":\"https:\\\/\\\/bladnanews.com\\\/wp-content\\\/uploads\\\/2025\\\/12\\\/logo-bladnanews-V2-web-black-red.png\",\"width\":703,\"height\":287,\"caption\":\"Bladna News.com\"},\"image\":{\"@id\":\"https:\\\/\\\/mediumseagreen-eel-531711.hostingersite.com\\\/#\\\/schema\\\/logo\\\/image\\\/\"},\"email\":\"info@bladnanews.com\",\"legalName\":\"Bladna News\"},{\"@type\":\"Person\",\"@id\":\"https:\\\/\\\/mediumseagreen-eel-531711.hostingersite.com\\\/#\\\/schema\\\/person\\\/268e18a453ab080ebf76df6ef7845083\",\"name\":\"Bladna News Staff\",\"url\":\"https:\\\/\\\/bladnanews.com\\\/fr\\\/author\\\/bladna-news-staff\\\/\"}]}<\/script>\n<!-- \/ Yoast SEO Premium plugin. -->","yoast_head_json":{"title":"Declan Rice salue la signature estivale d'Arsenal comme irr\u00e9elle - Bladna News","robots":{"index":"index","follow":"follow","max-snippet":"max-snippet:-1","max-image-preview":"max-image-preview:large","max-video-preview":"max-video-preview:-1"},"canonical":"https:\/\/mediumseagreen-eel-531711.hostingersite.com\/declan-rice-hails-arsenal-summer-signing-as-unreal\/","og_locale":"fr_FR","og_type":"article","og_title":"Declan Rice hails Arsenal summer signing as unreal","og_description":"Declan Rice has hailed Arsenal\u2019s summer signing as \u201cunreal\u201d after the Gunners strengthened their position at the top of the [&hellip;]","og_url":"https:\/\/mediumseagreen-eel-531711.hostingersite.com\/declan-rice-hails-arsenal-summer-signing-as-unreal\/","og_site_name":"Bladna News","article_published_time":"2026-01-04T11:58:06+00:00","og_image":[{"width":2560,"height":1440,"url":"https:\/\/mediumseagreen-eel-531711.hostingersite.com\/wp-content\/uploads\/2026\/01\/BladnaNews-Declan-Rice-hails-Arsenal-summer-signing-as-unreal-2026-01-04T135035.634Z.jpg","type":"image\/jpeg"}],"author":"Bladna News Staff","twitter_card":"summary_large_image","twitter_misc":{"\u00c9crit par":"Bladna News Staff","Dur\u00e9e de lecture estim\u00e9e":"1 minute"},"schema":{"@context":"https:\/\/schema.org","@graph":[{"@type":"Article","@id":"https:\/\/mediumseagreen-eel-531711.hostingersite.com\/declan-rice-hails-arsenal-summer-signing-as-unreal\/#article","isPartOf":{"@id":"https:\/\/mediumseagreen-eel-531711.hostingersite.com\/declan-rice-hails-arsenal-summer-signing-as-unreal\/"},"author":{"name":"Bladna News Staff","@id":"https:\/\/mediumseagreen-eel-531711.hostingersite.com\/#\/schema\/person\/268e18a453ab080ebf76df6ef7845083"},"headline":"Declan Rice hails Arsenal summer signing as unreal","datePublished":"2026-01-04T11:58:06+00:00","mainEntityOfPage":{"@id":"https:\/\/mediumseagreen-eel-531711.hostingersite.com\/declan-rice-hails-arsenal-summer-signing-as-unreal\/"},"wordCount":201,"publisher":{"@id":"https:\/\/mediumseagreen-eel-531711.hostingersite.com\/#organization"},"image":{"@id":"https:\/\/mediumseagreen-eel-531711.hostingersite.com\/declan-rice-hails-arsenal-summer-signing-as-unreal\/#primaryimage"},"thumbnailUrl":"https:\/\/bladnanews.com\/wp-content\/uploads\/2026\/01\/BladnaNews-Declan-Rice-hails-Arsenal-summer-signing-as-unreal-2026-01-04T135035.634Z.jpg","articleSection":["International","Latest News"],"inLanguage":"fr-FR","copyrightYear":"2026","copyrightHolder":{"@id":"https:\/\/bladnanews.com\/fr\/#organization"}},{"@type":"WebPage","@id":"https:\/\/mediumseagreen-eel-531711.hostingersite.com\/declan-rice-hails-arsenal-summer-signing-as-unreal\/","url":"https:\/\/mediumseagreen-eel-531711.hostingersite.com\/declan-rice-hails-arsenal-summer-signing-as-unreal\/","name":"Declan Rice salue la signature estivale d'Arsenal comme irr\u00e9elle - Bladna News","isPartOf":{"@id":"https:\/\/mediumseagreen-eel-531711.hostingersite.com\/#website"},"primaryImageOfPage":{"@id":"https:\/\/mediumseagreen-eel-531711.hostingersite.com\/declan-rice-hails-arsenal-summer-signing-as-unreal\/#primaryimage"},"image":{"@id":"https:\/\/mediumseagreen-eel-531711.hostingersite.com\/declan-rice-hails-arsenal-summer-signing-as-unreal\/#primaryimage"},"thumbnailUrl":"https:\/\/bladnanews.com\/wp-content\/uploads\/2026\/01\/BladnaNews-Declan-Rice-hails-Arsenal-summer-signing-as-unreal-2026-01-04T135035.634Z.jpg","datePublished":"2026-01-04T11:58:06+00:00","breadcrumb":{"@id":"https:\/\/mediumseagreen-eel-531711.hostingersite.com\/declan-rice-hails-arsenal-summer-signing-as-unreal\/#breadcrumb"},"inLanguage":"fr-FR","potentialAction":[{"@type":"ReadAction","target":["https:\/\/mediumseagreen-eel-531711.hostingersite.com\/declan-rice-hails-arsenal-summer-signing-as-unreal\/"]}]},{"@type":"ImageObject","inLanguage":"fr-FR","@id":"https:\/\/mediumseagreen-eel-531711.hostingersite.com\/declan-rice-hails-arsenal-summer-signing-as-unreal\/#primaryimage","url":"https:\/\/bladnanews.com\/wp-content\/uploads\/2026\/01\/BladnaNews-Declan-Rice-hails-Arsenal-summer-signing-as-unreal-2026-01-04T135035.634Z.jpg","contentUrl":"https:\/\/bladnanews.com\/wp-content\/uploads\/2026\/01\/BladnaNews-Declan-Rice-hails-Arsenal-summer-signing-as-unreal-2026-01-04T135035.634Z.jpg","width":2560,"height":1440,"caption":"Arsenal players celebrate after a match, wearing white kits with red details, applauding the fans in the stadium."},{"@type":"BreadcrumbList","@id":"https:\/\/mediumseagreen-eel-531711.hostingersite.com\/declan-rice-hails-arsenal-summer-signing-as-unreal\/#breadcrumb","itemListElement":[{"@type":"ListItem","position":1,"name":"Home","item":"https:\/\/bladnanews.com\/"},{"@type":"ListItem","position":2,"name":"Declan Rice hails Arsenal summer signing as unreal"}]},{"@type":"WebSite","@id":"https:\/\/mediumseagreen-eel-531711.hostingersite.com\/#website","url":"https:\/\/mediumseagreen-eel-531711.hostingersite.com\/","name":"Bladna News - Maroc","description":"Quand le football marocain rencontre le monde","publisher":{"@id":"https:\/\/mediumseagreen-eel-531711.hostingersite.com\/#organization"},"potentialAction":[{"@type":"SearchAction","target":{"@type":"EntryPoint","urlTemplate":"https:\/\/mediumseagreen-eel-531711.hostingersite.com\/?s={search_term_string}"},"query-input":{"@type":"PropertyValueSpecification","valueRequired":true,"valueName":"search_term_string"}}],"inLanguage":"fr-FR"},{"@type":"Organization","@id":"https:\/\/mediumseagreen-eel-531711.hostingersite.com\/#organization","name":"Bladna News.com","url":"https:\/\/mediumseagreen-eel-531711.hostingersite.com\/","logo":{"@type":"ImageObject","inLanguage":"fr-FR","@id":"https:\/\/mediumseagreen-eel-531711.hostingersite.com\/#\/schema\/logo\/image\/","url":"https:\/\/bladnanews.com\/wp-content\/uploads\/2025\/12\/logo-bladnanews-V2-web-black-red.png","contentUrl":"https:\/\/bladnanews.com\/wp-content\/uploads\/2025\/12\/logo-bladnanews-V2-web-black-red.png","width":703,"height":287,"caption":"Bladna News.com"},"image":{"@id":"https:\/\/mediumseagreen-eel-531711.hostingersite.com\/#\/schema\/logo\/image\/"},"email":"info@bladnanews.com","legalName":"Bladna News"},{"@type":"Person","@id":"https:\/\/mediumseagreen-eel-531711.hostingersite.com\/#\/schema\/person\/268e18a453ab080ebf76df6ef7845083","name":"\u00c9quipe r\u00e9dactionnelle de Bladna News","url":"https:\/\/bladnanews.com\/fr\/author\/bladna-news-staff\/"}]}},"_links":{"self":[{"href":"https:\/\/bladnanews.com\/fr\/wp-json\/wp\/v2\/posts\/2609","targetHints":{"allow":["GET"]}}],"collection":[{"href":"https:\/\/bladnanews.com\/fr\/wp-json\/wp\/v2\/posts"}],"about":[{"href":"https:\/\/bladnanews.com\/fr\/wp-json\/wp\/v2\/types\/post"}],"author":[{"embeddable":true,"href":"https:\/\/bladnanews.com\/fr\/wp-json\/wp\/v2\/users\/3"}],"replies":[{"embeddable":true,"href":"https:\/\/bladnanews.com\/fr\/wp-json\/wp\/v2\/comments?post=2609"}],"version-history":[{"count":0,"href":"https:\/\/bladnanews.com\/fr\/wp-json\/wp\/v2\/posts\/2609\/revisions"}],"wp:featuredmedia":[{"embeddable":true,"href":"https:\/\/bladnanews.com\/fr\/wp-json\/wp\/v2\/media\/2608"}],"wp:attachment":[{"href":"https:\/\/bladnanews.com\/fr\/wp-json\/wp\/v2\/media?parent=2609"}],"wp:term":[{"taxonomy":"category","embeddable":true,"href":"https:\/\/bladnanews.com\/fr\/wp-json\/wp\/v2\/categories?post=2609"},{"taxonomy":"post_tag","embeddable":true,"href":"https:\/\/bladnanews.com\/fr\/wp-json\/wp\/v2\/tags?post=2609"}],"curies":[{"name":"wp","href":"https:\/\/api.w.org\/{rel}","templated":true}]}}