{"id":2612,"date":"2026-01-04T12:44:11","date_gmt":"2026-01-04T12:44:11","guid":{"rendered":"https:\/\/bladnanews.com\/tuchel-urged-to-protect-bellingham-amid-real-madrid-form\/"},"modified":"2026-01-04T12:44:11","modified_gmt":"2026-01-04T12:44:11","slug":"tuchel-exhorte-a-proteger-bellingham-malgre-la-forme-du-real-madrid","status":"publish","type":"post","link":"https:\/\/bladnanews.com\/fr\/tuchel-exhorte-a-proteger-bellingham-malgre-la-forme-du-real-madrid\/","title":{"rendered":"Tuchel exhort\u00e9 \u00e0 prot\u00e9ger Bellingham malgr\u00e9 sa forme au Real Madrid"},"content":{"rendered":"<p>Jude Bellingham a \u00e9t\u00e9 exhort\u00e9 \u00e0 \u00eatre \u201c prot\u00e9g\u00e9 \u201d par Thomas Tuchel, alors que le milieu de terrain anglais continue de subir le gros des critiques en raison des performances irr\u00e9guli\u00e8res du Real Madrid.<\/p>\n<p>L'ancien joueur de Birmingham City a endoss\u00e9 une \u00e9norme responsabilit\u00e9 depuis son arriv\u00e9e au Bernabeu, mais une p\u00e9riode difficile pour le Madrid a fait que l'attention se tourne vers ses plus grandes stars. Alors que l'Angleterre s'appr\u00eate \u00e0 entamer une nouvelle \u00e8re sous la direction de Tuchel, des voix s'\u00e9l\u00e8vent pour que le s\u00e9lectionneur national g\u00e8re Bellingham avec pr\u00e9caution.<\/p>\n<p>La l\u00e9gende \u00e9cossaise Gordon Strachan estime que le joueur de 20 ans est d\u00e9j\u00e0 conscient de ce qu'implique le fait d'\u00eatre une star dans un club comme le Madrid, et met en garde contre le fait que les critiques peuvent rapidement devenir personnelles lorsque les r\u00e9sultats d\u00e9clinent.<\/p>\n<p>\u201c Bellingham sait qu'il va \u00eatre malmen\u00e9 \u201d, a d\u00e9clar\u00e9 Strachan, soulignant \u00e0 quelle vitesse l'opinion peut basculer lorsque les performances ne sont pas au niveau requis au Bernabeu.<\/p>\n<p>Strachan a ajout\u00e9 que Tuchel a le devoir de prot\u00e9ger Bellingham au sein du dispositif anglais, affirmant que l'on ne peut attendre du milieu de terrain qu'il r\u00e9solve tout par lui-m\u00eame. Le message, selon lui, est que l'Angleterre ne doit pas surcharger un seul joueur, aussi important soit-il.<\/p>\n<p>Le m\u00eame point de vue vise \u00e9galement le prochain entra\u00eeneur du Real Madrid, Xabi Alonso \u00e9tant notamment exhort\u00e9 \u00e0 veiller \u00e0 ce que Bellingham soit soutenu plut\u00f4t que d\u00e9sign\u00e9 comme le responsable de tous les probl\u00e8mes lorsque le Madrid ne fonctionne pas.<\/p>\n<p>Bellingham reste une figure cl\u00e9 pour son club et son pays, mais l'avertissement est clair : si la forme du Real Madrid continue d'alimenter les critiques, son entourage doit s'assurer que la pression ne devienne pas n\u00e9faste alors que l'Angleterre entame un nouveau cycle sous Tuchel.<\/p>","protected":false},"excerpt":{"rendered":"<p>Jude Bellingham has been urged to be \u201cprotected\u201d by Thomas Tuchel as the England midfielder continues to take the brunt [&hellip;]<\/p>\n","protected":false},"author":3,"featured_media":2611,"comment_status":"","ping_status":"open","sticky":false,"template":"","format":"standard","meta":{"googlesitekit_rrm_CAow_uzEDA:productID":"","site-sidebar-layout":"default","site-content-layout":"","ast-site-content-layout":"default","site-content-style":"default","site-sidebar-style":"default","ast-global-header-display":"","ast-banner-title-visibility":"","ast-main-header-display":"","ast-hfb-above-header-display":"","ast-hfb-below-header-display":"","ast-hfb-mobile-header-display":"","site-post-title":"","ast-breadcrumbs-content":"","ast-featured-img":"","footer-sml-layout":"","ast-disable-related-posts":"","theme-transparent-header-meta":"","adv-header-id-meta":"","stick-header-meta":"","header-above-stick-meta":"","header-main-stick-meta":"","header-below-stick-meta":"","astra-migrate-meta-layouts":"default","ast-page-background-enabled":"default","ast-page-background-meta":{"desktop":{"background-color":"var(--ast-global-color-5)","background-image":"","background-repeat":"repeat","background-position":"center center","background-size":"auto","background-attachment":"scroll","background-type":"","background-media":"","overlay-type":"","overlay-color":"","overlay-opacity":"","overlay-gradient":""},"tablet":{"background-color":"","background-image":"","background-repeat":"repeat","background-position":"center center","background-size":"auto","background-attachment":"scroll","background-type":"","background-media":"","overlay-type":"","overlay-color":"","overlay-opacity":"","overlay-gradient":""},"mobile":{"background-color":"","background-image":"","background-repeat":"repeat","background-position":"center center","background-size":"auto","background-attachment":"scroll","background-type":"","background-media":"","overlay-type":"","overlay-color":"","overlay-opacity":"","overlay-gradient":""}},"ast-content-background-meta":{"desktop":{"background-color":"var(--ast-global-color-4)","background-image":"","background-repeat":"repeat","background-position":"center center","background-size":"auto","background-attachment":"scroll","background-type":"","background-media":"","overlay-type":"","overlay-color":"","overlay-opacity":"","overlay-gradient":""},"tablet":{"background-color":"var(--ast-global-color-4)","background-image":"","background-repeat":"repeat","background-position":"center center","background-size":"auto","background-attachment":"scroll","background-type":"","background-media":"","overlay-type":"","overlay-color":"","overlay-opacity":"","overlay-gradient":""},"mobile":{"background-color":"var(--ast-global-color-4)","background-image":"","background-repeat":"repeat","background-position":"center center","background-size":"auto","background-attachment":"scroll","background-type":"","background-media":"","overlay-type":"","overlay-color":"","overlay-opacity":"","overlay-gradient":""}},"footnotes":""},"categories":[20,1],"tags":[],"class_list":["post-2612","post","type-post","status-publish","format-standard","has-post-thumbnail","hentry","category-international","category-football-latest-news"],"yoast_head":"<!-- This site is optimized with the Yoast SEO Premium plugin v26.6 (Yoast SEO v27.5) - https:\/\/yoast.com\/product\/yoast-seo-premium-wordpress\/ -->\n<title>Tuchel urged to protect Bellingham amid Real Madrid form - Bladna News<\/title>\n<meta name=\"robots\" content=\"index, follow, max-snippet:-1, max-image-preview:large, max-video-preview:-1\" \/>\n<link rel=\"canonical\" href=\"https:\/\/mediumseagreen-eel-531711.hostingersite.com\/tuchel-urged-to-protect-bellingham-amid-real-madrid-form\/\" \/>\n<meta property=\"og:locale\" content=\"fr_FR\" \/>\n<meta property=\"og:type\" content=\"article\" \/>\n<meta property=\"og:title\" content=\"Tuchel urged to protect Bellingham amid Real Madrid form\" \/>\n<meta property=\"og:description\" content=\"Jude Bellingham has been urged to be \u201cprotected\u201d by Thomas Tuchel as the England midfielder continues to take the brunt [&hellip;]\" \/>\n<meta property=\"og:url\" content=\"https:\/\/mediumseagreen-eel-531711.hostingersite.com\/tuchel-urged-to-protect-bellingham-amid-real-madrid-form\/\" \/>\n<meta property=\"og:site_name\" content=\"Bladna News\" \/>\n<meta property=\"article:published_time\" content=\"2026-01-04T12:44:11+00:00\" \/>\n<meta property=\"og:image\" content=\"https:\/\/mediumseagreen-eel-531711.hostingersite.com\/wp-content\/uploads\/2026\/01\/BladnaNews-Tuchel-urged-to-protect-Bellingham-amid-Real-Madrid-form-2026-01-04T135055.168Z.jpg\" \/>\n\t<meta property=\"og:image:width\" content=\"2560\" \/>\n\t<meta property=\"og:image:height\" content=\"1440\" \/>\n\t<meta property=\"og:image:type\" content=\"image\/jpeg\" \/>\n<meta name=\"author\" content=\"Bladna News Staff\" \/>\n<meta name=\"twitter:card\" content=\"summary_large_image\" \/>\n<meta name=\"twitter:label1\" content=\"\u00c9crit par\" \/>\n\t<meta name=\"twitter:data1\" content=\"Bladna News Staff\" \/>\n\t<meta name=\"twitter:label2\" content=\"Dur\u00e9e de lecture estim\u00e9e\" \/>\n\t<meta name=\"twitter:data2\" content=\"1 minute\" \/>\n<script type=\"application\/ld+json\" class=\"yoast-schema-graph\">{\"@context\":\"https:\\\/\\\/schema.org\",\"@graph\":[{\"@type\":\"Article\",\"@id\":\"https:\\\/\\\/mediumseagreen-eel-531711.hostingersite.com\\\/tuchel-urged-to-protect-bellingham-amid-real-madrid-form\\\/#article\",\"isPartOf\":{\"@id\":\"https:\\\/\\\/mediumseagreen-eel-531711.hostingersite.com\\\/tuchel-urged-to-protect-bellingham-amid-real-madrid-form\\\/\"},\"author\":{\"name\":\"Bladna News Staff\",\"@id\":\"https:\\\/\\\/mediumseagreen-eel-531711.hostingersite.com\\\/#\\\/schema\\\/person\\\/268e18a453ab080ebf76df6ef7845083\"},\"headline\":\"Tuchel urged to protect Bellingham amid Real Madrid form\",\"datePublished\":\"2026-01-04T12:44:11+00:00\",\"mainEntityOfPage\":{\"@id\":\"https:\\\/\\\/mediumseagreen-eel-531711.hostingersite.com\\\/tuchel-urged-to-protect-bellingham-amid-real-madrid-form\\\/\"},\"wordCount\":274,\"publisher\":{\"@id\":\"https:\\\/\\\/mediumseagreen-eel-531711.hostingersite.com\\\/#organization\"},\"image\":{\"@id\":\"https:\\\/\\\/mediumseagreen-eel-531711.hostingersite.com\\\/tuchel-urged-to-protect-bellingham-amid-real-madrid-form\\\/#primaryimage\"},\"thumbnailUrl\":\"https:\\\/\\\/bladnanews.com\\\/wp-content\\\/uploads\\\/2026\\\/01\\\/BladnaNews-Tuchel-urged-to-protect-Bellingham-amid-Real-Madrid-form-2026-01-04T135055.168Z.jpg\",\"articleSection\":[\"International\",\"Latest News\"],\"inLanguage\":\"fr-FR\",\"copyrightYear\":\"2026\",\"copyrightHolder\":{\"@id\":\"https:\\\/\\\/bladnanews.com\\\/fr\\\/#organization\"}},{\"@type\":\"WebPage\",\"@id\":\"https:\\\/\\\/mediumseagreen-eel-531711.hostingersite.com\\\/tuchel-urged-to-protect-bellingham-amid-real-madrid-form\\\/\",\"url\":\"https:\\\/\\\/mediumseagreen-eel-531711.hostingersite.com\\\/tuchel-urged-to-protect-bellingham-amid-real-madrid-form\\\/\",\"name\":\"Tuchel urged to protect Bellingham amid Real Madrid form - Bladna News\",\"isPartOf\":{\"@id\":\"https:\\\/\\\/mediumseagreen-eel-531711.hostingersite.com\\\/#website\"},\"primaryImageOfPage\":{\"@id\":\"https:\\\/\\\/mediumseagreen-eel-531711.hostingersite.com\\\/tuchel-urged-to-protect-bellingham-amid-real-madrid-form\\\/#primaryimage\"},\"image\":{\"@id\":\"https:\\\/\\\/mediumseagreen-eel-531711.hostingersite.com\\\/tuchel-urged-to-protect-bellingham-amid-real-madrid-form\\\/#primaryimage\"},\"thumbnailUrl\":\"https:\\\/\\\/bladnanews.com\\\/wp-content\\\/uploads\\\/2026\\\/01\\\/BladnaNews-Tuchel-urged-to-protect-Bellingham-amid-Real-Madrid-form-2026-01-04T135055.168Z.jpg\",\"datePublished\":\"2026-01-04T12:44:11+00:00\",\"breadcrumb\":{\"@id\":\"https:\\\/\\\/mediumseagreen-eel-531711.hostingersite.com\\\/tuchel-urged-to-protect-bellingham-amid-real-madrid-form\\\/#breadcrumb\"},\"inLanguage\":\"fr-FR\",\"potentialAction\":[{\"@type\":\"ReadAction\",\"target\":[\"https:\\\/\\\/mediumseagreen-eel-531711.hostingersite.com\\\/tuchel-urged-to-protect-bellingham-amid-real-madrid-form\\\/\"]}]},{\"@type\":\"ImageObject\",\"inLanguage\":\"fr-FR\",\"@id\":\"https:\\\/\\\/mediumseagreen-eel-531711.hostingersite.com\\\/tuchel-urged-to-protect-bellingham-amid-real-madrid-form\\\/#primaryimage\",\"url\":\"https:\\\/\\\/bladnanews.com\\\/wp-content\\\/uploads\\\/2026\\\/01\\\/BladnaNews-Tuchel-urged-to-protect-Bellingham-amid-Real-Madrid-form-2026-01-04T135055.168Z.jpg\",\"contentUrl\":\"https:\\\/\\\/bladnanews.com\\\/wp-content\\\/uploads\\\/2026\\\/01\\\/BladnaNews-Tuchel-urged-to-protect-Bellingham-amid-Real-Madrid-form-2026-01-04T135055.168Z.jpg\",\"width\":2560,\"height\":1440,\"caption\":\"Bellingham celebrates with Vin\u00edcius Jr. and Rodrygo after a match, showcasing their unity and team spirit in Real Madrid's white kit.\"},{\"@type\":\"BreadcrumbList\",\"@id\":\"https:\\\/\\\/mediumseagreen-eel-531711.hostingersite.com\\\/tuchel-urged-to-protect-bellingham-amid-real-madrid-form\\\/#breadcrumb\",\"itemListElement\":[{\"@type\":\"ListItem\",\"position\":1,\"name\":\"Home\",\"item\":\"https:\\\/\\\/bladnanews.com\\\/\"},{\"@type\":\"ListItem\",\"position\":2,\"name\":\"Tuchel urged to protect Bellingham amid Real Madrid form\"}]},{\"@type\":\"WebSite\",\"@id\":\"https:\\\/\\\/mediumseagreen-eel-531711.hostingersite.com\\\/#website\",\"url\":\"https:\\\/\\\/mediumseagreen-eel-531711.hostingersite.com\\\/\",\"name\":\"Bladna News - Morocco\",\"description\":\"Where Moroccan Football Meets the World\",\"publisher\":{\"@id\":\"https:\\\/\\\/mediumseagreen-eel-531711.hostingersite.com\\\/#organization\"},\"potentialAction\":[{\"@type\":\"SearchAction\",\"target\":{\"@type\":\"EntryPoint\",\"urlTemplate\":\"https:\\\/\\\/mediumseagreen-eel-531711.hostingersite.com\\\/?s={search_term_string}\"},\"query-input\":{\"@type\":\"PropertyValueSpecification\",\"valueRequired\":true,\"valueName\":\"search_term_string\"}}],\"inLanguage\":\"fr-FR\"},{\"@type\":\"Organization\",\"@id\":\"https:\\\/\\\/mediumseagreen-eel-531711.hostingersite.com\\\/#organization\",\"name\":\"Bladna News.com\",\"url\":\"https:\\\/\\\/mediumseagreen-eel-531711.hostingersite.com\\\/\",\"logo\":{\"@type\":\"ImageObject\",\"inLanguage\":\"fr-FR\",\"@id\":\"https:\\\/\\\/mediumseagreen-eel-531711.hostingersite.com\\\/#\\\/schema\\\/logo\\\/image\\\/\",\"url\":\"https:\\\/\\\/bladnanews.com\\\/wp-content\\\/uploads\\\/2025\\\/12\\\/logo-bladnanews-V2-web-black-red.png\",\"contentUrl\":\"https:\\\/\\\/bladnanews.com\\\/wp-content\\\/uploads\\\/2025\\\/12\\\/logo-bladnanews-V2-web-black-red.png\",\"width\":703,\"height\":287,\"caption\":\"Bladna News.com\"},\"image\":{\"@id\":\"https:\\\/\\\/mediumseagreen-eel-531711.hostingersite.com\\\/#\\\/schema\\\/logo\\\/image\\\/\"},\"email\":\"info@bladnanews.com\",\"legalName\":\"Bladna News\"},{\"@type\":\"Person\",\"@id\":\"https:\\\/\\\/mediumseagreen-eel-531711.hostingersite.com\\\/#\\\/schema\\\/person\\\/268e18a453ab080ebf76df6ef7845083\",\"name\":\"Bladna News Staff\",\"url\":\"https:\\\/\\\/bladnanews.com\\\/fr\\\/author\\\/bladna-news-staff\\\/\"}]}<\/script>\n<!-- \/ Yoast SEO Premium plugin. -->","yoast_head_json":{"title":"Tuchel exhort\u00e9 \u00e0 prot\u00e9ger Bellingham malgr\u00e9 sa forme au Real Madrid - Bladna News","robots":{"index":"index","follow":"follow","max-snippet":"max-snippet:-1","max-image-preview":"max-image-preview:large","max-video-preview":"max-video-preview:-1"},"canonical":"https:\/\/mediumseagreen-eel-531711.hostingersite.com\/tuchel-urged-to-protect-bellingham-amid-real-madrid-form\/","og_locale":"fr_FR","og_type":"article","og_title":"Tuchel urged to protect Bellingham amid Real Madrid form","og_description":"Jude Bellingham has been urged to be \u201cprotected\u201d by Thomas Tuchel as the England midfielder continues to take the brunt [&hellip;]","og_url":"https:\/\/mediumseagreen-eel-531711.hostingersite.com\/tuchel-urged-to-protect-bellingham-amid-real-madrid-form\/","og_site_name":"Bladna News","article_published_time":"2026-01-04T12:44:11+00:00","og_image":[{"width":2560,"height":1440,"url":"https:\/\/mediumseagreen-eel-531711.hostingersite.com\/wp-content\/uploads\/2026\/01\/BladnaNews-Tuchel-urged-to-protect-Bellingham-amid-Real-Madrid-form-2026-01-04T135055.168Z.jpg","type":"image\/jpeg"}],"author":"Bladna News Staff","twitter_card":"summary_large_image","twitter_misc":{"\u00c9crit par":"Bladna News Staff","Dur\u00e9e de lecture estim\u00e9e":"1 minute"},"schema":{"@context":"https:\/\/schema.org","@graph":[{"@type":"Article","@id":"https:\/\/mediumseagreen-eel-531711.hostingersite.com\/tuchel-urged-to-protect-bellingham-amid-real-madrid-form\/#article","isPartOf":{"@id":"https:\/\/mediumseagreen-eel-531711.hostingersite.com\/tuchel-urged-to-protect-bellingham-amid-real-madrid-form\/"},"author":{"name":"Bladna News Staff","@id":"https:\/\/mediumseagreen-eel-531711.hostingersite.com\/#\/schema\/person\/268e18a453ab080ebf76df6ef7845083"},"headline":"Tuchel urged to protect Bellingham amid Real Madrid form","datePublished":"2026-01-04T12:44:11+00:00","mainEntityOfPage":{"@id":"https:\/\/mediumseagreen-eel-531711.hostingersite.com\/tuchel-urged-to-protect-bellingham-amid-real-madrid-form\/"},"wordCount":274,"publisher":{"@id":"https:\/\/mediumseagreen-eel-531711.hostingersite.com\/#organization"},"image":{"@id":"https:\/\/mediumseagreen-eel-531711.hostingersite.com\/tuchel-urged-to-protect-bellingham-amid-real-madrid-form\/#primaryimage"},"thumbnailUrl":"https:\/\/bladnanews.com\/wp-content\/uploads\/2026\/01\/BladnaNews-Tuchel-urged-to-protect-Bellingham-amid-Real-Madrid-form-2026-01-04T135055.168Z.jpg","articleSection":["International","Latest News"],"inLanguage":"fr-FR","copyrightYear":"2026","copyrightHolder":{"@id":"https:\/\/bladnanews.com\/fr\/#organization"}},{"@type":"WebPage","@id":"https:\/\/mediumseagreen-eel-531711.hostingersite.com\/tuchel-urged-to-protect-bellingham-amid-real-madrid-form\/","url":"https:\/\/mediumseagreen-eel-531711.hostingersite.com\/tuchel-urged-to-protect-bellingham-amid-real-madrid-form\/","name":"Tuchel exhort\u00e9 \u00e0 prot\u00e9ger Bellingham malgr\u00e9 sa forme au Real Madrid - Bladna News","isPartOf":{"@id":"https:\/\/mediumseagreen-eel-531711.hostingersite.com\/#website"},"primaryImageOfPage":{"@id":"https:\/\/mediumseagreen-eel-531711.hostingersite.com\/tuchel-urged-to-protect-bellingham-amid-real-madrid-form\/#primaryimage"},"image":{"@id":"https:\/\/mediumseagreen-eel-531711.hostingersite.com\/tuchel-urged-to-protect-bellingham-amid-real-madrid-form\/#primaryimage"},"thumbnailUrl":"https:\/\/bladnanews.com\/wp-content\/uploads\/2026\/01\/BladnaNews-Tuchel-urged-to-protect-Bellingham-amid-Real-Madrid-form-2026-01-04T135055.168Z.jpg","datePublished":"2026-01-04T12:44:11+00:00","breadcrumb":{"@id":"https:\/\/mediumseagreen-eel-531711.hostingersite.com\/tuchel-urged-to-protect-bellingham-amid-real-madrid-form\/#breadcrumb"},"inLanguage":"fr-FR","potentialAction":[{"@type":"ReadAction","target":["https:\/\/mediumseagreen-eel-531711.hostingersite.com\/tuchel-urged-to-protect-bellingham-amid-real-madrid-form\/"]}]},{"@type":"ImageObject","inLanguage":"fr-FR","@id":"https:\/\/mediumseagreen-eel-531711.hostingersite.com\/tuchel-urged-to-protect-bellingham-amid-real-madrid-form\/#primaryimage","url":"https:\/\/bladnanews.com\/wp-content\/uploads\/2026\/01\/BladnaNews-Tuchel-urged-to-protect-Bellingham-amid-Real-Madrid-form-2026-01-04T135055.168Z.jpg","contentUrl":"https:\/\/bladnanews.com\/wp-content\/uploads\/2026\/01\/BladnaNews-Tuchel-urged-to-protect-Bellingham-amid-Real-Madrid-form-2026-01-04T135055.168Z.jpg","width":2560,"height":1440,"caption":"Bellingham celebrates with Vin\u00edcius Jr. and Rodrygo after a match, showcasing their unity and team spirit in Real Madrid's white kit."},{"@type":"BreadcrumbList","@id":"https:\/\/mediumseagreen-eel-531711.hostingersite.com\/tuchel-urged-to-protect-bellingham-amid-real-madrid-form\/#breadcrumb","itemListElement":[{"@type":"ListItem","position":1,"name":"Home","item":"https:\/\/bladnanews.com\/"},{"@type":"ListItem","position":2,"name":"Tuchel urged to protect Bellingham amid Real Madrid form"}]},{"@type":"WebSite","@id":"https:\/\/mediumseagreen-eel-531711.hostingersite.com\/#website","url":"https:\/\/mediumseagreen-eel-531711.hostingersite.com\/","name":"Bladna News - Maroc","description":"Quand le football marocain rencontre le monde","publisher":{"@id":"https:\/\/mediumseagreen-eel-531711.hostingersite.com\/#organization"},"potentialAction":[{"@type":"SearchAction","target":{"@type":"EntryPoint","urlTemplate":"https:\/\/mediumseagreen-eel-531711.hostingersite.com\/?s={search_term_string}"},"query-input":{"@type":"PropertyValueSpecification","valueRequired":true,"valueName":"search_term_string"}}],"inLanguage":"fr-FR"},{"@type":"Organization","@id":"https:\/\/mediumseagreen-eel-531711.hostingersite.com\/#organization","name":"Bladna News.com","url":"https:\/\/mediumseagreen-eel-531711.hostingersite.com\/","logo":{"@type":"ImageObject","inLanguage":"fr-FR","@id":"https:\/\/mediumseagreen-eel-531711.hostingersite.com\/#\/schema\/logo\/image\/","url":"https:\/\/bladnanews.com\/wp-content\/uploads\/2025\/12\/logo-bladnanews-V2-web-black-red.png","contentUrl":"https:\/\/bladnanews.com\/wp-content\/uploads\/2025\/12\/logo-bladnanews-V2-web-black-red.png","width":703,"height":287,"caption":"Bladna News.com"},"image":{"@id":"https:\/\/mediumseagreen-eel-531711.hostingersite.com\/#\/schema\/logo\/image\/"},"email":"info@bladnanews.com","legalName":"Bladna News"},{"@type":"Person","@id":"https:\/\/mediumseagreen-eel-531711.hostingersite.com\/#\/schema\/person\/268e18a453ab080ebf76df6ef7845083","name":"\u00c9quipe r\u00e9dactionnelle de Bladna News","url":"https:\/\/bladnanews.com\/fr\/author\/bladna-news-staff\/"}]}},"_links":{"self":[{"href":"https:\/\/bladnanews.com\/fr\/wp-json\/wp\/v2\/posts\/2612","targetHints":{"allow":["GET"]}}],"collection":[{"href":"https:\/\/bladnanews.com\/fr\/wp-json\/wp\/v2\/posts"}],"about":[{"href":"https:\/\/bladnanews.com\/fr\/wp-json\/wp\/v2\/types\/post"}],"author":[{"embeddable":true,"href":"https:\/\/bladnanews.com\/fr\/wp-json\/wp\/v2\/users\/3"}],"replies":[{"embeddable":true,"href":"https:\/\/bladnanews.com\/fr\/wp-json\/wp\/v2\/comments?post=2612"}],"version-history":[{"count":0,"href":"https:\/\/bladnanews.com\/fr\/wp-json\/wp\/v2\/posts\/2612\/revisions"}],"wp:featuredmedia":[{"embeddable":true,"href":"https:\/\/bladnanews.com\/fr\/wp-json\/wp\/v2\/media\/2611"}],"wp:attachment":[{"href":"https:\/\/bladnanews.com\/fr\/wp-json\/wp\/v2\/media?parent=2612"}],"wp:term":[{"taxonomy":"category","embeddable":true,"href":"https:\/\/bladnanews.com\/fr\/wp-json\/wp\/v2\/categories?post=2612"},{"taxonomy":"post_tag","embeddable":true,"href":"https:\/\/bladnanews.com\/fr\/wp-json\/wp\/v2\/tags?post=2612"}],"curies":[{"name":"wp","href":"https:\/\/api.w.org\/{rel}","templated":true}]}}