{"id":2615,"date":"2026-01-04T13:30:20","date_gmt":"2026-01-04T13:30:20","guid":{"rendered":"https:\/\/bladnanews.com\/carragher-predicts-salah-send-off-as-liverpool-plan-transfer\/"},"modified":"2026-01-04T13:30:20","modified_gmt":"2026-01-04T13:30:20","slug":"carragher-predit-lexpulsion-de-salah-alors-que-liverpool-planifie-un-transfert","status":"publish","type":"post","link":"https:\/\/bladnanews.com\/fr\/carragher-predit-lexpulsion-de-salah-alors-que-liverpool-planifie-un-transfert\/","title":{"rendered":"Carragher pr\u00e9dit un adieu \u00e0 Salah alors que Liverpool planifie un transfert."},"content":{"rendered":"<p>Jamie Carragher estime que Mohamed Salah recevra un \u201c adieu parfait et chor\u00e9graphi\u00e9 \u201d lorsque sa carri\u00e8re \u00e0 Liverpool prendra fin, l'ancien d\u00e9fenseur des Reds sugg\u00e9rant que le club cherchera \u00e0 ma\u00eetriser le calendrier de tout d\u00e9part.<\/p>\n<p>Carragher s'est exprim\u00e9 sur l'avenir \u00e0 long terme de Salah \u00e0 Anfield, alors que Liverpool continue d'\u00eatre associ\u00e9 \u00e0 l'id\u00e9e de monnayer le d\u00e9part de la superstar \u00e9gyptienne. \u00c2g\u00e9 de 31 ans, il reste l'une des figures les plus importantes de l'effectif de J\u00fcrgen Klopp, mais son statut implique \u00e9galement que toute d\u00e9cision concernant son avenir constituerait un moment majeur pour le club.<\/p>\n<p>\u00c9voquant la mani\u00e8re dont Liverpool g\u00e8re habituellement les grands d\u00e9parts, Carragher a affirm\u00e9 que les adieux de Salah seraient soigneusement planifi\u00e9s plut\u00f4t que pr\u00e9cipit\u00e9s. Il a d\u00e9crit le type d'au revoir auquel il s'attend pour Salah comme un \u201c adieu parfait et chor\u00e9graphi\u00e9 \u201d.<\/p>\n<p>L'ancien d\u00e9fenseur central de Liverpool a \u00e9galement indiqu\u00e9 que, du point de vue du club, le sc\u00e9nario id\u00e9al serait d'autoriser un transfert au moment opportun plut\u00f4t que de laisser la situation s'enliser. Dans ce contexte, il a sugg\u00e9r\u00e9 que Liverpool chercherait \u00e0 ma\u00eetriser le processus le moment venu.<\/p>\n<p>Salah a \u00e9t\u00e9 au c\u0153ur des succ\u00e8s de Liverpool ces derni\u00e8res saisons et demeure un \u00e9l\u00e9ment cl\u00e9 de leur attaque, ce qui explique pourquoi le sujet continue d'attirer l'attention. Les propos de Carragher soulignent la conviction que, si et quand Liverpool d\u00e9cidera de le laisser partir, le club visera \u00e0 le faire sur ses propres termes et avec le respect que son statut \u00e0 Anfield exige.<\/p>","protected":false},"excerpt":{"rendered":"<p>Jamie Carragher believes Mohamed Salah will get a \u201cperfect, choreographed send-off\u201d when his Liverpool career comes to an end, with [&hellip;]<\/p>\n","protected":false},"author":3,"featured_media":2613,"comment_status":"","ping_status":"open","sticky":false,"template":"","format":"standard","meta":{"googlesitekit_rrm_CAow_uzEDA:productID":"","site-sidebar-layout":"default","site-content-layout":"","ast-site-content-layout":"default","site-content-style":"default","site-sidebar-style":"default","ast-global-header-display":"","ast-banner-title-visibility":"","ast-main-header-display":"","ast-hfb-above-header-display":"","ast-hfb-below-header-display":"","ast-hfb-mobile-header-display":"","site-post-title":"","ast-breadcrumbs-content":"","ast-featured-img":"","footer-sml-layout":"","ast-disable-related-posts":"","theme-transparent-header-meta":"","adv-header-id-meta":"","stick-header-meta":"","header-above-stick-meta":"","header-main-stick-meta":"","header-below-stick-meta":"","astra-migrate-meta-layouts":"default","ast-page-background-enabled":"default","ast-page-background-meta":{"desktop":{"background-color":"var(--ast-global-color-5)","background-image":"","background-repeat":"repeat","background-position":"center center","background-size":"auto","background-attachment":"scroll","background-type":"","background-media":"","overlay-type":"","overlay-color":"","overlay-opacity":"","overlay-gradient":""},"tablet":{"background-color":"","background-image":"","background-repeat":"repeat","background-position":"center center","background-size":"auto","background-attachment":"scroll","background-type":"","background-media":"","overlay-type":"","overlay-color":"","overlay-opacity":"","overlay-gradient":""},"mobile":{"background-color":"","background-image":"","background-repeat":"repeat","background-position":"center center","background-size":"auto","background-attachment":"scroll","background-type":"","background-media":"","overlay-type":"","overlay-color":"","overlay-opacity":"","overlay-gradient":""}},"ast-content-background-meta":{"desktop":{"background-color":"var(--ast-global-color-4)","background-image":"","background-repeat":"repeat","background-position":"center center","background-size":"auto","background-attachment":"scroll","background-type":"","background-media":"","overlay-type":"","overlay-color":"","overlay-opacity":"","overlay-gradient":""},"tablet":{"background-color":"var(--ast-global-color-4)","background-image":"","background-repeat":"repeat","background-position":"center center","background-size":"auto","background-attachment":"scroll","background-type":"","background-media":"","overlay-type":"","overlay-color":"","overlay-opacity":"","overlay-gradient":""},"mobile":{"background-color":"var(--ast-global-color-4)","background-image":"","background-repeat":"repeat","background-position":"center center","background-size":"auto","background-attachment":"scroll","background-type":"","background-media":"","overlay-type":"","overlay-color":"","overlay-opacity":"","overlay-gradient":""}},"footnotes":""},"categories":[20,1],"tags":[],"class_list":["post-2615","post","type-post","status-publish","format-standard","has-post-thumbnail","hentry","category-international","category-football-latest-news"],"yoast_head":"<!-- This site is optimized with the Yoast SEO Premium plugin v26.6 (Yoast SEO v27.5) - https:\/\/yoast.com\/product\/yoast-seo-premium-wordpress\/ -->\n<title>Carragher predicts Salah send-off as Liverpool plan transfer - Bladna News<\/title>\n<meta name=\"robots\" content=\"index, follow, max-snippet:-1, max-image-preview:large, max-video-preview:-1\" \/>\n<link rel=\"canonical\" href=\"https:\/\/mediumseagreen-eel-531711.hostingersite.com\/carragher-predicts-salah-send-off-as-liverpool-plan-transfer\/\" \/>\n<meta property=\"og:locale\" content=\"fr_FR\" \/>\n<meta property=\"og:type\" content=\"article\" \/>\n<meta property=\"og:title\" content=\"Carragher predicts Salah send-off as Liverpool plan transfer\" \/>\n<meta property=\"og:description\" content=\"Jamie Carragher believes Mohamed Salah will get a \u201cperfect, choreographed send-off\u201d when his Liverpool career comes to an end, with [&hellip;]\" \/>\n<meta property=\"og:url\" content=\"https:\/\/mediumseagreen-eel-531711.hostingersite.com\/carragher-predicts-salah-send-off-as-liverpool-plan-transfer\/\" \/>\n<meta property=\"og:site_name\" content=\"Bladna News\" \/>\n<meta property=\"article:published_time\" content=\"2026-01-04T13:30:20+00:00\" \/>\n<meta property=\"og:image\" content=\"https:\/\/mediumseagreen-eel-531711.hostingersite.com\/wp-content\/uploads\/2026\/01\/BladnaNews-Carragher-predicts-Salah-send-off-as-Liverpool-plan-transfer-2026-01-04T135112.414Z.jpg\" \/>\n\t<meta property=\"og:image:width\" content=\"1797\" \/>\n\t<meta property=\"og:image:height\" content=\"1011\" \/>\n\t<meta property=\"og:image:type\" content=\"image\/jpeg\" \/>\n<meta name=\"author\" content=\"Bladna News Staff\" \/>\n<meta name=\"twitter:card\" content=\"summary_large_image\" \/>\n<meta name=\"twitter:label1\" content=\"\u00c9crit par\" \/>\n\t<meta name=\"twitter:data1\" content=\"Bladna News Staff\" \/>\n\t<meta name=\"twitter:label2\" content=\"Dur\u00e9e de lecture estim\u00e9e\" \/>\n\t<meta name=\"twitter:data2\" content=\"1 minute\" \/>\n<script type=\"application\/ld+json\" class=\"yoast-schema-graph\">{\"@context\":\"https:\\\/\\\/schema.org\",\"@graph\":[{\"@type\":\"Article\",\"@id\":\"https:\\\/\\\/mediumseagreen-eel-531711.hostingersite.com\\\/carragher-predicts-salah-send-off-as-liverpool-plan-transfer\\\/#article\",\"isPartOf\":{\"@id\":\"https:\\\/\\\/mediumseagreen-eel-531711.hostingersite.com\\\/carragher-predicts-salah-send-off-as-liverpool-plan-transfer\\\/\"},\"author\":{\"name\":\"Bladna News Staff\",\"@id\":\"https:\\\/\\\/mediumseagreen-eel-531711.hostingersite.com\\\/#\\\/schema\\\/person\\\/268e18a453ab080ebf76df6ef7845083\"},\"headline\":\"Carragher predicts Salah send-off as Liverpool plan transfer\",\"datePublished\":\"2026-01-04T13:30:20+00:00\",\"mainEntityOfPage\":{\"@id\":\"https:\\\/\\\/mediumseagreen-eel-531711.hostingersite.com\\\/carragher-predicts-salah-send-off-as-liverpool-plan-transfer\\\/\"},\"wordCount\":256,\"publisher\":{\"@id\":\"https:\\\/\\\/mediumseagreen-eel-531711.hostingersite.com\\\/#organization\"},\"image\":{\"@id\":\"https:\\\/\\\/mediumseagreen-eel-531711.hostingersite.com\\\/carragher-predicts-salah-send-off-as-liverpool-plan-transfer\\\/#primaryimage\"},\"thumbnailUrl\":\"https:\\\/\\\/bladnanews.com\\\/wp-content\\\/uploads\\\/2026\\\/01\\\/BladnaNews-Carragher-predicts-Salah-send-off-as-Liverpool-plan-transfer-2026-01-04T135112.414Z.jpg\",\"articleSection\":[\"International\",\"Latest News\"],\"inLanguage\":\"fr-FR\",\"copyrightYear\":\"2026\",\"copyrightHolder\":{\"@id\":\"https:\\\/\\\/bladnanews.com\\\/fr\\\/#organization\"}},{\"@type\":\"WebPage\",\"@id\":\"https:\\\/\\\/mediumseagreen-eel-531711.hostingersite.com\\\/carragher-predicts-salah-send-off-as-liverpool-plan-transfer\\\/\",\"url\":\"https:\\\/\\\/mediumseagreen-eel-531711.hostingersite.com\\\/carragher-predicts-salah-send-off-as-liverpool-plan-transfer\\\/\",\"name\":\"Carragher predicts Salah send-off as Liverpool plan transfer - Bladna News\",\"isPartOf\":{\"@id\":\"https:\\\/\\\/mediumseagreen-eel-531711.hostingersite.com\\\/#website\"},\"primaryImageOfPage\":{\"@id\":\"https:\\\/\\\/mediumseagreen-eel-531711.hostingersite.com\\\/carragher-predicts-salah-send-off-as-liverpool-plan-transfer\\\/#primaryimage\"},\"image\":{\"@id\":\"https:\\\/\\\/mediumseagreen-eel-531711.hostingersite.com\\\/carragher-predicts-salah-send-off-as-liverpool-plan-transfer\\\/#primaryimage\"},\"thumbnailUrl\":\"https:\\\/\\\/bladnanews.com\\\/wp-content\\\/uploads\\\/2026\\\/01\\\/BladnaNews-Carragher-predicts-Salah-send-off-as-Liverpool-plan-transfer-2026-01-04T135112.414Z.jpg\",\"datePublished\":\"2026-01-04T13:30:20+00:00\",\"breadcrumb\":{\"@id\":\"https:\\\/\\\/mediumseagreen-eel-531711.hostingersite.com\\\/carragher-predicts-salah-send-off-as-liverpool-plan-transfer\\\/#breadcrumb\"},\"inLanguage\":\"fr-FR\",\"potentialAction\":[{\"@type\":\"ReadAction\",\"target\":[\"https:\\\/\\\/mediumseagreen-eel-531711.hostingersite.com\\\/carragher-predicts-salah-send-off-as-liverpool-plan-transfer\\\/\"]}]},{\"@type\":\"ImageObject\",\"inLanguage\":\"fr-FR\",\"@id\":\"https:\\\/\\\/mediumseagreen-eel-531711.hostingersite.com\\\/carragher-predicts-salah-send-off-as-liverpool-plan-transfer\\\/#primaryimage\",\"url\":\"https:\\\/\\\/bladnanews.com\\\/wp-content\\\/uploads\\\/2026\\\/01\\\/BladnaNews-Carragher-predicts-Salah-send-off-as-Liverpool-plan-transfer-2026-01-04T135112.414Z.jpg\",\"contentUrl\":\"https:\\\/\\\/bladnanews.com\\\/wp-content\\\/uploads\\\/2026\\\/01\\\/BladnaNews-Carragher-predicts-Salah-send-off-as-Liverpool-plan-transfer-2026-01-04T135112.414Z.jpg\",\"width\":1797,\"height\":1011,\"caption\":\"Mohamed Salah smiles during training, wearing a red jersey, against a blurred green background, embodying his joyful spirit in football.\"},{\"@type\":\"BreadcrumbList\",\"@id\":\"https:\\\/\\\/mediumseagreen-eel-531711.hostingersite.com\\\/carragher-predicts-salah-send-off-as-liverpool-plan-transfer\\\/#breadcrumb\",\"itemListElement\":[{\"@type\":\"ListItem\",\"position\":1,\"name\":\"Home\",\"item\":\"https:\\\/\\\/bladnanews.com\\\/\"},{\"@type\":\"ListItem\",\"position\":2,\"name\":\"Carragher predicts Salah send-off as Liverpool plan transfer\"}]},{\"@type\":\"WebSite\",\"@id\":\"https:\\\/\\\/mediumseagreen-eel-531711.hostingersite.com\\\/#website\",\"url\":\"https:\\\/\\\/mediumseagreen-eel-531711.hostingersite.com\\\/\",\"name\":\"Bladna News - Morocco\",\"description\":\"Where Moroccan Football Meets the World\",\"publisher\":{\"@id\":\"https:\\\/\\\/mediumseagreen-eel-531711.hostingersite.com\\\/#organization\"},\"potentialAction\":[{\"@type\":\"SearchAction\",\"target\":{\"@type\":\"EntryPoint\",\"urlTemplate\":\"https:\\\/\\\/mediumseagreen-eel-531711.hostingersite.com\\\/?s={search_term_string}\"},\"query-input\":{\"@type\":\"PropertyValueSpecification\",\"valueRequired\":true,\"valueName\":\"search_term_string\"}}],\"inLanguage\":\"fr-FR\"},{\"@type\":\"Organization\",\"@id\":\"https:\\\/\\\/mediumseagreen-eel-531711.hostingersite.com\\\/#organization\",\"name\":\"Bladna News.com\",\"url\":\"https:\\\/\\\/mediumseagreen-eel-531711.hostingersite.com\\\/\",\"logo\":{\"@type\":\"ImageObject\",\"inLanguage\":\"fr-FR\",\"@id\":\"https:\\\/\\\/mediumseagreen-eel-531711.hostingersite.com\\\/#\\\/schema\\\/logo\\\/image\\\/\",\"url\":\"https:\\\/\\\/bladnanews.com\\\/wp-content\\\/uploads\\\/2025\\\/12\\\/logo-bladnanews-V2-web-black-red.png\",\"contentUrl\":\"https:\\\/\\\/bladnanews.com\\\/wp-content\\\/uploads\\\/2025\\\/12\\\/logo-bladnanews-V2-web-black-red.png\",\"width\":703,\"height\":287,\"caption\":\"Bladna News.com\"},\"image\":{\"@id\":\"https:\\\/\\\/mediumseagreen-eel-531711.hostingersite.com\\\/#\\\/schema\\\/logo\\\/image\\\/\"},\"email\":\"info@bladnanews.com\",\"legalName\":\"Bladna News\"},{\"@type\":\"Person\",\"@id\":\"https:\\\/\\\/mediumseagreen-eel-531711.hostingersite.com\\\/#\\\/schema\\\/person\\\/268e18a453ab080ebf76df6ef7845083\",\"name\":\"Bladna News Staff\",\"url\":\"https:\\\/\\\/bladnanews.com\\\/fr\\\/author\\\/bladna-news-staff\\\/\"}]}<\/script>\n<!-- \/ Yoast SEO Premium plugin. -->","yoast_head_json":{"title":"Carragher pr\u00e9dit un adieu pour Salah alors que Liverpool planifie un transfert - Bladna News","robots":{"index":"index","follow":"follow","max-snippet":"max-snippet:-1","max-image-preview":"max-image-preview:large","max-video-preview":"max-video-preview:-1"},"canonical":"https:\/\/mediumseagreen-eel-531711.hostingersite.com\/carragher-predicts-salah-send-off-as-liverpool-plan-transfer\/","og_locale":"fr_FR","og_type":"article","og_title":"Carragher predicts Salah send-off as Liverpool plan transfer","og_description":"Jamie Carragher believes Mohamed Salah will get a \u201cperfect, choreographed send-off\u201d when his Liverpool career comes to an end, with [&hellip;]","og_url":"https:\/\/mediumseagreen-eel-531711.hostingersite.com\/carragher-predicts-salah-send-off-as-liverpool-plan-transfer\/","og_site_name":"Bladna News","article_published_time":"2026-01-04T13:30:20+00:00","og_image":[{"width":1797,"height":1011,"url":"https:\/\/mediumseagreen-eel-531711.hostingersite.com\/wp-content\/uploads\/2026\/01\/BladnaNews-Carragher-predicts-Salah-send-off-as-Liverpool-plan-transfer-2026-01-04T135112.414Z.jpg","type":"image\/jpeg"}],"author":"Bladna News Staff","twitter_card":"summary_large_image","twitter_misc":{"\u00c9crit par":"Bladna News Staff","Dur\u00e9e de lecture estim\u00e9e":"1 minute"},"schema":{"@context":"https:\/\/schema.org","@graph":[{"@type":"Article","@id":"https:\/\/mediumseagreen-eel-531711.hostingersite.com\/carragher-predicts-salah-send-off-as-liverpool-plan-transfer\/#article","isPartOf":{"@id":"https:\/\/mediumseagreen-eel-531711.hostingersite.com\/carragher-predicts-salah-send-off-as-liverpool-plan-transfer\/"},"author":{"name":"Bladna News Staff","@id":"https:\/\/mediumseagreen-eel-531711.hostingersite.com\/#\/schema\/person\/268e18a453ab080ebf76df6ef7845083"},"headline":"Carragher predicts Salah send-off as Liverpool plan transfer","datePublished":"2026-01-04T13:30:20+00:00","mainEntityOfPage":{"@id":"https:\/\/mediumseagreen-eel-531711.hostingersite.com\/carragher-predicts-salah-send-off-as-liverpool-plan-transfer\/"},"wordCount":256,"publisher":{"@id":"https:\/\/mediumseagreen-eel-531711.hostingersite.com\/#organization"},"image":{"@id":"https:\/\/mediumseagreen-eel-531711.hostingersite.com\/carragher-predicts-salah-send-off-as-liverpool-plan-transfer\/#primaryimage"},"thumbnailUrl":"https:\/\/bladnanews.com\/wp-content\/uploads\/2026\/01\/BladnaNews-Carragher-predicts-Salah-send-off-as-Liverpool-plan-transfer-2026-01-04T135112.414Z.jpg","articleSection":["International","Latest News"],"inLanguage":"fr-FR","copyrightYear":"2026","copyrightHolder":{"@id":"https:\/\/bladnanews.com\/fr\/#organization"}},{"@type":"WebPage","@id":"https:\/\/mediumseagreen-eel-531711.hostingersite.com\/carragher-predicts-salah-send-off-as-liverpool-plan-transfer\/","url":"https:\/\/mediumseagreen-eel-531711.hostingersite.com\/carragher-predicts-salah-send-off-as-liverpool-plan-transfer\/","name":"Carragher pr\u00e9dit un adieu pour Salah alors que Liverpool planifie un transfert - Bladna News","isPartOf":{"@id":"https:\/\/mediumseagreen-eel-531711.hostingersite.com\/#website"},"primaryImageOfPage":{"@id":"https:\/\/mediumseagreen-eel-531711.hostingersite.com\/carragher-predicts-salah-send-off-as-liverpool-plan-transfer\/#primaryimage"},"image":{"@id":"https:\/\/mediumseagreen-eel-531711.hostingersite.com\/carragher-predicts-salah-send-off-as-liverpool-plan-transfer\/#primaryimage"},"thumbnailUrl":"https:\/\/bladnanews.com\/wp-content\/uploads\/2026\/01\/BladnaNews-Carragher-predicts-Salah-send-off-as-Liverpool-plan-transfer-2026-01-04T135112.414Z.jpg","datePublished":"2026-01-04T13:30:20+00:00","breadcrumb":{"@id":"https:\/\/mediumseagreen-eel-531711.hostingersite.com\/carragher-predicts-salah-send-off-as-liverpool-plan-transfer\/#breadcrumb"},"inLanguage":"fr-FR","potentialAction":[{"@type":"ReadAction","target":["https:\/\/mediumseagreen-eel-531711.hostingersite.com\/carragher-predicts-salah-send-off-as-liverpool-plan-transfer\/"]}]},{"@type":"ImageObject","inLanguage":"fr-FR","@id":"https:\/\/mediumseagreen-eel-531711.hostingersite.com\/carragher-predicts-salah-send-off-as-liverpool-plan-transfer\/#primaryimage","url":"https:\/\/bladnanews.com\/wp-content\/uploads\/2026\/01\/BladnaNews-Carragher-predicts-Salah-send-off-as-Liverpool-plan-transfer-2026-01-04T135112.414Z.jpg","contentUrl":"https:\/\/bladnanews.com\/wp-content\/uploads\/2026\/01\/BladnaNews-Carragher-predicts-Salah-send-off-as-Liverpool-plan-transfer-2026-01-04T135112.414Z.jpg","width":1797,"height":1011,"caption":"Mohamed Salah smiles during training, wearing a red jersey, against a blurred green background, embodying his joyful spirit in football."},{"@type":"BreadcrumbList","@id":"https:\/\/mediumseagreen-eel-531711.hostingersite.com\/carragher-predicts-salah-send-off-as-liverpool-plan-transfer\/#breadcrumb","itemListElement":[{"@type":"ListItem","position":1,"name":"Home","item":"https:\/\/bladnanews.com\/"},{"@type":"ListItem","position":2,"name":"Carragher predicts Salah send-off as Liverpool plan transfer"}]},{"@type":"WebSite","@id":"https:\/\/mediumseagreen-eel-531711.hostingersite.com\/#website","url":"https:\/\/mediumseagreen-eel-531711.hostingersite.com\/","name":"Bladna News - Maroc","description":"Quand le football marocain rencontre le monde","publisher":{"@id":"https:\/\/mediumseagreen-eel-531711.hostingersite.com\/#organization"},"potentialAction":[{"@type":"SearchAction","target":{"@type":"EntryPoint","urlTemplate":"https:\/\/mediumseagreen-eel-531711.hostingersite.com\/?s={search_term_string}"},"query-input":{"@type":"PropertyValueSpecification","valueRequired":true,"valueName":"search_term_string"}}],"inLanguage":"fr-FR"},{"@type":"Organization","@id":"https:\/\/mediumseagreen-eel-531711.hostingersite.com\/#organization","name":"Bladna News.com","url":"https:\/\/mediumseagreen-eel-531711.hostingersite.com\/","logo":{"@type":"ImageObject","inLanguage":"fr-FR","@id":"https:\/\/mediumseagreen-eel-531711.hostingersite.com\/#\/schema\/logo\/image\/","url":"https:\/\/bladnanews.com\/wp-content\/uploads\/2025\/12\/logo-bladnanews-V2-web-black-red.png","contentUrl":"https:\/\/bladnanews.com\/wp-content\/uploads\/2025\/12\/logo-bladnanews-V2-web-black-red.png","width":703,"height":287,"caption":"Bladna News.com"},"image":{"@id":"https:\/\/mediumseagreen-eel-531711.hostingersite.com\/#\/schema\/logo\/image\/"},"email":"info@bladnanews.com","legalName":"Bladna News"},{"@type":"Person","@id":"https:\/\/mediumseagreen-eel-531711.hostingersite.com\/#\/schema\/person\/268e18a453ab080ebf76df6ef7845083","name":"\u00c9quipe r\u00e9dactionnelle de Bladna News","url":"https:\/\/bladnanews.com\/fr\/author\/bladna-news-staff\/"}]}},"_links":{"self":[{"href":"https:\/\/bladnanews.com\/fr\/wp-json\/wp\/v2\/posts\/2615","targetHints":{"allow":["GET"]}}],"collection":[{"href":"https:\/\/bladnanews.com\/fr\/wp-json\/wp\/v2\/posts"}],"about":[{"href":"https:\/\/bladnanews.com\/fr\/wp-json\/wp\/v2\/types\/post"}],"author":[{"embeddable":true,"href":"https:\/\/bladnanews.com\/fr\/wp-json\/wp\/v2\/users\/3"}],"replies":[{"embeddable":true,"href":"https:\/\/bladnanews.com\/fr\/wp-json\/wp\/v2\/comments?post=2615"}],"version-history":[{"count":0,"href":"https:\/\/bladnanews.com\/fr\/wp-json\/wp\/v2\/posts\/2615\/revisions"}],"wp:featuredmedia":[{"embeddable":true,"href":"https:\/\/bladnanews.com\/fr\/wp-json\/wp\/v2\/media\/2613"}],"wp:attachment":[{"href":"https:\/\/bladnanews.com\/fr\/wp-json\/wp\/v2\/media?parent=2615"}],"wp:term":[{"taxonomy":"category","embeddable":true,"href":"https:\/\/bladnanews.com\/fr\/wp-json\/wp\/v2\/categories?post=2615"},{"taxonomy":"post_tag","embeddable":true,"href":"https:\/\/bladnanews.com\/fr\/wp-json\/wp\/v2\/tags?post=2615"}],"curies":[{"name":"wp","href":"https:\/\/api.w.org\/{rel}","templated":true}]}}