{"id":262,"date":"2025-12-28T15:38:02","date_gmt":"2025-12-28T14:38:02","guid":{"rendered":"https:\/\/bladnanews.com\/tunisian-journalist-apologizes-after-afcon-2025-morocco-controversy\/"},"modified":"2025-12-31T09:49:34","modified_gmt":"2025-12-31T09:49:34","slug":"un-journaliste-tunisien-presente-ses-excuses-apres-la-controverse-du-maroc-a-la-can-2025","status":"publish","type":"post","link":"https:\/\/bladnanews.com\/fr\/un-journaliste-tunisien-presente-ses-excuses-apres-la-controverse-du-maroc-a-la-can-2025\/","title":{"rendered":"Un journaliste tunisien s'excuse apr\u00e8s la controverse de la CAN 2025 au Maroc"},"content":{"rendered":"<p>Un journaliste tunisien a pr\u00e9sent\u00e9 des excuses publiques apr\u00e8s que ses propos sur la Coupe d'Afrique des Nations (CAN) 2025 au Maroc ont suscit\u00e9 une controverse en ligne, d\u00e9clenchant un d\u00e9bat plus large dans les milieux footballistiques nord-africains.<\/p>\n<p>Ces remarques, largement diffus\u00e9es sur les r\u00e9seaux sociaux ces derniers jours, ont \u00e9t\u00e9 interpr\u00e9t\u00e9es par de nombreux supporters comme m\u00e9prisantes et incendiaires, notamment concernant le r\u00f4le du Maroc en tant que pays h\u00f4te et l'organisation de la comp\u00e9tition. Les retomb\u00e9es ont provoqu\u00e9 des critiques de la part des supporters au Maroc et au-del\u00e0, certains appelant les m\u00e9dias et les personnalit\u00e9s du football \u00e0 faire preuve de plus de responsabilit\u00e9 \u00e0 l'approche de la comp\u00e9tition phare du continent.<\/p>\n<p>Dans une d\u00e9claration publi\u00e9e suite \u00e0 la pol\u00e9mique, le journaliste a affirm\u00e9 que ses paroles avaient \u00e9t\u00e9 mal comprises et a reconnu que les formulations utilis\u00e9es \u00e9taient inappropri\u00e9es. Il a exprim\u00e9 ses regrets pour tout offense caus\u00e9e aux supporters marocains et \u00e0 la communaut\u00e9 footballistique au sens large, ajoutant que son intention n'\u00e9tait pas de nuire au Maroc ou \u00e0 ses pr\u00e9paratifs pour la CAN 2025.<\/p>\n<p>\u201c Je pr\u00e9sente mes excuses \u00e0 toute personne qui s'est sentie vis\u00e9e ou manqu\u00e9e de respect \u201d, a d\u00e9clar\u00e9 le journaliste, tout en soulignant l'importance de centrer les discussions sportives sur l'analyse plut\u00f4t que sur des antagonismes personnels ou nationaux.<\/p>\n<p>Cet incident survient \u00e0 un moment o\u00f9 l'attention sur la CAN 2025 est accrue, le Maroc pr\u00e9parant l'organisation du tournoi dans le cadre d'une planification infrastructurelle et logistique majeure. En tant que l'une des nations footballistiques les plus en vue d'Afrique, la mission d'organisation du Maroc suscite un vif int\u00e9r\u00eat de la part des supporters \u00e0 travers le continent, et les commentaires publics autour de l'\u00e9v\u00e9nement sont devenus un point de crispation r\u00e9current en ligne.<\/p>\n<p>Les observateurs estiment que cet \u00e9pisode illustre la rapidit\u00e9 avec laquelle le discours footballistique peut d\u00e9g\u00e9n\u00e9rer en tensions transfrontali\u00e8res, particuli\u00e8rement lorsqu'il croise la fiert\u00e9 nationale. Des analystes et commentateurs des m\u00e9dias ont exhort\u00e9 les journalistes et experts \u00e0 adopter des normes \u00e9ditoriales plus strictes, notant que des d\u00e9clarations provocatrices \u2013 intentionnelles ou non \u2013 peuvent amplifier l'hostilit\u00e9 entre les bases de supporters.<\/p>\n<p>Si les excuses ont \u00e9t\u00e9 accueillies favorablement par certains comme un pas vers l'apaisement, d'autres continuent de d\u00e9battre des propos initiaux et de ce qu'ils r\u00e9v\u00e8lent sur le ton de la couverture footballistique dans la r\u00e9gion. Les r\u00e9actions restent partag\u00e9es sur les plateformes sociales, o\u00f9 les utilisateurs ont \u00e9galement appel\u00e9 \u00e0 recentrer l'attention sur le sport lui-m\u00eame alors que les \u00e9quipes commencent leurs pr\u00e9paratifs pour le tournoi.<\/p>\n<p>La CAN 2025 devrait \u00eatre l'une des \u00e9ditions les plus suivies de ces derni\u00e8res ann\u00e9es, et les officiels comme les supporters esp\u00e8rent que la p\u00e9riode de pr\u00e9paration restera centr\u00e9e sur le football plut\u00f4t que sur la pol\u00e9mique.<\/p>","protected":false},"excerpt":{"rendered":"<p>A Tunisian journalist has issued a public apology after comments made about the 2025 Africa Cup of Nations (AFCON) in [&hellip;]<\/p>\n","protected":false},"author":3,"featured_media":261,"comment_status":"closed","ping_status":"open","sticky":false,"template":"","format":"standard","meta":{"googlesitekit_rrm_CAow_uzEDA:productID":"","site-sidebar-layout":"default","site-content-layout":"","ast-site-content-layout":"default","site-content-style":"default","site-sidebar-style":"default","ast-global-header-display":"","ast-banner-title-visibility":"","ast-main-header-display":"","ast-hfb-above-header-display":"","ast-hfb-below-header-display":"","ast-hfb-mobile-header-display":"","site-post-title":"","ast-breadcrumbs-content":"","ast-featured-img":"","footer-sml-layout":"","ast-disable-related-posts":"","theme-transparent-header-meta":"","adv-header-id-meta":"","stick-header-meta":"","header-above-stick-meta":"","header-main-stick-meta":"","header-below-stick-meta":"","astra-migrate-meta-layouts":"default","ast-page-background-enabled":"default","ast-page-background-meta":{"desktop":{"background-color":"var(--ast-global-color-5)","background-image":"","background-repeat":"repeat","background-position":"center center","background-size":"auto","background-attachment":"scroll","background-type":"","background-media":"","overlay-type":"","overlay-color":"","overlay-opacity":"","overlay-gradient":""},"tablet":{"background-color":"","background-image":"","background-repeat":"repeat","background-position":"center center","background-size":"auto","background-attachment":"scroll","background-type":"","background-media":"","overlay-type":"","overlay-color":"","overlay-opacity":"","overlay-gradient":""},"mobile":{"background-color":"","background-image":"","background-repeat":"repeat","background-position":"center center","background-size":"auto","background-attachment":"scroll","background-type":"","background-media":"","overlay-type":"","overlay-color":"","overlay-opacity":"","overlay-gradient":""}},"ast-content-background-meta":{"desktop":{"background-color":"var(--ast-global-color-4)","background-image":"","background-repeat":"repeat","background-position":"center center","background-size":"auto","background-attachment":"scroll","background-type":"","background-media":"","overlay-type":"","overlay-color":"","overlay-opacity":"","overlay-gradient":""},"tablet":{"background-color":"var(--ast-global-color-4)","background-image":"","background-repeat":"repeat","background-position":"center center","background-size":"auto","background-attachment":"scroll","background-type":"","background-media":"","overlay-type":"","overlay-color":"","overlay-opacity":"","overlay-gradient":""},"mobile":{"background-color":"var(--ast-global-color-4)","background-image":"","background-repeat":"repeat","background-position":"center center","background-size":"auto","background-attachment":"scroll","background-type":"","background-media":"","overlay-type":"","overlay-color":"","overlay-opacity":"","overlay-gradient":""}},"footnotes":""},"categories":[1],"tags":[],"class_list":["post-262","post","type-post","status-publish","format-standard","has-post-thumbnail","hentry","category-football-latest-news"],"yoast_head":"<!-- This site is optimized with the Yoast SEO Premium plugin v26.6 (Yoast SEO v27.5) - https:\/\/yoast.com\/product\/yoast-seo-premium-wordpress\/ -->\n<title>Tunisian Journalist Apologizes After AFCON 2025 Morocco Controversy - Bladna News<\/title>\n<meta name=\"robots\" content=\"index, follow, max-snippet:-1, max-image-preview:large, max-video-preview:-1\" \/>\n<link rel=\"canonical\" href=\"https:\/\/bladnanews.com\/fr\/un-journaliste-tunisien-presente-ses-excuses-apres-la-controverse-du-maroc-a-la-can-2025\/\" \/>\n<meta property=\"og:locale\" content=\"fr_FR\" \/>\n<meta property=\"og:type\" content=\"article\" \/>\n<meta property=\"og:title\" content=\"Tunisian Journalist Apologizes After AFCON 2025 Morocco Controversy\" \/>\n<meta property=\"og:description\" content=\"A Tunisian journalist has issued a public apology after comments made about the 2025 Africa Cup of Nations (AFCON) in [&hellip;]\" \/>\n<meta property=\"og:url\" content=\"https:\/\/bladnanews.com\/fr\/un-journaliste-tunisien-presente-ses-excuses-apres-la-controverse-du-maroc-a-la-can-2025\/\" \/>\n<meta property=\"og:site_name\" content=\"Bladna News\" \/>\n<meta property=\"article:published_time\" content=\"2025-12-28T14:38:02+00:00\" \/>\n<meta property=\"article:modified_time\" content=\"2025-12-31T09:49:34+00:00\" \/>\n<meta property=\"og:image\" content=\"https:\/\/bladnanews.com\/wp-content\/uploads\/2025\/12\/Tunisian-Journalist-Apologizes-After-AFCON-2025-Morocco-Controversy-2025-12-28T143802.202Z-WhatsApp-Image-2025-12-25-at-15.30.11.jpg\" \/>\n\t<meta property=\"og:image:width\" content=\"900\" \/>\n\t<meta property=\"og:image:height\" content=\"600\" \/>\n\t<meta property=\"og:image:type\" content=\"image\/jpeg\" \/>\n<meta name=\"author\" content=\"Bladna News Staff\" \/>\n<meta name=\"twitter:card\" content=\"summary_large_image\" \/>\n<meta name=\"twitter:label1\" content=\"\u00c9crit par\" \/>\n\t<meta name=\"twitter:data1\" content=\"Bladna News Staff\" \/>\n\t<meta name=\"twitter:label2\" content=\"Dur\u00e9e de lecture estim\u00e9e\" \/>\n\t<meta name=\"twitter:data2\" content=\"2 minutes\" \/>\n<script type=\"application\/ld+json\" class=\"yoast-schema-graph\">{\"@context\":\"https:\\\/\\\/schema.org\",\"@graph\":[{\"@type\":\"Article\",\"@id\":\"https:\\\/\\\/bladnanews.com\\\/tunisian-journalist-apologizes-after-afcon-2025-morocco-controversy\\\/#article\",\"isPartOf\":{\"@id\":\"https:\\\/\\\/bladnanews.com\\\/tunisian-journalist-apologizes-after-afcon-2025-morocco-controversy\\\/\"},\"author\":{\"name\":\"Bladna News Staff\",\"@id\":\"https:\\\/\\\/mediumseagreen-eel-531711.hostingersite.com\\\/#\\\/schema\\\/person\\\/268e18a453ab080ebf76df6ef7845083\"},\"headline\":\"Tunisian Journalist Apologizes After AFCON 2025 Morocco Controversy\",\"datePublished\":\"2025-12-28T14:38:02+00:00\",\"dateModified\":\"2025-12-31T09:49:34+00:00\",\"mainEntityOfPage\":{\"@id\":\"https:\\\/\\\/bladnanews.com\\\/tunisian-journalist-apologizes-after-afcon-2025-morocco-controversy\\\/\"},\"wordCount\":386,\"publisher\":{\"@id\":\"https:\\\/\\\/mediumseagreen-eel-531711.hostingersite.com\\\/#organization\"},\"image\":{\"@id\":\"https:\\\/\\\/bladnanews.com\\\/tunisian-journalist-apologizes-after-afcon-2025-morocco-controversy\\\/#primaryimage\"},\"thumbnailUrl\":\"https:\\\/\\\/bladnanews.com\\\/wp-content\\\/uploads\\\/2025\\\/12\\\/Tunisian-Journalist-Apologizes-After-AFCON-2025-Morocco-Controversy-2025-12-28T143802.202Z-WhatsApp-Image-2025-12-25-at-15.30.11.jpg\",\"articleSection\":[\"Latest News\"],\"inLanguage\":\"fr-FR\",\"copyrightYear\":\"2025\",\"copyrightHolder\":{\"@id\":\"https:\\\/\\\/bladnanews.com\\\/fr\\\/#organization\"}},{\"@type\":\"WebPage\",\"@id\":\"https:\\\/\\\/bladnanews.com\\\/tunisian-journalist-apologizes-after-afcon-2025-morocco-controversy\\\/\",\"url\":\"https:\\\/\\\/bladnanews.com\\\/tunisian-journalist-apologizes-after-afcon-2025-morocco-controversy\\\/\",\"name\":\"Tunisian Journalist Apologizes After AFCON 2025 Morocco Controversy - Bladna News\",\"isPartOf\":{\"@id\":\"https:\\\/\\\/mediumseagreen-eel-531711.hostingersite.com\\\/#website\"},\"primaryImageOfPage\":{\"@id\":\"https:\\\/\\\/bladnanews.com\\\/tunisian-journalist-apologizes-after-afcon-2025-morocco-controversy\\\/#primaryimage\"},\"image\":{\"@id\":\"https:\\\/\\\/bladnanews.com\\\/tunisian-journalist-apologizes-after-afcon-2025-morocco-controversy\\\/#primaryimage\"},\"thumbnailUrl\":\"https:\\\/\\\/bladnanews.com\\\/wp-content\\\/uploads\\\/2025\\\/12\\\/Tunisian-Journalist-Apologizes-After-AFCON-2025-Morocco-Controversy-2025-12-28T143802.202Z-WhatsApp-Image-2025-12-25-at-15.30.11.jpg\",\"datePublished\":\"2025-12-28T14:38:02+00:00\",\"dateModified\":\"2025-12-31T09:49:34+00:00\",\"breadcrumb\":{\"@id\":\"https:\\\/\\\/bladnanews.com\\\/tunisian-journalist-apologizes-after-afcon-2025-morocco-controversy\\\/#breadcrumb\"},\"inLanguage\":\"fr-FR\",\"potentialAction\":[{\"@type\":\"ReadAction\",\"target\":[\"https:\\\/\\\/bladnanews.com\\\/tunisian-journalist-apologizes-after-afcon-2025-morocco-controversy\\\/\"]}]},{\"@type\":\"ImageObject\",\"inLanguage\":\"fr-FR\",\"@id\":\"https:\\\/\\\/bladnanews.com\\\/tunisian-journalist-apologizes-after-afcon-2025-morocco-controversy\\\/#primaryimage\",\"url\":\"https:\\\/\\\/bladnanews.com\\\/wp-content\\\/uploads\\\/2025\\\/12\\\/Tunisian-Journalist-Apologizes-After-AFCON-2025-Morocco-Controversy-2025-12-28T143802.202Z-WhatsApp-Image-2025-12-25-at-15.30.11.jpg\",\"contentUrl\":\"https:\\\/\\\/bladnanews.com\\\/wp-content\\\/uploads\\\/2025\\\/12\\\/Tunisian-Journalist-Apologizes-After-AFCON-2025-Morocco-Controversy-2025-12-28T143802.202Z-WhatsApp-Image-2025-12-25-at-15.30.11.jpg\",\"width\":900,\"height\":600,\"caption\":\"Morocco news anchor delivering breaking news on live TV in a professional studio.\"},{\"@type\":\"BreadcrumbList\",\"@id\":\"https:\\\/\\\/bladnanews.com\\\/tunisian-journalist-apologizes-after-afcon-2025-morocco-controversy\\\/#breadcrumb\",\"itemListElement\":[{\"@type\":\"ListItem\",\"position\":1,\"name\":\"Home\",\"item\":\"https:\\\/\\\/bladnanews.com\\\/\"},{\"@type\":\"ListItem\",\"position\":2,\"name\":\"Tunisian Journalist Apologizes After AFCON 2025 Morocco Controversy\"}]},{\"@type\":\"WebSite\",\"@id\":\"https:\\\/\\\/mediumseagreen-eel-531711.hostingersite.com\\\/#website\",\"url\":\"https:\\\/\\\/mediumseagreen-eel-531711.hostingersite.com\\\/\",\"name\":\"Bladna News - Morocco\",\"description\":\"Where Moroccan Football Meets the World\",\"publisher\":{\"@id\":\"https:\\\/\\\/mediumseagreen-eel-531711.hostingersite.com\\\/#organization\"},\"potentialAction\":[{\"@type\":\"SearchAction\",\"target\":{\"@type\":\"EntryPoint\",\"urlTemplate\":\"https:\\\/\\\/mediumseagreen-eel-531711.hostingersite.com\\\/?s={search_term_string}\"},\"query-input\":{\"@type\":\"PropertyValueSpecification\",\"valueRequired\":true,\"valueName\":\"search_term_string\"}}],\"inLanguage\":\"fr-FR\"},{\"@type\":\"Organization\",\"@id\":\"https:\\\/\\\/mediumseagreen-eel-531711.hostingersite.com\\\/#organization\",\"name\":\"Bladna News.com\",\"url\":\"https:\\\/\\\/mediumseagreen-eel-531711.hostingersite.com\\\/\",\"logo\":{\"@type\":\"ImageObject\",\"inLanguage\":\"fr-FR\",\"@id\":\"https:\\\/\\\/mediumseagreen-eel-531711.hostingersite.com\\\/#\\\/schema\\\/logo\\\/image\\\/\",\"url\":\"https:\\\/\\\/bladnanews.com\\\/wp-content\\\/uploads\\\/2025\\\/12\\\/logo-bladnanews-V2-web-black-red.png\",\"contentUrl\":\"https:\\\/\\\/bladnanews.com\\\/wp-content\\\/uploads\\\/2025\\\/12\\\/logo-bladnanews-V2-web-black-red.png\",\"width\":703,\"height\":287,\"caption\":\"Bladna News.com\"},\"image\":{\"@id\":\"https:\\\/\\\/mediumseagreen-eel-531711.hostingersite.com\\\/#\\\/schema\\\/logo\\\/image\\\/\"},\"email\":\"info@bladnanews.com\",\"legalName\":\"Bladna News\"},{\"@type\":\"Person\",\"@id\":\"https:\\\/\\\/mediumseagreen-eel-531711.hostingersite.com\\\/#\\\/schema\\\/person\\\/268e18a453ab080ebf76df6ef7845083\",\"name\":\"Bladna News Staff\",\"url\":\"https:\\\/\\\/bladnanews.com\\\/fr\\\/author\\\/bladna-news-staff\\\/\"}]}<\/script>\n<!-- \/ Yoast SEO Premium plugin. -->","yoast_head_json":{"title":"Un journaliste tunisien pr\u00e9sente ses excuses apr\u00e8s la controverse du Maroc \u00e0 la CAN 2025 - Bladna News","robots":{"index":"index","follow":"follow","max-snippet":"max-snippet:-1","max-image-preview":"max-image-preview:large","max-video-preview":"max-video-preview:-1"},"canonical":"https:\/\/bladnanews.com\/fr\/un-journaliste-tunisien-presente-ses-excuses-apres-la-controverse-du-maroc-a-la-can-2025\/","og_locale":"fr_FR","og_type":"article","og_title":"Tunisian Journalist Apologizes After AFCON 2025 Morocco Controversy","og_description":"A Tunisian journalist has issued a public apology after comments made about the 2025 Africa Cup of Nations (AFCON) in [&hellip;]","og_url":"https:\/\/bladnanews.com\/fr\/un-journaliste-tunisien-presente-ses-excuses-apres-la-controverse-du-maroc-a-la-can-2025\/","og_site_name":"Bladna News","article_published_time":"2025-12-28T14:38:02+00:00","article_modified_time":"2025-12-31T09:49:34+00:00","og_image":[{"width":900,"height":600,"url":"https:\/\/bladnanews.com\/wp-content\/uploads\/2025\/12\/Tunisian-Journalist-Apologizes-After-AFCON-2025-Morocco-Controversy-2025-12-28T143802.202Z-WhatsApp-Image-2025-12-25-at-15.30.11.jpg","type":"image\/jpeg"}],"author":"Bladna News Staff","twitter_card":"summary_large_image","twitter_misc":{"\u00c9crit par":"Bladna News Staff","Dur\u00e9e de lecture estim\u00e9e":"2 minutes"},"schema":{"@context":"https:\/\/schema.org","@graph":[{"@type":"Article","@id":"https:\/\/bladnanews.com\/tunisian-journalist-apologizes-after-afcon-2025-morocco-controversy\/#article","isPartOf":{"@id":"https:\/\/bladnanews.com\/tunisian-journalist-apologizes-after-afcon-2025-morocco-controversy\/"},"author":{"name":"Bladna News Staff","@id":"https:\/\/mediumseagreen-eel-531711.hostingersite.com\/#\/schema\/person\/268e18a453ab080ebf76df6ef7845083"},"headline":"Tunisian Journalist Apologizes After AFCON 2025 Morocco Controversy","datePublished":"2025-12-28T14:38:02+00:00","dateModified":"2025-12-31T09:49:34+00:00","mainEntityOfPage":{"@id":"https:\/\/bladnanews.com\/tunisian-journalist-apologizes-after-afcon-2025-morocco-controversy\/"},"wordCount":386,"publisher":{"@id":"https:\/\/mediumseagreen-eel-531711.hostingersite.com\/#organization"},"image":{"@id":"https:\/\/bladnanews.com\/tunisian-journalist-apologizes-after-afcon-2025-morocco-controversy\/#primaryimage"},"thumbnailUrl":"https:\/\/bladnanews.com\/wp-content\/uploads\/2025\/12\/Tunisian-Journalist-Apologizes-After-AFCON-2025-Morocco-Controversy-2025-12-28T143802.202Z-WhatsApp-Image-2025-12-25-at-15.30.11.jpg","articleSection":["Latest News"],"inLanguage":"fr-FR","copyrightYear":"2025","copyrightHolder":{"@id":"https:\/\/bladnanews.com\/fr\/#organization"}},{"@type":"WebPage","@id":"https:\/\/bladnanews.com\/tunisian-journalist-apologizes-after-afcon-2025-morocco-controversy\/","url":"https:\/\/bladnanews.com\/tunisian-journalist-apologizes-after-afcon-2025-morocco-controversy\/","name":"Un journaliste tunisien pr\u00e9sente ses excuses apr\u00e8s la controverse du Maroc \u00e0 la CAN 2025 - Bladna News","isPartOf":{"@id":"https:\/\/mediumseagreen-eel-531711.hostingersite.com\/#website"},"primaryImageOfPage":{"@id":"https:\/\/bladnanews.com\/tunisian-journalist-apologizes-after-afcon-2025-morocco-controversy\/#primaryimage"},"image":{"@id":"https:\/\/bladnanews.com\/tunisian-journalist-apologizes-after-afcon-2025-morocco-controversy\/#primaryimage"},"thumbnailUrl":"https:\/\/bladnanews.com\/wp-content\/uploads\/2025\/12\/Tunisian-Journalist-Apologizes-After-AFCON-2025-Morocco-Controversy-2025-12-28T143802.202Z-WhatsApp-Image-2025-12-25-at-15.30.11.jpg","datePublished":"2025-12-28T14:38:02+00:00","dateModified":"2025-12-31T09:49:34+00:00","breadcrumb":{"@id":"https:\/\/bladnanews.com\/tunisian-journalist-apologizes-after-afcon-2025-morocco-controversy\/#breadcrumb"},"inLanguage":"fr-FR","potentialAction":[{"@type":"ReadAction","target":["https:\/\/bladnanews.com\/tunisian-journalist-apologizes-after-afcon-2025-morocco-controversy\/"]}]},{"@type":"ImageObject","inLanguage":"fr-FR","@id":"https:\/\/bladnanews.com\/tunisian-journalist-apologizes-after-afcon-2025-morocco-controversy\/#primaryimage","url":"https:\/\/bladnanews.com\/wp-content\/uploads\/2025\/12\/Tunisian-Journalist-Apologizes-After-AFCON-2025-Morocco-Controversy-2025-12-28T143802.202Z-WhatsApp-Image-2025-12-25-at-15.30.11.jpg","contentUrl":"https:\/\/bladnanews.com\/wp-content\/uploads\/2025\/12\/Tunisian-Journalist-Apologizes-After-AFCON-2025-Morocco-Controversy-2025-12-28T143802.202Z-WhatsApp-Image-2025-12-25-at-15.30.11.jpg","width":900,"height":600,"caption":"Morocco news anchor delivering breaking news on live TV in a professional studio."},{"@type":"BreadcrumbList","@id":"https:\/\/bladnanews.com\/tunisian-journalist-apologizes-after-afcon-2025-morocco-controversy\/#breadcrumb","itemListElement":[{"@type":"ListItem","position":1,"name":"Home","item":"https:\/\/bladnanews.com\/"},{"@type":"ListItem","position":2,"name":"Tunisian Journalist Apologizes After AFCON 2025 Morocco Controversy"}]},{"@type":"WebSite","@id":"https:\/\/mediumseagreen-eel-531711.hostingersite.com\/#website","url":"https:\/\/mediumseagreen-eel-531711.hostingersite.com\/","name":"Bladna News - Maroc","description":"Quand le football marocain rencontre le monde","publisher":{"@id":"https:\/\/mediumseagreen-eel-531711.hostingersite.com\/#organization"},"potentialAction":[{"@type":"SearchAction","target":{"@type":"EntryPoint","urlTemplate":"https:\/\/mediumseagreen-eel-531711.hostingersite.com\/?s={search_term_string}"},"query-input":{"@type":"PropertyValueSpecification","valueRequired":true,"valueName":"search_term_string"}}],"inLanguage":"fr-FR"},{"@type":"Organization","@id":"https:\/\/mediumseagreen-eel-531711.hostingersite.com\/#organization","name":"Bladna News.com","url":"https:\/\/mediumseagreen-eel-531711.hostingersite.com\/","logo":{"@type":"ImageObject","inLanguage":"fr-FR","@id":"https:\/\/mediumseagreen-eel-531711.hostingersite.com\/#\/schema\/logo\/image\/","url":"https:\/\/bladnanews.com\/wp-content\/uploads\/2025\/12\/logo-bladnanews-V2-web-black-red.png","contentUrl":"https:\/\/bladnanews.com\/wp-content\/uploads\/2025\/12\/logo-bladnanews-V2-web-black-red.png","width":703,"height":287,"caption":"Bladna News.com"},"image":{"@id":"https:\/\/mediumseagreen-eel-531711.hostingersite.com\/#\/schema\/logo\/image\/"},"email":"info@bladnanews.com","legalName":"Bladna News"},{"@type":"Person","@id":"https:\/\/mediumseagreen-eel-531711.hostingersite.com\/#\/schema\/person\/268e18a453ab080ebf76df6ef7845083","name":"\u00c9quipe r\u00e9dactionnelle de Bladna News","url":"https:\/\/bladnanews.com\/fr\/author\/bladna-news-staff\/"}]}},"_links":{"self":[{"href":"https:\/\/bladnanews.com\/fr\/wp-json\/wp\/v2\/posts\/262","targetHints":{"allow":["GET"]}}],"collection":[{"href":"https:\/\/bladnanews.com\/fr\/wp-json\/wp\/v2\/posts"}],"about":[{"href":"https:\/\/bladnanews.com\/fr\/wp-json\/wp\/v2\/types\/post"}],"author":[{"embeddable":true,"href":"https:\/\/bladnanews.com\/fr\/wp-json\/wp\/v2\/users\/3"}],"replies":[{"embeddable":true,"href":"https:\/\/bladnanews.com\/fr\/wp-json\/wp\/v2\/comments?post=262"}],"version-history":[{"count":0,"href":"https:\/\/bladnanews.com\/fr\/wp-json\/wp\/v2\/posts\/262\/revisions"}],"wp:featuredmedia":[{"embeddable":true,"href":"https:\/\/bladnanews.com\/fr\/wp-json\/wp\/v2\/media\/261"}],"wp:attachment":[{"href":"https:\/\/bladnanews.com\/fr\/wp-json\/wp\/v2\/media?parent=262"}],"wp:term":[{"taxonomy":"category","embeddable":true,"href":"https:\/\/bladnanews.com\/fr\/wp-json\/wp\/v2\/categories?post=262"},{"taxonomy":"post_tag","embeddable":true,"href":"https:\/\/bladnanews.com\/fr\/wp-json\/wp\/v2\/tags?post=262"}],"curies":[{"name":"wp","href":"https:\/\/api.w.org\/{rel}","templated":true}]}}