{"id":264,"date":"2025-12-28T15:38:17","date_gmt":"2025-12-28T14:38:17","guid":{"rendered":"https:\/\/bladnanews.com\/mbappe-wears-moroccan-jersey-at-morocco-vs-mali-afcon-match\/"},"modified":"2025-12-31T09:49:34","modified_gmt":"2025-12-31T09:49:34","slug":"mbappe-porte-le-maillot-marocain-lors-du-match-maroc-contre-mali-a-la-can","status":"publish","type":"post","link":"https:\/\/bladnanews.com\/fr\/mbappe-porte-le-maillot-marocain-lors-du-match-maroc-contre-mali-a-la-can\/","title":{"rendered":"Mbapp\u00e9 porte le maillot marocain lors du match de la CAN Maroc contre Mali"},"content":{"rendered":"<p>Kylian Mbapp\u00e9 a attir\u00e9 l'attention sur les r\u00e9seaux sociaux et au-del\u00e0 apr\u00e8s avoir \u00e9t\u00e9 aper\u00e7u portant le maillot de l'\u00e9quipe nationale marocaine lors de la rencontre de la Coupe d'Afrique des Nations entre le Maroc et le Mali.<\/p>\n<p>La star fran\u00e7aise du Paris Saint-Germain a \u00e9t\u00e9 vue dans les tribunes arborant les fameuses couleurs rouges du Maroc, un moment qui a rapidement suscit\u00e9 des conversations parmi les supporters pr\u00e9sents au stade et les fans suivant le tournoi en ligne.<\/p>\n<p>Les images et photos de Mbapp\u00e9 v\u00eatu du maillot marocain ont largement circul\u00e9, beaucoup interpr\u00e9tant ce geste comme un signe de soutien aux Lions de l'Atlas lors de ce match de la CAN. D'autres ont soulign\u00e9 la port\u00e9e plus large de l'essor du profil du Maroc dans le football mondial et de l'admiration que l'\u00e9quipe a suscit\u00e9e ces derni\u00e8res ann\u00e9es.<\/p>\n<p>Mbapp\u00e9 n'a pas fait de d\u00e9claration publique expliquant son choix de maillot, mais sa seule apparition s'est av\u00e9r\u00e9e suffisante pour susciter autant de d\u00e9bats que d'appr\u00e9ciations, notamment parmi les supporters marocains qui ont salu\u00e9 le soutien de l'un des plus grands joueurs mondiaux \u00e0 leur \u00e9quipe.<\/p>\n<p>Le match Maroc-Mali, d\u00e9j\u00e0 l'une des rencontres attendues du tournoi, a gagn\u00e9 un \u00e9cho suppl\u00e9mentaire avec la pr\u00e9sence et la tenue inattendues de Mbapp\u00e9, soulignant la capacit\u00e9 de la CAN \u00e0 attirer l'int\u00e9r\u00eat mondial au-del\u00e0 du continent.<\/p>","protected":false},"excerpt":{"rendered":"<p>Kylian Mbapp\u00e9 drew attention on and off social media after he was spotted wearing a Moroccan national team jersey while [&hellip;]<\/p>\n","protected":false},"author":3,"featured_media":263,"comment_status":"closed","ping_status":"open","sticky":false,"template":"","format":"standard","meta":{"googlesitekit_rrm_CAow_uzEDA:productID":"","site-sidebar-layout":"default","site-content-layout":"","ast-site-content-layout":"default","site-content-style":"default","site-sidebar-style":"default","ast-global-header-display":"","ast-banner-title-visibility":"","ast-main-header-display":"","ast-hfb-above-header-display":"","ast-hfb-below-header-display":"","ast-hfb-mobile-header-display":"","site-post-title":"","ast-breadcrumbs-content":"","ast-featured-img":"","footer-sml-layout":"","ast-disable-related-posts":"","theme-transparent-header-meta":"","adv-header-id-meta":"","stick-header-meta":"","header-above-stick-meta":"","header-main-stick-meta":"","header-below-stick-meta":"","astra-migrate-meta-layouts":"default","ast-page-background-enabled":"default","ast-page-background-meta":{"desktop":{"background-color":"var(--ast-global-color-5)","background-image":"","background-repeat":"repeat","background-position":"center center","background-size":"auto","background-attachment":"scroll","background-type":"","background-media":"","overlay-type":"","overlay-color":"","overlay-opacity":"","overlay-gradient":""},"tablet":{"background-color":"","background-image":"","background-repeat":"repeat","background-position":"center center","background-size":"auto","background-attachment":"scroll","background-type":"","background-media":"","overlay-type":"","overlay-color":"","overlay-opacity":"","overlay-gradient":""},"mobile":{"background-color":"","background-image":"","background-repeat":"repeat","background-position":"center center","background-size":"auto","background-attachment":"scroll","background-type":"","background-media":"","overlay-type":"","overlay-color":"","overlay-opacity":"","overlay-gradient":""}},"ast-content-background-meta":{"desktop":{"background-color":"var(--ast-global-color-4)","background-image":"","background-repeat":"repeat","background-position":"center center","background-size":"auto","background-attachment":"scroll","background-type":"","background-media":"","overlay-type":"","overlay-color":"","overlay-opacity":"","overlay-gradient":""},"tablet":{"background-color":"var(--ast-global-color-4)","background-image":"","background-repeat":"repeat","background-position":"center center","background-size":"auto","background-attachment":"scroll","background-type":"","background-media":"","overlay-type":"","overlay-color":"","overlay-opacity":"","overlay-gradient":""},"mobile":{"background-color":"var(--ast-global-color-4)","background-image":"","background-repeat":"repeat","background-position":"center center","background-size":"auto","background-attachment":"scroll","background-type":"","background-media":"","overlay-type":"","overlay-color":"","overlay-opacity":"","overlay-gradient":""}},"footnotes":""},"categories":[1,168],"tags":[],"class_list":["post-264","post","type-post","status-publish","format-standard","has-post-thumbnail","hentry","category-football-latest-news","category-morocco-national-team"],"yoast_head":"<!-- This site is optimized with the Yoast SEO Premium plugin v26.6 (Yoast SEO v27.5) - https:\/\/yoast.com\/product\/yoast-seo-premium-wordpress\/ -->\n<title>Mbapp\u00e9 Wears Moroccan Jersey at Morocco vs Mali AFCON Match - Bladna News<\/title>\n<meta name=\"robots\" content=\"index, follow, max-snippet:-1, max-image-preview:large, max-video-preview:-1\" \/>\n<link rel=\"canonical\" href=\"https:\/\/bladnanews.com\/fr\/mbappe-porte-le-maillot-marocain-lors-du-match-maroc-contre-mali-a-la-can\/\" \/>\n<meta property=\"og:locale\" content=\"fr_FR\" \/>\n<meta property=\"og:type\" content=\"article\" \/>\n<meta property=\"og:title\" content=\"Mbapp\u00e9 Wears Moroccan Jersey at Morocco vs Mali AFCON Match\" \/>\n<meta property=\"og:description\" content=\"Kylian Mbapp\u00e9 drew attention on and off social media after he was spotted wearing a Moroccan national team jersey while [&hellip;]\" \/>\n<meta property=\"og:url\" content=\"https:\/\/bladnanews.com\/fr\/mbappe-porte-le-maillot-marocain-lors-du-match-maroc-contre-mali-a-la-can\/\" \/>\n<meta property=\"og:site_name\" content=\"Bladna News\" \/>\n<meta property=\"article:published_time\" content=\"2025-12-28T14:38:17+00:00\" \/>\n<meta property=\"article:modified_time\" content=\"2025-12-31T09:49:34+00:00\" \/>\n<meta property=\"og:image\" content=\"https:\/\/bladnanews.com\/wp-content\/uploads\/2025\/12\/Mbappe-Wears-Moroccan-Jersey-at-Morocco-vs-Mali-AFCON-Match-2025-12-28T143816.331Z-WhatsApp-Image-2025-12-26-at-9.43.21-PM.jpg\" \/>\n\t<meta property=\"og:image:width\" content=\"1223\" \/>\n\t<meta property=\"og:image:height\" content=\"815\" \/>\n\t<meta property=\"og:image:type\" content=\"image\/jpeg\" \/>\n<meta name=\"author\" content=\"Bladna News Staff\" \/>\n<meta name=\"twitter:card\" content=\"summary_large_image\" \/>\n<meta name=\"twitter:label1\" content=\"\u00c9crit par\" \/>\n\t<meta name=\"twitter:data1\" content=\"Bladna News Staff\" \/>\n\t<meta name=\"twitter:label2\" content=\"Dur\u00e9e de lecture estim\u00e9e\" \/>\n\t<meta name=\"twitter:data2\" content=\"1 minute\" \/>\n<script type=\"application\/ld+json\" class=\"yoast-schema-graph\">{\"@context\":\"https:\\\/\\\/schema.org\",\"@graph\":[{\"@type\":\"Article\",\"@id\":\"https:\\\/\\\/bladnanews.com\\\/mbappe-wears-moroccan-jersey-at-morocco-vs-mali-afcon-match\\\/#article\",\"isPartOf\":{\"@id\":\"https:\\\/\\\/bladnanews.com\\\/mbappe-wears-moroccan-jersey-at-morocco-vs-mali-afcon-match\\\/\"},\"author\":{\"name\":\"Bladna News Staff\",\"@id\":\"https:\\\/\\\/mediumseagreen-eel-531711.hostingersite.com\\\/#\\\/schema\\\/person\\\/268e18a453ab080ebf76df6ef7845083\"},\"headline\":\"Mbapp\u00e9 Wears Moroccan Jersey at Morocco vs Mali AFCON Match\",\"datePublished\":\"2025-12-28T14:38:17+00:00\",\"dateModified\":\"2025-12-31T09:49:34+00:00\",\"mainEntityOfPage\":{\"@id\":\"https:\\\/\\\/bladnanews.com\\\/mbappe-wears-moroccan-jersey-at-morocco-vs-mali-afcon-match\\\/\"},\"wordCount\":209,\"publisher\":{\"@id\":\"https:\\\/\\\/mediumseagreen-eel-531711.hostingersite.com\\\/#organization\"},\"image\":{\"@id\":\"https:\\\/\\\/bladnanews.com\\\/mbappe-wears-moroccan-jersey-at-morocco-vs-mali-afcon-match\\\/#primaryimage\"},\"thumbnailUrl\":\"https:\\\/\\\/bladnanews.com\\\/wp-content\\\/uploads\\\/2025\\\/12\\\/Mbappe-Wears-Moroccan-Jersey-at-Morocco-vs-Mali-AFCON-Match-2025-12-28T143816.331Z-WhatsApp-Image-2025-12-26-at-9.43.21-PM.jpg\",\"articleSection\":[\"Latest News\",\"Morocco National Team\"],\"inLanguage\":\"fr-FR\",\"copyrightYear\":\"2025\",\"copyrightHolder\":{\"@id\":\"https:\\\/\\\/bladnanews.com\\\/fr\\\/#organization\"}},{\"@type\":\"WebPage\",\"@id\":\"https:\\\/\\\/bladnanews.com\\\/mbappe-wears-moroccan-jersey-at-morocco-vs-mali-afcon-match\\\/\",\"url\":\"https:\\\/\\\/bladnanews.com\\\/mbappe-wears-moroccan-jersey-at-morocco-vs-mali-afcon-match\\\/\",\"name\":\"Mbapp\u00e9 Wears Moroccan Jersey at Morocco vs Mali AFCON Match - Bladna News\",\"isPartOf\":{\"@id\":\"https:\\\/\\\/mediumseagreen-eel-531711.hostingersite.com\\\/#website\"},\"primaryImageOfPage\":{\"@id\":\"https:\\\/\\\/bladnanews.com\\\/mbappe-wears-moroccan-jersey-at-morocco-vs-mali-afcon-match\\\/#primaryimage\"},\"image\":{\"@id\":\"https:\\\/\\\/bladnanews.com\\\/mbappe-wears-moroccan-jersey-at-morocco-vs-mali-afcon-match\\\/#primaryimage\"},\"thumbnailUrl\":\"https:\\\/\\\/bladnanews.com\\\/wp-content\\\/uploads\\\/2025\\\/12\\\/Mbappe-Wears-Moroccan-Jersey-at-Morocco-vs-Mali-AFCON-Match-2025-12-28T143816.331Z-WhatsApp-Image-2025-12-26-at-9.43.21-PM.jpg\",\"datePublished\":\"2025-12-28T14:38:17+00:00\",\"dateModified\":\"2025-12-31T09:49:34+00:00\",\"breadcrumb\":{\"@id\":\"https:\\\/\\\/bladnanews.com\\\/mbappe-wears-moroccan-jersey-at-morocco-vs-mali-afcon-match\\\/#breadcrumb\"},\"inLanguage\":\"fr-FR\",\"potentialAction\":[{\"@type\":\"ReadAction\",\"target\":[\"https:\\\/\\\/bladnanews.com\\\/mbappe-wears-moroccan-jersey-at-morocco-vs-mali-afcon-match\\\/\"]}]},{\"@type\":\"ImageObject\",\"inLanguage\":\"fr-FR\",\"@id\":\"https:\\\/\\\/bladnanews.com\\\/mbappe-wears-moroccan-jersey-at-morocco-vs-mali-afcon-match\\\/#primaryimage\",\"url\":\"https:\\\/\\\/bladnanews.com\\\/wp-content\\\/uploads\\\/2025\\\/12\\\/Mbappe-Wears-Moroccan-Jersey-at-Morocco-vs-Mali-AFCON-Match-2025-12-28T143816.331Z-WhatsApp-Image-2025-12-26-at-9.43.21-PM.jpg\",\"contentUrl\":\"https:\\\/\\\/bladnanews.com\\\/wp-content\\\/uploads\\\/2025\\\/12\\\/Mbappe-Wears-Moroccan-Jersey-at-Morocco-vs-Mali-AFCON-Match-2025-12-28T143816.331Z-WhatsApp-Image-2025-12-26-at-9.43.21-PM.jpg\",\"width\":1223,\"height\":815,\"caption\":\"Morocco football match, VIP sports viewing, young man in stadium, Moroccan sports event.\"},{\"@type\":\"BreadcrumbList\",\"@id\":\"https:\\\/\\\/bladnanews.com\\\/mbappe-wears-moroccan-jersey-at-morocco-vs-mali-afcon-match\\\/#breadcrumb\",\"itemListElement\":[{\"@type\":\"ListItem\",\"position\":1,\"name\":\"Home\",\"item\":\"https:\\\/\\\/bladnanews.com\\\/\"},{\"@type\":\"ListItem\",\"position\":2,\"name\":\"Mbapp\u00e9 Wears Moroccan Jersey at Morocco vs Mali AFCON Match\"}]},{\"@type\":\"WebSite\",\"@id\":\"https:\\\/\\\/mediumseagreen-eel-531711.hostingersite.com\\\/#website\",\"url\":\"https:\\\/\\\/mediumseagreen-eel-531711.hostingersite.com\\\/\",\"name\":\"Bladna News - Morocco\",\"description\":\"Where Moroccan Football Meets the World\",\"publisher\":{\"@id\":\"https:\\\/\\\/mediumseagreen-eel-531711.hostingersite.com\\\/#organization\"},\"potentialAction\":[{\"@type\":\"SearchAction\",\"target\":{\"@type\":\"EntryPoint\",\"urlTemplate\":\"https:\\\/\\\/mediumseagreen-eel-531711.hostingersite.com\\\/?s={search_term_string}\"},\"query-input\":{\"@type\":\"PropertyValueSpecification\",\"valueRequired\":true,\"valueName\":\"search_term_string\"}}],\"inLanguage\":\"fr-FR\"},{\"@type\":\"Organization\",\"@id\":\"https:\\\/\\\/mediumseagreen-eel-531711.hostingersite.com\\\/#organization\",\"name\":\"Bladna News.com\",\"url\":\"https:\\\/\\\/mediumseagreen-eel-531711.hostingersite.com\\\/\",\"logo\":{\"@type\":\"ImageObject\",\"inLanguage\":\"fr-FR\",\"@id\":\"https:\\\/\\\/mediumseagreen-eel-531711.hostingersite.com\\\/#\\\/schema\\\/logo\\\/image\\\/\",\"url\":\"https:\\\/\\\/bladnanews.com\\\/wp-content\\\/uploads\\\/2025\\\/12\\\/logo-bladnanews-V2-web-black-red.png\",\"contentUrl\":\"https:\\\/\\\/bladnanews.com\\\/wp-content\\\/uploads\\\/2025\\\/12\\\/logo-bladnanews-V2-web-black-red.png\",\"width\":703,\"height\":287,\"caption\":\"Bladna News.com\"},\"image\":{\"@id\":\"https:\\\/\\\/mediumseagreen-eel-531711.hostingersite.com\\\/#\\\/schema\\\/logo\\\/image\\\/\"},\"email\":\"info@bladnanews.com\",\"legalName\":\"Bladna News\"},{\"@type\":\"Person\",\"@id\":\"https:\\\/\\\/mediumseagreen-eel-531711.hostingersite.com\\\/#\\\/schema\\\/person\\\/268e18a453ab080ebf76df6ef7845083\",\"name\":\"Bladna News Staff\",\"url\":\"https:\\\/\\\/bladnanews.com\\\/fr\\\/author\\\/bladna-news-staff\\\/\"}]}<\/script>\n<!-- \/ Yoast SEO Premium plugin. -->","yoast_head_json":{"title":"Mbapp\u00e9 porte le maillot marocain lors du match Maroc vs Mali \u00e0 la CAN - Bladna News","robots":{"index":"index","follow":"follow","max-snippet":"max-snippet:-1","max-image-preview":"max-image-preview:large","max-video-preview":"max-video-preview:-1"},"canonical":"https:\/\/bladnanews.com\/fr\/mbappe-porte-le-maillot-marocain-lors-du-match-maroc-contre-mali-a-la-can\/","og_locale":"fr_FR","og_type":"article","og_title":"Mbapp\u00e9 Wears Moroccan Jersey at Morocco vs Mali AFCON Match","og_description":"Kylian Mbapp\u00e9 drew attention on and off social media after he was spotted wearing a Moroccan national team jersey while [&hellip;]","og_url":"https:\/\/bladnanews.com\/fr\/mbappe-porte-le-maillot-marocain-lors-du-match-maroc-contre-mali-a-la-can\/","og_site_name":"Bladna News","article_published_time":"2025-12-28T14:38:17+00:00","article_modified_time":"2025-12-31T09:49:34+00:00","og_image":[{"width":1223,"height":815,"url":"https:\/\/bladnanews.com\/wp-content\/uploads\/2025\/12\/Mbappe-Wears-Moroccan-Jersey-at-Morocco-vs-Mali-AFCON-Match-2025-12-28T143816.331Z-WhatsApp-Image-2025-12-26-at-9.43.21-PM.jpg","type":"image\/jpeg"}],"author":"Bladna News Staff","twitter_card":"summary_large_image","twitter_misc":{"\u00c9crit par":"Bladna News Staff","Dur\u00e9e de lecture estim\u00e9e":"1 minute"},"schema":{"@context":"https:\/\/schema.org","@graph":[{"@type":"Article","@id":"https:\/\/bladnanews.com\/mbappe-wears-moroccan-jersey-at-morocco-vs-mali-afcon-match\/#article","isPartOf":{"@id":"https:\/\/bladnanews.com\/mbappe-wears-moroccan-jersey-at-morocco-vs-mali-afcon-match\/"},"author":{"name":"Bladna News Staff","@id":"https:\/\/mediumseagreen-eel-531711.hostingersite.com\/#\/schema\/person\/268e18a453ab080ebf76df6ef7845083"},"headline":"Mbapp\u00e9 Wears Moroccan Jersey at Morocco vs Mali AFCON Match","datePublished":"2025-12-28T14:38:17+00:00","dateModified":"2025-12-31T09:49:34+00:00","mainEntityOfPage":{"@id":"https:\/\/bladnanews.com\/mbappe-wears-moroccan-jersey-at-morocco-vs-mali-afcon-match\/"},"wordCount":209,"publisher":{"@id":"https:\/\/mediumseagreen-eel-531711.hostingersite.com\/#organization"},"image":{"@id":"https:\/\/bladnanews.com\/mbappe-wears-moroccan-jersey-at-morocco-vs-mali-afcon-match\/#primaryimage"},"thumbnailUrl":"https:\/\/bladnanews.com\/wp-content\/uploads\/2025\/12\/Mbappe-Wears-Moroccan-Jersey-at-Morocco-vs-Mali-AFCON-Match-2025-12-28T143816.331Z-WhatsApp-Image-2025-12-26-at-9.43.21-PM.jpg","articleSection":["Latest News","Morocco National Team"],"inLanguage":"fr-FR","copyrightYear":"2025","copyrightHolder":{"@id":"https:\/\/bladnanews.com\/fr\/#organization"}},{"@type":"WebPage","@id":"https:\/\/bladnanews.com\/mbappe-wears-moroccan-jersey-at-morocco-vs-mali-afcon-match\/","url":"https:\/\/bladnanews.com\/mbappe-wears-moroccan-jersey-at-morocco-vs-mali-afcon-match\/","name":"Mbapp\u00e9 porte le maillot marocain lors du match Maroc vs Mali \u00e0 la CAN - Bladna News","isPartOf":{"@id":"https:\/\/mediumseagreen-eel-531711.hostingersite.com\/#website"},"primaryImageOfPage":{"@id":"https:\/\/bladnanews.com\/mbappe-wears-moroccan-jersey-at-morocco-vs-mali-afcon-match\/#primaryimage"},"image":{"@id":"https:\/\/bladnanews.com\/mbappe-wears-moroccan-jersey-at-morocco-vs-mali-afcon-match\/#primaryimage"},"thumbnailUrl":"https:\/\/bladnanews.com\/wp-content\/uploads\/2025\/12\/Mbappe-Wears-Moroccan-Jersey-at-Morocco-vs-Mali-AFCON-Match-2025-12-28T143816.331Z-WhatsApp-Image-2025-12-26-at-9.43.21-PM.jpg","datePublished":"2025-12-28T14:38:17+00:00","dateModified":"2025-12-31T09:49:34+00:00","breadcrumb":{"@id":"https:\/\/bladnanews.com\/mbappe-wears-moroccan-jersey-at-morocco-vs-mali-afcon-match\/#breadcrumb"},"inLanguage":"fr-FR","potentialAction":[{"@type":"ReadAction","target":["https:\/\/bladnanews.com\/mbappe-wears-moroccan-jersey-at-morocco-vs-mali-afcon-match\/"]}]},{"@type":"ImageObject","inLanguage":"fr-FR","@id":"https:\/\/bladnanews.com\/mbappe-wears-moroccan-jersey-at-morocco-vs-mali-afcon-match\/#primaryimage","url":"https:\/\/bladnanews.com\/wp-content\/uploads\/2025\/12\/Mbappe-Wears-Moroccan-Jersey-at-Morocco-vs-Mali-AFCON-Match-2025-12-28T143816.331Z-WhatsApp-Image-2025-12-26-at-9.43.21-PM.jpg","contentUrl":"https:\/\/bladnanews.com\/wp-content\/uploads\/2025\/12\/Mbappe-Wears-Moroccan-Jersey-at-Morocco-vs-Mali-AFCON-Match-2025-12-28T143816.331Z-WhatsApp-Image-2025-12-26-at-9.43.21-PM.jpg","width":1223,"height":815,"caption":"Morocco football match, VIP sports viewing, young man in stadium, Moroccan sports event."},{"@type":"BreadcrumbList","@id":"https:\/\/bladnanews.com\/mbappe-wears-moroccan-jersey-at-morocco-vs-mali-afcon-match\/#breadcrumb","itemListElement":[{"@type":"ListItem","position":1,"name":"Home","item":"https:\/\/bladnanews.com\/"},{"@type":"ListItem","position":2,"name":"Mbapp\u00e9 Wears Moroccan Jersey at Morocco vs Mali AFCON Match"}]},{"@type":"WebSite","@id":"https:\/\/mediumseagreen-eel-531711.hostingersite.com\/#website","url":"https:\/\/mediumseagreen-eel-531711.hostingersite.com\/","name":"Bladna News - Maroc","description":"Quand le football marocain rencontre le monde","publisher":{"@id":"https:\/\/mediumseagreen-eel-531711.hostingersite.com\/#organization"},"potentialAction":[{"@type":"SearchAction","target":{"@type":"EntryPoint","urlTemplate":"https:\/\/mediumseagreen-eel-531711.hostingersite.com\/?s={search_term_string}"},"query-input":{"@type":"PropertyValueSpecification","valueRequired":true,"valueName":"search_term_string"}}],"inLanguage":"fr-FR"},{"@type":"Organization","@id":"https:\/\/mediumseagreen-eel-531711.hostingersite.com\/#organization","name":"Bladna News.com","url":"https:\/\/mediumseagreen-eel-531711.hostingersite.com\/","logo":{"@type":"ImageObject","inLanguage":"fr-FR","@id":"https:\/\/mediumseagreen-eel-531711.hostingersite.com\/#\/schema\/logo\/image\/","url":"https:\/\/bladnanews.com\/wp-content\/uploads\/2025\/12\/logo-bladnanews-V2-web-black-red.png","contentUrl":"https:\/\/bladnanews.com\/wp-content\/uploads\/2025\/12\/logo-bladnanews-V2-web-black-red.png","width":703,"height":287,"caption":"Bladna News.com"},"image":{"@id":"https:\/\/mediumseagreen-eel-531711.hostingersite.com\/#\/schema\/logo\/image\/"},"email":"info@bladnanews.com","legalName":"Bladna News"},{"@type":"Person","@id":"https:\/\/mediumseagreen-eel-531711.hostingersite.com\/#\/schema\/person\/268e18a453ab080ebf76df6ef7845083","name":"\u00c9quipe r\u00e9dactionnelle de Bladna News","url":"https:\/\/bladnanews.com\/fr\/author\/bladna-news-staff\/"}]}},"_links":{"self":[{"href":"https:\/\/bladnanews.com\/fr\/wp-json\/wp\/v2\/posts\/264","targetHints":{"allow":["GET"]}}],"collection":[{"href":"https:\/\/bladnanews.com\/fr\/wp-json\/wp\/v2\/posts"}],"about":[{"href":"https:\/\/bladnanews.com\/fr\/wp-json\/wp\/v2\/types\/post"}],"author":[{"embeddable":true,"href":"https:\/\/bladnanews.com\/fr\/wp-json\/wp\/v2\/users\/3"}],"replies":[{"embeddable":true,"href":"https:\/\/bladnanews.com\/fr\/wp-json\/wp\/v2\/comments?post=264"}],"version-history":[{"count":0,"href":"https:\/\/bladnanews.com\/fr\/wp-json\/wp\/v2\/posts\/264\/revisions"}],"wp:featuredmedia":[{"embeddable":true,"href":"https:\/\/bladnanews.com\/fr\/wp-json\/wp\/v2\/media\/263"}],"wp:attachment":[{"href":"https:\/\/bladnanews.com\/fr\/wp-json\/wp\/v2\/media?parent=264"}],"wp:term":[{"taxonomy":"category","embeddable":true,"href":"https:\/\/bladnanews.com\/fr\/wp-json\/wp\/v2\/categories?post=264"},{"taxonomy":"post_tag","embeddable":true,"href":"https:\/\/bladnanews.com\/fr\/wp-json\/wp\/v2\/tags?post=264"}],"curies":[{"name":"wp","href":"https:\/\/api.w.org\/{rel}","templated":true}]}}