{"id":2698,"date":"2026-01-04T14:14:31","date_gmt":"2026-01-04T14:14:31","guid":{"rendered":"https:\/\/bladnanews.com\/why-hugo-ekitike-is-missing-for-liverpool-vs-fulham\/"},"modified":"2026-01-04T14:14:31","modified_gmt":"2026-01-04T14:14:31","slug":"pourquoi-hugo-ekitike-est-absent-pour-liverpool-contre-fulham","status":"publish","type":"post","link":"https:\/\/bladnanews.com\/fr\/pourquoi-hugo-ekitike-est-absent-pour-liverpool-contre-fulham\/","title":{"rendered":"Pourquoi Hugo Ekitike est absent pour Liverpool contre Fulham"},"content":{"rendered":"<p>Liverpool est sans <strong>Hugo Ekitike<\/strong> pour leur rencontre de Premier League avec <strong>Fulham<\/strong>, l'attaquant n'\u00e9tant pas inclus dans l'effectif du jour du match.<\/p>\n<p>Les Reds ne peuvent \u00e9galement pas compter sur <strong>Alexander Isak<\/strong>. L'attaquant, \u00e9valu\u00e9 \u00e0 <strong>125 millions de livres<\/strong>, est toujours bless\u00e9, laissant Liverpool \u00e0 court d'options offensives alors qu'ils se pr\u00e9parent \u00e0 affronter l'\u00e9quipe de Marco Silva.<\/p>\n<p>L'absence d'Ekitike est un nouveau coup dur pour Liverpool, qui a d\u00e9j\u00e0 \u00e9t\u00e9 contraint de g\u00e9rer sa ligne d'attaque sans Isak. Le club n'a pas confirm\u00e9 d'autres d\u00e9tails au-del\u00e0 de la situation de blessure, mais la liste des joueurs pour le match contre Fulham indique clairement qu'Ekitike n'est pas disponible.<\/p>\n<p>Avec Isak poursuivant sa r\u00e9habilitation, Liverpool aborde le match contre Fulham ayant besoin que d'autres joueurs se manifestent dans le dernier tiers, alors que l'\u00e9quipe d'Arne Slot cherche \u00e0 maintenir son \u00e9lan en Premier League.<\/p>","protected":false},"excerpt":{"rendered":"<p>Liverpool are without Hugo Ekitike for their Premier League meeting with Fulham, with the forward not included in the matchday [&hellip;]<\/p>\n","protected":false},"author":3,"featured_media":2697,"comment_status":"","ping_status":"open","sticky":false,"template":"","format":"standard","meta":{"googlesitekit_rrm_CAow_uzEDA:productID":"","site-sidebar-layout":"default","site-content-layout":"","ast-site-content-layout":"default","site-content-style":"default","site-sidebar-style":"default","ast-global-header-display":"","ast-banner-title-visibility":"","ast-main-header-display":"","ast-hfb-above-header-display":"","ast-hfb-below-header-display":"","ast-hfb-mobile-header-display":"","site-post-title":"","ast-breadcrumbs-content":"","ast-featured-img":"","footer-sml-layout":"","ast-disable-related-posts":"","theme-transparent-header-meta":"","adv-header-id-meta":"","stick-header-meta":"","header-above-stick-meta":"","header-main-stick-meta":"","header-below-stick-meta":"","astra-migrate-meta-layouts":"default","ast-page-background-enabled":"default","ast-page-background-meta":{"desktop":{"background-color":"var(--ast-global-color-5)","background-image":"","background-repeat":"repeat","background-position":"center center","background-size":"auto","background-attachment":"scroll","background-type":"","background-media":"","overlay-type":"","overlay-color":"","overlay-opacity":"","overlay-gradient":""},"tablet":{"background-color":"","background-image":"","background-repeat":"repeat","background-position":"center center","background-size":"auto","background-attachment":"scroll","background-type":"","background-media":"","overlay-type":"","overlay-color":"","overlay-opacity":"","overlay-gradient":""},"mobile":{"background-color":"","background-image":"","background-repeat":"repeat","background-position":"center center","background-size":"auto","background-attachment":"scroll","background-type":"","background-media":"","overlay-type":"","overlay-color":"","overlay-opacity":"","overlay-gradient":""}},"ast-content-background-meta":{"desktop":{"background-color":"var(--ast-global-color-4)","background-image":"","background-repeat":"repeat","background-position":"center center","background-size":"auto","background-attachment":"scroll","background-type":"","background-media":"","overlay-type":"","overlay-color":"","overlay-opacity":"","overlay-gradient":""},"tablet":{"background-color":"var(--ast-global-color-4)","background-image":"","background-repeat":"repeat","background-position":"center center","background-size":"auto","background-attachment":"scroll","background-type":"","background-media":"","overlay-type":"","overlay-color":"","overlay-opacity":"","overlay-gradient":""},"mobile":{"background-color":"var(--ast-global-color-4)","background-image":"","background-repeat":"repeat","background-position":"center center","background-size":"auto","background-attachment":"scroll","background-type":"","background-media":"","overlay-type":"","overlay-color":"","overlay-opacity":"","overlay-gradient":""}},"footnotes":""},"categories":[20,1],"tags":[],"class_list":["post-2698","post","type-post","status-publish","format-standard","has-post-thumbnail","hentry","category-international","category-football-latest-news"],"yoast_head":"<!-- This site is optimized with the Yoast SEO Premium plugin v26.6 (Yoast SEO v27.5) - https:\/\/yoast.com\/product\/yoast-seo-premium-wordpress\/ -->\n<title>Why Hugo Ekitike is missing for Liverpool vs Fulham - Bladna News<\/title>\n<meta name=\"robots\" content=\"index, follow, max-snippet:-1, max-image-preview:large, max-video-preview:-1\" \/>\n<link rel=\"canonical\" href=\"https:\/\/bladnanews.com\/fr\/pourquoi-hugo-ekitike-est-absent-pour-liverpool-contre-fulham\/\" \/>\n<meta property=\"og:locale\" content=\"fr_FR\" \/>\n<meta property=\"og:type\" content=\"article\" \/>\n<meta property=\"og:title\" content=\"Why Hugo Ekitike is missing for Liverpool vs Fulham\" \/>\n<meta property=\"og:description\" content=\"Liverpool are without Hugo Ekitike for their Premier League meeting with Fulham, with the forward not included in the matchday [&hellip;]\" \/>\n<meta property=\"og:url\" content=\"https:\/\/bladnanews.com\/fr\/pourquoi-hugo-ekitike-est-absent-pour-liverpool-contre-fulham\/\" \/>\n<meta property=\"og:site_name\" content=\"Bladna News\" \/>\n<meta property=\"article:published_time\" content=\"2026-01-04T14:14:31+00:00\" \/>\n<meta property=\"og:image\" content=\"https:\/\/bladnanews.com\/wp-content\/uploads\/2026\/01\/BladnaNews-Why-Hugo-Ekitike-is-missing-for-Liverpool-vs-Fulham-2026-01-04T155036.764Z.jpg\" \/>\n\t<meta property=\"og:image:width\" content=\"2560\" \/>\n\t<meta property=\"og:image:height\" content=\"1440\" \/>\n\t<meta property=\"og:image:type\" content=\"image\/jpeg\" \/>\n<meta name=\"author\" content=\"Bladna News Staff\" \/>\n<meta name=\"twitter:card\" content=\"summary_large_image\" \/>\n<meta name=\"twitter:label1\" content=\"\u00c9crit par\" \/>\n\t<meta name=\"twitter:data1\" content=\"Bladna News Staff\" \/>\n\t<meta name=\"twitter:label2\" content=\"Dur\u00e9e de lecture estim\u00e9e\" \/>\n\t<meta name=\"twitter:data2\" content=\"1 minute\" \/>\n<script type=\"application\/ld+json\" class=\"yoast-schema-graph\">{\"@context\":\"https:\\\/\\\/schema.org\",\"@graph\":[{\"@type\":\"Article\",\"@id\":\"https:\\\/\\\/bladnanews.com\\\/why-hugo-ekitike-is-missing-for-liverpool-vs-fulham\\\/#article\",\"isPartOf\":{\"@id\":\"https:\\\/\\\/bladnanews.com\\\/why-hugo-ekitike-is-missing-for-liverpool-vs-fulham\\\/\"},\"author\":{\"name\":\"Bladna News Staff\",\"@id\":\"https:\\\/\\\/mediumseagreen-eel-531711.hostingersite.com\\\/#\\\/schema\\\/person\\\/268e18a453ab080ebf76df6ef7845083\"},\"headline\":\"Why Hugo Ekitike is missing for Liverpool vs Fulham\",\"datePublished\":\"2026-01-04T14:14:31+00:00\",\"mainEntityOfPage\":{\"@id\":\"https:\\\/\\\/bladnanews.com\\\/why-hugo-ekitike-is-missing-for-liverpool-vs-fulham\\\/\"},\"wordCount\":147,\"publisher\":{\"@id\":\"https:\\\/\\\/mediumseagreen-eel-531711.hostingersite.com\\\/#organization\"},\"image\":{\"@id\":\"https:\\\/\\\/bladnanews.com\\\/why-hugo-ekitike-is-missing-for-liverpool-vs-fulham\\\/#primaryimage\"},\"thumbnailUrl\":\"https:\\\/\\\/bladnanews.com\\\/wp-content\\\/uploads\\\/2026\\\/01\\\/BladnaNews-Why-Hugo-Ekitike-is-missing-for-Liverpool-vs-Fulham-2026-01-04T155036.764Z.jpg\",\"articleSection\":[\"International\",\"Latest News\"],\"inLanguage\":\"fr-FR\",\"copyrightYear\":\"2026\",\"copyrightHolder\":{\"@id\":\"https:\\\/\\\/bladnanews.com\\\/fr\\\/#organization\"}},{\"@type\":\"WebPage\",\"@id\":\"https:\\\/\\\/bladnanews.com\\\/why-hugo-ekitike-is-missing-for-liverpool-vs-fulham\\\/\",\"url\":\"https:\\\/\\\/bladnanews.com\\\/why-hugo-ekitike-is-missing-for-liverpool-vs-fulham\\\/\",\"name\":\"Why Hugo Ekitike is missing for Liverpool vs Fulham - Bladna News\",\"isPartOf\":{\"@id\":\"https:\\\/\\\/mediumseagreen-eel-531711.hostingersite.com\\\/#website\"},\"primaryImageOfPage\":{\"@id\":\"https:\\\/\\\/bladnanews.com\\\/why-hugo-ekitike-is-missing-for-liverpool-vs-fulham\\\/#primaryimage\"},\"image\":{\"@id\":\"https:\\\/\\\/bladnanews.com\\\/why-hugo-ekitike-is-missing-for-liverpool-vs-fulham\\\/#primaryimage\"},\"thumbnailUrl\":\"https:\\\/\\\/bladnanews.com\\\/wp-content\\\/uploads\\\/2026\\\/01\\\/BladnaNews-Why-Hugo-Ekitike-is-missing-for-Liverpool-vs-Fulham-2026-01-04T155036.764Z.jpg\",\"datePublished\":\"2026-01-04T14:14:31+00:00\",\"breadcrumb\":{\"@id\":\"https:\\\/\\\/bladnanews.com\\\/why-hugo-ekitike-is-missing-for-liverpool-vs-fulham\\\/#breadcrumb\"},\"inLanguage\":\"fr-FR\",\"potentialAction\":[{\"@type\":\"ReadAction\",\"target\":[\"https:\\\/\\\/bladnanews.com\\\/why-hugo-ekitike-is-missing-for-liverpool-vs-fulham\\\/\"]}]},{\"@type\":\"ImageObject\",\"inLanguage\":\"fr-FR\",\"@id\":\"https:\\\/\\\/bladnanews.com\\\/why-hugo-ekitike-is-missing-for-liverpool-vs-fulham\\\/#primaryimage\",\"url\":\"https:\\\/\\\/bladnanews.com\\\/wp-content\\\/uploads\\\/2026\\\/01\\\/BladnaNews-Why-Hugo-Ekitike-is-missing-for-Liverpool-vs-Fulham-2026-01-04T155036.764Z.jpg\",\"contentUrl\":\"https:\\\/\\\/bladnanews.com\\\/wp-content\\\/uploads\\\/2026\\\/01\\\/BladnaNews-Why-Hugo-Ekitike-is-missing-for-Liverpool-vs-Fulham-2026-01-04T155036.764Z.jpg\",\"width\":2560,\"height\":1440,\"caption\":\"Trent Alexander-Arnold in Liverpool's red kit, showing determination during a match, with stadium lights illuminating the scene.\"},{\"@type\":\"BreadcrumbList\",\"@id\":\"https:\\\/\\\/bladnanews.com\\\/why-hugo-ekitike-is-missing-for-liverpool-vs-fulham\\\/#breadcrumb\",\"itemListElement\":[{\"@type\":\"ListItem\",\"position\":1,\"name\":\"Home\",\"item\":\"https:\\\/\\\/bladnanews.com\\\/\"},{\"@type\":\"ListItem\",\"position\":2,\"name\":\"Why Hugo Ekitike is missing for Liverpool vs Fulham\"}]},{\"@type\":\"WebSite\",\"@id\":\"https:\\\/\\\/mediumseagreen-eel-531711.hostingersite.com\\\/#website\",\"url\":\"https:\\\/\\\/mediumseagreen-eel-531711.hostingersite.com\\\/\",\"name\":\"Bladna News - Morocco\",\"description\":\"Where Moroccan Football Meets the World\",\"publisher\":{\"@id\":\"https:\\\/\\\/mediumseagreen-eel-531711.hostingersite.com\\\/#organization\"},\"potentialAction\":[{\"@type\":\"SearchAction\",\"target\":{\"@type\":\"EntryPoint\",\"urlTemplate\":\"https:\\\/\\\/mediumseagreen-eel-531711.hostingersite.com\\\/?s={search_term_string}\"},\"query-input\":{\"@type\":\"PropertyValueSpecification\",\"valueRequired\":true,\"valueName\":\"search_term_string\"}}],\"inLanguage\":\"fr-FR\"},{\"@type\":\"Organization\",\"@id\":\"https:\\\/\\\/mediumseagreen-eel-531711.hostingersite.com\\\/#organization\",\"name\":\"Bladna News.com\",\"url\":\"https:\\\/\\\/mediumseagreen-eel-531711.hostingersite.com\\\/\",\"logo\":{\"@type\":\"ImageObject\",\"inLanguage\":\"fr-FR\",\"@id\":\"https:\\\/\\\/mediumseagreen-eel-531711.hostingersite.com\\\/#\\\/schema\\\/logo\\\/image\\\/\",\"url\":\"https:\\\/\\\/bladnanews.com\\\/wp-content\\\/uploads\\\/2025\\\/12\\\/logo-bladnanews-V2-web-black-red.png\",\"contentUrl\":\"https:\\\/\\\/bladnanews.com\\\/wp-content\\\/uploads\\\/2025\\\/12\\\/logo-bladnanews-V2-web-black-red.png\",\"width\":703,\"height\":287,\"caption\":\"Bladna News.com\"},\"image\":{\"@id\":\"https:\\\/\\\/mediumseagreen-eel-531711.hostingersite.com\\\/#\\\/schema\\\/logo\\\/image\\\/\"},\"email\":\"info@bladnanews.com\",\"legalName\":\"Bladna News\"},{\"@type\":\"Person\",\"@id\":\"https:\\\/\\\/mediumseagreen-eel-531711.hostingersite.com\\\/#\\\/schema\\\/person\\\/268e18a453ab080ebf76df6ef7845083\",\"name\":\"Bladna News Staff\",\"url\":\"https:\\\/\\\/bladnanews.com\\\/fr\\\/author\\\/bladna-news-staff\\\/\"}]}<\/script>\n<!-- \/ Yoast SEO Premium plugin. -->","yoast_head_json":{"title":"Pourquoi Hugo Ekitike est absent pour Liverpool contre Fulham - Bladna News","robots":{"index":"index","follow":"follow","max-snippet":"max-snippet:-1","max-image-preview":"max-image-preview:large","max-video-preview":"max-video-preview:-1"},"canonical":"https:\/\/bladnanews.com\/fr\/pourquoi-hugo-ekitike-est-absent-pour-liverpool-contre-fulham\/","og_locale":"fr_FR","og_type":"article","og_title":"Why Hugo Ekitike is missing for Liverpool vs Fulham","og_description":"Liverpool are without Hugo Ekitike for their Premier League meeting with Fulham, with the forward not included in the matchday [&hellip;]","og_url":"https:\/\/bladnanews.com\/fr\/pourquoi-hugo-ekitike-est-absent-pour-liverpool-contre-fulham\/","og_site_name":"Bladna News","article_published_time":"2026-01-04T14:14:31+00:00","og_image":[{"width":2560,"height":1440,"url":"https:\/\/bladnanews.com\/wp-content\/uploads\/2026\/01\/BladnaNews-Why-Hugo-Ekitike-is-missing-for-Liverpool-vs-Fulham-2026-01-04T155036.764Z.jpg","type":"image\/jpeg"}],"author":"Bladna News Staff","twitter_card":"summary_large_image","twitter_misc":{"\u00c9crit par":"Bladna News Staff","Dur\u00e9e de lecture estim\u00e9e":"1 minute"},"schema":{"@context":"https:\/\/schema.org","@graph":[{"@type":"Article","@id":"https:\/\/bladnanews.com\/why-hugo-ekitike-is-missing-for-liverpool-vs-fulham\/#article","isPartOf":{"@id":"https:\/\/bladnanews.com\/why-hugo-ekitike-is-missing-for-liverpool-vs-fulham\/"},"author":{"name":"Bladna News Staff","@id":"https:\/\/mediumseagreen-eel-531711.hostingersite.com\/#\/schema\/person\/268e18a453ab080ebf76df6ef7845083"},"headline":"Why Hugo Ekitike is missing for Liverpool vs Fulham","datePublished":"2026-01-04T14:14:31+00:00","mainEntityOfPage":{"@id":"https:\/\/bladnanews.com\/why-hugo-ekitike-is-missing-for-liverpool-vs-fulham\/"},"wordCount":147,"publisher":{"@id":"https:\/\/mediumseagreen-eel-531711.hostingersite.com\/#organization"},"image":{"@id":"https:\/\/bladnanews.com\/why-hugo-ekitike-is-missing-for-liverpool-vs-fulham\/#primaryimage"},"thumbnailUrl":"https:\/\/bladnanews.com\/wp-content\/uploads\/2026\/01\/BladnaNews-Why-Hugo-Ekitike-is-missing-for-Liverpool-vs-Fulham-2026-01-04T155036.764Z.jpg","articleSection":["International","Latest News"],"inLanguage":"fr-FR","copyrightYear":"2026","copyrightHolder":{"@id":"https:\/\/bladnanews.com\/fr\/#organization"}},{"@type":"WebPage","@id":"https:\/\/bladnanews.com\/why-hugo-ekitike-is-missing-for-liverpool-vs-fulham\/","url":"https:\/\/bladnanews.com\/why-hugo-ekitike-is-missing-for-liverpool-vs-fulham\/","name":"Pourquoi Hugo Ekitike est absent pour Liverpool contre Fulham - Bladna News","isPartOf":{"@id":"https:\/\/mediumseagreen-eel-531711.hostingersite.com\/#website"},"primaryImageOfPage":{"@id":"https:\/\/bladnanews.com\/why-hugo-ekitike-is-missing-for-liverpool-vs-fulham\/#primaryimage"},"image":{"@id":"https:\/\/bladnanews.com\/why-hugo-ekitike-is-missing-for-liverpool-vs-fulham\/#primaryimage"},"thumbnailUrl":"https:\/\/bladnanews.com\/wp-content\/uploads\/2026\/01\/BladnaNews-Why-Hugo-Ekitike-is-missing-for-Liverpool-vs-Fulham-2026-01-04T155036.764Z.jpg","datePublished":"2026-01-04T14:14:31+00:00","breadcrumb":{"@id":"https:\/\/bladnanews.com\/why-hugo-ekitike-is-missing-for-liverpool-vs-fulham\/#breadcrumb"},"inLanguage":"fr-FR","potentialAction":[{"@type":"ReadAction","target":["https:\/\/bladnanews.com\/why-hugo-ekitike-is-missing-for-liverpool-vs-fulham\/"]}]},{"@type":"ImageObject","inLanguage":"fr-FR","@id":"https:\/\/bladnanews.com\/why-hugo-ekitike-is-missing-for-liverpool-vs-fulham\/#primaryimage","url":"https:\/\/bladnanews.com\/wp-content\/uploads\/2026\/01\/BladnaNews-Why-Hugo-Ekitike-is-missing-for-Liverpool-vs-Fulham-2026-01-04T155036.764Z.jpg","contentUrl":"https:\/\/bladnanews.com\/wp-content\/uploads\/2026\/01\/BladnaNews-Why-Hugo-Ekitike-is-missing-for-Liverpool-vs-Fulham-2026-01-04T155036.764Z.jpg","width":2560,"height":1440,"caption":"Trent Alexander-Arnold in Liverpool's red kit, showing determination during a match, with stadium lights illuminating the scene."},{"@type":"BreadcrumbList","@id":"https:\/\/bladnanews.com\/why-hugo-ekitike-is-missing-for-liverpool-vs-fulham\/#breadcrumb","itemListElement":[{"@type":"ListItem","position":1,"name":"Home","item":"https:\/\/bladnanews.com\/"},{"@type":"ListItem","position":2,"name":"Why Hugo Ekitike is missing for Liverpool vs Fulham"}]},{"@type":"WebSite","@id":"https:\/\/mediumseagreen-eel-531711.hostingersite.com\/#website","url":"https:\/\/mediumseagreen-eel-531711.hostingersite.com\/","name":"Bladna News - Maroc","description":"Quand le football marocain rencontre le monde","publisher":{"@id":"https:\/\/mediumseagreen-eel-531711.hostingersite.com\/#organization"},"potentialAction":[{"@type":"SearchAction","target":{"@type":"EntryPoint","urlTemplate":"https:\/\/mediumseagreen-eel-531711.hostingersite.com\/?s={search_term_string}"},"query-input":{"@type":"PropertyValueSpecification","valueRequired":true,"valueName":"search_term_string"}}],"inLanguage":"fr-FR"},{"@type":"Organization","@id":"https:\/\/mediumseagreen-eel-531711.hostingersite.com\/#organization","name":"Bladna News.com","url":"https:\/\/mediumseagreen-eel-531711.hostingersite.com\/","logo":{"@type":"ImageObject","inLanguage":"fr-FR","@id":"https:\/\/mediumseagreen-eel-531711.hostingersite.com\/#\/schema\/logo\/image\/","url":"https:\/\/bladnanews.com\/wp-content\/uploads\/2025\/12\/logo-bladnanews-V2-web-black-red.png","contentUrl":"https:\/\/bladnanews.com\/wp-content\/uploads\/2025\/12\/logo-bladnanews-V2-web-black-red.png","width":703,"height":287,"caption":"Bladna News.com"},"image":{"@id":"https:\/\/mediumseagreen-eel-531711.hostingersite.com\/#\/schema\/logo\/image\/"},"email":"info@bladnanews.com","legalName":"Bladna News"},{"@type":"Person","@id":"https:\/\/mediumseagreen-eel-531711.hostingersite.com\/#\/schema\/person\/268e18a453ab080ebf76df6ef7845083","name":"\u00c9quipe r\u00e9dactionnelle de Bladna News","url":"https:\/\/bladnanews.com\/fr\/author\/bladna-news-staff\/"}]}},"_links":{"self":[{"href":"https:\/\/bladnanews.com\/fr\/wp-json\/wp\/v2\/posts\/2698","targetHints":{"allow":["GET"]}}],"collection":[{"href":"https:\/\/bladnanews.com\/fr\/wp-json\/wp\/v2\/posts"}],"about":[{"href":"https:\/\/bladnanews.com\/fr\/wp-json\/wp\/v2\/types\/post"}],"author":[{"embeddable":true,"href":"https:\/\/bladnanews.com\/fr\/wp-json\/wp\/v2\/users\/3"}],"replies":[{"embeddable":true,"href":"https:\/\/bladnanews.com\/fr\/wp-json\/wp\/v2\/comments?post=2698"}],"version-history":[{"count":0,"href":"https:\/\/bladnanews.com\/fr\/wp-json\/wp\/v2\/posts\/2698\/revisions"}],"wp:featuredmedia":[{"embeddable":true,"href":"https:\/\/bladnanews.com\/fr\/wp-json\/wp\/v2\/media\/2697"}],"wp:attachment":[{"href":"https:\/\/bladnanews.com\/fr\/wp-json\/wp\/v2\/media?parent=2698"}],"wp:term":[{"taxonomy":"category","embeddable":true,"href":"https:\/\/bladnanews.com\/fr\/wp-json\/wp\/v2\/categories?post=2698"},{"taxonomy":"post_tag","embeddable":true,"href":"https:\/\/bladnanews.com\/fr\/wp-json\/wp\/v2\/tags?post=2698"}],"curies":[{"name":"wp","href":"https:\/\/api.w.org\/{rel}","templated":true}]}}