{"id":2701,"date":"2026-01-04T14:21:41","date_gmt":"2026-01-04T14:21:41","guid":{"rendered":"https:\/\/bladnanews.com\/brenden-aaronson-scores-for-leeds-in-premier-league-vs-man-utd\/"},"modified":"2026-01-04T14:21:41","modified_gmt":"2026-01-04T14:21:41","slug":"brenden-aaronson-marque-pour-leeds-en-premier-league-contre-manchester-united","status":"publish","type":"post","link":"https:\/\/bladnanews.com\/fr\/brenden-aaronson-marque-pour-leeds-en-premier-league-contre-manchester-united\/","title":{"rendered":"Brenden Aaronson marque pour Leeds en Premier League contre Manchester United"},"content":{"rendered":"<p>Brenden Aaronson a v\u00e9cu un r\u00eave am\u00e9ricain \u00e0 Elland Road lorsque le milieu de terrain de l'USMNT a marqu\u00e9 pour Leeds United lors d'un affrontement dramatique en Premier League contre Manchester United.<\/p>\n<p>Alors que le match basculait d'un c\u00f4t\u00e9 \u00e0 l'autre, Aaronson a gard\u00e9 son sang-froid devant le but et a r\u00e9alis\u00e9 une finition calme pour inscrire Leeds au tableau d'affichage, d\u00e9clenchant des c\u00e9l\u00e9brations effr\u00e9n\u00e9es dans les tribunes.<\/p>\n<p>Leeds s'est nourri du bruit et de l'\u00e9lan alors que la rencontre se transformait en une bataille \u00e9pique, for\u00e7ant Manchester United \u00e0 r\u00e9agir dans une atmosph\u00e8re survolt\u00e9e du West Yorkshire.<\/p>\n<p>La frappe d'Aaronson a soulign\u00e9 son influence grandissante pour Leeds, et ce moment est rapidement devenu l'un des points de discussion marquants du match alors qu'Elland Road explosait apr\u00e8s que le ballon a touch\u00e9 les filets.<\/p>\n<p>La rencontre de Premier League a offert l'intensit\u00e9 attendue entre ces rivaux historiques, et la contribution pos\u00e9e d'Aaronson a assur\u00e9 \u00e0 Leeds un moment cl\u00e9 \u00e0 savourer contre Manchester United.<\/p>","protected":false},"excerpt":{"rendered":"<p>Brenden Aaronson lived out an American dream at Elland Road as the USMNT midfielder scored for Leeds United in a [&hellip;]<\/p>\n","protected":false},"author":3,"featured_media":2699,"comment_status":"","ping_status":"open","sticky":false,"template":"","format":"standard","meta":{"googlesitekit_rrm_CAow_uzEDA:productID":"","site-sidebar-layout":"default","site-content-layout":"","ast-site-content-layout":"default","site-content-style":"default","site-sidebar-style":"default","ast-global-header-display":"","ast-banner-title-visibility":"","ast-main-header-display":"","ast-hfb-above-header-display":"","ast-hfb-below-header-display":"","ast-hfb-mobile-header-display":"","site-post-title":"","ast-breadcrumbs-content":"","ast-featured-img":"","footer-sml-layout":"","ast-disable-related-posts":"","theme-transparent-header-meta":"","adv-header-id-meta":"","stick-header-meta":"","header-above-stick-meta":"","header-main-stick-meta":"","header-below-stick-meta":"","astra-migrate-meta-layouts":"default","ast-page-background-enabled":"default","ast-page-background-meta":{"desktop":{"background-color":"var(--ast-global-color-5)","background-image":"","background-repeat":"repeat","background-position":"center center","background-size":"auto","background-attachment":"scroll","background-type":"","background-media":"","overlay-type":"","overlay-color":"","overlay-opacity":"","overlay-gradient":""},"tablet":{"background-color":"","background-image":"","background-repeat":"repeat","background-position":"center center","background-size":"auto","background-attachment":"scroll","background-type":"","background-media":"","overlay-type":"","overlay-color":"","overlay-opacity":"","overlay-gradient":""},"mobile":{"background-color":"","background-image":"","background-repeat":"repeat","background-position":"center center","background-size":"auto","background-attachment":"scroll","background-type":"","background-media":"","overlay-type":"","overlay-color":"","overlay-opacity":"","overlay-gradient":""}},"ast-content-background-meta":{"desktop":{"background-color":"var(--ast-global-color-4)","background-image":"","background-repeat":"repeat","background-position":"center center","background-size":"auto","background-attachment":"scroll","background-type":"","background-media":"","overlay-type":"","overlay-color":"","overlay-opacity":"","overlay-gradient":""},"tablet":{"background-color":"var(--ast-global-color-4)","background-image":"","background-repeat":"repeat","background-position":"center center","background-size":"auto","background-attachment":"scroll","background-type":"","background-media":"","overlay-type":"","overlay-color":"","overlay-opacity":"","overlay-gradient":""},"mobile":{"background-color":"var(--ast-global-color-4)","background-image":"","background-repeat":"repeat","background-position":"center center","background-size":"auto","background-attachment":"scroll","background-type":"","background-media":"","overlay-type":"","overlay-color":"","overlay-opacity":"","overlay-gradient":""}},"footnotes":""},"categories":[20,1],"tags":[],"class_list":["post-2701","post","type-post","status-publish","format-standard","has-post-thumbnail","hentry","category-international","category-football-latest-news"],"yoast_head":"<!-- This site is optimized with the Yoast SEO Premium plugin v26.6 (Yoast SEO v27.5) - https:\/\/yoast.com\/product\/yoast-seo-premium-wordpress\/ -->\n<title>Brenden Aaronson scores for Leeds in Premier League vs Man Utd - Bladna News<\/title>\n<meta name=\"robots\" content=\"index, follow, max-snippet:-1, max-image-preview:large, max-video-preview:-1\" \/>\n<link rel=\"canonical\" href=\"https:\/\/bladnanews.com\/fr\/brenden-aaronson-marque-pour-leeds-en-premier-league-contre-manchester-united\/\" \/>\n<meta property=\"og:locale\" content=\"fr_FR\" \/>\n<meta property=\"og:type\" content=\"article\" \/>\n<meta property=\"og:title\" content=\"Brenden Aaronson scores for Leeds in Premier League vs Man Utd\" \/>\n<meta property=\"og:description\" content=\"Brenden Aaronson lived out an American dream at Elland Road as the USMNT midfielder scored for Leeds United in a [&hellip;]\" \/>\n<meta property=\"og:url\" content=\"https:\/\/bladnanews.com\/fr\/brenden-aaronson-marque-pour-leeds-en-premier-league-contre-manchester-united\/\" \/>\n<meta property=\"og:site_name\" content=\"Bladna News\" \/>\n<meta property=\"article:published_time\" content=\"2026-01-04T14:21:41+00:00\" \/>\n<meta property=\"og:image\" content=\"https:\/\/bladnanews.com\/wp-content\/uploads\/2026\/01\/BladnaNews-Brenden-Aaronson-scores-for-Leeds-in-Premier-League-vs-Man-Utd-2026-01-04T155055.751Z.jpg\" \/>\n\t<meta property=\"og:image:width\" content=\"2560\" \/>\n\t<meta property=\"og:image:height\" content=\"1440\" \/>\n\t<meta property=\"og:image:type\" content=\"image\/jpeg\" \/>\n<meta name=\"author\" content=\"Bladna News Staff\" \/>\n<meta name=\"twitter:card\" content=\"summary_large_image\" \/>\n<meta name=\"twitter:label1\" content=\"\u00c9crit par\" \/>\n\t<meta name=\"twitter:data1\" content=\"Bladna News Staff\" \/>\n\t<meta name=\"twitter:label2\" content=\"Dur\u00e9e de lecture estim\u00e9e\" \/>\n\t<meta name=\"twitter:data2\" content=\"1 minute\" \/>\n<script type=\"application\/ld+json\" class=\"yoast-schema-graph\">{\"@context\":\"https:\\\/\\\/schema.org\",\"@graph\":[{\"@type\":\"Article\",\"@id\":\"https:\\\/\\\/bladnanews.com\\\/brenden-aaronson-scores-for-leeds-in-premier-league-vs-man-utd\\\/#article\",\"isPartOf\":{\"@id\":\"https:\\\/\\\/bladnanews.com\\\/brenden-aaronson-scores-for-leeds-in-premier-league-vs-man-utd\\\/\"},\"author\":{\"name\":\"Bladna News Staff\",\"@id\":\"https:\\\/\\\/mediumseagreen-eel-531711.hostingersite.com\\\/#\\\/schema\\\/person\\\/268e18a453ab080ebf76df6ef7845083\"},\"headline\":\"Brenden Aaronson scores for Leeds in Premier League vs Man Utd\",\"datePublished\":\"2026-01-04T14:21:41+00:00\",\"mainEntityOfPage\":{\"@id\":\"https:\\\/\\\/bladnanews.com\\\/brenden-aaronson-scores-for-leeds-in-premier-league-vs-man-utd\\\/\"},\"wordCount\":162,\"publisher\":{\"@id\":\"https:\\\/\\\/mediumseagreen-eel-531711.hostingersite.com\\\/#organization\"},\"image\":{\"@id\":\"https:\\\/\\\/bladnanews.com\\\/brenden-aaronson-scores-for-leeds-in-premier-league-vs-man-utd\\\/#primaryimage\"},\"thumbnailUrl\":\"https:\\\/\\\/bladnanews.com\\\/wp-content\\\/uploads\\\/2026\\\/01\\\/BladnaNews-Brenden-Aaronson-scores-for-Leeds-in-Premier-League-vs-Man-Utd-2026-01-04T155055.751Z.jpg\",\"articleSection\":[\"International\",\"Latest News\"],\"inLanguage\":\"fr-FR\",\"copyrightYear\":\"2026\",\"copyrightHolder\":{\"@id\":\"https:\\\/\\\/bladnanews.com\\\/fr\\\/#organization\"}},{\"@type\":\"WebPage\",\"@id\":\"https:\\\/\\\/bladnanews.com\\\/brenden-aaronson-scores-for-leeds-in-premier-league-vs-man-utd\\\/\",\"url\":\"https:\\\/\\\/bladnanews.com\\\/brenden-aaronson-scores-for-leeds-in-premier-league-vs-man-utd\\\/\",\"name\":\"Brenden Aaronson scores for Leeds in Premier League vs Man Utd - Bladna News\",\"isPartOf\":{\"@id\":\"https:\\\/\\\/mediumseagreen-eel-531711.hostingersite.com\\\/#website\"},\"primaryImageOfPage\":{\"@id\":\"https:\\\/\\\/bladnanews.com\\\/brenden-aaronson-scores-for-leeds-in-premier-league-vs-man-utd\\\/#primaryimage\"},\"image\":{\"@id\":\"https:\\\/\\\/bladnanews.com\\\/brenden-aaronson-scores-for-leeds-in-premier-league-vs-man-utd\\\/#primaryimage\"},\"thumbnailUrl\":\"https:\\\/\\\/bladnanews.com\\\/wp-content\\\/uploads\\\/2026\\\/01\\\/BladnaNews-Brenden-Aaronson-scores-for-Leeds-in-Premier-League-vs-Man-Utd-2026-01-04T155055.751Z.jpg\",\"datePublished\":\"2026-01-04T14:21:41+00:00\",\"breadcrumb\":{\"@id\":\"https:\\\/\\\/bladnanews.com\\\/brenden-aaronson-scores-for-leeds-in-premier-league-vs-man-utd\\\/#breadcrumb\"},\"inLanguage\":\"fr-FR\",\"potentialAction\":[{\"@type\":\"ReadAction\",\"target\":[\"https:\\\/\\\/bladnanews.com\\\/brenden-aaronson-scores-for-leeds-in-premier-league-vs-man-utd\\\/\"]}]},{\"@type\":\"ImageObject\",\"inLanguage\":\"fr-FR\",\"@id\":\"https:\\\/\\\/bladnanews.com\\\/brenden-aaronson-scores-for-leeds-in-premier-league-vs-man-utd\\\/#primaryimage\",\"url\":\"https:\\\/\\\/bladnanews.com\\\/wp-content\\\/uploads\\\/2026\\\/01\\\/BladnaNews-Brenden-Aaronson-scores-for-Leeds-in-Premier-League-vs-Man-Utd-2026-01-04T155055.751Z.jpg\",\"contentUrl\":\"https:\\\/\\\/bladnanews.com\\\/wp-content\\\/uploads\\\/2026\\\/01\\\/BladnaNews-Brenden-Aaronson-scores-for-Leeds-in-Premier-League-vs-Man-Utd-2026-01-04T155055.751Z.jpg\",\"width\":2560,\"height\":1440,\"caption\":\"Brenden Aaronson celebrates scoring for Leeds United as ecstatic fans cheer in the background during the Premier League match against Manchester United.\"},{\"@type\":\"BreadcrumbList\",\"@id\":\"https:\\\/\\\/bladnanews.com\\\/brenden-aaronson-scores-for-leeds-in-premier-league-vs-man-utd\\\/#breadcrumb\",\"itemListElement\":[{\"@type\":\"ListItem\",\"position\":1,\"name\":\"Home\",\"item\":\"https:\\\/\\\/bladnanews.com\\\/\"},{\"@type\":\"ListItem\",\"position\":2,\"name\":\"Brenden Aaronson scores for Leeds in Premier League vs Man Utd\"}]},{\"@type\":\"WebSite\",\"@id\":\"https:\\\/\\\/mediumseagreen-eel-531711.hostingersite.com\\\/#website\",\"url\":\"https:\\\/\\\/mediumseagreen-eel-531711.hostingersite.com\\\/\",\"name\":\"Bladna News - Morocco\",\"description\":\"Where Moroccan Football Meets the World\",\"publisher\":{\"@id\":\"https:\\\/\\\/mediumseagreen-eel-531711.hostingersite.com\\\/#organization\"},\"potentialAction\":[{\"@type\":\"SearchAction\",\"target\":{\"@type\":\"EntryPoint\",\"urlTemplate\":\"https:\\\/\\\/mediumseagreen-eel-531711.hostingersite.com\\\/?s={search_term_string}\"},\"query-input\":{\"@type\":\"PropertyValueSpecification\",\"valueRequired\":true,\"valueName\":\"search_term_string\"}}],\"inLanguage\":\"fr-FR\"},{\"@type\":\"Organization\",\"@id\":\"https:\\\/\\\/mediumseagreen-eel-531711.hostingersite.com\\\/#organization\",\"name\":\"Bladna News.com\",\"url\":\"https:\\\/\\\/mediumseagreen-eel-531711.hostingersite.com\\\/\",\"logo\":{\"@type\":\"ImageObject\",\"inLanguage\":\"fr-FR\",\"@id\":\"https:\\\/\\\/mediumseagreen-eel-531711.hostingersite.com\\\/#\\\/schema\\\/logo\\\/image\\\/\",\"url\":\"https:\\\/\\\/bladnanews.com\\\/wp-content\\\/uploads\\\/2025\\\/12\\\/logo-bladnanews-V2-web-black-red.png\",\"contentUrl\":\"https:\\\/\\\/bladnanews.com\\\/wp-content\\\/uploads\\\/2025\\\/12\\\/logo-bladnanews-V2-web-black-red.png\",\"width\":703,\"height\":287,\"caption\":\"Bladna News.com\"},\"image\":{\"@id\":\"https:\\\/\\\/mediumseagreen-eel-531711.hostingersite.com\\\/#\\\/schema\\\/logo\\\/image\\\/\"},\"email\":\"info@bladnanews.com\",\"legalName\":\"Bladna News\"},{\"@type\":\"Person\",\"@id\":\"https:\\\/\\\/mediumseagreen-eel-531711.hostingersite.com\\\/#\\\/schema\\\/person\\\/268e18a453ab080ebf76df6ef7845083\",\"name\":\"Bladna News Staff\",\"url\":\"https:\\\/\\\/bladnanews.com\\\/fr\\\/author\\\/bladna-news-staff\\\/\"}]}<\/script>\n<!-- \/ Yoast SEO Premium plugin. -->","yoast_head_json":{"title":"Brenden Aaronson marque pour Leeds en Premier League contre Manchester United - Bladna News","robots":{"index":"index","follow":"follow","max-snippet":"max-snippet:-1","max-image-preview":"max-image-preview:large","max-video-preview":"max-video-preview:-1"},"canonical":"https:\/\/bladnanews.com\/fr\/brenden-aaronson-marque-pour-leeds-en-premier-league-contre-manchester-united\/","og_locale":"fr_FR","og_type":"article","og_title":"Brenden Aaronson scores for Leeds in Premier League vs Man Utd","og_description":"Brenden Aaronson lived out an American dream at Elland Road as the USMNT midfielder scored for Leeds United in a [&hellip;]","og_url":"https:\/\/bladnanews.com\/fr\/brenden-aaronson-marque-pour-leeds-en-premier-league-contre-manchester-united\/","og_site_name":"Bladna News","article_published_time":"2026-01-04T14:21:41+00:00","og_image":[{"width":2560,"height":1440,"url":"https:\/\/bladnanews.com\/wp-content\/uploads\/2026\/01\/BladnaNews-Brenden-Aaronson-scores-for-Leeds-in-Premier-League-vs-Man-Utd-2026-01-04T155055.751Z.jpg","type":"image\/jpeg"}],"author":"Bladna News Staff","twitter_card":"summary_large_image","twitter_misc":{"\u00c9crit par":"Bladna News Staff","Dur\u00e9e de lecture estim\u00e9e":"1 minute"},"schema":{"@context":"https:\/\/schema.org","@graph":[{"@type":"Article","@id":"https:\/\/bladnanews.com\/brenden-aaronson-scores-for-leeds-in-premier-league-vs-man-utd\/#article","isPartOf":{"@id":"https:\/\/bladnanews.com\/brenden-aaronson-scores-for-leeds-in-premier-league-vs-man-utd\/"},"author":{"name":"Bladna News Staff","@id":"https:\/\/mediumseagreen-eel-531711.hostingersite.com\/#\/schema\/person\/268e18a453ab080ebf76df6ef7845083"},"headline":"Brenden Aaronson scores for Leeds in Premier League vs Man Utd","datePublished":"2026-01-04T14:21:41+00:00","mainEntityOfPage":{"@id":"https:\/\/bladnanews.com\/brenden-aaronson-scores-for-leeds-in-premier-league-vs-man-utd\/"},"wordCount":162,"publisher":{"@id":"https:\/\/mediumseagreen-eel-531711.hostingersite.com\/#organization"},"image":{"@id":"https:\/\/bladnanews.com\/brenden-aaronson-scores-for-leeds-in-premier-league-vs-man-utd\/#primaryimage"},"thumbnailUrl":"https:\/\/bladnanews.com\/wp-content\/uploads\/2026\/01\/BladnaNews-Brenden-Aaronson-scores-for-Leeds-in-Premier-League-vs-Man-Utd-2026-01-04T155055.751Z.jpg","articleSection":["International","Latest News"],"inLanguage":"fr-FR","copyrightYear":"2026","copyrightHolder":{"@id":"https:\/\/bladnanews.com\/fr\/#organization"}},{"@type":"WebPage","@id":"https:\/\/bladnanews.com\/brenden-aaronson-scores-for-leeds-in-premier-league-vs-man-utd\/","url":"https:\/\/bladnanews.com\/brenden-aaronson-scores-for-leeds-in-premier-league-vs-man-utd\/","name":"Brenden Aaronson marque pour Leeds en Premier League contre Manchester United - Bladna News","isPartOf":{"@id":"https:\/\/mediumseagreen-eel-531711.hostingersite.com\/#website"},"primaryImageOfPage":{"@id":"https:\/\/bladnanews.com\/brenden-aaronson-scores-for-leeds-in-premier-league-vs-man-utd\/#primaryimage"},"image":{"@id":"https:\/\/bladnanews.com\/brenden-aaronson-scores-for-leeds-in-premier-league-vs-man-utd\/#primaryimage"},"thumbnailUrl":"https:\/\/bladnanews.com\/wp-content\/uploads\/2026\/01\/BladnaNews-Brenden-Aaronson-scores-for-Leeds-in-Premier-League-vs-Man-Utd-2026-01-04T155055.751Z.jpg","datePublished":"2026-01-04T14:21:41+00:00","breadcrumb":{"@id":"https:\/\/bladnanews.com\/brenden-aaronson-scores-for-leeds-in-premier-league-vs-man-utd\/#breadcrumb"},"inLanguage":"fr-FR","potentialAction":[{"@type":"ReadAction","target":["https:\/\/bladnanews.com\/brenden-aaronson-scores-for-leeds-in-premier-league-vs-man-utd\/"]}]},{"@type":"ImageObject","inLanguage":"fr-FR","@id":"https:\/\/bladnanews.com\/brenden-aaronson-scores-for-leeds-in-premier-league-vs-man-utd\/#primaryimage","url":"https:\/\/bladnanews.com\/wp-content\/uploads\/2026\/01\/BladnaNews-Brenden-Aaronson-scores-for-Leeds-in-Premier-League-vs-Man-Utd-2026-01-04T155055.751Z.jpg","contentUrl":"https:\/\/bladnanews.com\/wp-content\/uploads\/2026\/01\/BladnaNews-Brenden-Aaronson-scores-for-Leeds-in-Premier-League-vs-Man-Utd-2026-01-04T155055.751Z.jpg","width":2560,"height":1440,"caption":"Brenden Aaronson celebrates scoring for Leeds United as ecstatic fans cheer in the background during the Premier League match against Manchester United."},{"@type":"BreadcrumbList","@id":"https:\/\/bladnanews.com\/brenden-aaronson-scores-for-leeds-in-premier-league-vs-man-utd\/#breadcrumb","itemListElement":[{"@type":"ListItem","position":1,"name":"Home","item":"https:\/\/bladnanews.com\/"},{"@type":"ListItem","position":2,"name":"Brenden Aaronson scores for Leeds in Premier League vs Man Utd"}]},{"@type":"WebSite","@id":"https:\/\/mediumseagreen-eel-531711.hostingersite.com\/#website","url":"https:\/\/mediumseagreen-eel-531711.hostingersite.com\/","name":"Bladna News - Maroc","description":"Quand le football marocain rencontre le monde","publisher":{"@id":"https:\/\/mediumseagreen-eel-531711.hostingersite.com\/#organization"},"potentialAction":[{"@type":"SearchAction","target":{"@type":"EntryPoint","urlTemplate":"https:\/\/mediumseagreen-eel-531711.hostingersite.com\/?s={search_term_string}"},"query-input":{"@type":"PropertyValueSpecification","valueRequired":true,"valueName":"search_term_string"}}],"inLanguage":"fr-FR"},{"@type":"Organization","@id":"https:\/\/mediumseagreen-eel-531711.hostingersite.com\/#organization","name":"Bladna News.com","url":"https:\/\/mediumseagreen-eel-531711.hostingersite.com\/","logo":{"@type":"ImageObject","inLanguage":"fr-FR","@id":"https:\/\/mediumseagreen-eel-531711.hostingersite.com\/#\/schema\/logo\/image\/","url":"https:\/\/bladnanews.com\/wp-content\/uploads\/2025\/12\/logo-bladnanews-V2-web-black-red.png","contentUrl":"https:\/\/bladnanews.com\/wp-content\/uploads\/2025\/12\/logo-bladnanews-V2-web-black-red.png","width":703,"height":287,"caption":"Bladna News.com"},"image":{"@id":"https:\/\/mediumseagreen-eel-531711.hostingersite.com\/#\/schema\/logo\/image\/"},"email":"info@bladnanews.com","legalName":"Bladna News"},{"@type":"Person","@id":"https:\/\/mediumseagreen-eel-531711.hostingersite.com\/#\/schema\/person\/268e18a453ab080ebf76df6ef7845083","name":"\u00c9quipe r\u00e9dactionnelle de Bladna News","url":"https:\/\/bladnanews.com\/fr\/author\/bladna-news-staff\/"}]}},"_links":{"self":[{"href":"https:\/\/bladnanews.com\/fr\/wp-json\/wp\/v2\/posts\/2701","targetHints":{"allow":["GET"]}}],"collection":[{"href":"https:\/\/bladnanews.com\/fr\/wp-json\/wp\/v2\/posts"}],"about":[{"href":"https:\/\/bladnanews.com\/fr\/wp-json\/wp\/v2\/types\/post"}],"author":[{"embeddable":true,"href":"https:\/\/bladnanews.com\/fr\/wp-json\/wp\/v2\/users\/3"}],"replies":[{"embeddable":true,"href":"https:\/\/bladnanews.com\/fr\/wp-json\/wp\/v2\/comments?post=2701"}],"version-history":[{"count":0,"href":"https:\/\/bladnanews.com\/fr\/wp-json\/wp\/v2\/posts\/2701\/revisions"}],"wp:featuredmedia":[{"embeddable":true,"href":"https:\/\/bladnanews.com\/fr\/wp-json\/wp\/v2\/media\/2699"}],"wp:attachment":[{"href":"https:\/\/bladnanews.com\/fr\/wp-json\/wp\/v2\/media?parent=2701"}],"wp:term":[{"taxonomy":"category","embeddable":true,"href":"https:\/\/bladnanews.com\/fr\/wp-json\/wp\/v2\/categories?post=2701"},{"taxonomy":"post_tag","embeddable":true,"href":"https:\/\/bladnanews.com\/fr\/wp-json\/wp\/v2\/tags?post=2701"}],"curies":[{"name":"wp","href":"https:\/\/api.w.org\/{rel}","templated":true}]}}