{"id":2706,"date":"2026-01-04T14:58:51","date_gmt":"2026-01-04T14:58:51","guid":{"rendered":"https:\/\/bladnanews.com\/liverpool-match-at-fulham-delayed-after-storm-damage\/"},"modified":"2026-01-04T14:58:51","modified_gmt":"2026-01-04T14:58:51","slug":"le-match-de-liverpool-a-fulham-retarde-apres-des-degats-causes-par-une-tempete","status":"publish","type":"post","link":"https:\/\/bladnanews.com\/fr\/le-match-de-liverpool-a-fulham-retarde-apres-des-degats-causes-par-une-tempete\/","title":{"rendered":"Le match de Liverpool \u00e0 Fulham retard\u00e9 apr\u00e8s des d\u00e9g\u00e2ts caus\u00e9s par une temp\u00eate"},"content":{"rendered":"<p>Le d\u00e9placement de Liverpool \u00e0 Fulham en Premier League a \u00e9t\u00e9 touch\u00e9 par un retard apr\u00e8s que des intemp\u00e9ries ont caus\u00e9 des d\u00e9g\u00e2ts \u00e0 Craven Cottage.<\/p>\n<p>Les supporters ont d\u00fb patienter dimanche alors que les officiels proc\u00e9daient \u00e0 des v\u00e9rifications autour de l'enceinte, certaines parties du stade \u00e9tant affect\u00e9es par des vents violents. Le probl\u00e8me concernait principalement la tribune Riverside, o\u00f9 des d\u00e9g\u00e2ts ont \u00e9t\u00e9 signal\u00e9s suite \u00e0 la temp\u00eate nocturne.<\/p>\n<p>Le club a confirm\u00e9 que l'heure de d\u00e9but avait \u00e9t\u00e9 repouss\u00e9e pendant que les inspections de s\u00e9curit\u00e9 \u00e9taient en cours, les autorit\u00e9s \u00e9tant d\u00e9termin\u00e9es \u00e0 garantir la s\u00e9curit\u00e9 de la zone avant de permettre le d\u00e9but de la rencontre.<\/p>\n<p>Il a \u00e9t\u00e9 r\u00e9v\u00e9l\u00e9 que le retard faisait suite au fait que le vent avait arrach\u00e9 des sections d'une structure temporaire, suscitant des inqui\u00e9tudes concernant les d\u00e9bris et la stabilit\u00e9 des mat\u00e9riaux dans cette partie de l'enceinte. Le personnel du jour du match et les \u00e9quipes de s\u00e9curit\u00e9 ont \u00e9t\u00e9 observ\u00e9s en train d'\u00e9valuer la situation alors que les \u00e9quipes s'\u00e9taient pr\u00e9par\u00e9es normalement en coulisses.<\/p>\n<p>Les supporters ont \u00e9t\u00e9 tenus inform\u00e9s pendant la poursuite de l'inspection, la priorit\u00e9 absolue \u00e9tant la s\u00e9curit\u00e9 des supporters, des joueurs et du personnel pr\u00e9sents dans le stade.<\/p>\n<p>On s'attendait toujours \u00e0 ce que le match de Premier League se d\u00e9roule une fois les v\u00e9rifications requises effectu\u00e9es et les travaux n\u00e9cessaires r\u00e9alis\u00e9s, mais cette perturbation a soulign\u00e9 l'impact de la m\u00e9t\u00e9o sur le site londonien dans les heures pr\u00e9c\u00e9dant le coup d'envoi.<\/p>","protected":false},"excerpt":{"rendered":"<p>Liverpool\u2019s Premier League trip to Fulham has been hit by a delay after stormy weather caused damage at Craven Cottage. [&hellip;]<\/p>\n","protected":false},"author":3,"featured_media":2705,"comment_status":"","ping_status":"open","sticky":false,"template":"","format":"standard","meta":{"googlesitekit_rrm_CAow_uzEDA:productID":"","site-sidebar-layout":"default","site-content-layout":"","ast-site-content-layout":"default","site-content-style":"default","site-sidebar-style":"default","ast-global-header-display":"","ast-banner-title-visibility":"","ast-main-header-display":"","ast-hfb-above-header-display":"","ast-hfb-below-header-display":"","ast-hfb-mobile-header-display":"","site-post-title":"","ast-breadcrumbs-content":"","ast-featured-img":"","footer-sml-layout":"","ast-disable-related-posts":"","theme-transparent-header-meta":"","adv-header-id-meta":"","stick-header-meta":"","header-above-stick-meta":"","header-main-stick-meta":"","header-below-stick-meta":"","astra-migrate-meta-layouts":"default","ast-page-background-enabled":"default","ast-page-background-meta":{"desktop":{"background-color":"var(--ast-global-color-5)","background-image":"","background-repeat":"repeat","background-position":"center center","background-size":"auto","background-attachment":"scroll","background-type":"","background-media":"","overlay-type":"","overlay-color":"","overlay-opacity":"","overlay-gradient":""},"tablet":{"background-color":"","background-image":"","background-repeat":"repeat","background-position":"center center","background-size":"auto","background-attachment":"scroll","background-type":"","background-media":"","overlay-type":"","overlay-color":"","overlay-opacity":"","overlay-gradient":""},"mobile":{"background-color":"","background-image":"","background-repeat":"repeat","background-position":"center center","background-size":"auto","background-attachment":"scroll","background-type":"","background-media":"","overlay-type":"","overlay-color":"","overlay-opacity":"","overlay-gradient":""}},"ast-content-background-meta":{"desktop":{"background-color":"var(--ast-global-color-4)","background-image":"","background-repeat":"repeat","background-position":"center center","background-size":"auto","background-attachment":"scroll","background-type":"","background-media":"","overlay-type":"","overlay-color":"","overlay-opacity":"","overlay-gradient":""},"tablet":{"background-color":"var(--ast-global-color-4)","background-image":"","background-repeat":"repeat","background-position":"center center","background-size":"auto","background-attachment":"scroll","background-type":"","background-media":"","overlay-type":"","overlay-color":"","overlay-opacity":"","overlay-gradient":""},"mobile":{"background-color":"var(--ast-global-color-4)","background-image":"","background-repeat":"repeat","background-position":"center center","background-size":"auto","background-attachment":"scroll","background-type":"","background-media":"","overlay-type":"","overlay-color":"","overlay-opacity":"","overlay-gradient":""}},"footnotes":""},"categories":[20,1],"tags":[],"class_list":["post-2706","post","type-post","status-publish","format-standard","has-post-thumbnail","hentry","category-international","category-football-latest-news"],"yoast_head":"<!-- This site is optimized with the Yoast SEO Premium plugin v26.6 (Yoast SEO v27.5) - https:\/\/yoast.com\/product\/yoast-seo-premium-wordpress\/ -->\n<title>Liverpool match at Fulham delayed after storm damage - Bladna News<\/title>\n<meta name=\"robots\" content=\"index, follow, max-snippet:-1, max-image-preview:large, max-video-preview:-1\" \/>\n<link rel=\"canonical\" href=\"https:\/\/bladnanews.com\/fr\/le-match-de-liverpool-a-fulham-retarde-apres-des-degats-causes-par-une-tempete\/\" \/>\n<meta property=\"og:locale\" content=\"fr_FR\" \/>\n<meta property=\"og:type\" content=\"article\" \/>\n<meta property=\"og:title\" content=\"Liverpool match at Fulham delayed after storm damage\" \/>\n<meta property=\"og:description\" content=\"Liverpool\u2019s Premier League trip to Fulham has been hit by a delay after stormy weather caused damage at Craven Cottage. [&hellip;]\" \/>\n<meta property=\"og:url\" content=\"https:\/\/bladnanews.com\/fr\/le-match-de-liverpool-a-fulham-retarde-apres-des-degats-causes-par-une-tempete\/\" \/>\n<meta property=\"og:site_name\" content=\"Bladna News\" \/>\n<meta property=\"article:published_time\" content=\"2026-01-04T14:58:51+00:00\" \/>\n<meta property=\"og:image\" content=\"https:\/\/bladnanews.com\/wp-content\/uploads\/2026\/01\/BladnaNews-Liverpool-match-at-Fulham-delayed-after-storm-damage-2026-01-04T155131.841Z.jpg\" \/>\n\t<meta property=\"og:image:width\" content=\"2560\" \/>\n\t<meta property=\"og:image:height\" content=\"1440\" \/>\n\t<meta property=\"og:image:type\" content=\"image\/jpeg\" \/>\n<meta name=\"author\" content=\"Bladna News Staff\" \/>\n<meta name=\"twitter:card\" content=\"summary_large_image\" \/>\n<meta name=\"twitter:label1\" content=\"\u00c9crit par\" \/>\n\t<meta name=\"twitter:data1\" content=\"Bladna News Staff\" \/>\n\t<meta name=\"twitter:label2\" content=\"Dur\u00e9e de lecture estim\u00e9e\" \/>\n\t<meta name=\"twitter:data2\" content=\"1 minute\" \/>\n<script type=\"application\/ld+json\" class=\"yoast-schema-graph\">{\"@context\":\"https:\\\/\\\/schema.org\",\"@graph\":[{\"@type\":\"Article\",\"@id\":\"https:\\\/\\\/bladnanews.com\\\/nl\\\/liverpool-match-at-fulham-delayed-after-storm-damage\\\/#article\",\"isPartOf\":{\"@id\":\"https:\\\/\\\/bladnanews.com\\\/nl\\\/liverpool-match-at-fulham-delayed-after-storm-damage\\\/\"},\"author\":{\"name\":\"Bladna News Staff\",\"@id\":\"https:\\\/\\\/mediumseagreen-eel-531711.hostingersite.com\\\/#\\\/schema\\\/person\\\/268e18a453ab080ebf76df6ef7845083\"},\"headline\":\"Liverpool match at Fulham delayed after storm damage\",\"datePublished\":\"2026-01-04T14:58:51+00:00\",\"mainEntityOfPage\":{\"@id\":\"https:\\\/\\\/bladnanews.com\\\/nl\\\/liverpool-match-at-fulham-delayed-after-storm-damage\\\/\"},\"wordCount\":214,\"publisher\":{\"@id\":\"https:\\\/\\\/mediumseagreen-eel-531711.hostingersite.com\\\/#organization\"},\"image\":{\"@id\":\"https:\\\/\\\/bladnanews.com\\\/nl\\\/liverpool-match-at-fulham-delayed-after-storm-damage\\\/#primaryimage\"},\"thumbnailUrl\":\"https:\\\/\\\/bladnanews.com\\\/wp-content\\\/uploads\\\/2026\\\/01\\\/BladnaNews-Liverpool-match-at-Fulham-delayed-after-storm-damage-2026-01-04T155131.841Z.jpg\",\"articleSection\":[\"International\",\"Latest News\"],\"inLanguage\":\"fr-FR\",\"copyrightYear\":\"2026\",\"copyrightHolder\":{\"@id\":\"https:\\\/\\\/bladnanews.com\\\/fr\\\/#organization\"}},{\"@type\":\"WebPage\",\"@id\":\"https:\\\/\\\/bladnanews.com\\\/nl\\\/liverpool-match-at-fulham-delayed-after-storm-damage\\\/\",\"url\":\"https:\\\/\\\/bladnanews.com\\\/nl\\\/liverpool-match-at-fulham-delayed-after-storm-damage\\\/\",\"name\":\"Liverpool match at Fulham delayed after storm damage - Bladna News\",\"isPartOf\":{\"@id\":\"https:\\\/\\\/mediumseagreen-eel-531711.hostingersite.com\\\/#website\"},\"primaryImageOfPage\":{\"@id\":\"https:\\\/\\\/bladnanews.com\\\/nl\\\/liverpool-match-at-fulham-delayed-after-storm-damage\\\/#primaryimage\"},\"image\":{\"@id\":\"https:\\\/\\\/bladnanews.com\\\/nl\\\/liverpool-match-at-fulham-delayed-after-storm-damage\\\/#primaryimage\"},\"thumbnailUrl\":\"https:\\\/\\\/bladnanews.com\\\/wp-content\\\/uploads\\\/2026\\\/01\\\/BladnaNews-Liverpool-match-at-Fulham-delayed-after-storm-damage-2026-01-04T155131.841Z.jpg\",\"datePublished\":\"2026-01-04T14:58:51+00:00\",\"breadcrumb\":{\"@id\":\"https:\\\/\\\/bladnanews.com\\\/nl\\\/liverpool-match-at-fulham-delayed-after-storm-damage\\\/#breadcrumb\"},\"inLanguage\":\"fr-FR\",\"potentialAction\":[{\"@type\":\"ReadAction\",\"target\":[\"https:\\\/\\\/bladnanews.com\\\/nl\\\/liverpool-match-at-fulham-delayed-after-storm-damage\\\/\"]}]},{\"@type\":\"ImageObject\",\"inLanguage\":\"fr-FR\",\"@id\":\"https:\\\/\\\/bladnanews.com\\\/nl\\\/liverpool-match-at-fulham-delayed-after-storm-damage\\\/#primaryimage\",\"url\":\"https:\\\/\\\/bladnanews.com\\\/wp-content\\\/uploads\\\/2026\\\/01\\\/BladnaNews-Liverpool-match-at-Fulham-delayed-after-storm-damage-2026-01-04T155131.841Z.jpg\",\"contentUrl\":\"https:\\\/\\\/bladnanews.com\\\/wp-content\\\/uploads\\\/2026\\\/01\\\/BladnaNews-Liverpool-match-at-Fulham-delayed-after-storm-damage-2026-01-04T155131.841Z.jpg\",\"width\":2560,\"height\":1440,\"caption\":\"Fulham FC's Craven Cottage under clear blue skies, showcasing pristine green pitch and the iconic stand ahead of a Liverpool match.\"},{\"@type\":\"BreadcrumbList\",\"@id\":\"https:\\\/\\\/bladnanews.com\\\/nl\\\/liverpool-match-at-fulham-delayed-after-storm-damage\\\/#breadcrumb\",\"itemListElement\":[{\"@type\":\"ListItem\",\"position\":1,\"name\":\"Home\",\"item\":\"https:\\\/\\\/bladnanews.com\\\/\"},{\"@type\":\"ListItem\",\"position\":2,\"name\":\"Liverpool match at Fulham delayed after storm damage\"}]},{\"@type\":\"WebSite\",\"@id\":\"https:\\\/\\\/mediumseagreen-eel-531711.hostingersite.com\\\/#website\",\"url\":\"https:\\\/\\\/mediumseagreen-eel-531711.hostingersite.com\\\/\",\"name\":\"Bladna News - Morocco\",\"description\":\"Where Moroccan Football Meets the World\",\"publisher\":{\"@id\":\"https:\\\/\\\/mediumseagreen-eel-531711.hostingersite.com\\\/#organization\"},\"potentialAction\":[{\"@type\":\"SearchAction\",\"target\":{\"@type\":\"EntryPoint\",\"urlTemplate\":\"https:\\\/\\\/mediumseagreen-eel-531711.hostingersite.com\\\/?s={search_term_string}\"},\"query-input\":{\"@type\":\"PropertyValueSpecification\",\"valueRequired\":true,\"valueName\":\"search_term_string\"}}],\"inLanguage\":\"fr-FR\"},{\"@type\":\"Organization\",\"@id\":\"https:\\\/\\\/mediumseagreen-eel-531711.hostingersite.com\\\/#organization\",\"name\":\"Bladna News.com\",\"url\":\"https:\\\/\\\/mediumseagreen-eel-531711.hostingersite.com\\\/\",\"logo\":{\"@type\":\"ImageObject\",\"inLanguage\":\"fr-FR\",\"@id\":\"https:\\\/\\\/mediumseagreen-eel-531711.hostingersite.com\\\/#\\\/schema\\\/logo\\\/image\\\/\",\"url\":\"https:\\\/\\\/bladnanews.com\\\/wp-content\\\/uploads\\\/2025\\\/12\\\/logo-bladnanews-V2-web-black-red.png\",\"contentUrl\":\"https:\\\/\\\/bladnanews.com\\\/wp-content\\\/uploads\\\/2025\\\/12\\\/logo-bladnanews-V2-web-black-red.png\",\"width\":703,\"height\":287,\"caption\":\"Bladna News.com\"},\"image\":{\"@id\":\"https:\\\/\\\/mediumseagreen-eel-531711.hostingersite.com\\\/#\\\/schema\\\/logo\\\/image\\\/\"},\"email\":\"info@bladnanews.com\",\"legalName\":\"Bladna News\"},{\"@type\":\"Person\",\"@id\":\"https:\\\/\\\/mediumseagreen-eel-531711.hostingersite.com\\\/#\\\/schema\\\/person\\\/268e18a453ab080ebf76df6ef7845083\",\"name\":\"Bladna News Staff\",\"url\":\"https:\\\/\\\/bladnanews.com\\\/fr\\\/author\\\/bladna-news-staff\\\/\"}]}<\/script>\n<!-- \/ Yoast SEO Premium plugin. -->","yoast_head_json":{"title":"Le match de Liverpool \u00e0 Fulham retard\u00e9 apr\u00e8s des d\u00e9g\u00e2ts caus\u00e9s par une temp\u00eate - Bladna News","robots":{"index":"index","follow":"follow","max-snippet":"max-snippet:-1","max-image-preview":"max-image-preview:large","max-video-preview":"max-video-preview:-1"},"canonical":"https:\/\/bladnanews.com\/fr\/le-match-de-liverpool-a-fulham-retarde-apres-des-degats-causes-par-une-tempete\/","og_locale":"fr_FR","og_type":"article","og_title":"Liverpool match at Fulham delayed after storm damage","og_description":"Liverpool\u2019s Premier League trip to Fulham has been hit by a delay after stormy weather caused damage at Craven Cottage. [&hellip;]","og_url":"https:\/\/bladnanews.com\/fr\/le-match-de-liverpool-a-fulham-retarde-apres-des-degats-causes-par-une-tempete\/","og_site_name":"Bladna News","article_published_time":"2026-01-04T14:58:51+00:00","og_image":[{"width":2560,"height":1440,"url":"https:\/\/bladnanews.com\/wp-content\/uploads\/2026\/01\/BladnaNews-Liverpool-match-at-Fulham-delayed-after-storm-damage-2026-01-04T155131.841Z.jpg","type":"image\/jpeg"}],"author":"Bladna News Staff","twitter_card":"summary_large_image","twitter_misc":{"\u00c9crit par":"Bladna News Staff","Dur\u00e9e de lecture estim\u00e9e":"1 minute"},"schema":{"@context":"https:\/\/schema.org","@graph":[{"@type":"Article","@id":"https:\/\/bladnanews.com\/nl\/liverpool-match-at-fulham-delayed-after-storm-damage\/#article","isPartOf":{"@id":"https:\/\/bladnanews.com\/nl\/liverpool-match-at-fulham-delayed-after-storm-damage\/"},"author":{"name":"Bladna News Staff","@id":"https:\/\/mediumseagreen-eel-531711.hostingersite.com\/#\/schema\/person\/268e18a453ab080ebf76df6ef7845083"},"headline":"Liverpool match at Fulham delayed after storm damage","datePublished":"2026-01-04T14:58:51+00:00","mainEntityOfPage":{"@id":"https:\/\/bladnanews.com\/nl\/liverpool-match-at-fulham-delayed-after-storm-damage\/"},"wordCount":214,"publisher":{"@id":"https:\/\/mediumseagreen-eel-531711.hostingersite.com\/#organization"},"image":{"@id":"https:\/\/bladnanews.com\/nl\/liverpool-match-at-fulham-delayed-after-storm-damage\/#primaryimage"},"thumbnailUrl":"https:\/\/bladnanews.com\/wp-content\/uploads\/2026\/01\/BladnaNews-Liverpool-match-at-Fulham-delayed-after-storm-damage-2026-01-04T155131.841Z.jpg","articleSection":["International","Latest News"],"inLanguage":"fr-FR","copyrightYear":"2026","copyrightHolder":{"@id":"https:\/\/bladnanews.com\/fr\/#organization"}},{"@type":"WebPage","@id":"https:\/\/bladnanews.com\/nl\/liverpool-match-at-fulham-delayed-after-storm-damage\/","url":"https:\/\/bladnanews.com\/nl\/liverpool-match-at-fulham-delayed-after-storm-damage\/","name":"Le match de Liverpool \u00e0 Fulham retard\u00e9 apr\u00e8s des d\u00e9g\u00e2ts caus\u00e9s par une temp\u00eate - Bladna News","isPartOf":{"@id":"https:\/\/mediumseagreen-eel-531711.hostingersite.com\/#website"},"primaryImageOfPage":{"@id":"https:\/\/bladnanews.com\/nl\/liverpool-match-at-fulham-delayed-after-storm-damage\/#primaryimage"},"image":{"@id":"https:\/\/bladnanews.com\/nl\/liverpool-match-at-fulham-delayed-after-storm-damage\/#primaryimage"},"thumbnailUrl":"https:\/\/bladnanews.com\/wp-content\/uploads\/2026\/01\/BladnaNews-Liverpool-match-at-Fulham-delayed-after-storm-damage-2026-01-04T155131.841Z.jpg","datePublished":"2026-01-04T14:58:51+00:00","breadcrumb":{"@id":"https:\/\/bladnanews.com\/nl\/liverpool-match-at-fulham-delayed-after-storm-damage\/#breadcrumb"},"inLanguage":"fr-FR","potentialAction":[{"@type":"ReadAction","target":["https:\/\/bladnanews.com\/nl\/liverpool-match-at-fulham-delayed-after-storm-damage\/"]}]},{"@type":"ImageObject","inLanguage":"fr-FR","@id":"https:\/\/bladnanews.com\/nl\/liverpool-match-at-fulham-delayed-after-storm-damage\/#primaryimage","url":"https:\/\/bladnanews.com\/wp-content\/uploads\/2026\/01\/BladnaNews-Liverpool-match-at-Fulham-delayed-after-storm-damage-2026-01-04T155131.841Z.jpg","contentUrl":"https:\/\/bladnanews.com\/wp-content\/uploads\/2026\/01\/BladnaNews-Liverpool-match-at-Fulham-delayed-after-storm-damage-2026-01-04T155131.841Z.jpg","width":2560,"height":1440,"caption":"Fulham FC's Craven Cottage under clear blue skies, showcasing pristine green pitch and the iconic stand ahead of a Liverpool match."},{"@type":"BreadcrumbList","@id":"https:\/\/bladnanews.com\/nl\/liverpool-match-at-fulham-delayed-after-storm-damage\/#breadcrumb","itemListElement":[{"@type":"ListItem","position":1,"name":"Home","item":"https:\/\/bladnanews.com\/"},{"@type":"ListItem","position":2,"name":"Liverpool match at Fulham delayed after storm damage"}]},{"@type":"WebSite","@id":"https:\/\/mediumseagreen-eel-531711.hostingersite.com\/#website","url":"https:\/\/mediumseagreen-eel-531711.hostingersite.com\/","name":"Bladna News - Maroc","description":"Quand le football marocain rencontre le monde","publisher":{"@id":"https:\/\/mediumseagreen-eel-531711.hostingersite.com\/#organization"},"potentialAction":[{"@type":"SearchAction","target":{"@type":"EntryPoint","urlTemplate":"https:\/\/mediumseagreen-eel-531711.hostingersite.com\/?s={search_term_string}"},"query-input":{"@type":"PropertyValueSpecification","valueRequired":true,"valueName":"search_term_string"}}],"inLanguage":"fr-FR"},{"@type":"Organization","@id":"https:\/\/mediumseagreen-eel-531711.hostingersite.com\/#organization","name":"Bladna News.com","url":"https:\/\/mediumseagreen-eel-531711.hostingersite.com\/","logo":{"@type":"ImageObject","inLanguage":"fr-FR","@id":"https:\/\/mediumseagreen-eel-531711.hostingersite.com\/#\/schema\/logo\/image\/","url":"https:\/\/bladnanews.com\/wp-content\/uploads\/2025\/12\/logo-bladnanews-V2-web-black-red.png","contentUrl":"https:\/\/bladnanews.com\/wp-content\/uploads\/2025\/12\/logo-bladnanews-V2-web-black-red.png","width":703,"height":287,"caption":"Bladna News.com"},"image":{"@id":"https:\/\/mediumseagreen-eel-531711.hostingersite.com\/#\/schema\/logo\/image\/"},"email":"info@bladnanews.com","legalName":"Bladna News"},{"@type":"Person","@id":"https:\/\/mediumseagreen-eel-531711.hostingersite.com\/#\/schema\/person\/268e18a453ab080ebf76df6ef7845083","name":"\u00c9quipe r\u00e9dactionnelle de Bladna News","url":"https:\/\/bladnanews.com\/fr\/author\/bladna-news-staff\/"}]}},"_links":{"self":[{"href":"https:\/\/bladnanews.com\/fr\/wp-json\/wp\/v2\/posts\/2706","targetHints":{"allow":["GET"]}}],"collection":[{"href":"https:\/\/bladnanews.com\/fr\/wp-json\/wp\/v2\/posts"}],"about":[{"href":"https:\/\/bladnanews.com\/fr\/wp-json\/wp\/v2\/types\/post"}],"author":[{"embeddable":true,"href":"https:\/\/bladnanews.com\/fr\/wp-json\/wp\/v2\/users\/3"}],"replies":[{"embeddable":true,"href":"https:\/\/bladnanews.com\/fr\/wp-json\/wp\/v2\/comments?post=2706"}],"version-history":[{"count":0,"href":"https:\/\/bladnanews.com\/fr\/wp-json\/wp\/v2\/posts\/2706\/revisions"}],"wp:featuredmedia":[{"embeddable":true,"href":"https:\/\/bladnanews.com\/fr\/wp-json\/wp\/v2\/media\/2705"}],"wp:attachment":[{"href":"https:\/\/bladnanews.com\/fr\/wp-json\/wp\/v2\/media?parent=2706"}],"wp:term":[{"taxonomy":"category","embeddable":true,"href":"https:\/\/bladnanews.com\/fr\/wp-json\/wp\/v2\/categories?post=2706"},{"taxonomy":"post_tag","embeddable":true,"href":"https:\/\/bladnanews.com\/fr\/wp-json\/wp\/v2\/tags?post=2706"}],"curies":[{"name":"wp","href":"https:\/\/api.w.org\/{rel}","templated":true}]}}