{"id":2714,"date":"2026-01-04T14:55:38","date_gmt":"2026-01-04T14:55:38","guid":{"rendered":"https:\/\/bladnanews.com\/imam-ashour-african-teams-are-no-longer-weak-and-my-message-to-the-number-1-player\/"},"modified":"2026-01-04T14:55:38","modified_gmt":"2026-01-04T14:55:38","slug":"les-equipes-africaines-ne-sont-plus-faibles-et-mon-message-au-joueur-numero-1","status":"publish","type":"post","link":"https:\/\/bladnanews.com\/fr\/les-equipes-africaines-ne-sont-plus-faibles-et-mon-message-au-joueur-numero-1\/","title":{"rendered":"Imam Ashour : Les \u00e9quipes africaines ne sont plus faibles et mon message au joueur num\u00e9ro 1"},"content":{"rendered":"<p>Milieu de terrain d'Al Ahly <strong>Imam Ashour<\/strong> affirme qu'il n'y a plus d'\u00e9quipes nationales \u201c faibles \u201d en Afrique, soulignant que chaque match comporte d\u00e9sormais ses propres d\u00e9fis et n\u00e9cessite une concentration totale.<\/p>\n<p>S'exprimant dans des propos relay\u00e9s par les m\u00e9dias du club, Ashour a d\u00e9clar\u00e9 : <em>\u201c Il n'y a plus d'\u00e9quipes nationales africaines faibles. \u201d<\/em> Il a expliqu\u00e9 que le niveau sur tout le continent s'est am\u00e9lior\u00e9 et que la victoire d\u00e9pend d\u00e9sormais de petits d\u00e9tails, de la discipline et de l'engagement de la premi\u00e8re \u00e0 la derni\u00e8re minute.<\/p>\n<p>Ashour a soulign\u00e9 que le vestiaire comprend ce qui est n\u00e9cessaire \u00e0 ce stade, pr\u00e9cisant que les joueurs doivent \u00eatre pr\u00eats \u00e0 tout sc\u00e9nario et ne peuvent pas se reposer sur des noms ou des r\u00e9sultats pass\u00e9s.<\/p>\n<p>Il a \u00e9galement r\u00e9v\u00e9l\u00e9 un message clair qu'il souhaite adresser au \u201c joueur num\u00e9ro 1 \u201d, l'appelant \u00e0 continuer \u00e0 se d\u00e9passer, \u00e0 rester humble et \u00e0 pers\u00e9v\u00e9rer dans l'effort, car l'\u00e9quipe a besoin de son meilleur niveau \u00e0 tout moment.<\/p>\n<p>Ashour a ajout\u00e9 que les ambitions sont grandes, mais que leur r\u00e9alisation d\u00e9pend du travail acharn\u00e9 et d'un \u00e9tat d'esprit fort, surtout avec la pression qui accompagne la repr\u00e9sentation d'un club comme Al Ahly.<\/p>\n<p>Il a conclu en insistant sur le fait que la p\u00e9riode \u00e0 venir exige unit\u00e9 et efforts maximaux, car les marges sont \u00e9troites et chaque match peut se jouer sur un instant d\u00e9cisif.<\/p>","protected":false},"excerpt":{"rendered":"<p>Al Ahly midfielder Imam Ashour insists there are no longer any \u201cweak\u201d national teams in Africa, stressing that every match [&hellip;]<\/p>\n","protected":false},"author":4,"featured_media":2713,"comment_status":"","ping_status":"open","sticky":false,"template":"","format":"standard","meta":{"googlesitekit_rrm_CAow_uzEDA:productID":"","site-sidebar-layout":"default","site-content-layout":"","ast-site-content-layout":"default","site-content-style":"default","site-sidebar-style":"default","ast-global-header-display":"","ast-banner-title-visibility":"","ast-main-header-display":"","ast-hfb-above-header-display":"","ast-hfb-below-header-display":"","ast-hfb-mobile-header-display":"","site-post-title":"","ast-breadcrumbs-content":"","ast-featured-img":"","footer-sml-layout":"","ast-disable-related-posts":"","theme-transparent-header-meta":"","adv-header-id-meta":"","stick-header-meta":"","header-above-stick-meta":"","header-main-stick-meta":"","header-below-stick-meta":"","astra-migrate-meta-layouts":"default","ast-page-background-enabled":"default","ast-page-background-meta":{"desktop":{"background-color":"var(--ast-global-color-5)","background-image":"","background-repeat":"repeat","background-position":"center center","background-size":"auto","background-attachment":"scroll","background-type":"","background-media":"","overlay-type":"","overlay-color":"","overlay-opacity":"","overlay-gradient":""},"tablet":{"background-color":"","background-image":"","background-repeat":"repeat","background-position":"center center","background-size":"auto","background-attachment":"scroll","background-type":"","background-media":"","overlay-type":"","overlay-color":"","overlay-opacity":"","overlay-gradient":""},"mobile":{"background-color":"","background-image":"","background-repeat":"repeat","background-position":"center center","background-size":"auto","background-attachment":"scroll","background-type":"","background-media":"","overlay-type":"","overlay-color":"","overlay-opacity":"","overlay-gradient":""}},"ast-content-background-meta":{"desktop":{"background-color":"var(--ast-global-color-4)","background-image":"","background-repeat":"repeat","background-position":"center center","background-size":"auto","background-attachment":"scroll","background-type":"","background-media":"","overlay-type":"","overlay-color":"","overlay-opacity":"","overlay-gradient":""},"tablet":{"background-color":"var(--ast-global-color-4)","background-image":"","background-repeat":"repeat","background-position":"center center","background-size":"auto","background-attachment":"scroll","background-type":"","background-media":"","overlay-type":"","overlay-color":"","overlay-opacity":"","overlay-gradient":""},"mobile":{"background-color":"var(--ast-global-color-4)","background-image":"","background-repeat":"repeat","background-position":"center center","background-size":"auto","background-attachment":"scroll","background-type":"","background-media":"","overlay-type":"","overlay-color":"","overlay-opacity":"","overlay-gradient":""}},"footnotes":""},"categories":[1,168],"tags":[],"class_list":["post-2714","post","type-post","status-publish","format-standard","has-post-thumbnail","hentry","category-football-latest-news","category-morocco-national-team"],"yoast_head":"<!-- This site is optimized with the Yoast SEO Premium plugin v26.6 (Yoast SEO v27.5) - https:\/\/yoast.com\/product\/yoast-seo-premium-wordpress\/ -->\n<title>Imam Ashour: African teams are no longer weak and my message to the number 1 player - Bladna News<\/title>\n<meta name=\"robots\" content=\"index, follow, max-snippet:-1, max-image-preview:large, max-video-preview:-1\" \/>\n<link rel=\"canonical\" href=\"https:\/\/bladnanews.com\/fr\/les-equipes-africaines-ne-sont-plus-faibles-et-mon-message-au-joueur-numero-1\/\" \/>\n<meta property=\"og:locale\" content=\"fr_FR\" \/>\n<meta property=\"og:type\" content=\"article\" \/>\n<meta property=\"og:title\" content=\"Imam Ashour: African teams are no longer weak and my message to the number 1 player\" \/>\n<meta property=\"og:description\" content=\"Al Ahly midfielder Imam Ashour insists there are no longer any \u201cweak\u201d national teams in Africa, stressing that every match [&hellip;]\" \/>\n<meta property=\"og:url\" content=\"https:\/\/bladnanews.com\/fr\/les-equipes-africaines-ne-sont-plus-faibles-et-mon-message-au-joueur-numero-1\/\" \/>\n<meta property=\"og:site_name\" content=\"Bladna News\" \/>\n<meta property=\"article:published_time\" content=\"2026-01-04T14:55:38+00:00\" \/>\n<meta property=\"og:image\" content=\"https:\/\/bladnanews.com\/wp-content\/uploads\/2026\/01\/GettyImages-2252573156.jpg.jpg\" \/>\n\t<meta property=\"og:image:width\" content=\"2560\" \/>\n\t<meta property=\"og:image:height\" content=\"1440\" \/>\n\t<meta property=\"og:image:type\" content=\"image\/jpeg\" \/>\n<meta name=\"author\" content=\"Bladna Sports Desk\" \/>\n<meta name=\"twitter:card\" content=\"summary_large_image\" \/>\n<meta name=\"twitter:label1\" content=\"\u00c9crit par\" \/>\n\t<meta name=\"twitter:data1\" content=\"Bladna Sports Desk\" \/>\n\t<meta name=\"twitter:label2\" content=\"Dur\u00e9e de lecture estim\u00e9e\" \/>\n\t<meta name=\"twitter:data2\" content=\"1 minute\" \/>\n<script type=\"application\/ld+json\" class=\"yoast-schema-graph\">{\"@context\":\"https:\\\/\\\/schema.org\",\"@graph\":[{\"@type\":\"Article\",\"@id\":\"https:\\\/\\\/bladnanews.com\\\/nl\\\/imam-ashour-african-teams-are-no-longer-weak-and-my-message-to-the-number-1-player\\\/#article\",\"isPartOf\":{\"@id\":\"https:\\\/\\\/bladnanews.com\\\/nl\\\/imam-ashour-african-teams-are-no-longer-weak-and-my-message-to-the-number-1-player\\\/\"},\"author\":{\"name\":\"Bladna Sports Desk\",\"@id\":\"https:\\\/\\\/mediumseagreen-eel-531711.hostingersite.com\\\/#\\\/schema\\\/person\\\/6712b38fabe810f7eb8d15ed30d90f1e\"},\"headline\":\"Imam Ashour: African teams are no longer weak and my message to the number 1 player\",\"datePublished\":\"2026-01-04T14:55:38+00:00\",\"mainEntityOfPage\":{\"@id\":\"https:\\\/\\\/bladnanews.com\\\/nl\\\/imam-ashour-african-teams-are-no-longer-weak-and-my-message-to-the-number-1-player\\\/\"},\"wordCount\":215,\"publisher\":{\"@id\":\"https:\\\/\\\/mediumseagreen-eel-531711.hostingersite.com\\\/#organization\"},\"image\":{\"@id\":\"https:\\\/\\\/bladnanews.com\\\/nl\\\/imam-ashour-african-teams-are-no-longer-weak-and-my-message-to-the-number-1-player\\\/#primaryimage\"},\"thumbnailUrl\":\"https:\\\/\\\/bladnanews.com\\\/wp-content\\\/uploads\\\/2026\\\/01\\\/GettyImages-2252573156.jpg.jpg\",\"articleSection\":[\"Latest News\",\"Morocco National Team\"],\"inLanguage\":\"fr-FR\",\"copyrightYear\":\"2026\",\"copyrightHolder\":{\"@id\":\"https:\\\/\\\/bladnanews.com\\\/fr\\\/#organization\"}},{\"@type\":\"WebPage\",\"@id\":\"https:\\\/\\\/bladnanews.com\\\/nl\\\/imam-ashour-african-teams-are-no-longer-weak-and-my-message-to-the-number-1-player\\\/\",\"url\":\"https:\\\/\\\/bladnanews.com\\\/nl\\\/imam-ashour-african-teams-are-no-longer-weak-and-my-message-to-the-number-1-player\\\/\",\"name\":\"Imam Ashour: African teams are no longer weak and my message to the number 1 player - Bladna News\",\"isPartOf\":{\"@id\":\"https:\\\/\\\/mediumseagreen-eel-531711.hostingersite.com\\\/#website\"},\"primaryImageOfPage\":{\"@id\":\"https:\\\/\\\/bladnanews.com\\\/nl\\\/imam-ashour-african-teams-are-no-longer-weak-and-my-message-to-the-number-1-player\\\/#primaryimage\"},\"image\":{\"@id\":\"https:\\\/\\\/bladnanews.com\\\/nl\\\/imam-ashour-african-teams-are-no-longer-weak-and-my-message-to-the-number-1-player\\\/#primaryimage\"},\"thumbnailUrl\":\"https:\\\/\\\/bladnanews.com\\\/wp-content\\\/uploads\\\/2026\\\/01\\\/GettyImages-2252573156.jpg.jpg\",\"datePublished\":\"2026-01-04T14:55:38+00:00\",\"breadcrumb\":{\"@id\":\"https:\\\/\\\/bladnanews.com\\\/nl\\\/imam-ashour-african-teams-are-no-longer-weak-and-my-message-to-the-number-1-player\\\/#breadcrumb\"},\"inLanguage\":\"fr-FR\",\"potentialAction\":[{\"@type\":\"ReadAction\",\"target\":[\"https:\\\/\\\/bladnanews.com\\\/nl\\\/imam-ashour-african-teams-are-no-longer-weak-and-my-message-to-the-number-1-player\\\/\"]}]},{\"@type\":\"ImageObject\",\"inLanguage\":\"fr-FR\",\"@id\":\"https:\\\/\\\/bladnanews.com\\\/nl\\\/imam-ashour-african-teams-are-no-longer-weak-and-my-message-to-the-number-1-player\\\/#primaryimage\",\"url\":\"https:\\\/\\\/bladnanews.com\\\/wp-content\\\/uploads\\\/2026\\\/01\\\/GettyImages-2252573156.jpg.jpg\",\"contentUrl\":\"https:\\\/\\\/bladnanews.com\\\/wp-content\\\/uploads\\\/2026\\\/01\\\/GettyImages-2252573156.jpg.jpg\",\"width\":2560,\"height\":1440,\"caption\":\"Egyptian midfielder wearing a red kit with number 8 attempts to control the ball, while a player in a yellow kit pressures him during a match.\"},{\"@type\":\"BreadcrumbList\",\"@id\":\"https:\\\/\\\/bladnanews.com\\\/nl\\\/imam-ashour-african-teams-are-no-longer-weak-and-my-message-to-the-number-1-player\\\/#breadcrumb\",\"itemListElement\":[{\"@type\":\"ListItem\",\"position\":1,\"name\":\"Home\",\"item\":\"https:\\\/\\\/bladnanews.com\\\/\"},{\"@type\":\"ListItem\",\"position\":2,\"name\":\"Imam Ashour: African teams are no longer weak and my message to the number 1 player\"}]},{\"@type\":\"WebSite\",\"@id\":\"https:\\\/\\\/mediumseagreen-eel-531711.hostingersite.com\\\/#website\",\"url\":\"https:\\\/\\\/mediumseagreen-eel-531711.hostingersite.com\\\/\",\"name\":\"Bladna News - Morocco\",\"description\":\"Where Moroccan Football Meets the World\",\"publisher\":{\"@id\":\"https:\\\/\\\/mediumseagreen-eel-531711.hostingersite.com\\\/#organization\"},\"potentialAction\":[{\"@type\":\"SearchAction\",\"target\":{\"@type\":\"EntryPoint\",\"urlTemplate\":\"https:\\\/\\\/mediumseagreen-eel-531711.hostingersite.com\\\/?s={search_term_string}\"},\"query-input\":{\"@type\":\"PropertyValueSpecification\",\"valueRequired\":true,\"valueName\":\"search_term_string\"}}],\"inLanguage\":\"fr-FR\"},{\"@type\":\"Organization\",\"@id\":\"https:\\\/\\\/mediumseagreen-eel-531711.hostingersite.com\\\/#organization\",\"name\":\"Bladna News.com\",\"url\":\"https:\\\/\\\/mediumseagreen-eel-531711.hostingersite.com\\\/\",\"logo\":{\"@type\":\"ImageObject\",\"inLanguage\":\"fr-FR\",\"@id\":\"https:\\\/\\\/mediumseagreen-eel-531711.hostingersite.com\\\/#\\\/schema\\\/logo\\\/image\\\/\",\"url\":\"https:\\\/\\\/bladnanews.com\\\/wp-content\\\/uploads\\\/2025\\\/12\\\/logo-bladnanews-V2-web-black-red.png\",\"contentUrl\":\"https:\\\/\\\/bladnanews.com\\\/wp-content\\\/uploads\\\/2025\\\/12\\\/logo-bladnanews-V2-web-black-red.png\",\"width\":703,\"height\":287,\"caption\":\"Bladna News.com\"},\"image\":{\"@id\":\"https:\\\/\\\/mediumseagreen-eel-531711.hostingersite.com\\\/#\\\/schema\\\/logo\\\/image\\\/\"},\"email\":\"info@bladnanews.com\",\"legalName\":\"Bladna News\"},{\"@type\":\"Person\",\"@id\":\"https:\\\/\\\/mediumseagreen-eel-531711.hostingersite.com\\\/#\\\/schema\\\/person\\\/6712b38fabe810f7eb8d15ed30d90f1e\",\"name\":\"Bladna Sports Desk\",\"url\":\"https:\\\/\\\/bladnanews.com\\\/fr\\\/author\\\/bladna-sports-desk\\\/\"}]}<\/script>\n<!-- \/ Yoast SEO Premium plugin. -->","yoast_head_json":{"title":"Imam Ashour : Les \u00e9quipes africaines ne sont plus faibles et mon message au joueur num\u00e9ro 1 - Bladna News","robots":{"index":"index","follow":"follow","max-snippet":"max-snippet:-1","max-image-preview":"max-image-preview:large","max-video-preview":"max-video-preview:-1"},"canonical":"https:\/\/bladnanews.com\/fr\/les-equipes-africaines-ne-sont-plus-faibles-et-mon-message-au-joueur-numero-1\/","og_locale":"fr_FR","og_type":"article","og_title":"Imam Ashour: African teams are no longer weak and my message to the number 1 player","og_description":"Al Ahly midfielder Imam Ashour insists there are no longer any \u201cweak\u201d national teams in Africa, stressing that every match [&hellip;]","og_url":"https:\/\/bladnanews.com\/fr\/les-equipes-africaines-ne-sont-plus-faibles-et-mon-message-au-joueur-numero-1\/","og_site_name":"Bladna News","article_published_time":"2026-01-04T14:55:38+00:00","og_image":[{"width":2560,"height":1440,"url":"https:\/\/bladnanews.com\/wp-content\/uploads\/2026\/01\/GettyImages-2252573156.jpg.jpg","type":"image\/jpeg"}],"author":"Bladna Sports Desk","twitter_card":"summary_large_image","twitter_misc":{"\u00c9crit par":"Bladna Sports Desk","Dur\u00e9e de lecture estim\u00e9e":"1 minute"},"schema":{"@context":"https:\/\/schema.org","@graph":[{"@type":"Article","@id":"https:\/\/bladnanews.com\/nl\/imam-ashour-african-teams-are-no-longer-weak-and-my-message-to-the-number-1-player\/#article","isPartOf":{"@id":"https:\/\/bladnanews.com\/nl\/imam-ashour-african-teams-are-no-longer-weak-and-my-message-to-the-number-1-player\/"},"author":{"name":"Bladna Sports Desk","@id":"https:\/\/mediumseagreen-eel-531711.hostingersite.com\/#\/schema\/person\/6712b38fabe810f7eb8d15ed30d90f1e"},"headline":"Imam Ashour: African teams are no longer weak and my message to the number 1 player","datePublished":"2026-01-04T14:55:38+00:00","mainEntityOfPage":{"@id":"https:\/\/bladnanews.com\/nl\/imam-ashour-african-teams-are-no-longer-weak-and-my-message-to-the-number-1-player\/"},"wordCount":215,"publisher":{"@id":"https:\/\/mediumseagreen-eel-531711.hostingersite.com\/#organization"},"image":{"@id":"https:\/\/bladnanews.com\/nl\/imam-ashour-african-teams-are-no-longer-weak-and-my-message-to-the-number-1-player\/#primaryimage"},"thumbnailUrl":"https:\/\/bladnanews.com\/wp-content\/uploads\/2026\/01\/GettyImages-2252573156.jpg.jpg","articleSection":["Latest News","Morocco National Team"],"inLanguage":"fr-FR","copyrightYear":"2026","copyrightHolder":{"@id":"https:\/\/bladnanews.com\/fr\/#organization"}},{"@type":"WebPage","@id":"https:\/\/bladnanews.com\/nl\/imam-ashour-african-teams-are-no-longer-weak-and-my-message-to-the-number-1-player\/","url":"https:\/\/bladnanews.com\/nl\/imam-ashour-african-teams-are-no-longer-weak-and-my-message-to-the-number-1-player\/","name":"Imam Ashour : Les \u00e9quipes africaines ne sont plus faibles et mon message au joueur num\u00e9ro 1 - Bladna News","isPartOf":{"@id":"https:\/\/mediumseagreen-eel-531711.hostingersite.com\/#website"},"primaryImageOfPage":{"@id":"https:\/\/bladnanews.com\/nl\/imam-ashour-african-teams-are-no-longer-weak-and-my-message-to-the-number-1-player\/#primaryimage"},"image":{"@id":"https:\/\/bladnanews.com\/nl\/imam-ashour-african-teams-are-no-longer-weak-and-my-message-to-the-number-1-player\/#primaryimage"},"thumbnailUrl":"https:\/\/bladnanews.com\/wp-content\/uploads\/2026\/01\/GettyImages-2252573156.jpg.jpg","datePublished":"2026-01-04T14:55:38+00:00","breadcrumb":{"@id":"https:\/\/bladnanews.com\/nl\/imam-ashour-african-teams-are-no-longer-weak-and-my-message-to-the-number-1-player\/#breadcrumb"},"inLanguage":"fr-FR","potentialAction":[{"@type":"ReadAction","target":["https:\/\/bladnanews.com\/nl\/imam-ashour-african-teams-are-no-longer-weak-and-my-message-to-the-number-1-player\/"]}]},{"@type":"ImageObject","inLanguage":"fr-FR","@id":"https:\/\/bladnanews.com\/nl\/imam-ashour-african-teams-are-no-longer-weak-and-my-message-to-the-number-1-player\/#primaryimage","url":"https:\/\/bladnanews.com\/wp-content\/uploads\/2026\/01\/GettyImages-2252573156.jpg.jpg","contentUrl":"https:\/\/bladnanews.com\/wp-content\/uploads\/2026\/01\/GettyImages-2252573156.jpg.jpg","width":2560,"height":1440,"caption":"Egyptian midfielder wearing a red kit with number 8 attempts to control the ball, while a player in a yellow kit pressures him during a match."},{"@type":"BreadcrumbList","@id":"https:\/\/bladnanews.com\/nl\/imam-ashour-african-teams-are-no-longer-weak-and-my-message-to-the-number-1-player\/#breadcrumb","itemListElement":[{"@type":"ListItem","position":1,"name":"Home","item":"https:\/\/bladnanews.com\/"},{"@type":"ListItem","position":2,"name":"Imam Ashour: African teams are no longer weak and my message to the number 1 player"}]},{"@type":"WebSite","@id":"https:\/\/mediumseagreen-eel-531711.hostingersite.com\/#website","url":"https:\/\/mediumseagreen-eel-531711.hostingersite.com\/","name":"Bladna News - Maroc","description":"Quand le football marocain rencontre le monde","publisher":{"@id":"https:\/\/mediumseagreen-eel-531711.hostingersite.com\/#organization"},"potentialAction":[{"@type":"SearchAction","target":{"@type":"EntryPoint","urlTemplate":"https:\/\/mediumseagreen-eel-531711.hostingersite.com\/?s={search_term_string}"},"query-input":{"@type":"PropertyValueSpecification","valueRequired":true,"valueName":"search_term_string"}}],"inLanguage":"fr-FR"},{"@type":"Organization","@id":"https:\/\/mediumseagreen-eel-531711.hostingersite.com\/#organization","name":"Bladna News.com","url":"https:\/\/mediumseagreen-eel-531711.hostingersite.com\/","logo":{"@type":"ImageObject","inLanguage":"fr-FR","@id":"https:\/\/mediumseagreen-eel-531711.hostingersite.com\/#\/schema\/logo\/image\/","url":"https:\/\/bladnanews.com\/wp-content\/uploads\/2025\/12\/logo-bladnanews-V2-web-black-red.png","contentUrl":"https:\/\/bladnanews.com\/wp-content\/uploads\/2025\/12\/logo-bladnanews-V2-web-black-red.png","width":703,"height":287,"caption":"Bladna News.com"},"image":{"@id":"https:\/\/mediumseagreen-eel-531711.hostingersite.com\/#\/schema\/logo\/image\/"},"email":"info@bladnanews.com","legalName":"Bladna News"},{"@type":"Person","@id":"https:\/\/mediumseagreen-eel-531711.hostingersite.com\/#\/schema\/person\/6712b38fabe810f7eb8d15ed30d90f1e","name":"Bladna Sports Desk","url":"https:\/\/bladnanews.com\/fr\/author\/bladna-sports-desk\/"}]}},"_links":{"self":[{"href":"https:\/\/bladnanews.com\/fr\/wp-json\/wp\/v2\/posts\/2714","targetHints":{"allow":["GET"]}}],"collection":[{"href":"https:\/\/bladnanews.com\/fr\/wp-json\/wp\/v2\/posts"}],"about":[{"href":"https:\/\/bladnanews.com\/fr\/wp-json\/wp\/v2\/types\/post"}],"author":[{"embeddable":true,"href":"https:\/\/bladnanews.com\/fr\/wp-json\/wp\/v2\/users\/4"}],"replies":[{"embeddable":true,"href":"https:\/\/bladnanews.com\/fr\/wp-json\/wp\/v2\/comments?post=2714"}],"version-history":[{"count":0,"href":"https:\/\/bladnanews.com\/fr\/wp-json\/wp\/v2\/posts\/2714\/revisions"}],"wp:featuredmedia":[{"embeddable":true,"href":"https:\/\/bladnanews.com\/fr\/wp-json\/wp\/v2\/media\/2713"}],"wp:attachment":[{"href":"https:\/\/bladnanews.com\/fr\/wp-json\/wp\/v2\/media?parent=2714"}],"wp:term":[{"taxonomy":"category","embeddable":true,"href":"https:\/\/bladnanews.com\/fr\/wp-json\/wp\/v2\/categories?post=2714"},{"taxonomy":"post_tag","embeddable":true,"href":"https:\/\/bladnanews.com\/fr\/wp-json\/wp\/v2\/tags?post=2714"}],"curies":[{"name":"wp","href":"https:\/\/api.w.org\/{rel}","templated":true}]}}