{"id":2747,"date":"2026-01-04T17:00:00","date_gmt":"2026-01-04T17:00:00","guid":{"rendered":"https:\/\/bladnanews.com\/most-paid-african-national-team-coach-announced-not-walid-regragui\/"},"modified":"2026-01-04T17:00:00","modified_gmt":"2026-01-04T17:00:00","slug":"le-coach-de-lequipe-nationale-africaine-le-mieux-paye-annonce-nest-pas-walid-regragui","status":"publish","type":"post","link":"https:\/\/bladnanews.com\/fr\/le-coach-de-lequipe-nationale-africaine-le-mieux-paye-annonce-nest-pas-walid-regragui\/","title":{"rendered":"Le coach de l'\u00e9quipe nationale africaine le mieux pay\u00e9 annonc\u00e9, pas Walid Regragui"},"content":{"rendered":"<p>Le coach de l'\u00e9quipe nationale le mieux pay\u00e9 en Afrique n'est pas Walid Regragui. Un nouveau classement a r\u00e9v\u00e9l\u00e9 que le patron de l'Alg\u00e9rie <strong>Vladimir Petkovic<\/strong> est actuellement le mieux r\u00e9mun\u00e9r\u00e9 sur le continent.<\/p>\n<p>Petkovic, qui a pris la direction de l'Alg\u00e9rie en <strong>2024<\/strong>, gagnerait environ <strong>135 000 euros par mois<\/strong>. Ce chiffre le place devant plusieurs grands noms dirigeant des \u00e9quipes nationales africaines, y compris Regragui du Maroc.<\/p>\n<p>Regragui, qui a conduit le Maroc \u00e0 un parcours historique lors de la <strong>Coupe du Monde 2022<\/strong>, est souvent mentionn\u00e9 parmi les entra\u00eeneurs les plus connus en Afrique. Mais malgr\u00e9 son profil, il ne figure pas en t\u00eate de la liste des salaires.<\/p>\n<p>Selon les chiffres r\u00e9v\u00e9l\u00e9s, Petkovic se situe au-dessus de l'entra\u00eeneur du S\u00e9n\u00e9gal <strong>Aliou Ciss\u00e9<\/strong> et du patron de la C\u00f4te d'Ivoire <strong>Emerse Fa\u00e9<\/strong> dans le m\u00eame aper\u00e7u. La mise \u00e0 jour met en lumi\u00e8re combien certaines f\u00e9d\u00e9rations investissent dans leurs \u00e9quipes nationales alors que les campagnes de qualification et les grands tournois continuent de prendre de l'importance.<\/p>\n<p>Le classement souligne que les salaires des entra\u00eeneurs en Afrique peuvent varier consid\u00e9rablement, m\u00eame parmi des \u00e9quipes ayant des ambitions similaires. Dans ce cas, c'est Petkovic d'Alg\u00e9rie qui m\u00e8ne la danse financi\u00e8rement\u2014et non Regragui du Maroc.<\/p>","protected":false},"excerpt":{"rendered":"<p>The best-paid national team coach in Africa is not Walid Regragui. A new ranking has revealed that Algeria boss Vladimir [&hellip;]<\/p>\n","protected":false},"author":4,"featured_media":2746,"comment_status":"","ping_status":"open","sticky":false,"template":"","format":"standard","meta":{"googlesitekit_rrm_CAow_uzEDA:productID":"","site-sidebar-layout":"default","site-content-layout":"","ast-site-content-layout":"default","site-content-style":"default","site-sidebar-style":"default","ast-global-header-display":"","ast-banner-title-visibility":"","ast-main-header-display":"","ast-hfb-above-header-display":"","ast-hfb-below-header-display":"","ast-hfb-mobile-header-display":"","site-post-title":"","ast-breadcrumbs-content":"","ast-featured-img":"","footer-sml-layout":"","ast-disable-related-posts":"","theme-transparent-header-meta":"","adv-header-id-meta":"","stick-header-meta":"","header-above-stick-meta":"","header-main-stick-meta":"","header-below-stick-meta":"","astra-migrate-meta-layouts":"default","ast-page-background-enabled":"default","ast-page-background-meta":{"desktop":{"background-color":"var(--ast-global-color-5)","background-image":"","background-repeat":"repeat","background-position":"center center","background-size":"auto","background-attachment":"scroll","background-type":"","background-media":"","overlay-type":"","overlay-color":"","overlay-opacity":"","overlay-gradient":""},"tablet":{"background-color":"","background-image":"","background-repeat":"repeat","background-position":"center center","background-size":"auto","background-attachment":"scroll","background-type":"","background-media":"","overlay-type":"","overlay-color":"","overlay-opacity":"","overlay-gradient":""},"mobile":{"background-color":"","background-image":"","background-repeat":"repeat","background-position":"center center","background-size":"auto","background-attachment":"scroll","background-type":"","background-media":"","overlay-type":"","overlay-color":"","overlay-opacity":"","overlay-gradient":""}},"ast-content-background-meta":{"desktop":{"background-color":"var(--ast-global-color-4)","background-image":"","background-repeat":"repeat","background-position":"center center","background-size":"auto","background-attachment":"scroll","background-type":"","background-media":"","overlay-type":"","overlay-color":"","overlay-opacity":"","overlay-gradient":""},"tablet":{"background-color":"var(--ast-global-color-4)","background-image":"","background-repeat":"repeat","background-position":"center center","background-size":"auto","background-attachment":"scroll","background-type":"","background-media":"","overlay-type":"","overlay-color":"","overlay-opacity":"","overlay-gradient":""},"mobile":{"background-color":"var(--ast-global-color-4)","background-image":"","background-repeat":"repeat","background-position":"center center","background-size":"auto","background-attachment":"scroll","background-type":"","background-media":"","overlay-type":"","overlay-color":"","overlay-opacity":"","overlay-gradient":""}},"footnotes":""},"categories":[1,168],"tags":[],"class_list":["post-2747","post","type-post","status-publish","format-standard","has-post-thumbnail","hentry","category-football-latest-news","category-morocco-national-team"],"yoast_head":"<!-- This site is optimized with the Yoast SEO Premium plugin v26.6 (Yoast SEO v27.4) - https:\/\/yoast.com\/product\/yoast-seo-premium-wordpress\/ -->\n<title>Most paid African national team coach announced, not Walid Regragui - Bladna News<\/title>\n<meta name=\"robots\" content=\"index, follow, max-snippet:-1, max-image-preview:large, max-video-preview:-1\" \/>\n<link rel=\"canonical\" href=\"https:\/\/bladnanews.com\/fr\/le-coach-de-lequipe-nationale-africaine-le-mieux-paye-annonce-nest-pas-walid-regragui\/\" \/>\n<meta property=\"og:locale\" content=\"fr_FR\" \/>\n<meta property=\"og:type\" content=\"article\" \/>\n<meta property=\"og:title\" content=\"Most paid African national team coach announced, not Walid Regragui\" \/>\n<meta property=\"og:description\" content=\"The best-paid national team coach in Africa is not Walid Regragui. A new ranking has revealed that Algeria boss Vladimir [&hellip;]\" \/>\n<meta property=\"og:url\" content=\"https:\/\/bladnanews.com\/fr\/le-coach-de-lequipe-nationale-africaine-le-mieux-paye-annonce-nest-pas-walid-regragui\/\" \/>\n<meta property=\"og:site_name\" content=\"Bladna News\" \/>\n<meta property=\"article:published_time\" content=\"2026-01-04T17:00:00+00:00\" \/>\n<meta property=\"og:image\" content=\"https:\/\/bladnanews.com\/wp-content\/uploads\/2025\/12\/freepik__bladna-newscom-moroccan-soccer-homepage-banner-mor__41838.png\" \/>\n\t<meta property=\"og:image:width\" content=\"1312\" \/>\n\t<meta property=\"og:image:height\" content=\"736\" \/>\n\t<meta property=\"og:image:type\" content=\"image\/png\" \/>\n<meta name=\"author\" content=\"Bladna Sports Desk\" \/>\n<meta name=\"twitter:card\" content=\"summary_large_image\" \/>\n<meta name=\"twitter:label1\" content=\"\u00c9crit par\" \/>\n\t<meta name=\"twitter:data1\" content=\"Bladna Sports Desk\" \/>\n\t<meta name=\"twitter:label2\" content=\"Dur\u00e9e de lecture estim\u00e9e\" \/>\n\t<meta name=\"twitter:data2\" content=\"1 minute\" \/>\n<script type=\"application\/ld+json\" class=\"yoast-schema-graph\">{\"@context\":\"https:\\\/\\\/schema.org\",\"@graph\":[{\"@type\":\"Article\",\"@id\":\"https:\\\/\\\/bladnanews.com\\\/most-paid-african-national-team-coach-announced-not-walid-regragui\\\/#article\",\"isPartOf\":{\"@id\":\"https:\\\/\\\/bladnanews.com\\\/most-paid-african-national-team-coach-announced-not-walid-regragui\\\/\"},\"author\":{\"name\":\"Bladna Sports Desk\",\"@id\":\"https:\\\/\\\/mediumseagreen-eel-531711.hostingersite.com\\\/#\\\/schema\\\/person\\\/6712b38fabe810f7eb8d15ed30d90f1e\"},\"headline\":\"Most paid African national team coach announced, not Walid Regragui\",\"datePublished\":\"2026-01-04T17:00:00+00:00\",\"mainEntityOfPage\":{\"@id\":\"https:\\\/\\\/bladnanews.com\\\/most-paid-african-national-team-coach-announced-not-walid-regragui\\\/\"},\"wordCount\":184,\"publisher\":{\"@id\":\"https:\\\/\\\/mediumseagreen-eel-531711.hostingersite.com\\\/#organization\"},\"image\":{\"@id\":\"https:\\\/\\\/bladnanews.com\\\/most-paid-african-national-team-coach-announced-not-walid-regragui\\\/#primaryimage\"},\"thumbnailUrl\":\"https:\\\/\\\/bladnanews.com\\\/wp-content\\\/uploads\\\/2026\\\/01\\\/walid-regragui-salaris-marokkaans-elftal-ranking.webp\",\"articleSection\":[\"Latest News\",\"Morocco National Team\"],\"inLanguage\":\"fr-FR\",\"copyrightYear\":\"2026\",\"copyrightHolder\":{\"@id\":\"https:\\\/\\\/bladnanews.com\\\/fr\\\/#organization\"}},{\"@type\":\"WebPage\",\"@id\":\"https:\\\/\\\/bladnanews.com\\\/most-paid-african-national-team-coach-announced-not-walid-regragui\\\/\",\"url\":\"https:\\\/\\\/bladnanews.com\\\/most-paid-african-national-team-coach-announced-not-walid-regragui\\\/\",\"name\":\"Most paid African national team coach announced, not Walid Regragui - Bladna News\",\"isPartOf\":{\"@id\":\"https:\\\/\\\/mediumseagreen-eel-531711.hostingersite.com\\\/#website\"},\"primaryImageOfPage\":{\"@id\":\"https:\\\/\\\/bladnanews.com\\\/most-paid-african-national-team-coach-announced-not-walid-regragui\\\/#primaryimage\"},\"image\":{\"@id\":\"https:\\\/\\\/bladnanews.com\\\/most-paid-african-national-team-coach-announced-not-walid-regragui\\\/#primaryimage\"},\"thumbnailUrl\":\"https:\\\/\\\/bladnanews.com\\\/wp-content\\\/uploads\\\/2026\\\/01\\\/walid-regragui-salaris-marokkaans-elftal-ranking.webp\",\"datePublished\":\"2026-01-04T17:00:00+00:00\",\"breadcrumb\":{\"@id\":\"https:\\\/\\\/bladnanews.com\\\/most-paid-african-national-team-coach-announced-not-walid-regragui\\\/#breadcrumb\"},\"inLanguage\":\"fr-FR\",\"potentialAction\":[{\"@type\":\"ReadAction\",\"target\":[\"https:\\\/\\\/bladnanews.com\\\/most-paid-african-national-team-coach-announced-not-walid-regragui\\\/\"]}]},{\"@type\":\"ImageObject\",\"inLanguage\":\"fr-FR\",\"@id\":\"https:\\\/\\\/bladnanews.com\\\/most-paid-african-national-team-coach-announced-not-walid-regragui\\\/#primaryimage\",\"url\":\"https:\\\/\\\/bladnanews.com\\\/wp-content\\\/uploads\\\/2026\\\/01\\\/walid-regragui-salaris-marokkaans-elftal-ranking.webp\",\"contentUrl\":\"https:\\\/\\\/bladnanews.com\\\/wp-content\\\/uploads\\\/2026\\\/01\\\/walid-regragui-salaris-marokkaans-elftal-ranking.webp\",\"width\":1200,\"height\":750,\"caption\":\"Walid Regragui speaks passionately during a press conference, with a Moroccan flag and a football adorned with national colours in view.\"},{\"@type\":\"BreadcrumbList\",\"@id\":\"https:\\\/\\\/bladnanews.com\\\/most-paid-african-national-team-coach-announced-not-walid-regragui\\\/#breadcrumb\",\"itemListElement\":[{\"@type\":\"ListItem\",\"position\":1,\"name\":\"Home\",\"item\":\"https:\\\/\\\/bladnanews.com\\\/\"},{\"@type\":\"ListItem\",\"position\":2,\"name\":\"Most paid African national team coach announced, not Walid Regragui\"}]},{\"@type\":\"WebSite\",\"@id\":\"https:\\\/\\\/mediumseagreen-eel-531711.hostingersite.com\\\/#website\",\"url\":\"https:\\\/\\\/mediumseagreen-eel-531711.hostingersite.com\\\/\",\"name\":\"Bladna News - Morocco\",\"description\":\"Where Moroccan Football Meets the World\",\"publisher\":{\"@id\":\"https:\\\/\\\/mediumseagreen-eel-531711.hostingersite.com\\\/#organization\"},\"potentialAction\":[{\"@type\":\"SearchAction\",\"target\":{\"@type\":\"EntryPoint\",\"urlTemplate\":\"https:\\\/\\\/mediumseagreen-eel-531711.hostingersite.com\\\/?s={search_term_string}\"},\"query-input\":{\"@type\":\"PropertyValueSpecification\",\"valueRequired\":true,\"valueName\":\"search_term_string\"}}],\"inLanguage\":\"fr-FR\"},{\"@type\":\"Organization\",\"@id\":\"https:\\\/\\\/mediumseagreen-eel-531711.hostingersite.com\\\/#organization\",\"name\":\"Bladna News.com\",\"url\":\"https:\\\/\\\/mediumseagreen-eel-531711.hostingersite.com\\\/\",\"logo\":{\"@type\":\"ImageObject\",\"inLanguage\":\"fr-FR\",\"@id\":\"https:\\\/\\\/mediumseagreen-eel-531711.hostingersite.com\\\/#\\\/schema\\\/logo\\\/image\\\/\",\"url\":\"https:\\\/\\\/bladnanews.com\\\/wp-content\\\/uploads\\\/2025\\\/12\\\/logo-bladnanews-V2-web-black-red.png\",\"contentUrl\":\"https:\\\/\\\/bladnanews.com\\\/wp-content\\\/uploads\\\/2025\\\/12\\\/logo-bladnanews-V2-web-black-red.png\",\"width\":703,\"height\":287,\"caption\":\"Bladna News.com\"},\"image\":{\"@id\":\"https:\\\/\\\/mediumseagreen-eel-531711.hostingersite.com\\\/#\\\/schema\\\/logo\\\/image\\\/\"},\"email\":\"info@bladnanews.com\",\"legalName\":\"Bladna News\"},{\"@type\":\"Person\",\"@id\":\"https:\\\/\\\/mediumseagreen-eel-531711.hostingersite.com\\\/#\\\/schema\\\/person\\\/6712b38fabe810f7eb8d15ed30d90f1e\",\"name\":\"Bladna Sports Desk\",\"url\":\"https:\\\/\\\/bladnanews.com\\\/fr\\\/author\\\/bladna-sports-desk\\\/\"}]}<\/script>\n<!-- \/ Yoast SEO Premium plugin. -->","yoast_head_json":{"title":"Le coach de l'\u00e9quipe nationale africaine le mieux pay\u00e9 annonc\u00e9, pas Walid Regragui - Bladna News","robots":{"index":"index","follow":"follow","max-snippet":"max-snippet:-1","max-image-preview":"max-image-preview:large","max-video-preview":"max-video-preview:-1"},"canonical":"https:\/\/bladnanews.com\/fr\/le-coach-de-lequipe-nationale-africaine-le-mieux-paye-annonce-nest-pas-walid-regragui\/","og_locale":"fr_FR","og_type":"article","og_title":"Most paid African national team coach announced, not Walid Regragui","og_description":"The best-paid national team coach in Africa is not Walid Regragui. A new ranking has revealed that Algeria boss Vladimir [&hellip;]","og_url":"https:\/\/bladnanews.com\/fr\/le-coach-de-lequipe-nationale-africaine-le-mieux-paye-annonce-nest-pas-walid-regragui\/","og_site_name":"Bladna News","article_published_time":"2026-01-04T17:00:00+00:00","og_image":[{"width":1312,"height":736,"url":"https:\/\/bladnanews.com\/wp-content\/uploads\/2025\/12\/freepik__bladna-newscom-moroccan-soccer-homepage-banner-mor__41838.png","type":"image\/png"}],"author":"Bladna Sports Desk","twitter_card":"summary_large_image","twitter_misc":{"\u00c9crit par":"Bladna Sports Desk","Dur\u00e9e de lecture estim\u00e9e":"1 minute"},"schema":{"@context":"https:\/\/schema.org","@graph":[{"@type":"Article","@id":"https:\/\/bladnanews.com\/most-paid-african-national-team-coach-announced-not-walid-regragui\/#article","isPartOf":{"@id":"https:\/\/bladnanews.com\/most-paid-african-national-team-coach-announced-not-walid-regragui\/"},"author":{"name":"Bladna Sports Desk","@id":"https:\/\/mediumseagreen-eel-531711.hostingersite.com\/#\/schema\/person\/6712b38fabe810f7eb8d15ed30d90f1e"},"headline":"Most paid African national team coach announced, not Walid Regragui","datePublished":"2026-01-04T17:00:00+00:00","mainEntityOfPage":{"@id":"https:\/\/bladnanews.com\/most-paid-african-national-team-coach-announced-not-walid-regragui\/"},"wordCount":184,"publisher":{"@id":"https:\/\/mediumseagreen-eel-531711.hostingersite.com\/#organization"},"image":{"@id":"https:\/\/bladnanews.com\/most-paid-african-national-team-coach-announced-not-walid-regragui\/#primaryimage"},"thumbnailUrl":"https:\/\/bladnanews.com\/wp-content\/uploads\/2026\/01\/walid-regragui-salaris-marokkaans-elftal-ranking.webp","articleSection":["Latest News","Morocco National Team"],"inLanguage":"fr-FR","copyrightYear":"2026","copyrightHolder":{"@id":"https:\/\/bladnanews.com\/fr\/#organization"}},{"@type":"WebPage","@id":"https:\/\/bladnanews.com\/most-paid-african-national-team-coach-announced-not-walid-regragui\/","url":"https:\/\/bladnanews.com\/most-paid-african-national-team-coach-announced-not-walid-regragui\/","name":"Le coach de l'\u00e9quipe nationale africaine le mieux pay\u00e9 annonc\u00e9, pas Walid Regragui - Bladna News","isPartOf":{"@id":"https:\/\/mediumseagreen-eel-531711.hostingersite.com\/#website"},"primaryImageOfPage":{"@id":"https:\/\/bladnanews.com\/most-paid-african-national-team-coach-announced-not-walid-regragui\/#primaryimage"},"image":{"@id":"https:\/\/bladnanews.com\/most-paid-african-national-team-coach-announced-not-walid-regragui\/#primaryimage"},"thumbnailUrl":"https:\/\/bladnanews.com\/wp-content\/uploads\/2026\/01\/walid-regragui-salaris-marokkaans-elftal-ranking.webp","datePublished":"2026-01-04T17:00:00+00:00","breadcrumb":{"@id":"https:\/\/bladnanews.com\/most-paid-african-national-team-coach-announced-not-walid-regragui\/#breadcrumb"},"inLanguage":"fr-FR","potentialAction":[{"@type":"ReadAction","target":["https:\/\/bladnanews.com\/most-paid-african-national-team-coach-announced-not-walid-regragui\/"]}]},{"@type":"ImageObject","inLanguage":"fr-FR","@id":"https:\/\/bladnanews.com\/most-paid-african-national-team-coach-announced-not-walid-regragui\/#primaryimage","url":"https:\/\/bladnanews.com\/wp-content\/uploads\/2026\/01\/walid-regragui-salaris-marokkaans-elftal-ranking.webp","contentUrl":"https:\/\/bladnanews.com\/wp-content\/uploads\/2026\/01\/walid-regragui-salaris-marokkaans-elftal-ranking.webp","width":1200,"height":750,"caption":"Walid Regragui speaks passionately during a press conference, with a Moroccan flag and a football adorned with national colours in view."},{"@type":"BreadcrumbList","@id":"https:\/\/bladnanews.com\/most-paid-african-national-team-coach-announced-not-walid-regragui\/#breadcrumb","itemListElement":[{"@type":"ListItem","position":1,"name":"Home","item":"https:\/\/bladnanews.com\/"},{"@type":"ListItem","position":2,"name":"Most paid African national team coach announced, not Walid Regragui"}]},{"@type":"WebSite","@id":"https:\/\/mediumseagreen-eel-531711.hostingersite.com\/#website","url":"https:\/\/mediumseagreen-eel-531711.hostingersite.com\/","name":"Bladna News - Maroc","description":"Quand le football marocain rencontre le monde","publisher":{"@id":"https:\/\/mediumseagreen-eel-531711.hostingersite.com\/#organization"},"potentialAction":[{"@type":"SearchAction","target":{"@type":"EntryPoint","urlTemplate":"https:\/\/mediumseagreen-eel-531711.hostingersite.com\/?s={search_term_string}"},"query-input":{"@type":"PropertyValueSpecification","valueRequired":true,"valueName":"search_term_string"}}],"inLanguage":"fr-FR"},{"@type":"Organization","@id":"https:\/\/mediumseagreen-eel-531711.hostingersite.com\/#organization","name":"Bladna News.com","url":"https:\/\/mediumseagreen-eel-531711.hostingersite.com\/","logo":{"@type":"ImageObject","inLanguage":"fr-FR","@id":"https:\/\/mediumseagreen-eel-531711.hostingersite.com\/#\/schema\/logo\/image\/","url":"https:\/\/bladnanews.com\/wp-content\/uploads\/2025\/12\/logo-bladnanews-V2-web-black-red.png","contentUrl":"https:\/\/bladnanews.com\/wp-content\/uploads\/2025\/12\/logo-bladnanews-V2-web-black-red.png","width":703,"height":287,"caption":"Bladna News.com"},"image":{"@id":"https:\/\/mediumseagreen-eel-531711.hostingersite.com\/#\/schema\/logo\/image\/"},"email":"info@bladnanews.com","legalName":"Bladna News"},{"@type":"Person","@id":"https:\/\/mediumseagreen-eel-531711.hostingersite.com\/#\/schema\/person\/6712b38fabe810f7eb8d15ed30d90f1e","name":"Bladna Sports Desk","url":"https:\/\/bladnanews.com\/fr\/author\/bladna-sports-desk\/"}]}},"_links":{"self":[{"href":"https:\/\/bladnanews.com\/fr\/wp-json\/wp\/v2\/posts\/2747","targetHints":{"allow":["GET"]}}],"collection":[{"href":"https:\/\/bladnanews.com\/fr\/wp-json\/wp\/v2\/posts"}],"about":[{"href":"https:\/\/bladnanews.com\/fr\/wp-json\/wp\/v2\/types\/post"}],"author":[{"embeddable":true,"href":"https:\/\/bladnanews.com\/fr\/wp-json\/wp\/v2\/users\/4"}],"replies":[{"embeddable":true,"href":"https:\/\/bladnanews.com\/fr\/wp-json\/wp\/v2\/comments?post=2747"}],"version-history":[{"count":0,"href":"https:\/\/bladnanews.com\/fr\/wp-json\/wp\/v2\/posts\/2747\/revisions"}],"wp:featuredmedia":[{"embeddable":true,"href":"https:\/\/bladnanews.com\/fr\/wp-json\/wp\/v2\/media\/2746"}],"wp:attachment":[{"href":"https:\/\/bladnanews.com\/fr\/wp-json\/wp\/v2\/media?parent=2747"}],"wp:term":[{"taxonomy":"category","embeddable":true,"href":"https:\/\/bladnanews.com\/fr\/wp-json\/wp\/v2\/categories?post=2747"},{"taxonomy":"post_tag","embeddable":true,"href":"https:\/\/bladnanews.com\/fr\/wp-json\/wp\/v2\/tags?post=2747"}],"curies":[{"name":"wp","href":"https:\/\/api.w.org\/{rel}","templated":true}]}}