{"id":2763,"date":"2026-01-04T16:20:23","date_gmt":"2026-01-04T16:20:23","guid":{"rendered":"https:\/\/bladnanews.com\/luke-littler-urges-bayerns-lennart-karl-to-join-man-utd\/"},"modified":"2026-01-04T16:20:23","modified_gmt":"2026-01-04T16:20:23","slug":"luke-littler-exhorte-lennart-karl-du-bayern-a-rejoindre-manchester-united","status":"publish","type":"post","link":"https:\/\/bladnanews.com\/fr\/luke-littler-exhorte-lennart-karl-du-bayern-a-rejoindre-manchester-united\/","title":{"rendered":"Luke Littler exhorte Lennart Karl du Bayern \u00e0 rejoindre Manchester United."},"content":{"rendered":"<p>Luke Littler a exhort\u00e9 le jeune espoir du Bayern Munich, Lennart Karl, \u00e0 rejoindre Manchester United \u2013 et a sugg\u00e9r\u00e9 en plaisantant qu'il devrait emmener Harry Kane avec lui.<\/p>\n<p>Le nouveau champion du monde de fl\u00e9chettes a r\u00e9v\u00e9l\u00e9 avoir re\u00e7u un message de motivation de Karl avant de remporter son deuxi\u00e8me titre. Littler a d\u00e9clar\u00e9 que le prospect du Bayern l'avait contact\u00e9 avant la finale, lui offrant des mots de soutien \u00e0 l'approche de la plus grande nuit de sa carri\u00e8re.<\/p>\n<p>Apr\u00e8s avoir soulev\u00e9 le troph\u00e9e, Littler a r\u00e9pondu en encourageant Karl \u00e0 envisager un transfert \u00e0 Old Trafford. Il a \u00e9galement mentionn\u00e9 Kane dans cet \u00e9change, disant \u00e0 Karl d'emmener le capitaine de l'Angleterre s'il effectuait le changement.<\/p>\n<p>Littler est devenu l'un des noms les plus discut\u00e9s dans le sport britannique et sa relation avec le football reste sous les projecteurs, le supporter de Manchester United partageant r\u00e9guli\u00e8rement ses opinions sur le club.<\/p>\n<p>Karl, un talent tr\u00e8s estim\u00e9 au Bayern, poursuit son ascension en Allemagne, et son message \u00e0 Littler a \u00e9t\u00e9 r\u00e9v\u00e9l\u00e9 suite au r\u00e9cent succ\u00e8s de l'adolescent sur la sc\u00e8ne des fl\u00e9chettes.<\/p>","protected":false},"excerpt":{"rendered":"<p>Luke Littler has urged Bayern Munich youngster Lennart Karl to join Manchester United \u2013 and jokingly suggested he should bring [&hellip;]<\/p>\n","protected":false},"author":3,"featured_media":2762,"comment_status":"","ping_status":"open","sticky":false,"template":"","format":"standard","meta":{"googlesitekit_rrm_CAow_uzEDA:productID":"","site-sidebar-layout":"default","site-content-layout":"","ast-site-content-layout":"default","site-content-style":"default","site-sidebar-style":"default","ast-global-header-display":"","ast-banner-title-visibility":"","ast-main-header-display":"","ast-hfb-above-header-display":"","ast-hfb-below-header-display":"","ast-hfb-mobile-header-display":"","site-post-title":"","ast-breadcrumbs-content":"","ast-featured-img":"","footer-sml-layout":"","ast-disable-related-posts":"","theme-transparent-header-meta":"","adv-header-id-meta":"","stick-header-meta":"","header-above-stick-meta":"","header-main-stick-meta":"","header-below-stick-meta":"","astra-migrate-meta-layouts":"default","ast-page-background-enabled":"default","ast-page-background-meta":{"desktop":{"background-color":"var(--ast-global-color-5)","background-image":"","background-repeat":"repeat","background-position":"center center","background-size":"auto","background-attachment":"scroll","background-type":"","background-media":"","overlay-type":"","overlay-color":"","overlay-opacity":"","overlay-gradient":""},"tablet":{"background-color":"","background-image":"","background-repeat":"repeat","background-position":"center center","background-size":"auto","background-attachment":"scroll","background-type":"","background-media":"","overlay-type":"","overlay-color":"","overlay-opacity":"","overlay-gradient":""},"mobile":{"background-color":"","background-image":"","background-repeat":"repeat","background-position":"center center","background-size":"auto","background-attachment":"scroll","background-type":"","background-media":"","overlay-type":"","overlay-color":"","overlay-opacity":"","overlay-gradient":""}},"ast-content-background-meta":{"desktop":{"background-color":"var(--ast-global-color-4)","background-image":"","background-repeat":"repeat","background-position":"center center","background-size":"auto","background-attachment":"scroll","background-type":"","background-media":"","overlay-type":"","overlay-color":"","overlay-opacity":"","overlay-gradient":""},"tablet":{"background-color":"var(--ast-global-color-4)","background-image":"","background-repeat":"repeat","background-position":"center center","background-size":"auto","background-attachment":"scroll","background-type":"","background-media":"","overlay-type":"","overlay-color":"","overlay-opacity":"","overlay-gradient":""},"mobile":{"background-color":"var(--ast-global-color-4)","background-image":"","background-repeat":"repeat","background-position":"center center","background-size":"auto","background-attachment":"scroll","background-type":"","background-media":"","overlay-type":"","overlay-color":"","overlay-opacity":"","overlay-gradient":""}},"footnotes":""},"categories":[20,1],"tags":[],"class_list":["post-2763","post","type-post","status-publish","format-standard","has-post-thumbnail","hentry","category-international","category-football-latest-news"],"yoast_head":"<!-- This site is optimized with the Yoast SEO Premium plugin v26.6 (Yoast SEO v27.5) - https:\/\/yoast.com\/product\/yoast-seo-premium-wordpress\/ -->\n<title>Luke Littler urges Bayern&#039;s Lennart Karl to join Man Utd - Bladna News<\/title>\n<meta name=\"robots\" content=\"index, follow, max-snippet:-1, max-image-preview:large, max-video-preview:-1\" \/>\n<link rel=\"canonical\" href=\"https:\/\/bladnanews.com\/fr\/luke-littler-exhorte-lennart-karl-du-bayern-a-rejoindre-manchester-united\/\" \/>\n<meta property=\"og:locale\" content=\"fr_FR\" \/>\n<meta property=\"og:type\" content=\"article\" \/>\n<meta property=\"og:title\" content=\"Luke Littler urges Bayern&#039;s Lennart Karl to join Man Utd\" \/>\n<meta property=\"og:description\" content=\"Luke Littler has urged Bayern Munich youngster Lennart Karl to join Manchester United \u2013 and jokingly suggested he should bring [&hellip;]\" \/>\n<meta property=\"og:url\" content=\"https:\/\/bladnanews.com\/fr\/luke-littler-exhorte-lennart-karl-du-bayern-a-rejoindre-manchester-united\/\" \/>\n<meta property=\"og:site_name\" content=\"Bladna News\" \/>\n<meta property=\"article:published_time\" content=\"2026-01-04T16:20:23+00:00\" \/>\n<meta property=\"og:image\" content=\"https:\/\/bladnanews.com\/wp-content\/uploads\/2025\/12\/freepik__bladna-newscom-moroccan-soccer-homepage-banner-mor__41838.png\" \/>\n\t<meta property=\"og:image:width\" content=\"1312\" \/>\n\t<meta property=\"og:image:height\" content=\"736\" \/>\n\t<meta property=\"og:image:type\" content=\"image\/png\" \/>\n<meta name=\"author\" content=\"Bladna News Staff\" \/>\n<meta name=\"twitter:card\" content=\"summary_large_image\" \/>\n<meta name=\"twitter:label1\" content=\"\u00c9crit par\" \/>\n\t<meta name=\"twitter:data1\" content=\"Bladna News Staff\" \/>\n\t<meta name=\"twitter:label2\" content=\"Dur\u00e9e de lecture estim\u00e9e\" \/>\n\t<meta name=\"twitter:data2\" content=\"1 minute\" \/>\n<script type=\"application\/ld+json\" class=\"yoast-schema-graph\">{\"@context\":\"https:\\\/\\\/schema.org\",\"@graph\":[{\"@type\":\"Article\",\"@id\":\"https:\\\/\\\/bladnanews.com\\\/luke-littler-urges-bayerns-lennart-karl-to-join-man-utd\\\/#article\",\"isPartOf\":{\"@id\":\"https:\\\/\\\/bladnanews.com\\\/luke-littler-urges-bayerns-lennart-karl-to-join-man-utd\\\/\"},\"author\":{\"name\":\"Bladna News Staff\",\"@id\":\"https:\\\/\\\/mediumseagreen-eel-531711.hostingersite.com\\\/#\\\/schema\\\/person\\\/268e18a453ab080ebf76df6ef7845083\"},\"headline\":\"Luke Littler urges Bayern&#8217;s Lennart Karl to join Man Utd\",\"datePublished\":\"2026-01-04T16:20:23+00:00\",\"mainEntityOfPage\":{\"@id\":\"https:\\\/\\\/bladnanews.com\\\/luke-littler-urges-bayerns-lennart-karl-to-join-man-utd\\\/\"},\"wordCount\":180,\"publisher\":{\"@id\":\"https:\\\/\\\/mediumseagreen-eel-531711.hostingersite.com\\\/#organization\"},\"image\":{\"@id\":\"https:\\\/\\\/bladnanews.com\\\/luke-littler-urges-bayerns-lennart-karl-to-join-man-utd\\\/#primaryimage\"},\"thumbnailUrl\":\"https:\\\/\\\/bladnanews.com\\\/wp-content\\\/uploads\\\/2026\\\/01\\\/BladnaNews-Luke-Littler-urges-Bayerns-Lennart-Karl-to-join-Man-Utd-2026-01-04T175117.795Z.jpg\",\"articleSection\":[\"International\",\"Latest News\"],\"inLanguage\":\"fr-FR\",\"copyrightYear\":\"2026\",\"copyrightHolder\":{\"@id\":\"https:\\\/\\\/bladnanews.com\\\/fr\\\/#organization\"}},{\"@type\":\"WebPage\",\"@id\":\"https:\\\/\\\/bladnanews.com\\\/luke-littler-urges-bayerns-lennart-karl-to-join-man-utd\\\/\",\"url\":\"https:\\\/\\\/bladnanews.com\\\/luke-littler-urges-bayerns-lennart-karl-to-join-man-utd\\\/\",\"name\":\"Luke Littler urges Bayern's Lennart Karl to join Man Utd - Bladna News\",\"isPartOf\":{\"@id\":\"https:\\\/\\\/mediumseagreen-eel-531711.hostingersite.com\\\/#website\"},\"primaryImageOfPage\":{\"@id\":\"https:\\\/\\\/bladnanews.com\\\/luke-littler-urges-bayerns-lennart-karl-to-join-man-utd\\\/#primaryimage\"},\"image\":{\"@id\":\"https:\\\/\\\/bladnanews.com\\\/luke-littler-urges-bayerns-lennart-karl-to-join-man-utd\\\/#primaryimage\"},\"thumbnailUrl\":\"https:\\\/\\\/bladnanews.com\\\/wp-content\\\/uploads\\\/2026\\\/01\\\/BladnaNews-Luke-Littler-urges-Bayerns-Lennart-Karl-to-join-Man-Utd-2026-01-04T175117.795Z.jpg\",\"datePublished\":\"2026-01-04T16:20:23+00:00\",\"breadcrumb\":{\"@id\":\"https:\\\/\\\/bladnanews.com\\\/luke-littler-urges-bayerns-lennart-karl-to-join-man-utd\\\/#breadcrumb\"},\"inLanguage\":\"fr-FR\",\"potentialAction\":[{\"@type\":\"ReadAction\",\"target\":[\"https:\\\/\\\/bladnanews.com\\\/luke-littler-urges-bayerns-lennart-karl-to-join-man-utd\\\/\"]}]},{\"@type\":\"ImageObject\",\"inLanguage\":\"fr-FR\",\"@id\":\"https:\\\/\\\/bladnanews.com\\\/luke-littler-urges-bayerns-lennart-karl-to-join-man-utd\\\/#primaryimage\",\"url\":\"https:\\\/\\\/bladnanews.com\\\/wp-content\\\/uploads\\\/2026\\\/01\\\/BladnaNews-Luke-Littler-urges-Bayerns-Lennart-Karl-to-join-Man-Utd-2026-01-04T175117.795Z.jpg\",\"contentUrl\":\"https:\\\/\\\/bladnanews.com\\\/wp-content\\\/uploads\\\/2026\\\/01\\\/BladnaNews-Luke-Littler-urges-Bayerns-Lennart-Karl-to-join-Man-Utd-2026-01-04T175117.795Z.jpg\",\"width\":1920,\"height\":1080,\"caption\":\"Luke Littler holds a trophy, smiling in a blue and yellow outfit, while Bayern Munich's Lennart Karl runs in a red and white kit, looking focused.\"},{\"@type\":\"BreadcrumbList\",\"@id\":\"https:\\\/\\\/bladnanews.com\\\/luke-littler-urges-bayerns-lennart-karl-to-join-man-utd\\\/#breadcrumb\",\"itemListElement\":[{\"@type\":\"ListItem\",\"position\":1,\"name\":\"Home\",\"item\":\"https:\\\/\\\/bladnanews.com\\\/\"},{\"@type\":\"ListItem\",\"position\":2,\"name\":\"Luke Littler urges Bayern&#8217;s Lennart Karl to join Man Utd\"}]},{\"@type\":\"WebSite\",\"@id\":\"https:\\\/\\\/mediumseagreen-eel-531711.hostingersite.com\\\/#website\",\"url\":\"https:\\\/\\\/mediumseagreen-eel-531711.hostingersite.com\\\/\",\"name\":\"Bladna News - Morocco\",\"description\":\"Where Moroccan Football Meets the World\",\"publisher\":{\"@id\":\"https:\\\/\\\/mediumseagreen-eel-531711.hostingersite.com\\\/#organization\"},\"potentialAction\":[{\"@type\":\"SearchAction\",\"target\":{\"@type\":\"EntryPoint\",\"urlTemplate\":\"https:\\\/\\\/mediumseagreen-eel-531711.hostingersite.com\\\/?s={search_term_string}\"},\"query-input\":{\"@type\":\"PropertyValueSpecification\",\"valueRequired\":true,\"valueName\":\"search_term_string\"}}],\"inLanguage\":\"fr-FR\"},{\"@type\":\"Organization\",\"@id\":\"https:\\\/\\\/mediumseagreen-eel-531711.hostingersite.com\\\/#organization\",\"name\":\"Bladna News.com\",\"url\":\"https:\\\/\\\/mediumseagreen-eel-531711.hostingersite.com\\\/\",\"logo\":{\"@type\":\"ImageObject\",\"inLanguage\":\"fr-FR\",\"@id\":\"https:\\\/\\\/mediumseagreen-eel-531711.hostingersite.com\\\/#\\\/schema\\\/logo\\\/image\\\/\",\"url\":\"https:\\\/\\\/bladnanews.com\\\/wp-content\\\/uploads\\\/2025\\\/12\\\/logo-bladnanews-V2-web-black-red.png\",\"contentUrl\":\"https:\\\/\\\/bladnanews.com\\\/wp-content\\\/uploads\\\/2025\\\/12\\\/logo-bladnanews-V2-web-black-red.png\",\"width\":703,\"height\":287,\"caption\":\"Bladna News.com\"},\"image\":{\"@id\":\"https:\\\/\\\/mediumseagreen-eel-531711.hostingersite.com\\\/#\\\/schema\\\/logo\\\/image\\\/\"},\"email\":\"info@bladnanews.com\",\"legalName\":\"Bladna News\"},{\"@type\":\"Person\",\"@id\":\"https:\\\/\\\/mediumseagreen-eel-531711.hostingersite.com\\\/#\\\/schema\\\/person\\\/268e18a453ab080ebf76df6ef7845083\",\"name\":\"Bladna News Staff\",\"url\":\"https:\\\/\\\/bladnanews.com\\\/fr\\\/author\\\/bladna-news-staff\\\/\"}]}<\/script>\n<!-- \/ Yoast SEO Premium plugin. -->","yoast_head_json":{"title":"Luke Littler exhorte Lennart Karl du Bayern \u00e0 rejoindre Manchester United - Bladna News","robots":{"index":"index","follow":"follow","max-snippet":"max-snippet:-1","max-image-preview":"max-image-preview:large","max-video-preview":"max-video-preview:-1"},"canonical":"https:\/\/bladnanews.com\/fr\/luke-littler-exhorte-lennart-karl-du-bayern-a-rejoindre-manchester-united\/","og_locale":"fr_FR","og_type":"article","og_title":"Luke Littler urges Bayern's Lennart Karl to join Man Utd","og_description":"Luke Littler has urged Bayern Munich youngster Lennart Karl to join Manchester United \u2013 and jokingly suggested he should bring [&hellip;]","og_url":"https:\/\/bladnanews.com\/fr\/luke-littler-exhorte-lennart-karl-du-bayern-a-rejoindre-manchester-united\/","og_site_name":"Bladna News","article_published_time":"2026-01-04T16:20:23+00:00","og_image":[{"width":1312,"height":736,"url":"https:\/\/bladnanews.com\/wp-content\/uploads\/2025\/12\/freepik__bladna-newscom-moroccan-soccer-homepage-banner-mor__41838.png","type":"image\/png"}],"author":"Bladna News Staff","twitter_card":"summary_large_image","twitter_misc":{"\u00c9crit par":"Bladna News Staff","Dur\u00e9e de lecture estim\u00e9e":"1 minute"},"schema":{"@context":"https:\/\/schema.org","@graph":[{"@type":"Article","@id":"https:\/\/bladnanews.com\/luke-littler-urges-bayerns-lennart-karl-to-join-man-utd\/#article","isPartOf":{"@id":"https:\/\/bladnanews.com\/luke-littler-urges-bayerns-lennart-karl-to-join-man-utd\/"},"author":{"name":"Bladna News Staff","@id":"https:\/\/mediumseagreen-eel-531711.hostingersite.com\/#\/schema\/person\/268e18a453ab080ebf76df6ef7845083"},"headline":"Luke Littler urges Bayern&#8217;s Lennart Karl to join Man Utd","datePublished":"2026-01-04T16:20:23+00:00","mainEntityOfPage":{"@id":"https:\/\/bladnanews.com\/luke-littler-urges-bayerns-lennart-karl-to-join-man-utd\/"},"wordCount":180,"publisher":{"@id":"https:\/\/mediumseagreen-eel-531711.hostingersite.com\/#organization"},"image":{"@id":"https:\/\/bladnanews.com\/luke-littler-urges-bayerns-lennart-karl-to-join-man-utd\/#primaryimage"},"thumbnailUrl":"https:\/\/bladnanews.com\/wp-content\/uploads\/2026\/01\/BladnaNews-Luke-Littler-urges-Bayerns-Lennart-Karl-to-join-Man-Utd-2026-01-04T175117.795Z.jpg","articleSection":["International","Latest News"],"inLanguage":"fr-FR","copyrightYear":"2026","copyrightHolder":{"@id":"https:\/\/bladnanews.com\/fr\/#organization"}},{"@type":"WebPage","@id":"https:\/\/bladnanews.com\/luke-littler-urges-bayerns-lennart-karl-to-join-man-utd\/","url":"https:\/\/bladnanews.com\/luke-littler-urges-bayerns-lennart-karl-to-join-man-utd\/","name":"Luke Littler exhorte Lennart Karl du Bayern \u00e0 rejoindre Manchester United - Bladna News","isPartOf":{"@id":"https:\/\/mediumseagreen-eel-531711.hostingersite.com\/#website"},"primaryImageOfPage":{"@id":"https:\/\/bladnanews.com\/luke-littler-urges-bayerns-lennart-karl-to-join-man-utd\/#primaryimage"},"image":{"@id":"https:\/\/bladnanews.com\/luke-littler-urges-bayerns-lennart-karl-to-join-man-utd\/#primaryimage"},"thumbnailUrl":"https:\/\/bladnanews.com\/wp-content\/uploads\/2026\/01\/BladnaNews-Luke-Littler-urges-Bayerns-Lennart-Karl-to-join-Man-Utd-2026-01-04T175117.795Z.jpg","datePublished":"2026-01-04T16:20:23+00:00","breadcrumb":{"@id":"https:\/\/bladnanews.com\/luke-littler-urges-bayerns-lennart-karl-to-join-man-utd\/#breadcrumb"},"inLanguage":"fr-FR","potentialAction":[{"@type":"ReadAction","target":["https:\/\/bladnanews.com\/luke-littler-urges-bayerns-lennart-karl-to-join-man-utd\/"]}]},{"@type":"ImageObject","inLanguage":"fr-FR","@id":"https:\/\/bladnanews.com\/luke-littler-urges-bayerns-lennart-karl-to-join-man-utd\/#primaryimage","url":"https:\/\/bladnanews.com\/wp-content\/uploads\/2026\/01\/BladnaNews-Luke-Littler-urges-Bayerns-Lennart-Karl-to-join-Man-Utd-2026-01-04T175117.795Z.jpg","contentUrl":"https:\/\/bladnanews.com\/wp-content\/uploads\/2026\/01\/BladnaNews-Luke-Littler-urges-Bayerns-Lennart-Karl-to-join-Man-Utd-2026-01-04T175117.795Z.jpg","width":1920,"height":1080,"caption":"Luke Littler holds a trophy, smiling in a blue and yellow outfit, while Bayern Munich's Lennart Karl runs in a red and white kit, looking focused."},{"@type":"BreadcrumbList","@id":"https:\/\/bladnanews.com\/luke-littler-urges-bayerns-lennart-karl-to-join-man-utd\/#breadcrumb","itemListElement":[{"@type":"ListItem","position":1,"name":"Home","item":"https:\/\/bladnanews.com\/"},{"@type":"ListItem","position":2,"name":"Luke Littler urges Bayern&#8217;s Lennart Karl to join Man Utd"}]},{"@type":"WebSite","@id":"https:\/\/mediumseagreen-eel-531711.hostingersite.com\/#website","url":"https:\/\/mediumseagreen-eel-531711.hostingersite.com\/","name":"Bladna News - Maroc","description":"Quand le football marocain rencontre le monde","publisher":{"@id":"https:\/\/mediumseagreen-eel-531711.hostingersite.com\/#organization"},"potentialAction":[{"@type":"SearchAction","target":{"@type":"EntryPoint","urlTemplate":"https:\/\/mediumseagreen-eel-531711.hostingersite.com\/?s={search_term_string}"},"query-input":{"@type":"PropertyValueSpecification","valueRequired":true,"valueName":"search_term_string"}}],"inLanguage":"fr-FR"},{"@type":"Organization","@id":"https:\/\/mediumseagreen-eel-531711.hostingersite.com\/#organization","name":"Bladna News.com","url":"https:\/\/mediumseagreen-eel-531711.hostingersite.com\/","logo":{"@type":"ImageObject","inLanguage":"fr-FR","@id":"https:\/\/mediumseagreen-eel-531711.hostingersite.com\/#\/schema\/logo\/image\/","url":"https:\/\/bladnanews.com\/wp-content\/uploads\/2025\/12\/logo-bladnanews-V2-web-black-red.png","contentUrl":"https:\/\/bladnanews.com\/wp-content\/uploads\/2025\/12\/logo-bladnanews-V2-web-black-red.png","width":703,"height":287,"caption":"Bladna News.com"},"image":{"@id":"https:\/\/mediumseagreen-eel-531711.hostingersite.com\/#\/schema\/logo\/image\/"},"email":"info@bladnanews.com","legalName":"Bladna News"},{"@type":"Person","@id":"https:\/\/mediumseagreen-eel-531711.hostingersite.com\/#\/schema\/person\/268e18a453ab080ebf76df6ef7845083","name":"\u00c9quipe r\u00e9dactionnelle de Bladna News","url":"https:\/\/bladnanews.com\/fr\/author\/bladna-news-staff\/"}]}},"_links":{"self":[{"href":"https:\/\/bladnanews.com\/fr\/wp-json\/wp\/v2\/posts\/2763","targetHints":{"allow":["GET"]}}],"collection":[{"href":"https:\/\/bladnanews.com\/fr\/wp-json\/wp\/v2\/posts"}],"about":[{"href":"https:\/\/bladnanews.com\/fr\/wp-json\/wp\/v2\/types\/post"}],"author":[{"embeddable":true,"href":"https:\/\/bladnanews.com\/fr\/wp-json\/wp\/v2\/users\/3"}],"replies":[{"embeddable":true,"href":"https:\/\/bladnanews.com\/fr\/wp-json\/wp\/v2\/comments?post=2763"}],"version-history":[{"count":0,"href":"https:\/\/bladnanews.com\/fr\/wp-json\/wp\/v2\/posts\/2763\/revisions"}],"wp:featuredmedia":[{"embeddable":true,"href":"https:\/\/bladnanews.com\/fr\/wp-json\/wp\/v2\/media\/2762"}],"wp:attachment":[{"href":"https:\/\/bladnanews.com\/fr\/wp-json\/wp\/v2\/media?parent=2763"}],"wp:term":[{"taxonomy":"category","embeddable":true,"href":"https:\/\/bladnanews.com\/fr\/wp-json\/wp\/v2\/categories?post=2763"},{"taxonomy":"post_tag","embeddable":true,"href":"https:\/\/bladnanews.com\/fr\/wp-json\/wp\/v2\/tags?post=2763"}],"curies":[{"name":"wp","href":"https:\/\/api.w.org\/{rel}","templated":true}]}}