{"id":2802,"date":"2026-01-04T16:51:13","date_gmt":"2026-01-04T16:51:13","guid":{"rendered":"https:\/\/bladnanews.com\/amorim-says-sesko-must-improve-as-hojlund-blanks-at-leeds\/"},"modified":"2026-01-04T16:51:13","modified_gmt":"2026-01-04T16:51:13","slug":"amorim-affirme-que-sesko-doit-sameliorer-alors-que-hojlund-est-muet-a-leeds","status":"publish","type":"post","link":"https:\/\/bladnanews.com\/fr\/amorim-affirme-que-sesko-doit-sameliorer-alors-que-hojlund-est-muet-a-leeds\/","title":{"rendered":"Amorim affirme que Sesko doit s'am\u00e9liorer alors que Hojlund reste muet \u00e0 Leeds"},"content":{"rendered":"<p>Ruben Amorim a reconnu que Benjamin Sesko \u201c doit progresser dans les derniers instants \u201d apr\u00e8s que l'attaquant de Manchester United, achet\u00e9 74 millions de livres, n'ait de nouveau pas marqu\u00e9 lors du match nul \u00e0 Leeds.<\/p>\n<p>United ont \u00e9t\u00e9 tenus en \u00e9chec 0-0, Rasmus Hojlund n'ayant pas non plus trouv\u00e9 le chemin des filets, tandis qu'Amorim continuait d'\u00e9valuer ses options offensives durant la rencontre.<\/p>\n<p>S'exprimant apr\u00e8s le match, Amorim a compar\u00e9 le style de Sesko \u00e0 celui de Hojlund et a insist\u00e9 sur le fait que l'attaquant avait encore du travail \u00e0 fournir pour tirer pleinement parti des situations cl\u00e9s dans le dernier tiers du terrain.<\/p>\n<p>\u201c Compl\u00e8tement diff\u00e9rent de Rasmus Hojlund \u201d, a d\u00e9clar\u00e9 Amorim, avant d'ajouter que Sesko \u201c doit progresser dans les derniers instants \u201d.\u201d<\/p>\n<p>Les propos de l'entra\u00eeneur de United constituent l'indication la plus claire \u00e0 ce jour de ce qu'il attend de ses attaquants, le match contre Leeds ayant une fois de plus mis en lumi\u00e8re les d\u00e9tails d\u00e9cisifs devant le but, l'\u00e9quipe repartant sans victoire.<\/p>","protected":false},"excerpt":{"rendered":"<p>Ruben Amorim admitted Benjamin Sesko \u201cneeds to improve in the last moments\u201d after Manchester United\u2019s \u00a374m striker again failed to [&hellip;]<\/p>\n","protected":false},"author":3,"featured_media":2801,"comment_status":"","ping_status":"open","sticky":false,"template":"","format":"standard","meta":{"googlesitekit_rrm_CAow_uzEDA:productID":"","site-sidebar-layout":"default","site-content-layout":"","ast-site-content-layout":"default","site-content-style":"default","site-sidebar-style":"default","ast-global-header-display":"","ast-banner-title-visibility":"","ast-main-header-display":"","ast-hfb-above-header-display":"","ast-hfb-below-header-display":"","ast-hfb-mobile-header-display":"","site-post-title":"","ast-breadcrumbs-content":"","ast-featured-img":"","footer-sml-layout":"","ast-disable-related-posts":"","theme-transparent-header-meta":"","adv-header-id-meta":"","stick-header-meta":"","header-above-stick-meta":"","header-main-stick-meta":"","header-below-stick-meta":"","astra-migrate-meta-layouts":"default","ast-page-background-enabled":"default","ast-page-background-meta":{"desktop":{"background-color":"var(--ast-global-color-5)","background-image":"","background-repeat":"repeat","background-position":"center center","background-size":"auto","background-attachment":"scroll","background-type":"","background-media":"","overlay-type":"","overlay-color":"","overlay-opacity":"","overlay-gradient":""},"tablet":{"background-color":"","background-image":"","background-repeat":"repeat","background-position":"center center","background-size":"auto","background-attachment":"scroll","background-type":"","background-media":"","overlay-type":"","overlay-color":"","overlay-opacity":"","overlay-gradient":""},"mobile":{"background-color":"","background-image":"","background-repeat":"repeat","background-position":"center center","background-size":"auto","background-attachment":"scroll","background-type":"","background-media":"","overlay-type":"","overlay-color":"","overlay-opacity":"","overlay-gradient":""}},"ast-content-background-meta":{"desktop":{"background-color":"var(--ast-global-color-4)","background-image":"","background-repeat":"repeat","background-position":"center center","background-size":"auto","background-attachment":"scroll","background-type":"","background-media":"","overlay-type":"","overlay-color":"","overlay-opacity":"","overlay-gradient":""},"tablet":{"background-color":"var(--ast-global-color-4)","background-image":"","background-repeat":"repeat","background-position":"center center","background-size":"auto","background-attachment":"scroll","background-type":"","background-media":"","overlay-type":"","overlay-color":"","overlay-opacity":"","overlay-gradient":""},"mobile":{"background-color":"var(--ast-global-color-4)","background-image":"","background-repeat":"repeat","background-position":"center center","background-size":"auto","background-attachment":"scroll","background-type":"","background-media":"","overlay-type":"","overlay-color":"","overlay-opacity":"","overlay-gradient":""}},"footnotes":""},"categories":[20,1],"tags":[],"class_list":["post-2802","post","type-post","status-publish","format-standard","has-post-thumbnail","hentry","category-international","category-football-latest-news"],"yoast_head":"<!-- This site is optimized with the Yoast SEO Premium plugin v26.6 (Yoast SEO v27.5) - https:\/\/yoast.com\/product\/yoast-seo-premium-wordpress\/ -->\n<title>Amorim says Sesko must improve as Hojlund blanks at Leeds - Bladna News<\/title>\n<meta name=\"robots\" content=\"index, follow, max-snippet:-1, max-image-preview:large, max-video-preview:-1\" \/>\n<link rel=\"canonical\" href=\"https:\/\/bladnanews.com\/fr\/amorim-affirme-que-sesko-doit-sameliorer-alors-que-hojlund-est-muet-a-leeds\/\" \/>\n<meta property=\"og:locale\" content=\"fr_FR\" \/>\n<meta property=\"og:type\" content=\"article\" \/>\n<meta property=\"og:title\" content=\"Amorim says Sesko must improve as Hojlund blanks at Leeds\" \/>\n<meta property=\"og:description\" content=\"Ruben Amorim admitted Benjamin Sesko \u201cneeds to improve in the last moments\u201d after Manchester United\u2019s \u00a374m striker again failed to [&hellip;]\" \/>\n<meta property=\"og:url\" content=\"https:\/\/bladnanews.com\/fr\/amorim-affirme-que-sesko-doit-sameliorer-alors-que-hojlund-est-muet-a-leeds\/\" \/>\n<meta property=\"og:site_name\" content=\"Bladna News\" \/>\n<meta property=\"article:published_time\" content=\"2026-01-04T16:51:13+00:00\" \/>\n<meta property=\"og:image\" content=\"https:\/\/bladnanews.com\/wp-content\/uploads\/2025\/12\/freepik__bladna-newscom-moroccan-soccer-homepage-banner-mor__41838.png\" \/>\n\t<meta property=\"og:image:width\" content=\"1312\" \/>\n\t<meta property=\"og:image:height\" content=\"736\" \/>\n\t<meta property=\"og:image:type\" content=\"image\/png\" \/>\n<meta name=\"author\" content=\"Bladna News Staff\" \/>\n<meta name=\"twitter:card\" content=\"summary_large_image\" \/>\n<meta name=\"twitter:label1\" content=\"\u00c9crit par\" \/>\n\t<meta name=\"twitter:data1\" content=\"Bladna News Staff\" \/>\n\t<meta name=\"twitter:label2\" content=\"Dur\u00e9e de lecture estim\u00e9e\" \/>\n\t<meta name=\"twitter:data2\" content=\"1 minute\" \/>\n<script type=\"application\/ld+json\" class=\"yoast-schema-graph\">{\"@context\":\"https:\\\/\\\/schema.org\",\"@graph\":[{\"@type\":\"Article\",\"@id\":\"https:\\\/\\\/bladnanews.com\\\/amorim-says-sesko-must-improve-as-hojlund-blanks-at-leeds\\\/#article\",\"isPartOf\":{\"@id\":\"https:\\\/\\\/bladnanews.com\\\/amorim-says-sesko-must-improve-as-hojlund-blanks-at-leeds\\\/\"},\"author\":{\"name\":\"Bladna News Staff\",\"@id\":\"https:\\\/\\\/mediumseagreen-eel-531711.hostingersite.com\\\/#\\\/schema\\\/person\\\/268e18a453ab080ebf76df6ef7845083\"},\"headline\":\"Amorim says Sesko must improve as Hojlund blanks at Leeds\",\"datePublished\":\"2026-01-04T16:51:13+00:00\",\"mainEntityOfPage\":{\"@id\":\"https:\\\/\\\/bladnanews.com\\\/amorim-says-sesko-must-improve-as-hojlund-blanks-at-leeds\\\/\"},\"wordCount\":158,\"publisher\":{\"@id\":\"https:\\\/\\\/mediumseagreen-eel-531711.hostingersite.com\\\/#organization\"},\"image\":{\"@id\":\"https:\\\/\\\/bladnanews.com\\\/amorim-says-sesko-must-improve-as-hojlund-blanks-at-leeds\\\/#primaryimage\"},\"thumbnailUrl\":\"https:\\\/\\\/bladnanews.com\\\/wp-content\\\/uploads\\\/2026\\\/01\\\/BladnaNews-Amorim-says-Sesko-must-improve-as-Hojlund-blanks-at-Leeds-2026-01-04T195034.306Z.jpg\",\"articleSection\":[\"International\",\"Latest News\"],\"inLanguage\":\"fr-FR\",\"copyrightYear\":\"2026\",\"copyrightHolder\":{\"@id\":\"https:\\\/\\\/bladnanews.com\\\/fr\\\/#organization\"}},{\"@type\":\"WebPage\",\"@id\":\"https:\\\/\\\/bladnanews.com\\\/amorim-says-sesko-must-improve-as-hojlund-blanks-at-leeds\\\/\",\"url\":\"https:\\\/\\\/bladnanews.com\\\/amorim-says-sesko-must-improve-as-hojlund-blanks-at-leeds\\\/\",\"name\":\"Amorim says Sesko must improve as Hojlund blanks at Leeds - Bladna News\",\"isPartOf\":{\"@id\":\"https:\\\/\\\/mediumseagreen-eel-531711.hostingersite.com\\\/#website\"},\"primaryImageOfPage\":{\"@id\":\"https:\\\/\\\/bladnanews.com\\\/amorim-says-sesko-must-improve-as-hojlund-blanks-at-leeds\\\/#primaryimage\"},\"image\":{\"@id\":\"https:\\\/\\\/bladnanews.com\\\/amorim-says-sesko-must-improve-as-hojlund-blanks-at-leeds\\\/#primaryimage\"},\"thumbnailUrl\":\"https:\\\/\\\/bladnanews.com\\\/wp-content\\\/uploads\\\/2026\\\/01\\\/BladnaNews-Amorim-says-Sesko-must-improve-as-Hojlund-blanks-at-Leeds-2026-01-04T195034.306Z.jpg\",\"datePublished\":\"2026-01-04T16:51:13+00:00\",\"breadcrumb\":{\"@id\":\"https:\\\/\\\/bladnanews.com\\\/amorim-says-sesko-must-improve-as-hojlund-blanks-at-leeds\\\/#breadcrumb\"},\"inLanguage\":\"fr-FR\",\"potentialAction\":[{\"@type\":\"ReadAction\",\"target\":[\"https:\\\/\\\/bladnanews.com\\\/amorim-says-sesko-must-improve-as-hojlund-blanks-at-leeds\\\/\"]}]},{\"@type\":\"ImageObject\",\"inLanguage\":\"fr-FR\",\"@id\":\"https:\\\/\\\/bladnanews.com\\\/amorim-says-sesko-must-improve-as-hojlund-blanks-at-leeds\\\/#primaryimage\",\"url\":\"https:\\\/\\\/bladnanews.com\\\/wp-content\\\/uploads\\\/2026\\\/01\\\/BladnaNews-Amorim-says-Sesko-must-improve-as-Hojlund-blanks-at-Leeds-2026-01-04T195034.306Z.jpg\",\"contentUrl\":\"https:\\\/\\\/bladnanews.com\\\/wp-content\\\/uploads\\\/2026\\\/01\\\/BladnaNews-Amorim-says-Sesko-must-improve-as-Hojlund-blanks-at-Leeds-2026-01-04T195034.306Z.jpg\",\"width\":1920,\"height\":1080,\"caption\":\"Manchester United's striker in a red kit celebrates passionately, while a player in a white kit from a Serie A team cheers in a contrasting backdrop.\"},{\"@type\":\"BreadcrumbList\",\"@id\":\"https:\\\/\\\/bladnanews.com\\\/amorim-says-sesko-must-improve-as-hojlund-blanks-at-leeds\\\/#breadcrumb\",\"itemListElement\":[{\"@type\":\"ListItem\",\"position\":1,\"name\":\"Home\",\"item\":\"https:\\\/\\\/bladnanews.com\\\/\"},{\"@type\":\"ListItem\",\"position\":2,\"name\":\"Amorim says Sesko must improve as Hojlund blanks at Leeds\"}]},{\"@type\":\"WebSite\",\"@id\":\"https:\\\/\\\/mediumseagreen-eel-531711.hostingersite.com\\\/#website\",\"url\":\"https:\\\/\\\/mediumseagreen-eel-531711.hostingersite.com\\\/\",\"name\":\"Bladna News - Morocco\",\"description\":\"Where Moroccan Football Meets the World\",\"publisher\":{\"@id\":\"https:\\\/\\\/mediumseagreen-eel-531711.hostingersite.com\\\/#organization\"},\"potentialAction\":[{\"@type\":\"SearchAction\",\"target\":{\"@type\":\"EntryPoint\",\"urlTemplate\":\"https:\\\/\\\/mediumseagreen-eel-531711.hostingersite.com\\\/?s={search_term_string}\"},\"query-input\":{\"@type\":\"PropertyValueSpecification\",\"valueRequired\":true,\"valueName\":\"search_term_string\"}}],\"inLanguage\":\"fr-FR\"},{\"@type\":\"Organization\",\"@id\":\"https:\\\/\\\/mediumseagreen-eel-531711.hostingersite.com\\\/#organization\",\"name\":\"Bladna News.com\",\"url\":\"https:\\\/\\\/mediumseagreen-eel-531711.hostingersite.com\\\/\",\"logo\":{\"@type\":\"ImageObject\",\"inLanguage\":\"fr-FR\",\"@id\":\"https:\\\/\\\/mediumseagreen-eel-531711.hostingersite.com\\\/#\\\/schema\\\/logo\\\/image\\\/\",\"url\":\"https:\\\/\\\/bladnanews.com\\\/wp-content\\\/uploads\\\/2025\\\/12\\\/logo-bladnanews-V2-web-black-red.png\",\"contentUrl\":\"https:\\\/\\\/bladnanews.com\\\/wp-content\\\/uploads\\\/2025\\\/12\\\/logo-bladnanews-V2-web-black-red.png\",\"width\":703,\"height\":287,\"caption\":\"Bladna News.com\"},\"image\":{\"@id\":\"https:\\\/\\\/mediumseagreen-eel-531711.hostingersite.com\\\/#\\\/schema\\\/logo\\\/image\\\/\"},\"email\":\"info@bladnanews.com\",\"legalName\":\"Bladna News\"},{\"@type\":\"Person\",\"@id\":\"https:\\\/\\\/mediumseagreen-eel-531711.hostingersite.com\\\/#\\\/schema\\\/person\\\/268e18a453ab080ebf76df6ef7845083\",\"name\":\"Bladna News Staff\",\"url\":\"https:\\\/\\\/bladnanews.com\\\/fr\\\/author\\\/bladna-news-staff\\\/\"}]}<\/script>\n<!-- \/ Yoast SEO Premium plugin. -->","yoast_head_json":{"title":"Amorim affirme que Sesko doit progresser tandis que Hojlund reste muet \u00e0 Leeds - Bladna News","robots":{"index":"index","follow":"follow","max-snippet":"max-snippet:-1","max-image-preview":"max-image-preview:large","max-video-preview":"max-video-preview:-1"},"canonical":"https:\/\/bladnanews.com\/fr\/amorim-affirme-que-sesko-doit-sameliorer-alors-que-hojlund-est-muet-a-leeds\/","og_locale":"fr_FR","og_type":"article","og_title":"Amorim says Sesko must improve as Hojlund blanks at Leeds","og_description":"Ruben Amorim admitted Benjamin Sesko \u201cneeds to improve in the last moments\u201d after Manchester United\u2019s \u00a374m striker again failed to [&hellip;]","og_url":"https:\/\/bladnanews.com\/fr\/amorim-affirme-que-sesko-doit-sameliorer-alors-que-hojlund-est-muet-a-leeds\/","og_site_name":"Bladna News","article_published_time":"2026-01-04T16:51:13+00:00","og_image":[{"width":1312,"height":736,"url":"https:\/\/bladnanews.com\/wp-content\/uploads\/2025\/12\/freepik__bladna-newscom-moroccan-soccer-homepage-banner-mor__41838.png","type":"image\/png"}],"author":"Bladna News Staff","twitter_card":"summary_large_image","twitter_misc":{"\u00c9crit par":"Bladna News Staff","Dur\u00e9e de lecture estim\u00e9e":"1 minute"},"schema":{"@context":"https:\/\/schema.org","@graph":[{"@type":"Article","@id":"https:\/\/bladnanews.com\/amorim-says-sesko-must-improve-as-hojlund-blanks-at-leeds\/#article","isPartOf":{"@id":"https:\/\/bladnanews.com\/amorim-says-sesko-must-improve-as-hojlund-blanks-at-leeds\/"},"author":{"name":"Bladna News Staff","@id":"https:\/\/mediumseagreen-eel-531711.hostingersite.com\/#\/schema\/person\/268e18a453ab080ebf76df6ef7845083"},"headline":"Amorim says Sesko must improve as Hojlund blanks at Leeds","datePublished":"2026-01-04T16:51:13+00:00","mainEntityOfPage":{"@id":"https:\/\/bladnanews.com\/amorim-says-sesko-must-improve-as-hojlund-blanks-at-leeds\/"},"wordCount":158,"publisher":{"@id":"https:\/\/mediumseagreen-eel-531711.hostingersite.com\/#organization"},"image":{"@id":"https:\/\/bladnanews.com\/amorim-says-sesko-must-improve-as-hojlund-blanks-at-leeds\/#primaryimage"},"thumbnailUrl":"https:\/\/bladnanews.com\/wp-content\/uploads\/2026\/01\/BladnaNews-Amorim-says-Sesko-must-improve-as-Hojlund-blanks-at-Leeds-2026-01-04T195034.306Z.jpg","articleSection":["International","Latest News"],"inLanguage":"fr-FR","copyrightYear":"2026","copyrightHolder":{"@id":"https:\/\/bladnanews.com\/fr\/#organization"}},{"@type":"WebPage","@id":"https:\/\/bladnanews.com\/amorim-says-sesko-must-improve-as-hojlund-blanks-at-leeds\/","url":"https:\/\/bladnanews.com\/amorim-says-sesko-must-improve-as-hojlund-blanks-at-leeds\/","name":"Amorim affirme que Sesko doit progresser tandis que Hojlund reste muet \u00e0 Leeds - Bladna News","isPartOf":{"@id":"https:\/\/mediumseagreen-eel-531711.hostingersite.com\/#website"},"primaryImageOfPage":{"@id":"https:\/\/bladnanews.com\/amorim-says-sesko-must-improve-as-hojlund-blanks-at-leeds\/#primaryimage"},"image":{"@id":"https:\/\/bladnanews.com\/amorim-says-sesko-must-improve-as-hojlund-blanks-at-leeds\/#primaryimage"},"thumbnailUrl":"https:\/\/bladnanews.com\/wp-content\/uploads\/2026\/01\/BladnaNews-Amorim-says-Sesko-must-improve-as-Hojlund-blanks-at-Leeds-2026-01-04T195034.306Z.jpg","datePublished":"2026-01-04T16:51:13+00:00","breadcrumb":{"@id":"https:\/\/bladnanews.com\/amorim-says-sesko-must-improve-as-hojlund-blanks-at-leeds\/#breadcrumb"},"inLanguage":"fr-FR","potentialAction":[{"@type":"ReadAction","target":["https:\/\/bladnanews.com\/amorim-says-sesko-must-improve-as-hojlund-blanks-at-leeds\/"]}]},{"@type":"ImageObject","inLanguage":"fr-FR","@id":"https:\/\/bladnanews.com\/amorim-says-sesko-must-improve-as-hojlund-blanks-at-leeds\/#primaryimage","url":"https:\/\/bladnanews.com\/wp-content\/uploads\/2026\/01\/BladnaNews-Amorim-says-Sesko-must-improve-as-Hojlund-blanks-at-Leeds-2026-01-04T195034.306Z.jpg","contentUrl":"https:\/\/bladnanews.com\/wp-content\/uploads\/2026\/01\/BladnaNews-Amorim-says-Sesko-must-improve-as-Hojlund-blanks-at-Leeds-2026-01-04T195034.306Z.jpg","width":1920,"height":1080,"caption":"Manchester United's striker in a red kit celebrates passionately, while a player in a white kit from a Serie A team cheers in a contrasting backdrop."},{"@type":"BreadcrumbList","@id":"https:\/\/bladnanews.com\/amorim-says-sesko-must-improve-as-hojlund-blanks-at-leeds\/#breadcrumb","itemListElement":[{"@type":"ListItem","position":1,"name":"Home","item":"https:\/\/bladnanews.com\/"},{"@type":"ListItem","position":2,"name":"Amorim says Sesko must improve as Hojlund blanks at Leeds"}]},{"@type":"WebSite","@id":"https:\/\/mediumseagreen-eel-531711.hostingersite.com\/#website","url":"https:\/\/mediumseagreen-eel-531711.hostingersite.com\/","name":"Bladna News - Maroc","description":"Quand le football marocain rencontre le monde","publisher":{"@id":"https:\/\/mediumseagreen-eel-531711.hostingersite.com\/#organization"},"potentialAction":[{"@type":"SearchAction","target":{"@type":"EntryPoint","urlTemplate":"https:\/\/mediumseagreen-eel-531711.hostingersite.com\/?s={search_term_string}"},"query-input":{"@type":"PropertyValueSpecification","valueRequired":true,"valueName":"search_term_string"}}],"inLanguage":"fr-FR"},{"@type":"Organization","@id":"https:\/\/mediumseagreen-eel-531711.hostingersite.com\/#organization","name":"Bladna News.com","url":"https:\/\/mediumseagreen-eel-531711.hostingersite.com\/","logo":{"@type":"ImageObject","inLanguage":"fr-FR","@id":"https:\/\/mediumseagreen-eel-531711.hostingersite.com\/#\/schema\/logo\/image\/","url":"https:\/\/bladnanews.com\/wp-content\/uploads\/2025\/12\/logo-bladnanews-V2-web-black-red.png","contentUrl":"https:\/\/bladnanews.com\/wp-content\/uploads\/2025\/12\/logo-bladnanews-V2-web-black-red.png","width":703,"height":287,"caption":"Bladna News.com"},"image":{"@id":"https:\/\/mediumseagreen-eel-531711.hostingersite.com\/#\/schema\/logo\/image\/"},"email":"info@bladnanews.com","legalName":"Bladna News"},{"@type":"Person","@id":"https:\/\/mediumseagreen-eel-531711.hostingersite.com\/#\/schema\/person\/268e18a453ab080ebf76df6ef7845083","name":"\u00c9quipe r\u00e9dactionnelle de Bladna News","url":"https:\/\/bladnanews.com\/fr\/author\/bladna-news-staff\/"}]}},"_links":{"self":[{"href":"https:\/\/bladnanews.com\/fr\/wp-json\/wp\/v2\/posts\/2802","targetHints":{"allow":["GET"]}}],"collection":[{"href":"https:\/\/bladnanews.com\/fr\/wp-json\/wp\/v2\/posts"}],"about":[{"href":"https:\/\/bladnanews.com\/fr\/wp-json\/wp\/v2\/types\/post"}],"author":[{"embeddable":true,"href":"https:\/\/bladnanews.com\/fr\/wp-json\/wp\/v2\/users\/3"}],"replies":[{"embeddable":true,"href":"https:\/\/bladnanews.com\/fr\/wp-json\/wp\/v2\/comments?post=2802"}],"version-history":[{"count":0,"href":"https:\/\/bladnanews.com\/fr\/wp-json\/wp\/v2\/posts\/2802\/revisions"}],"wp:featuredmedia":[{"embeddable":true,"href":"https:\/\/bladnanews.com\/fr\/wp-json\/wp\/v2\/media\/2801"}],"wp:attachment":[{"href":"https:\/\/bladnanews.com\/fr\/wp-json\/wp\/v2\/media?parent=2802"}],"wp:term":[{"taxonomy":"category","embeddable":true,"href":"https:\/\/bladnanews.com\/fr\/wp-json\/wp\/v2\/categories?post=2802"},{"taxonomy":"post_tag","embeddable":true,"href":"https:\/\/bladnanews.com\/fr\/wp-json\/wp\/v2\/tags?post=2802"}],"curies":[{"name":"wp","href":"https:\/\/api.w.org\/{rel}","templated":true}]}}