{"id":2808,"date":"2026-01-04T17:19:21","date_gmt":"2026-01-04T17:19:21","guid":{"rendered":"https:\/\/bladnanews.com\/weston-mckennie-reacts-to-jonathan-david-panenka-miss\/"},"modified":"2026-01-04T17:19:21","modified_gmt":"2026-01-04T17:19:21","slug":"weston-mckennie-reagit-au-penalty-manque-de-jonathan-david","status":"publish","type":"post","link":"https:\/\/bladnanews.com\/fr\/weston-mckennie-reagit-au-penalty-manque-de-jonathan-david\/","title":{"rendered":"Weston McKennie r\u00e9agit au tir Panenka manqu\u00e9 de Jonathan David"},"content":{"rendered":"<p>Weston McKennie s'est exprim\u00e9 apr\u00e8s que l'attaquant lillois Jonathan David a v\u00e9cu un moment co\u00fbteux depuis le point de penalty avec une Panenka rat\u00e9e, tandis que le milieu de terrain de la Juventus a \u00e9galement expliqu\u00e9 pourquoi il appr\u00e9cie d\u00e9sormais un nouveau r\u00f4le au sein de la Bianconeri.<\/p>\n<p>David a tent\u00e9 de lober son penalty en plein centre, mais la tentative a \u00e9chou\u00e9 et lui a valu des critiques imm\u00e9diates. McKennie, \u00e9voquant l'incident, a admis que ces moments peuvent arriver \u00e0 n'importe quel joueur, mais a soulign\u00e9 que les penalties n\u00e9cessitent toujours du cran et que l'international canadien sera jug\u00e9 sur sa mani\u00e8re de r\u00e9agir par la suite.<\/p>\n<p>L'international am\u00e9ricain a \u00e9galement r\u00e9v\u00e9l\u00e9 qu'il \u00e9tait satisfait de son \u00e9volution \u00e0 la Juventus, o\u00f9 il continue d'\u00eatre utilis\u00e9 \u00e0 diff\u00e9rents postes. McKennie a d\u00e9clar\u00e9 qu'il avait accept\u00e9 d'\u00eatre d\u00e9plac\u00e9, expliquant qu'il appr\u00e9cie la responsabilit\u00e9 et estime que cela l'aide \u00e0 rester impliqu\u00e9 dans les matchs.<\/p>\n<p>McKennie a d\u00fb remplir diverses missions \u00e0 Turin, mais il estime que ce changement lui convient et lui a permis de montrer une palette plus large de son jeu. Il a ajout\u00e9 que s'adapter rapidement \u00e9tait devenu un \u00e9l\u00e9ment cl\u00e9 de son \u00e9tat d'esprit \u00e0 la Juventus, et qu'il appr\u00e9cie ce d\u00e9fi plut\u00f4t que de le combattre.<\/p>\n<p>Alors que le rat\u00e9 de Panenka de David est devenu un sujet de discussion majeur, le message de McKennie \u00e9tait clair : la confiance peut fluctuer au cours d'une saison, et une erreur ne d\u00e9finit pas un joueur. Pour McKennie, l'accent reste mis sur l'apprentissage, l'adaptation et la performance, peu importe o\u00f9 il est d\u00e9ploy\u00e9.<\/p>","protected":false},"excerpt":{"rendered":"<p>Weston McKennie has weighed in after Lille striker Jonathan David suffered a costly moment from the penalty spot with a [&hellip;]<\/p>\n","protected":false},"author":3,"featured_media":2807,"comment_status":"","ping_status":"open","sticky":false,"template":"","format":"standard","meta":{"googlesitekit_rrm_CAow_uzEDA:productID":"","site-sidebar-layout":"default","site-content-layout":"","ast-site-content-layout":"default","site-content-style":"default","site-sidebar-style":"default","ast-global-header-display":"","ast-banner-title-visibility":"","ast-main-header-display":"","ast-hfb-above-header-display":"","ast-hfb-below-header-display":"","ast-hfb-mobile-header-display":"","site-post-title":"","ast-breadcrumbs-content":"","ast-featured-img":"","footer-sml-layout":"","ast-disable-related-posts":"","theme-transparent-header-meta":"","adv-header-id-meta":"","stick-header-meta":"","header-above-stick-meta":"","header-main-stick-meta":"","header-below-stick-meta":"","astra-migrate-meta-layouts":"default","ast-page-background-enabled":"default","ast-page-background-meta":{"desktop":{"background-color":"var(--ast-global-color-5)","background-image":"","background-repeat":"repeat","background-position":"center center","background-size":"auto","background-attachment":"scroll","background-type":"","background-media":"","overlay-type":"","overlay-color":"","overlay-opacity":"","overlay-gradient":""},"tablet":{"background-color":"","background-image":"","background-repeat":"repeat","background-position":"center center","background-size":"auto","background-attachment":"scroll","background-type":"","background-media":"","overlay-type":"","overlay-color":"","overlay-opacity":"","overlay-gradient":""},"mobile":{"background-color":"","background-image":"","background-repeat":"repeat","background-position":"center center","background-size":"auto","background-attachment":"scroll","background-type":"","background-media":"","overlay-type":"","overlay-color":"","overlay-opacity":"","overlay-gradient":""}},"ast-content-background-meta":{"desktop":{"background-color":"var(--ast-global-color-4)","background-image":"","background-repeat":"repeat","background-position":"center center","background-size":"auto","background-attachment":"scroll","background-type":"","background-media":"","overlay-type":"","overlay-color":"","overlay-opacity":"","overlay-gradient":""},"tablet":{"background-color":"var(--ast-global-color-4)","background-image":"","background-repeat":"repeat","background-position":"center center","background-size":"auto","background-attachment":"scroll","background-type":"","background-media":"","overlay-type":"","overlay-color":"","overlay-opacity":"","overlay-gradient":""},"mobile":{"background-color":"var(--ast-global-color-4)","background-image":"","background-repeat":"repeat","background-position":"center center","background-size":"auto","background-attachment":"scroll","background-type":"","background-media":"","overlay-type":"","overlay-color":"","overlay-opacity":"","overlay-gradient":""}},"footnotes":""},"categories":[20,1],"tags":[],"class_list":["post-2808","post","type-post","status-publish","format-standard","has-post-thumbnail","hentry","category-international","category-football-latest-news"],"yoast_head":"<!-- This site is optimized with the Yoast SEO Premium plugin v26.6 (Yoast SEO v27.5) - https:\/\/yoast.com\/product\/yoast-seo-premium-wordpress\/ -->\n<title>Weston McKennie reacts to Jonathan David Panenka miss - Bladna News<\/title>\n<meta name=\"robots\" content=\"index, follow, max-snippet:-1, max-image-preview:large, max-video-preview:-1\" \/>\n<link rel=\"canonical\" href=\"https:\/\/bladnanews.com\/fr\/weston-mckennie-reagit-au-penalty-manque-de-jonathan-david\/\" \/>\n<meta property=\"og:locale\" content=\"fr_FR\" \/>\n<meta property=\"og:type\" content=\"article\" \/>\n<meta property=\"og:title\" content=\"Weston McKennie reacts to Jonathan David Panenka miss\" \/>\n<meta property=\"og:description\" content=\"Weston McKennie has weighed in after Lille striker Jonathan David suffered a costly moment from the penalty spot with a [&hellip;]\" \/>\n<meta property=\"og:url\" content=\"https:\/\/bladnanews.com\/fr\/weston-mckennie-reagit-au-penalty-manque-de-jonathan-david\/\" \/>\n<meta property=\"og:site_name\" content=\"Bladna News\" \/>\n<meta property=\"article:published_time\" content=\"2026-01-04T17:19:21+00:00\" \/>\n<meta property=\"og:image\" content=\"https:\/\/bladnanews.com\/wp-content\/uploads\/2025\/12\/freepik__bladna-newscom-moroccan-soccer-homepage-banner-mor__41838.png\" \/>\n\t<meta property=\"og:image:width\" content=\"1312\" \/>\n\t<meta property=\"og:image:height\" content=\"736\" \/>\n\t<meta property=\"og:image:type\" content=\"image\/png\" \/>\n<meta name=\"author\" content=\"Bladna News Staff\" \/>\n<meta name=\"twitter:card\" content=\"summary_large_image\" \/>\n<meta name=\"twitter:label1\" content=\"\u00c9crit par\" \/>\n\t<meta name=\"twitter:data1\" content=\"Bladna News Staff\" \/>\n\t<meta name=\"twitter:label2\" content=\"Dur\u00e9e de lecture estim\u00e9e\" \/>\n\t<meta name=\"twitter:data2\" content=\"1 minute\" \/>\n<script type=\"application\/ld+json\" class=\"yoast-schema-graph\">{\"@context\":\"https:\\\/\\\/schema.org\",\"@graph\":[{\"@type\":\"Article\",\"@id\":\"https:\\\/\\\/bladnanews.com\\\/weston-mckennie-reacts-to-jonathan-david-panenka-miss\\\/#article\",\"isPartOf\":{\"@id\":\"https:\\\/\\\/bladnanews.com\\\/weston-mckennie-reacts-to-jonathan-david-panenka-miss\\\/\"},\"author\":{\"name\":\"Bladna News Staff\",\"@id\":\"https:\\\/\\\/mediumseagreen-eel-531711.hostingersite.com\\\/#\\\/schema\\\/person\\\/268e18a453ab080ebf76df6ef7845083\"},\"headline\":\"Weston McKennie reacts to Jonathan David Panenka miss\",\"datePublished\":\"2026-01-04T17:19:21+00:00\",\"mainEntityOfPage\":{\"@id\":\"https:\\\/\\\/bladnanews.com\\\/weston-mckennie-reacts-to-jonathan-david-panenka-miss\\\/\"},\"wordCount\":255,\"publisher\":{\"@id\":\"https:\\\/\\\/mediumseagreen-eel-531711.hostingersite.com\\\/#organization\"},\"image\":{\"@id\":\"https:\\\/\\\/bladnanews.com\\\/weston-mckennie-reacts-to-jonathan-david-panenka-miss\\\/#primaryimage\"},\"thumbnailUrl\":\"https:\\\/\\\/bladnanews.com\\\/wp-content\\\/uploads\\\/2026\\\/01\\\/BladnaNews-Weston-McKennie-reacts-to-Jonathan-David-Panenka-miss-2026-01-04T195120.147Z.jpg\",\"articleSection\":[\"International\",\"Latest News\"],\"inLanguage\":\"fr-FR\",\"copyrightYear\":\"2026\",\"copyrightHolder\":{\"@id\":\"https:\\\/\\\/bladnanews.com\\\/fr\\\/#organization\"}},{\"@type\":\"WebPage\",\"@id\":\"https:\\\/\\\/bladnanews.com\\\/weston-mckennie-reacts-to-jonathan-david-panenka-miss\\\/\",\"url\":\"https:\\\/\\\/bladnanews.com\\\/weston-mckennie-reacts-to-jonathan-david-panenka-miss\\\/\",\"name\":\"Weston McKennie reacts to Jonathan David Panenka miss - Bladna News\",\"isPartOf\":{\"@id\":\"https:\\\/\\\/mediumseagreen-eel-531711.hostingersite.com\\\/#website\"},\"primaryImageOfPage\":{\"@id\":\"https:\\\/\\\/bladnanews.com\\\/weston-mckennie-reacts-to-jonathan-david-panenka-miss\\\/#primaryimage\"},\"image\":{\"@id\":\"https:\\\/\\\/bladnanews.com\\\/weston-mckennie-reacts-to-jonathan-david-panenka-miss\\\/#primaryimage\"},\"thumbnailUrl\":\"https:\\\/\\\/bladnanews.com\\\/wp-content\\\/uploads\\\/2026\\\/01\\\/BladnaNews-Weston-McKennie-reacts-to-Jonathan-David-Panenka-miss-2026-01-04T195120.147Z.jpg\",\"datePublished\":\"2026-01-04T17:19:21+00:00\",\"breadcrumb\":{\"@id\":\"https:\\\/\\\/bladnanews.com\\\/weston-mckennie-reacts-to-jonathan-david-panenka-miss\\\/#breadcrumb\"},\"inLanguage\":\"fr-FR\",\"potentialAction\":[{\"@type\":\"ReadAction\",\"target\":[\"https:\\\/\\\/bladnanews.com\\\/weston-mckennie-reacts-to-jonathan-david-panenka-miss\\\/\"]}]},{\"@type\":\"ImageObject\",\"inLanguage\":\"fr-FR\",\"@id\":\"https:\\\/\\\/bladnanews.com\\\/weston-mckennie-reacts-to-jonathan-david-panenka-miss\\\/#primaryimage\",\"url\":\"https:\\\/\\\/bladnanews.com\\\/wp-content\\\/uploads\\\/2026\\\/01\\\/BladnaNews-Weston-McKennie-reacts-to-Jonathan-David-Panenka-miss-2026-01-04T195120.147Z.jpg\",\"contentUrl\":\"https:\\\/\\\/bladnanews.com\\\/wp-content\\\/uploads\\\/2026\\\/01\\\/BladnaNews-Weston-McKennie-reacts-to-Jonathan-David-Panenka-miss-2026-01-04T195120.147Z.jpg\",\"width\":1920,\"height\":1080,\"caption\":\"Weston McKennie and a teammate celebrate during a Juventus match, both in black kits with 'Jeep' branding, conveying team spirit.\"},{\"@type\":\"BreadcrumbList\",\"@id\":\"https:\\\/\\\/bladnanews.com\\\/weston-mckennie-reacts-to-jonathan-david-panenka-miss\\\/#breadcrumb\",\"itemListElement\":[{\"@type\":\"ListItem\",\"position\":1,\"name\":\"Home\",\"item\":\"https:\\\/\\\/bladnanews.com\\\/\"},{\"@type\":\"ListItem\",\"position\":2,\"name\":\"Weston McKennie reacts to Jonathan David Panenka miss\"}]},{\"@type\":\"WebSite\",\"@id\":\"https:\\\/\\\/mediumseagreen-eel-531711.hostingersite.com\\\/#website\",\"url\":\"https:\\\/\\\/mediumseagreen-eel-531711.hostingersite.com\\\/\",\"name\":\"Bladna News - Morocco\",\"description\":\"Where Moroccan Football Meets the World\",\"publisher\":{\"@id\":\"https:\\\/\\\/mediumseagreen-eel-531711.hostingersite.com\\\/#organization\"},\"potentialAction\":[{\"@type\":\"SearchAction\",\"target\":{\"@type\":\"EntryPoint\",\"urlTemplate\":\"https:\\\/\\\/mediumseagreen-eel-531711.hostingersite.com\\\/?s={search_term_string}\"},\"query-input\":{\"@type\":\"PropertyValueSpecification\",\"valueRequired\":true,\"valueName\":\"search_term_string\"}}],\"inLanguage\":\"fr-FR\"},{\"@type\":\"Organization\",\"@id\":\"https:\\\/\\\/mediumseagreen-eel-531711.hostingersite.com\\\/#organization\",\"name\":\"Bladna News.com\",\"url\":\"https:\\\/\\\/mediumseagreen-eel-531711.hostingersite.com\\\/\",\"logo\":{\"@type\":\"ImageObject\",\"inLanguage\":\"fr-FR\",\"@id\":\"https:\\\/\\\/mediumseagreen-eel-531711.hostingersite.com\\\/#\\\/schema\\\/logo\\\/image\\\/\",\"url\":\"https:\\\/\\\/bladnanews.com\\\/wp-content\\\/uploads\\\/2025\\\/12\\\/logo-bladnanews-V2-web-black-red.png\",\"contentUrl\":\"https:\\\/\\\/bladnanews.com\\\/wp-content\\\/uploads\\\/2025\\\/12\\\/logo-bladnanews-V2-web-black-red.png\",\"width\":703,\"height\":287,\"caption\":\"Bladna News.com\"},\"image\":{\"@id\":\"https:\\\/\\\/mediumseagreen-eel-531711.hostingersite.com\\\/#\\\/schema\\\/logo\\\/image\\\/\"},\"email\":\"info@bladnanews.com\",\"legalName\":\"Bladna News\"},{\"@type\":\"Person\",\"@id\":\"https:\\\/\\\/mediumseagreen-eel-531711.hostingersite.com\\\/#\\\/schema\\\/person\\\/268e18a453ab080ebf76df6ef7845083\",\"name\":\"Bladna News Staff\",\"url\":\"https:\\\/\\\/bladnanews.com\\\/fr\\\/author\\\/bladna-news-staff\\\/\"}]}<\/script>\n<!-- \/ Yoast SEO Premium plugin. -->","yoast_head_json":{"title":"Weston McKennie r\u00e9agit au penalty Panenka manqu\u00e9 de Jonathan David - Bladna News","robots":{"index":"index","follow":"follow","max-snippet":"max-snippet:-1","max-image-preview":"max-image-preview:large","max-video-preview":"max-video-preview:-1"},"canonical":"https:\/\/bladnanews.com\/fr\/weston-mckennie-reagit-au-penalty-manque-de-jonathan-david\/","og_locale":"fr_FR","og_type":"article","og_title":"Weston McKennie reacts to Jonathan David Panenka miss","og_description":"Weston McKennie has weighed in after Lille striker Jonathan David suffered a costly moment from the penalty spot with a [&hellip;]","og_url":"https:\/\/bladnanews.com\/fr\/weston-mckennie-reagit-au-penalty-manque-de-jonathan-david\/","og_site_name":"Bladna News","article_published_time":"2026-01-04T17:19:21+00:00","og_image":[{"width":1312,"height":736,"url":"https:\/\/bladnanews.com\/wp-content\/uploads\/2025\/12\/freepik__bladna-newscom-moroccan-soccer-homepage-banner-mor__41838.png","type":"image\/png"}],"author":"Bladna News Staff","twitter_card":"summary_large_image","twitter_misc":{"\u00c9crit par":"Bladna News Staff","Dur\u00e9e de lecture estim\u00e9e":"1 minute"},"schema":{"@context":"https:\/\/schema.org","@graph":[{"@type":"Article","@id":"https:\/\/bladnanews.com\/weston-mckennie-reacts-to-jonathan-david-panenka-miss\/#article","isPartOf":{"@id":"https:\/\/bladnanews.com\/weston-mckennie-reacts-to-jonathan-david-panenka-miss\/"},"author":{"name":"Bladna News Staff","@id":"https:\/\/mediumseagreen-eel-531711.hostingersite.com\/#\/schema\/person\/268e18a453ab080ebf76df6ef7845083"},"headline":"Weston McKennie reacts to Jonathan David Panenka miss","datePublished":"2026-01-04T17:19:21+00:00","mainEntityOfPage":{"@id":"https:\/\/bladnanews.com\/weston-mckennie-reacts-to-jonathan-david-panenka-miss\/"},"wordCount":255,"publisher":{"@id":"https:\/\/mediumseagreen-eel-531711.hostingersite.com\/#organization"},"image":{"@id":"https:\/\/bladnanews.com\/weston-mckennie-reacts-to-jonathan-david-panenka-miss\/#primaryimage"},"thumbnailUrl":"https:\/\/bladnanews.com\/wp-content\/uploads\/2026\/01\/BladnaNews-Weston-McKennie-reacts-to-Jonathan-David-Panenka-miss-2026-01-04T195120.147Z.jpg","articleSection":["International","Latest News"],"inLanguage":"fr-FR","copyrightYear":"2026","copyrightHolder":{"@id":"https:\/\/bladnanews.com\/fr\/#organization"}},{"@type":"WebPage","@id":"https:\/\/bladnanews.com\/weston-mckennie-reacts-to-jonathan-david-panenka-miss\/","url":"https:\/\/bladnanews.com\/weston-mckennie-reacts-to-jonathan-david-panenka-miss\/","name":"Weston McKennie r\u00e9agit au penalty Panenka manqu\u00e9 de Jonathan David - Bladna News","isPartOf":{"@id":"https:\/\/mediumseagreen-eel-531711.hostingersite.com\/#website"},"primaryImageOfPage":{"@id":"https:\/\/bladnanews.com\/weston-mckennie-reacts-to-jonathan-david-panenka-miss\/#primaryimage"},"image":{"@id":"https:\/\/bladnanews.com\/weston-mckennie-reacts-to-jonathan-david-panenka-miss\/#primaryimage"},"thumbnailUrl":"https:\/\/bladnanews.com\/wp-content\/uploads\/2026\/01\/BladnaNews-Weston-McKennie-reacts-to-Jonathan-David-Panenka-miss-2026-01-04T195120.147Z.jpg","datePublished":"2026-01-04T17:19:21+00:00","breadcrumb":{"@id":"https:\/\/bladnanews.com\/weston-mckennie-reacts-to-jonathan-david-panenka-miss\/#breadcrumb"},"inLanguage":"fr-FR","potentialAction":[{"@type":"ReadAction","target":["https:\/\/bladnanews.com\/weston-mckennie-reacts-to-jonathan-david-panenka-miss\/"]}]},{"@type":"ImageObject","inLanguage":"fr-FR","@id":"https:\/\/bladnanews.com\/weston-mckennie-reacts-to-jonathan-david-panenka-miss\/#primaryimage","url":"https:\/\/bladnanews.com\/wp-content\/uploads\/2026\/01\/BladnaNews-Weston-McKennie-reacts-to-Jonathan-David-Panenka-miss-2026-01-04T195120.147Z.jpg","contentUrl":"https:\/\/bladnanews.com\/wp-content\/uploads\/2026\/01\/BladnaNews-Weston-McKennie-reacts-to-Jonathan-David-Panenka-miss-2026-01-04T195120.147Z.jpg","width":1920,"height":1080,"caption":"Weston McKennie and a teammate celebrate during a Juventus match, both in black kits with 'Jeep' branding, conveying team spirit."},{"@type":"BreadcrumbList","@id":"https:\/\/bladnanews.com\/weston-mckennie-reacts-to-jonathan-david-panenka-miss\/#breadcrumb","itemListElement":[{"@type":"ListItem","position":1,"name":"Home","item":"https:\/\/bladnanews.com\/"},{"@type":"ListItem","position":2,"name":"Weston McKennie reacts to Jonathan David Panenka miss"}]},{"@type":"WebSite","@id":"https:\/\/mediumseagreen-eel-531711.hostingersite.com\/#website","url":"https:\/\/mediumseagreen-eel-531711.hostingersite.com\/","name":"Bladna News - Maroc","description":"Quand le football marocain rencontre le monde","publisher":{"@id":"https:\/\/mediumseagreen-eel-531711.hostingersite.com\/#organization"},"potentialAction":[{"@type":"SearchAction","target":{"@type":"EntryPoint","urlTemplate":"https:\/\/mediumseagreen-eel-531711.hostingersite.com\/?s={search_term_string}"},"query-input":{"@type":"PropertyValueSpecification","valueRequired":true,"valueName":"search_term_string"}}],"inLanguage":"fr-FR"},{"@type":"Organization","@id":"https:\/\/mediumseagreen-eel-531711.hostingersite.com\/#organization","name":"Bladna News.com","url":"https:\/\/mediumseagreen-eel-531711.hostingersite.com\/","logo":{"@type":"ImageObject","inLanguage":"fr-FR","@id":"https:\/\/mediumseagreen-eel-531711.hostingersite.com\/#\/schema\/logo\/image\/","url":"https:\/\/bladnanews.com\/wp-content\/uploads\/2025\/12\/logo-bladnanews-V2-web-black-red.png","contentUrl":"https:\/\/bladnanews.com\/wp-content\/uploads\/2025\/12\/logo-bladnanews-V2-web-black-red.png","width":703,"height":287,"caption":"Bladna News.com"},"image":{"@id":"https:\/\/mediumseagreen-eel-531711.hostingersite.com\/#\/schema\/logo\/image\/"},"email":"info@bladnanews.com","legalName":"Bladna News"},{"@type":"Person","@id":"https:\/\/mediumseagreen-eel-531711.hostingersite.com\/#\/schema\/person\/268e18a453ab080ebf76df6ef7845083","name":"\u00c9quipe r\u00e9dactionnelle de Bladna News","url":"https:\/\/bladnanews.com\/fr\/author\/bladna-news-staff\/"}]}},"_links":{"self":[{"href":"https:\/\/bladnanews.com\/fr\/wp-json\/wp\/v2\/posts\/2808","targetHints":{"allow":["GET"]}}],"collection":[{"href":"https:\/\/bladnanews.com\/fr\/wp-json\/wp\/v2\/posts"}],"about":[{"href":"https:\/\/bladnanews.com\/fr\/wp-json\/wp\/v2\/types\/post"}],"author":[{"embeddable":true,"href":"https:\/\/bladnanews.com\/fr\/wp-json\/wp\/v2\/users\/3"}],"replies":[{"embeddable":true,"href":"https:\/\/bladnanews.com\/fr\/wp-json\/wp\/v2\/comments?post=2808"}],"version-history":[{"count":0,"href":"https:\/\/bladnanews.com\/fr\/wp-json\/wp\/v2\/posts\/2808\/revisions"}],"wp:featuredmedia":[{"embeddable":true,"href":"https:\/\/bladnanews.com\/fr\/wp-json\/wp\/v2\/media\/2807"}],"wp:attachment":[{"href":"https:\/\/bladnanews.com\/fr\/wp-json\/wp\/v2\/media?parent=2808"}],"wp:term":[{"taxonomy":"category","embeddable":true,"href":"https:\/\/bladnanews.com\/fr\/wp-json\/wp\/v2\/categories?post=2808"},{"taxonomy":"post_tag","embeddable":true,"href":"https:\/\/bladnanews.com\/fr\/wp-json\/wp\/v2\/tags?post=2808"}],"curies":[{"name":"wp","href":"https:\/\/api.w.org\/{rel}","templated":true}]}}