{"id":2912,"date":"2026-01-04T19:35:00","date_gmt":"2026-01-04T19:35:00","guid":{"rendered":"https:\/\/bladnanews.com\/rokkraki-confirms-omanahis-end-of-africa-cup-of-nations-journey-and-injury-details\/"},"modified":"2026-01-04T19:35:00","modified_gmt":"2026-01-04T19:35:00","slug":"rokkraki-confirme-la-fin-du-parcours-domanahis-a-la-coupe-dafrique-des-nations-et-les-details-de-sa-blessure","status":"publish","type":"post","link":"https:\/\/bladnanews.com\/fr\/rokkraki-confirme-la-fin-du-parcours-domanahis-a-la-coupe-dafrique-des-nations-et-les-details-de-sa-blessure\/","title":{"rendered":"Rokkraki confirme la fin du parcours d'Omanahi \u00e0 la Coupe d'Afrique des Nations et les d\u00e9tails de sa blessure."},"content":{"rendered":"<p>Le s\u00e9lectionneur du Maroc, Walid Regragui, a confirm\u00e9 que l'aventure en Coupe d'Afrique des Nations d'Azzedine Ounahi est termin\u00e9e, apr\u00e8s que le milieu de terrain s'est bless\u00e9 lors de la derni\u00e8re sortie de l'\u00e9quipe.<\/p>\n<p>Regragui a r\u00e9v\u00e9l\u00e9 que les examens pratiqu\u00e9s sur le joueur ont montr\u00e9 qu'il ne pourra pas poursuivre la comp\u00e9tition, mettant ainsi fin \u00e0 son parcours \u00e0 la CAN avec l'\u00e9quipe nationale.<\/p>\n<p>L'entra\u00eeneur marocain a \u00e9galement expliqu\u00e9 la nature du probl\u00e8me d'Ounahi, pr\u00e9cisant qu'il s'agit d'une blessure musculaire n\u00e9cessitant un traitement et du repos, ce qui le rend indisponible dans les prochains jours.<\/p>\n<p>L'absence d'Ounahi est un coup dur pour le Maroc alors que Regragui continue de pr\u00e9parer son groupe pour la prochaine phase de la comp\u00e9tition, le staff \u00e9tant d\u00e9sormais contraint de r\u00e9ajuster ses options au milieu de terrain.<\/p>","protected":false},"excerpt":{"rendered":"<p>Morocco head coach Walid Regragui has confirmed that Azzedine Ounahi\u2019s Africa Cup of Nations campaign is over, after the midfielder [&hellip;]<\/p>\n","protected":false},"author":4,"featured_media":2911,"comment_status":"","ping_status":"open","sticky":false,"template":"","format":"standard","meta":{"googlesitekit_rrm_CAow_uzEDA:productID":"","site-sidebar-layout":"default","site-content-layout":"","ast-site-content-layout":"default","site-content-style":"default","site-sidebar-style":"default","ast-global-header-display":"","ast-banner-title-visibility":"","ast-main-header-display":"","ast-hfb-above-header-display":"","ast-hfb-below-header-display":"","ast-hfb-mobile-header-display":"","site-post-title":"","ast-breadcrumbs-content":"","ast-featured-img":"","footer-sml-layout":"","ast-disable-related-posts":"","theme-transparent-header-meta":"","adv-header-id-meta":"","stick-header-meta":"","header-above-stick-meta":"","header-main-stick-meta":"","header-below-stick-meta":"","astra-migrate-meta-layouts":"default","ast-page-background-enabled":"default","ast-page-background-meta":{"desktop":{"background-color":"var(--ast-global-color-5)","background-image":"","background-repeat":"repeat","background-position":"center center","background-size":"auto","background-attachment":"scroll","background-type":"","background-media":"","overlay-type":"","overlay-color":"","overlay-opacity":"","overlay-gradient":""},"tablet":{"background-color":"","background-image":"","background-repeat":"repeat","background-position":"center center","background-size":"auto","background-attachment":"scroll","background-type":"","background-media":"","overlay-type":"","overlay-color":"","overlay-opacity":"","overlay-gradient":""},"mobile":{"background-color":"","background-image":"","background-repeat":"repeat","background-position":"center center","background-size":"auto","background-attachment":"scroll","background-type":"","background-media":"","overlay-type":"","overlay-color":"","overlay-opacity":"","overlay-gradient":""}},"ast-content-background-meta":{"desktop":{"background-color":"var(--ast-global-color-4)","background-image":"","background-repeat":"repeat","background-position":"center center","background-size":"auto","background-attachment":"scroll","background-type":"","background-media":"","overlay-type":"","overlay-color":"","overlay-opacity":"","overlay-gradient":""},"tablet":{"background-color":"var(--ast-global-color-4)","background-image":"","background-repeat":"repeat","background-position":"center center","background-size":"auto","background-attachment":"scroll","background-type":"","background-media":"","overlay-type":"","overlay-color":"","overlay-opacity":"","overlay-gradient":""},"mobile":{"background-color":"var(--ast-global-color-4)","background-image":"","background-repeat":"repeat","background-position":"center center","background-size":"auto","background-attachment":"scroll","background-type":"","background-media":"","overlay-type":"","overlay-color":"","overlay-opacity":"","overlay-gradient":""}},"footnotes":""},"categories":[1,168],"tags":[],"class_list":["post-2912","post","type-post","status-publish","format-standard","has-post-thumbnail","hentry","category-football-latest-news","category-morocco-national-team"],"yoast_head":"<!-- This site is optimized with the Yoast SEO Premium plugin v26.6 (Yoast SEO v27.5) - https:\/\/yoast.com\/product\/yoast-seo-premium-wordpress\/ -->\n<title>Rokkraki confirms Omanahi&#039;s end of Africa Cup of Nations journey and injury details - Bladna News<\/title>\n<meta name=\"robots\" content=\"index, follow, max-snippet:-1, max-image-preview:large, max-video-preview:-1\" \/>\n<link rel=\"canonical\" href=\"https:\/\/bladnanews.com\/fr\/rokkraki-confirme-la-fin-du-parcours-domanahis-a-la-coupe-dafrique-des-nations-et-les-details-de-sa-blessure\/\" \/>\n<meta property=\"og:locale\" content=\"fr_FR\" \/>\n<meta property=\"og:type\" content=\"article\" \/>\n<meta property=\"og:title\" content=\"Rokkraki confirms Omanahi&#039;s end of Africa Cup of Nations journey and injury details\" \/>\n<meta property=\"og:description\" content=\"Morocco head coach Walid Regragui has confirmed that Azzedine Ounahi\u2019s Africa Cup of Nations campaign is over, after the midfielder [&hellip;]\" \/>\n<meta property=\"og:url\" content=\"https:\/\/bladnanews.com\/fr\/rokkraki-confirme-la-fin-du-parcours-domanahis-a-la-coupe-dafrique-des-nations-et-les-details-de-sa-blessure\/\" \/>\n<meta property=\"og:site_name\" content=\"Bladna News\" \/>\n<meta property=\"article:published_time\" content=\"2026-01-04T19:35:00+00:00\" \/>\n<meta property=\"og:image\" content=\"https:\/\/bladnanews.com\/wp-content\/uploads\/2025\/12\/freepik__bladna-newscom-moroccan-soccer-homepage-banner-mor__41838.png\" \/>\n\t<meta property=\"og:image:width\" content=\"1312\" \/>\n\t<meta property=\"og:image:height\" content=\"736\" \/>\n\t<meta property=\"og:image:type\" content=\"image\/png\" \/>\n<meta name=\"author\" content=\"Bladna Sports Desk\" \/>\n<meta name=\"twitter:card\" content=\"summary_large_image\" \/>\n<meta name=\"twitter:label1\" content=\"\u00c9crit par\" \/>\n\t<meta name=\"twitter:data1\" content=\"Bladna Sports Desk\" \/>\n\t<meta name=\"twitter:label2\" content=\"Dur\u00e9e de lecture estim\u00e9e\" \/>\n\t<meta name=\"twitter:data2\" content=\"1 minute\" \/>\n<script type=\"application\/ld+json\" class=\"yoast-schema-graph\">{\"@context\":\"https:\\\/\\\/schema.org\",\"@graph\":[{\"@type\":\"Article\",\"@id\":\"https:\\\/\\\/bladnanews.com\\\/rokkraki-confirms-omanahis-end-of-africa-cup-of-nations-journey-and-injury-details\\\/#article\",\"isPartOf\":{\"@id\":\"https:\\\/\\\/bladnanews.com\\\/rokkraki-confirms-omanahis-end-of-africa-cup-of-nations-journey-and-injury-details\\\/\"},\"author\":{\"name\":\"Bladna Sports Desk\",\"@id\":\"https:\\\/\\\/mediumseagreen-eel-531711.hostingersite.com\\\/#\\\/schema\\\/person\\\/6712b38fabe810f7eb8d15ed30d90f1e\"},\"headline\":\"Rokkraki confirms Omanahi&#8217;s end of Africa Cup of Nations journey and injury details\",\"datePublished\":\"2026-01-04T19:35:00+00:00\",\"mainEntityOfPage\":{\"@id\":\"https:\\\/\\\/bladnanews.com\\\/rokkraki-confirms-omanahis-end-of-africa-cup-of-nations-journey-and-injury-details\\\/\"},\"wordCount\":145,\"publisher\":{\"@id\":\"https:\\\/\\\/mediumseagreen-eel-531711.hostingersite.com\\\/#organization\"},\"image\":{\"@id\":\"https:\\\/\\\/bladnanews.com\\\/rokkraki-confirms-omanahis-end-of-africa-cup-of-nations-journey-and-injury-details\\\/#primaryimage\"},\"thumbnailUrl\":\"https:\\\/\\\/bladnanews.com\\\/wp-content\\\/uploads\\\/2026\\\/01\\\/Capture-decran-2026-01-04-a-20.34.30_1767555341.webp\",\"articleSection\":[\"Latest News\",\"Morocco National Team\"],\"inLanguage\":\"fr-FR\",\"copyrightYear\":\"2026\",\"copyrightHolder\":{\"@id\":\"https:\\\/\\\/bladnanews.com\\\/fr\\\/#organization\"}},{\"@type\":\"WebPage\",\"@id\":\"https:\\\/\\\/bladnanews.com\\\/rokkraki-confirms-omanahis-end-of-africa-cup-of-nations-journey-and-injury-details\\\/\",\"url\":\"https:\\\/\\\/bladnanews.com\\\/rokkraki-confirms-omanahis-end-of-africa-cup-of-nations-journey-and-injury-details\\\/\",\"name\":\"Rokkraki confirms Omanahi's end of Africa Cup of Nations journey and injury details - Bladna News\",\"isPartOf\":{\"@id\":\"https:\\\/\\\/mediumseagreen-eel-531711.hostingersite.com\\\/#website\"},\"primaryImageOfPage\":{\"@id\":\"https:\\\/\\\/bladnanews.com\\\/rokkraki-confirms-omanahis-end-of-africa-cup-of-nations-journey-and-injury-details\\\/#primaryimage\"},\"image\":{\"@id\":\"https:\\\/\\\/bladnanews.com\\\/rokkraki-confirms-omanahis-end-of-africa-cup-of-nations-journey-and-injury-details\\\/#primaryimage\"},\"thumbnailUrl\":\"https:\\\/\\\/bladnanews.com\\\/wp-content\\\/uploads\\\/2026\\\/01\\\/Capture-decran-2026-01-04-a-20.34.30_1767555341.webp\",\"datePublished\":\"2026-01-04T19:35:00+00:00\",\"breadcrumb\":{\"@id\":\"https:\\\/\\\/bladnanews.com\\\/rokkraki-confirms-omanahis-end-of-africa-cup-of-nations-journey-and-injury-details\\\/#breadcrumb\"},\"inLanguage\":\"fr-FR\",\"potentialAction\":[{\"@type\":\"ReadAction\",\"target\":[\"https:\\\/\\\/bladnanews.com\\\/rokkraki-confirms-omanahis-end-of-africa-cup-of-nations-journey-and-injury-details\\\/\"]}]},{\"@type\":\"ImageObject\",\"inLanguage\":\"fr-FR\",\"@id\":\"https:\\\/\\\/bladnanews.com\\\/rokkraki-confirms-omanahis-end-of-africa-cup-of-nations-journey-and-injury-details\\\/#primaryimage\",\"url\":\"https:\\\/\\\/bladnanews.com\\\/wp-content\\\/uploads\\\/2026\\\/01\\\/Capture-decran-2026-01-04-a-20.34.30_1767555341.webp\",\"contentUrl\":\"https:\\\/\\\/bladnanews.com\\\/wp-content\\\/uploads\\\/2026\\\/01\\\/Capture-decran-2026-01-04-a-20.34.30_1767555341.webp\",\"width\":860,\"height\":681,\"caption\":\"Morocco's coach speaking at a press conference, alongside a player in a blue tracksuit using crutches, arriving at the venue.\"},{\"@type\":\"BreadcrumbList\",\"@id\":\"https:\\\/\\\/bladnanews.com\\\/rokkraki-confirms-omanahis-end-of-africa-cup-of-nations-journey-and-injury-details\\\/#breadcrumb\",\"itemListElement\":[{\"@type\":\"ListItem\",\"position\":1,\"name\":\"Home\",\"item\":\"https:\\\/\\\/bladnanews.com\\\/\"},{\"@type\":\"ListItem\",\"position\":2,\"name\":\"Rokkraki confirms Omanahi&#8217;s end of Africa Cup of Nations journey and injury details\"}]},{\"@type\":\"WebSite\",\"@id\":\"https:\\\/\\\/mediumseagreen-eel-531711.hostingersite.com\\\/#website\",\"url\":\"https:\\\/\\\/mediumseagreen-eel-531711.hostingersite.com\\\/\",\"name\":\"Bladna News - Morocco\",\"description\":\"Where Moroccan Football Meets the World\",\"publisher\":{\"@id\":\"https:\\\/\\\/mediumseagreen-eel-531711.hostingersite.com\\\/#organization\"},\"potentialAction\":[{\"@type\":\"SearchAction\",\"target\":{\"@type\":\"EntryPoint\",\"urlTemplate\":\"https:\\\/\\\/mediumseagreen-eel-531711.hostingersite.com\\\/?s={search_term_string}\"},\"query-input\":{\"@type\":\"PropertyValueSpecification\",\"valueRequired\":true,\"valueName\":\"search_term_string\"}}],\"inLanguage\":\"fr-FR\"},{\"@type\":\"Organization\",\"@id\":\"https:\\\/\\\/mediumseagreen-eel-531711.hostingersite.com\\\/#organization\",\"name\":\"Bladna News.com\",\"url\":\"https:\\\/\\\/mediumseagreen-eel-531711.hostingersite.com\\\/\",\"logo\":{\"@type\":\"ImageObject\",\"inLanguage\":\"fr-FR\",\"@id\":\"https:\\\/\\\/mediumseagreen-eel-531711.hostingersite.com\\\/#\\\/schema\\\/logo\\\/image\\\/\",\"url\":\"https:\\\/\\\/bladnanews.com\\\/wp-content\\\/uploads\\\/2025\\\/12\\\/logo-bladnanews-V2-web-black-red.png\",\"contentUrl\":\"https:\\\/\\\/bladnanews.com\\\/wp-content\\\/uploads\\\/2025\\\/12\\\/logo-bladnanews-V2-web-black-red.png\",\"width\":703,\"height\":287,\"caption\":\"Bladna News.com\"},\"image\":{\"@id\":\"https:\\\/\\\/mediumseagreen-eel-531711.hostingersite.com\\\/#\\\/schema\\\/logo\\\/image\\\/\"},\"email\":\"info@bladnanews.com\",\"legalName\":\"Bladna News\"},{\"@type\":\"Person\",\"@id\":\"https:\\\/\\\/mediumseagreen-eel-531711.hostingersite.com\\\/#\\\/schema\\\/person\\\/6712b38fabe810f7eb8d15ed30d90f1e\",\"name\":\"Bladna Sports Desk\",\"url\":\"https:\\\/\\\/bladnanews.com\\\/fr\\\/author\\\/bladna-sports-desk\\\/\"}]}<\/script>\n<!-- \/ Yoast SEO Premium plugin. -->","yoast_head_json":{"title":"Rokkraki confirme la fin du parcours d'Omanahi \u00e0 la Coupe d'Afrique des Nations et d\u00e9taille ses blessures - Bladna News","robots":{"index":"index","follow":"follow","max-snippet":"max-snippet:-1","max-image-preview":"max-image-preview:large","max-video-preview":"max-video-preview:-1"},"canonical":"https:\/\/bladnanews.com\/fr\/rokkraki-confirme-la-fin-du-parcours-domanahis-a-la-coupe-dafrique-des-nations-et-les-details-de-sa-blessure\/","og_locale":"fr_FR","og_type":"article","og_title":"Rokkraki confirms Omanahi's end of Africa Cup of Nations journey and injury details","og_description":"Morocco head coach Walid Regragui has confirmed that Azzedine Ounahi\u2019s Africa Cup of Nations campaign is over, after the midfielder [&hellip;]","og_url":"https:\/\/bladnanews.com\/fr\/rokkraki-confirme-la-fin-du-parcours-domanahis-a-la-coupe-dafrique-des-nations-et-les-details-de-sa-blessure\/","og_site_name":"Bladna News","article_published_time":"2026-01-04T19:35:00+00:00","og_image":[{"width":1312,"height":736,"url":"https:\/\/bladnanews.com\/wp-content\/uploads\/2025\/12\/freepik__bladna-newscom-moroccan-soccer-homepage-banner-mor__41838.png","type":"image\/png"}],"author":"Bladna Sports Desk","twitter_card":"summary_large_image","twitter_misc":{"\u00c9crit par":"Bladna Sports Desk","Dur\u00e9e de lecture estim\u00e9e":"1 minute"},"schema":{"@context":"https:\/\/schema.org","@graph":[{"@type":"Article","@id":"https:\/\/bladnanews.com\/rokkraki-confirms-omanahis-end-of-africa-cup-of-nations-journey-and-injury-details\/#article","isPartOf":{"@id":"https:\/\/bladnanews.com\/rokkraki-confirms-omanahis-end-of-africa-cup-of-nations-journey-and-injury-details\/"},"author":{"name":"Bladna Sports Desk","@id":"https:\/\/mediumseagreen-eel-531711.hostingersite.com\/#\/schema\/person\/6712b38fabe810f7eb8d15ed30d90f1e"},"headline":"Rokkraki confirms Omanahi&#8217;s end of Africa Cup of Nations journey and injury details","datePublished":"2026-01-04T19:35:00+00:00","mainEntityOfPage":{"@id":"https:\/\/bladnanews.com\/rokkraki-confirms-omanahis-end-of-africa-cup-of-nations-journey-and-injury-details\/"},"wordCount":145,"publisher":{"@id":"https:\/\/mediumseagreen-eel-531711.hostingersite.com\/#organization"},"image":{"@id":"https:\/\/bladnanews.com\/rokkraki-confirms-omanahis-end-of-africa-cup-of-nations-journey-and-injury-details\/#primaryimage"},"thumbnailUrl":"https:\/\/bladnanews.com\/wp-content\/uploads\/2026\/01\/Capture-decran-2026-01-04-a-20.34.30_1767555341.webp","articleSection":["Latest News","Morocco National Team"],"inLanguage":"fr-FR","copyrightYear":"2026","copyrightHolder":{"@id":"https:\/\/bladnanews.com\/fr\/#organization"}},{"@type":"WebPage","@id":"https:\/\/bladnanews.com\/rokkraki-confirms-omanahis-end-of-africa-cup-of-nations-journey-and-injury-details\/","url":"https:\/\/bladnanews.com\/rokkraki-confirms-omanahis-end-of-africa-cup-of-nations-journey-and-injury-details\/","name":"Rokkraki confirme la fin du parcours d'Omanahi \u00e0 la Coupe d'Afrique des Nations et d\u00e9taille ses blessures - Bladna News","isPartOf":{"@id":"https:\/\/mediumseagreen-eel-531711.hostingersite.com\/#website"},"primaryImageOfPage":{"@id":"https:\/\/bladnanews.com\/rokkraki-confirms-omanahis-end-of-africa-cup-of-nations-journey-and-injury-details\/#primaryimage"},"image":{"@id":"https:\/\/bladnanews.com\/rokkraki-confirms-omanahis-end-of-africa-cup-of-nations-journey-and-injury-details\/#primaryimage"},"thumbnailUrl":"https:\/\/bladnanews.com\/wp-content\/uploads\/2026\/01\/Capture-decran-2026-01-04-a-20.34.30_1767555341.webp","datePublished":"2026-01-04T19:35:00+00:00","breadcrumb":{"@id":"https:\/\/bladnanews.com\/rokkraki-confirms-omanahis-end-of-africa-cup-of-nations-journey-and-injury-details\/#breadcrumb"},"inLanguage":"fr-FR","potentialAction":[{"@type":"ReadAction","target":["https:\/\/bladnanews.com\/rokkraki-confirms-omanahis-end-of-africa-cup-of-nations-journey-and-injury-details\/"]}]},{"@type":"ImageObject","inLanguage":"fr-FR","@id":"https:\/\/bladnanews.com\/rokkraki-confirms-omanahis-end-of-africa-cup-of-nations-journey-and-injury-details\/#primaryimage","url":"https:\/\/bladnanews.com\/wp-content\/uploads\/2026\/01\/Capture-decran-2026-01-04-a-20.34.30_1767555341.webp","contentUrl":"https:\/\/bladnanews.com\/wp-content\/uploads\/2026\/01\/Capture-decran-2026-01-04-a-20.34.30_1767555341.webp","width":860,"height":681,"caption":"Morocco's coach speaking at a press conference, alongside a player in a blue tracksuit using crutches, arriving at the venue."},{"@type":"BreadcrumbList","@id":"https:\/\/bladnanews.com\/rokkraki-confirms-omanahis-end-of-africa-cup-of-nations-journey-and-injury-details\/#breadcrumb","itemListElement":[{"@type":"ListItem","position":1,"name":"Home","item":"https:\/\/bladnanews.com\/"},{"@type":"ListItem","position":2,"name":"Rokkraki confirms Omanahi&#8217;s end of Africa Cup of Nations journey and injury details"}]},{"@type":"WebSite","@id":"https:\/\/mediumseagreen-eel-531711.hostingersite.com\/#website","url":"https:\/\/mediumseagreen-eel-531711.hostingersite.com\/","name":"Bladna News - Maroc","description":"Quand le football marocain rencontre le monde","publisher":{"@id":"https:\/\/mediumseagreen-eel-531711.hostingersite.com\/#organization"},"potentialAction":[{"@type":"SearchAction","target":{"@type":"EntryPoint","urlTemplate":"https:\/\/mediumseagreen-eel-531711.hostingersite.com\/?s={search_term_string}"},"query-input":{"@type":"PropertyValueSpecification","valueRequired":true,"valueName":"search_term_string"}}],"inLanguage":"fr-FR"},{"@type":"Organization","@id":"https:\/\/mediumseagreen-eel-531711.hostingersite.com\/#organization","name":"Bladna News.com","url":"https:\/\/mediumseagreen-eel-531711.hostingersite.com\/","logo":{"@type":"ImageObject","inLanguage":"fr-FR","@id":"https:\/\/mediumseagreen-eel-531711.hostingersite.com\/#\/schema\/logo\/image\/","url":"https:\/\/bladnanews.com\/wp-content\/uploads\/2025\/12\/logo-bladnanews-V2-web-black-red.png","contentUrl":"https:\/\/bladnanews.com\/wp-content\/uploads\/2025\/12\/logo-bladnanews-V2-web-black-red.png","width":703,"height":287,"caption":"Bladna News.com"},"image":{"@id":"https:\/\/mediumseagreen-eel-531711.hostingersite.com\/#\/schema\/logo\/image\/"},"email":"info@bladnanews.com","legalName":"Bladna News"},{"@type":"Person","@id":"https:\/\/mediumseagreen-eel-531711.hostingersite.com\/#\/schema\/person\/6712b38fabe810f7eb8d15ed30d90f1e","name":"Bladna Sports Desk","url":"https:\/\/bladnanews.com\/fr\/author\/bladna-sports-desk\/"}]}},"_links":{"self":[{"href":"https:\/\/bladnanews.com\/fr\/wp-json\/wp\/v2\/posts\/2912","targetHints":{"allow":["GET"]}}],"collection":[{"href":"https:\/\/bladnanews.com\/fr\/wp-json\/wp\/v2\/posts"}],"about":[{"href":"https:\/\/bladnanews.com\/fr\/wp-json\/wp\/v2\/types\/post"}],"author":[{"embeddable":true,"href":"https:\/\/bladnanews.com\/fr\/wp-json\/wp\/v2\/users\/4"}],"replies":[{"embeddable":true,"href":"https:\/\/bladnanews.com\/fr\/wp-json\/wp\/v2\/comments?post=2912"}],"version-history":[{"count":0,"href":"https:\/\/bladnanews.com\/fr\/wp-json\/wp\/v2\/posts\/2912\/revisions"}],"wp:featuredmedia":[{"embeddable":true,"href":"https:\/\/bladnanews.com\/fr\/wp-json\/wp\/v2\/media\/2911"}],"wp:attachment":[{"href":"https:\/\/bladnanews.com\/fr\/wp-json\/wp\/v2\/media?parent=2912"}],"wp:term":[{"taxonomy":"category","embeddable":true,"href":"https:\/\/bladnanews.com\/fr\/wp-json\/wp\/v2\/categories?post=2912"},{"taxonomy":"post_tag","embeddable":true,"href":"https:\/\/bladnanews.com\/fr\/wp-json\/wp\/v2\/tags?post=2912"}],"curies":[{"name":"wp","href":"https:\/\/api.w.org\/{rel}","templated":true}]}}