{"id":294,"date":"2025-12-28T23:09:39","date_gmt":"2025-12-28T22:09:39","guid":{"rendered":"https:\/\/bladnanews.com\/morocco-considers-bidding-to-host-afcon-2028-report\/"},"modified":"2025-12-31T09:49:31","modified_gmt":"2025-12-31T09:49:31","slug":"le-maroc-envisage-de-soumettre-une-candidature-pour-accueillir-la-can-2028-selon-un-rapport","status":"publish","type":"post","link":"https:\/\/bladnanews.com\/fr\/le-maroc-envisage-de-soumettre-une-candidature-pour-accueillir-la-can-2028-selon-un-rapport\/","title":{"rendered":"Le Maroc envisage de soumissionner pour accueillir la CAN 2028 : rapport"},"content":{"rendered":"<p>Selon un rapport, le Maroc \u00e9value la possibilit\u00e9 de soumettre une candidature pour accueillir la Coupe d'Afrique des Nations (CAN) 2028, alors que le pays continue de se positionner comme une destination phare pour les grands \u00e9v\u00e9nements footballistiques sur le continent.<\/p>\n<p>Cet int\u00e9r\u00eat rapport\u00e9 intervient dans le cadre de la volont\u00e9 plus large du Maroc d'\u00e9tendre son empreinte sportive, apr\u00e8s une s\u00e9rie d'organisations d'\u00e9v\u00e9nements majeurs ces derni\u00e8res ann\u00e9es, soutenue par des investissements continus dans la modernisation des stades, des installations d'entra\u00eenement et des infrastructures de transport.<\/p>\n<p>Bien qu'aucune candidature officielle n'ait \u00e9t\u00e9 confirm\u00e9e publiquement, une campagne marocaine potentielle pour la CAN 2028 viendrait s'ajouter \u00e0 une course de plus en plus comp\u00e9titive entre les nations africaines pour obtenir le tournoi phare de la Conf\u00e9d\u00e9ration Africaine de Football. Accueillir la CAN est largement per\u00e7u comme un catalyseur pour le tourisme, la visibilit\u00e9 internationale et le d\u00e9veloppement national, en plus des b\u00e9n\u00e9fices sportifs li\u00e9s \u00e0 la tenue de la comp\u00e9tition \u00e0 domicile.<\/p>\n<p>Le Maroc a d\u00e9j\u00e0 accueilli la CAN une fois, en 1988, et a depuis \u00e9t\u00e9 r\u00e9guli\u00e8rement associ\u00e9 \u00e0 l'organisation de grandes comp\u00e9titions en raison de ses infrastructures modernes et de son exp\u00e9rience dans la gestion d'\u00e9v\u00e9nements de grande envergure. Toute d\u00e9marche visant \u00e0 obtenir l'\u00e9dition 2028 s'appuierait probablement sur la capacit\u00e9 du pays \u00e0 r\u00e9pondre aux exigences \u00e9volutives de la CAF en mati\u00e8re de normes des stades, d'h\u00e9bergement, de s\u00e9curit\u00e9 et de logistique.<\/p>\n<p>La CAF n'a pas encore annonc\u00e9 d'h\u00f4te pour le tournoi de 2028, et le calendrier ainsi que les exigences du processus de candidature devraient se pr\u00e9ciser dans la p\u00e9riode \u00e0 venir. Si le Maroc se lance, les observateurs s'attendent \u00e0 ce que les autorit\u00e9s mettent en avant leur \u00e9tat de pr\u00e9paration et leur planification d'h\u00e9ritage, y compris la mani\u00e8re dont les installations serviront les clubs et les communaut\u00e9s apr\u00e8s le tournoi.<\/p>\n<p>Le rapport souligne l'ambition croissante du Maroc de rester au centre du football africain, les opportunit\u00e9s d'accueil \u00e9tant de plus en plus consid\u00e9r\u00e9es comme faisant partie d'une strat\u00e9gie \u00e0 long terme visant \u00e0 \u00e9lever le niveau du jeu au niveau national et \u00e0 renforcer la position du pays dans le sport international.<\/p>","protected":false},"excerpt":{"rendered":"<p>Morocco is weighing up the possibility of submitting a bid to host the 2028 Africa Cup of Nations (AFCON), according [&hellip;]<\/p>\n","protected":false},"author":3,"featured_media":293,"comment_status":"closed","ping_status":"open","sticky":false,"template":"","format":"standard","meta":{"googlesitekit_rrm_CAow_uzEDA:productID":"","site-sidebar-layout":"default","site-content-layout":"","ast-site-content-layout":"default","site-content-style":"default","site-sidebar-style":"default","ast-global-header-display":"","ast-banner-title-visibility":"","ast-main-header-display":"","ast-hfb-above-header-display":"","ast-hfb-below-header-display":"","ast-hfb-mobile-header-display":"","site-post-title":"","ast-breadcrumbs-content":"","ast-featured-img":"","footer-sml-layout":"","ast-disable-related-posts":"","theme-transparent-header-meta":"","adv-header-id-meta":"","stick-header-meta":"","header-above-stick-meta":"","header-main-stick-meta":"","header-below-stick-meta":"","astra-migrate-meta-layouts":"default","ast-page-background-enabled":"default","ast-page-background-meta":{"desktop":{"background-color":"var(--ast-global-color-5)","background-image":"","background-repeat":"repeat","background-position":"center center","background-size":"auto","background-attachment":"scroll","background-type":"","background-media":"","overlay-type":"","overlay-color":"","overlay-opacity":"","overlay-gradient":""},"tablet":{"background-color":"","background-image":"","background-repeat":"repeat","background-position":"center center","background-size":"auto","background-attachment":"scroll","background-type":"","background-media":"","overlay-type":"","overlay-color":"","overlay-opacity":"","overlay-gradient":""},"mobile":{"background-color":"","background-image":"","background-repeat":"repeat","background-position":"center center","background-size":"auto","background-attachment":"scroll","background-type":"","background-media":"","overlay-type":"","overlay-color":"","overlay-opacity":"","overlay-gradient":""}},"ast-content-background-meta":{"desktop":{"background-color":"var(--ast-global-color-4)","background-image":"","background-repeat":"repeat","background-position":"center center","background-size":"auto","background-attachment":"scroll","background-type":"","background-media":"","overlay-type":"","overlay-color":"","overlay-opacity":"","overlay-gradient":""},"tablet":{"background-color":"var(--ast-global-color-4)","background-image":"","background-repeat":"repeat","background-position":"center center","background-size":"auto","background-attachment":"scroll","background-type":"","background-media":"","overlay-type":"","overlay-color":"","overlay-opacity":"","overlay-gradient":""},"mobile":{"background-color":"var(--ast-global-color-4)","background-image":"","background-repeat":"repeat","background-position":"center center","background-size":"auto","background-attachment":"scroll","background-type":"","background-media":"","overlay-type":"","overlay-color":"","overlay-opacity":"","overlay-gradient":""}},"footnotes":""},"categories":[1],"tags":[],"class_list":["post-294","post","type-post","status-publish","format-standard","has-post-thumbnail","hentry","category-football-latest-news"],"yoast_head":"<!-- This site is optimized with the Yoast SEO Premium plugin v26.6 (Yoast SEO v27.5) - https:\/\/yoast.com\/product\/yoast-seo-premium-wordpress\/ -->\n<title>Morocco Considers Bidding to Host AFCON 2028: Report - Bladna News<\/title>\n<meta name=\"robots\" content=\"index, follow, max-snippet:-1, max-image-preview:large, max-video-preview:-1\" \/>\n<link rel=\"canonical\" href=\"https:\/\/bladnanews.com\/fr\/le-maroc-envisage-de-soumettre-une-candidature-pour-accueillir-la-can-2028-selon-un-rapport\/\" \/>\n<meta property=\"og:locale\" content=\"fr_FR\" \/>\n<meta property=\"og:type\" content=\"article\" \/>\n<meta property=\"og:title\" content=\"Morocco Considers Bidding to Host AFCON 2028: Report\" \/>\n<meta property=\"og:description\" content=\"Morocco is weighing up the possibility of submitting a bid to host the 2028 Africa Cup of Nations (AFCON), according [&hellip;]\" \/>\n<meta property=\"og:url\" content=\"https:\/\/bladnanews.com\/fr\/le-maroc-envisage-de-soumettre-une-candidature-pour-accueillir-la-can-2028-selon-un-rapport\/\" \/>\n<meta property=\"og:site_name\" content=\"Bladna News\" \/>\n<meta property=\"article:published_time\" content=\"2025-12-28T22:09:39+00:00\" \/>\n<meta property=\"article:modified_time\" content=\"2025-12-31T09:49:31+00:00\" \/>\n<meta property=\"og:image\" content=\"https:\/\/bladnanews.com\/wp-content\/uploads\/2025\/12\/CAF-Appoints-Morocco-Now-as-Official-Sponsor-of-AFCON-2025-1-1.jpgMorocco-Considers-Bidding-to-Host-AFCON-2028-Report-2025-12-28T220938.883Z.jpg\" \/>\n\t<meta property=\"og:image:width\" content=\"1223\" \/>\n\t<meta property=\"og:image:height\" content=\"815\" \/>\n\t<meta property=\"og:image:type\" content=\"image\/jpeg\" \/>\n<meta name=\"author\" content=\"Bladna News Staff\" \/>\n<meta name=\"twitter:card\" content=\"summary_large_image\" \/>\n<meta name=\"twitter:label1\" content=\"\u00c9crit par\" \/>\n\t<meta name=\"twitter:data1\" content=\"Bladna News Staff\" \/>\n\t<meta name=\"twitter:label2\" content=\"Dur\u00e9e de lecture estim\u00e9e\" \/>\n\t<meta name=\"twitter:data2\" content=\"1 minute\" \/>\n<script type=\"application\/ld+json\" class=\"yoast-schema-graph\">{\"@context\":\"https:\\\/\\\/schema.org\",\"@graph\":[{\"@type\":\"Article\",\"@id\":\"https:\\\/\\\/bladnanews.com\\\/morocco-considers-bidding-to-host-afcon-2028-report\\\/#article\",\"isPartOf\":{\"@id\":\"https:\\\/\\\/bladnanews.com\\\/morocco-considers-bidding-to-host-afcon-2028-report\\\/\"},\"author\":{\"name\":\"Bladna News Staff\",\"@id\":\"https:\\\/\\\/mediumseagreen-eel-531711.hostingersite.com\\\/#\\\/schema\\\/person\\\/268e18a453ab080ebf76df6ef7845083\"},\"headline\":\"Morocco Considers Bidding to Host AFCON 2028: Report\",\"datePublished\":\"2025-12-28T22:09:39+00:00\",\"dateModified\":\"2025-12-31T09:49:31+00:00\",\"mainEntityOfPage\":{\"@id\":\"https:\\\/\\\/bladnanews.com\\\/morocco-considers-bidding-to-host-afcon-2028-report\\\/\"},\"wordCount\":284,\"publisher\":{\"@id\":\"https:\\\/\\\/mediumseagreen-eel-531711.hostingersite.com\\\/#organization\"},\"image\":{\"@id\":\"https:\\\/\\\/bladnanews.com\\\/morocco-considers-bidding-to-host-afcon-2028-report\\\/#primaryimage\"},\"thumbnailUrl\":\"https:\\\/\\\/bladnanews.com\\\/wp-content\\\/uploads\\\/2025\\\/12\\\/CAF-Appoints-Morocco-Now-as-Official-Sponsor-of-AFCON-2025-1-1.jpgMorocco-Considers-Bidding-to-Host-AFCON-2028-Report-2025-12-28T220938.883Z.jpg\",\"articleSection\":[\"Latest News\"],\"inLanguage\":\"fr-FR\",\"copyrightYear\":\"2025\",\"copyrightHolder\":{\"@id\":\"https:\\\/\\\/bladnanews.com\\\/fr\\\/#organization\"}},{\"@type\":\"WebPage\",\"@id\":\"https:\\\/\\\/bladnanews.com\\\/morocco-considers-bidding-to-host-afcon-2028-report\\\/\",\"url\":\"https:\\\/\\\/bladnanews.com\\\/morocco-considers-bidding-to-host-afcon-2028-report\\\/\",\"name\":\"Morocco Considers Bidding to Host AFCON 2028: Report - Bladna News\",\"isPartOf\":{\"@id\":\"https:\\\/\\\/mediumseagreen-eel-531711.hostingersite.com\\\/#website\"},\"primaryImageOfPage\":{\"@id\":\"https:\\\/\\\/bladnanews.com\\\/morocco-considers-bidding-to-host-afcon-2028-report\\\/#primaryimage\"},\"image\":{\"@id\":\"https:\\\/\\\/bladnanews.com\\\/morocco-considers-bidding-to-host-afcon-2028-report\\\/#primaryimage\"},\"thumbnailUrl\":\"https:\\\/\\\/bladnanews.com\\\/wp-content\\\/uploads\\\/2025\\\/12\\\/CAF-Appoints-Morocco-Now-as-Official-Sponsor-of-AFCON-2025-1-1.jpgMorocco-Considers-Bidding-to-Host-AFCON-2028-Report-2025-12-28T220938.883Z.jpg\",\"datePublished\":\"2025-12-28T22:09:39+00:00\",\"dateModified\":\"2025-12-31T09:49:31+00:00\",\"breadcrumb\":{\"@id\":\"https:\\\/\\\/bladnanews.com\\\/morocco-considers-bidding-to-host-afcon-2028-report\\\/#breadcrumb\"},\"inLanguage\":\"fr-FR\",\"potentialAction\":[{\"@type\":\"ReadAction\",\"target\":[\"https:\\\/\\\/bladnanews.com\\\/morocco-considers-bidding-to-host-afcon-2028-report\\\/\"]}]},{\"@type\":\"ImageObject\",\"inLanguage\":\"fr-FR\",\"@id\":\"https:\\\/\\\/bladnanews.com\\\/morocco-considers-bidding-to-host-afcon-2028-report\\\/#primaryimage\",\"url\":\"https:\\\/\\\/bladnanews.com\\\/wp-content\\\/uploads\\\/2025\\\/12\\\/CAF-Appoints-Morocco-Now-as-Official-Sponsor-of-AFCON-2025-1-1.jpgMorocco-Considers-Bidding-to-Host-AFCON-2028-Report-2025-12-28T220938.883Z.jpg\",\"contentUrl\":\"https:\\\/\\\/bladnanews.com\\\/wp-content\\\/uploads\\\/2025\\\/12\\\/CAF-Appoints-Morocco-Now-as-Official-Sponsor-of-AFCON-2025-1-1.jpgMorocco-Considers-Bidding-to-Host-AFCON-2028-Report-2025-12-28T220938.883Z.jpg\",\"width\":1223,\"height\":815,\"caption\":\"Stunning stadium in Morocco with Africa Cup of Nations trophy, promoting sports and tourism in Morocco.\"},{\"@type\":\"BreadcrumbList\",\"@id\":\"https:\\\/\\\/bladnanews.com\\\/morocco-considers-bidding-to-host-afcon-2028-report\\\/#breadcrumb\",\"itemListElement\":[{\"@type\":\"ListItem\",\"position\":1,\"name\":\"Home\",\"item\":\"https:\\\/\\\/bladnanews.com\\\/\"},{\"@type\":\"ListItem\",\"position\":2,\"name\":\"Morocco Considers Bidding to Host AFCON 2028: Report\"}]},{\"@type\":\"WebSite\",\"@id\":\"https:\\\/\\\/mediumseagreen-eel-531711.hostingersite.com\\\/#website\",\"url\":\"https:\\\/\\\/mediumseagreen-eel-531711.hostingersite.com\\\/\",\"name\":\"Bladna News - Morocco\",\"description\":\"Where Moroccan Football Meets the World\",\"publisher\":{\"@id\":\"https:\\\/\\\/mediumseagreen-eel-531711.hostingersite.com\\\/#organization\"},\"potentialAction\":[{\"@type\":\"SearchAction\",\"target\":{\"@type\":\"EntryPoint\",\"urlTemplate\":\"https:\\\/\\\/mediumseagreen-eel-531711.hostingersite.com\\\/?s={search_term_string}\"},\"query-input\":{\"@type\":\"PropertyValueSpecification\",\"valueRequired\":true,\"valueName\":\"search_term_string\"}}],\"inLanguage\":\"fr-FR\"},{\"@type\":\"Organization\",\"@id\":\"https:\\\/\\\/mediumseagreen-eel-531711.hostingersite.com\\\/#organization\",\"name\":\"Bladna News.com\",\"url\":\"https:\\\/\\\/mediumseagreen-eel-531711.hostingersite.com\\\/\",\"logo\":{\"@type\":\"ImageObject\",\"inLanguage\":\"fr-FR\",\"@id\":\"https:\\\/\\\/mediumseagreen-eel-531711.hostingersite.com\\\/#\\\/schema\\\/logo\\\/image\\\/\",\"url\":\"https:\\\/\\\/bladnanews.com\\\/wp-content\\\/uploads\\\/2025\\\/12\\\/logo-bladnanews-V2-web-black-red.png\",\"contentUrl\":\"https:\\\/\\\/bladnanews.com\\\/wp-content\\\/uploads\\\/2025\\\/12\\\/logo-bladnanews-V2-web-black-red.png\",\"width\":703,\"height\":287,\"caption\":\"Bladna News.com\"},\"image\":{\"@id\":\"https:\\\/\\\/mediumseagreen-eel-531711.hostingersite.com\\\/#\\\/schema\\\/logo\\\/image\\\/\"},\"email\":\"info@bladnanews.com\",\"legalName\":\"Bladna News\"},{\"@type\":\"Person\",\"@id\":\"https:\\\/\\\/mediumseagreen-eel-531711.hostingersite.com\\\/#\\\/schema\\\/person\\\/268e18a453ab080ebf76df6ef7845083\",\"name\":\"Bladna News Staff\",\"url\":\"https:\\\/\\\/bladnanews.com\\\/fr\\\/author\\\/bladna-news-staff\\\/\"}]}<\/script>\n<!-- \/ Yoast SEO Premium plugin. -->","yoast_head_json":{"title":"Le Maroc envisage de soumissionner pour l'organisation de la CAN 2028 : Rapport - Bladna News","robots":{"index":"index","follow":"follow","max-snippet":"max-snippet:-1","max-image-preview":"max-image-preview:large","max-video-preview":"max-video-preview:-1"},"canonical":"https:\/\/bladnanews.com\/fr\/le-maroc-envisage-de-soumettre-une-candidature-pour-accueillir-la-can-2028-selon-un-rapport\/","og_locale":"fr_FR","og_type":"article","og_title":"Morocco Considers Bidding to Host AFCON 2028: Report","og_description":"Morocco is weighing up the possibility of submitting a bid to host the 2028 Africa Cup of Nations (AFCON), according [&hellip;]","og_url":"https:\/\/bladnanews.com\/fr\/le-maroc-envisage-de-soumettre-une-candidature-pour-accueillir-la-can-2028-selon-un-rapport\/","og_site_name":"Bladna News","article_published_time":"2025-12-28T22:09:39+00:00","article_modified_time":"2025-12-31T09:49:31+00:00","og_image":[{"width":1223,"height":815,"url":"https:\/\/bladnanews.com\/wp-content\/uploads\/2025\/12\/CAF-Appoints-Morocco-Now-as-Official-Sponsor-of-AFCON-2025-1-1.jpgMorocco-Considers-Bidding-to-Host-AFCON-2028-Report-2025-12-28T220938.883Z.jpg","type":"image\/jpeg"}],"author":"Bladna News Staff","twitter_card":"summary_large_image","twitter_misc":{"\u00c9crit par":"Bladna News Staff","Dur\u00e9e de lecture estim\u00e9e":"1 minute"},"schema":{"@context":"https:\/\/schema.org","@graph":[{"@type":"Article","@id":"https:\/\/bladnanews.com\/morocco-considers-bidding-to-host-afcon-2028-report\/#article","isPartOf":{"@id":"https:\/\/bladnanews.com\/morocco-considers-bidding-to-host-afcon-2028-report\/"},"author":{"name":"Bladna News Staff","@id":"https:\/\/mediumseagreen-eel-531711.hostingersite.com\/#\/schema\/person\/268e18a453ab080ebf76df6ef7845083"},"headline":"Morocco Considers Bidding to Host AFCON 2028: Report","datePublished":"2025-12-28T22:09:39+00:00","dateModified":"2025-12-31T09:49:31+00:00","mainEntityOfPage":{"@id":"https:\/\/bladnanews.com\/morocco-considers-bidding-to-host-afcon-2028-report\/"},"wordCount":284,"publisher":{"@id":"https:\/\/mediumseagreen-eel-531711.hostingersite.com\/#organization"},"image":{"@id":"https:\/\/bladnanews.com\/morocco-considers-bidding-to-host-afcon-2028-report\/#primaryimage"},"thumbnailUrl":"https:\/\/bladnanews.com\/wp-content\/uploads\/2025\/12\/CAF-Appoints-Morocco-Now-as-Official-Sponsor-of-AFCON-2025-1-1.jpgMorocco-Considers-Bidding-to-Host-AFCON-2028-Report-2025-12-28T220938.883Z.jpg","articleSection":["Latest News"],"inLanguage":"fr-FR","copyrightYear":"2025","copyrightHolder":{"@id":"https:\/\/bladnanews.com\/fr\/#organization"}},{"@type":"WebPage","@id":"https:\/\/bladnanews.com\/morocco-considers-bidding-to-host-afcon-2028-report\/","url":"https:\/\/bladnanews.com\/morocco-considers-bidding-to-host-afcon-2028-report\/","name":"Le Maroc envisage de soumissionner pour l'organisation de la CAN 2028 : Rapport - Bladna News","isPartOf":{"@id":"https:\/\/mediumseagreen-eel-531711.hostingersite.com\/#website"},"primaryImageOfPage":{"@id":"https:\/\/bladnanews.com\/morocco-considers-bidding-to-host-afcon-2028-report\/#primaryimage"},"image":{"@id":"https:\/\/bladnanews.com\/morocco-considers-bidding-to-host-afcon-2028-report\/#primaryimage"},"thumbnailUrl":"https:\/\/bladnanews.com\/wp-content\/uploads\/2025\/12\/CAF-Appoints-Morocco-Now-as-Official-Sponsor-of-AFCON-2025-1-1.jpgMorocco-Considers-Bidding-to-Host-AFCON-2028-Report-2025-12-28T220938.883Z.jpg","datePublished":"2025-12-28T22:09:39+00:00","dateModified":"2025-12-31T09:49:31+00:00","breadcrumb":{"@id":"https:\/\/bladnanews.com\/morocco-considers-bidding-to-host-afcon-2028-report\/#breadcrumb"},"inLanguage":"fr-FR","potentialAction":[{"@type":"ReadAction","target":["https:\/\/bladnanews.com\/morocco-considers-bidding-to-host-afcon-2028-report\/"]}]},{"@type":"ImageObject","inLanguage":"fr-FR","@id":"https:\/\/bladnanews.com\/morocco-considers-bidding-to-host-afcon-2028-report\/#primaryimage","url":"https:\/\/bladnanews.com\/wp-content\/uploads\/2025\/12\/CAF-Appoints-Morocco-Now-as-Official-Sponsor-of-AFCON-2025-1-1.jpgMorocco-Considers-Bidding-to-Host-AFCON-2028-Report-2025-12-28T220938.883Z.jpg","contentUrl":"https:\/\/bladnanews.com\/wp-content\/uploads\/2025\/12\/CAF-Appoints-Morocco-Now-as-Official-Sponsor-of-AFCON-2025-1-1.jpgMorocco-Considers-Bidding-to-Host-AFCON-2028-Report-2025-12-28T220938.883Z.jpg","width":1223,"height":815,"caption":"Stunning stadium in Morocco with Africa Cup of Nations trophy, promoting sports and tourism in Morocco."},{"@type":"BreadcrumbList","@id":"https:\/\/bladnanews.com\/morocco-considers-bidding-to-host-afcon-2028-report\/#breadcrumb","itemListElement":[{"@type":"ListItem","position":1,"name":"Home","item":"https:\/\/bladnanews.com\/"},{"@type":"ListItem","position":2,"name":"Morocco Considers Bidding to Host AFCON 2028: Report"}]},{"@type":"WebSite","@id":"https:\/\/mediumseagreen-eel-531711.hostingersite.com\/#website","url":"https:\/\/mediumseagreen-eel-531711.hostingersite.com\/","name":"Bladna News - Maroc","description":"Quand le football marocain rencontre le monde","publisher":{"@id":"https:\/\/mediumseagreen-eel-531711.hostingersite.com\/#organization"},"potentialAction":[{"@type":"SearchAction","target":{"@type":"EntryPoint","urlTemplate":"https:\/\/mediumseagreen-eel-531711.hostingersite.com\/?s={search_term_string}"},"query-input":{"@type":"PropertyValueSpecification","valueRequired":true,"valueName":"search_term_string"}}],"inLanguage":"fr-FR"},{"@type":"Organization","@id":"https:\/\/mediumseagreen-eel-531711.hostingersite.com\/#organization","name":"Bladna News.com","url":"https:\/\/mediumseagreen-eel-531711.hostingersite.com\/","logo":{"@type":"ImageObject","inLanguage":"fr-FR","@id":"https:\/\/mediumseagreen-eel-531711.hostingersite.com\/#\/schema\/logo\/image\/","url":"https:\/\/bladnanews.com\/wp-content\/uploads\/2025\/12\/logo-bladnanews-V2-web-black-red.png","contentUrl":"https:\/\/bladnanews.com\/wp-content\/uploads\/2025\/12\/logo-bladnanews-V2-web-black-red.png","width":703,"height":287,"caption":"Bladna News.com"},"image":{"@id":"https:\/\/mediumseagreen-eel-531711.hostingersite.com\/#\/schema\/logo\/image\/"},"email":"info@bladnanews.com","legalName":"Bladna News"},{"@type":"Person","@id":"https:\/\/mediumseagreen-eel-531711.hostingersite.com\/#\/schema\/person\/268e18a453ab080ebf76df6ef7845083","name":"\u00c9quipe r\u00e9dactionnelle de Bladna News","url":"https:\/\/bladnanews.com\/fr\/author\/bladna-news-staff\/"}]}},"_links":{"self":[{"href":"https:\/\/bladnanews.com\/fr\/wp-json\/wp\/v2\/posts\/294","targetHints":{"allow":["GET"]}}],"collection":[{"href":"https:\/\/bladnanews.com\/fr\/wp-json\/wp\/v2\/posts"}],"about":[{"href":"https:\/\/bladnanews.com\/fr\/wp-json\/wp\/v2\/types\/post"}],"author":[{"embeddable":true,"href":"https:\/\/bladnanews.com\/fr\/wp-json\/wp\/v2\/users\/3"}],"replies":[{"embeddable":true,"href":"https:\/\/bladnanews.com\/fr\/wp-json\/wp\/v2\/comments?post=294"}],"version-history":[{"count":0,"href":"https:\/\/bladnanews.com\/fr\/wp-json\/wp\/v2\/posts\/294\/revisions"}],"wp:featuredmedia":[{"embeddable":true,"href":"https:\/\/bladnanews.com\/fr\/wp-json\/wp\/v2\/media\/293"}],"wp:attachment":[{"href":"https:\/\/bladnanews.com\/fr\/wp-json\/wp\/v2\/media?parent=294"}],"wp:term":[{"taxonomy":"category","embeddable":true,"href":"https:\/\/bladnanews.com\/fr\/wp-json\/wp\/v2\/categories?post=294"},{"taxonomy":"post_tag","embeddable":true,"href":"https:\/\/bladnanews.com\/fr\/wp-json\/wp\/v2\/tags?post=294"}],"curies":[{"name":"wp","href":"https:\/\/api.w.org\/{rel}","templated":true}]}}