{"id":3085,"date":"2026-01-04T17:58:09","date_gmt":"2026-01-04T17:58:09","guid":{"rendered":"https:\/\/bladnanews.com\/harry-kane-says-learning-german-is-very-hard-at-bayern\/"},"modified":"2026-01-04T17:58:09","modified_gmt":"2026-01-04T17:58:09","slug":"harry-kane-dit-que-apprendre-lallemand-est-tres-difficile-a-bayern","status":"publish","type":"post","link":"https:\/\/bladnanews.com\/fr\/harry-kane-dit-que-apprendre-lallemand-est-tres-difficile-a-bayern\/","title":{"rendered":"Harry Kane dit qu'apprendre l'allemand est tr\u00e8s difficile au Bayern"},"content":{"rendered":"<p><strong>Harry Kane<\/strong> a admis qu'il trouve la vie en dehors du terrain tout aussi difficile que son travail devant le but au Bayern Munich, r\u00e9v\u00e9lant que l'apprentissage de l'allemand a \u00e9t\u00e9 \u201ctr\u00e8s difficile\u201d depuis son transfert en Bundesliga.<\/p>\n<p>Le capitaine anglais s'est rapidement install\u00e9 \u00e0 Munich apr\u00e8s avoir rejoint le Bayern en provenance de Tottenham \u00e0 l'\u00e9t\u00e9 2023, marquant des buts librement et devenant une figure cl\u00e9 de l'\u00e9quipe. Mais Kane a reconnu que s'adapter \u00e0 une nouvelle langue a \u00e9t\u00e9 un processus difficile.<\/p>\n<p>\u201c\u00c7a a \u00e9t\u00e9 tr\u00e8s difficile,\u201d a d\u00e9clar\u00e9 Kane lorsqu'on lui a demand\u00e9 d'apprendre l'allemand, expliquant que bien qu'il essaie d'apprendre les bases, cela a pris du temps pour se sentir \u00e0 l'aise.<\/p>\n<p>Malgr\u00e9 la lutte, Kane a \u00e9galement donn\u00e9 une indication claire de la direction dans laquelle il voit son avenir, disant qu'il est heureux au Bayern et soulignant son engagement envers le club. Les commentaires de l'attaquant ont \u00e9t\u00e9 interpr\u00e9t\u00e9s comme un indice majeur qu'il voit son avenir \u00e0 long terme \u00e0 Munich plut\u00f4t que de chercher ailleurs.<\/p>\n<p>Kane est devenu une voix dominante dans le vestiaire et une partie cl\u00e9 des plans du Bayern, et son message \u00e9tait qu'il se concentre sur le plaisir de jouer au football en Allemagne tout en continuant \u00e0 s'adapter \u00e0 la vie dans un nouveau pays.<\/p>","protected":false},"excerpt":{"rendered":"<p>Harry Kane has admitted he is finding life off the pitch just as challenging as his work in front of [&hellip;]<\/p>\n","protected":false},"author":3,"featured_media":3083,"comment_status":"","ping_status":"open","sticky":false,"template":"","format":"standard","meta":{"googlesitekit_rrm_CAow_uzEDA:productID":"","site-sidebar-layout":"default","site-content-layout":"","ast-site-content-layout":"default","site-content-style":"default","site-sidebar-style":"default","ast-global-header-display":"","ast-banner-title-visibility":"","ast-main-header-display":"","ast-hfb-above-header-display":"","ast-hfb-below-header-display":"","ast-hfb-mobile-header-display":"","site-post-title":"","ast-breadcrumbs-content":"","ast-featured-img":"","footer-sml-layout":"","ast-disable-related-posts":"","theme-transparent-header-meta":"","adv-header-id-meta":"","stick-header-meta":"","header-above-stick-meta":"","header-main-stick-meta":"","header-below-stick-meta":"","astra-migrate-meta-layouts":"default","ast-page-background-enabled":"default","ast-page-background-meta":{"desktop":{"background-color":"var(--ast-global-color-5)","background-image":"","background-repeat":"repeat","background-position":"center center","background-size":"auto","background-attachment":"scroll","background-type":"","background-media":"","overlay-type":"","overlay-color":"","overlay-opacity":"","overlay-gradient":""},"tablet":{"background-color":"","background-image":"","background-repeat":"repeat","background-position":"center center","background-size":"auto","background-attachment":"scroll","background-type":"","background-media":"","overlay-type":"","overlay-color":"","overlay-opacity":"","overlay-gradient":""},"mobile":{"background-color":"","background-image":"","background-repeat":"repeat","background-position":"center center","background-size":"auto","background-attachment":"scroll","background-type":"","background-media":"","overlay-type":"","overlay-color":"","overlay-opacity":"","overlay-gradient":""}},"ast-content-background-meta":{"desktop":{"background-color":"var(--ast-global-color-4)","background-image":"","background-repeat":"repeat","background-position":"center center","background-size":"auto","background-attachment":"scroll","background-type":"","background-media":"","overlay-type":"","overlay-color":"","overlay-opacity":"","overlay-gradient":""},"tablet":{"background-color":"var(--ast-global-color-4)","background-image":"","background-repeat":"repeat","background-position":"center center","background-size":"auto","background-attachment":"scroll","background-type":"","background-media":"","overlay-type":"","overlay-color":"","overlay-opacity":"","overlay-gradient":""},"mobile":{"background-color":"var(--ast-global-color-4)","background-image":"","background-repeat":"repeat","background-position":"center center","background-size":"auto","background-attachment":"scroll","background-type":"","background-media":"","overlay-type":"","overlay-color":"","overlay-opacity":"","overlay-gradient":""}},"footnotes":""},"categories":[20,1],"tags":[],"class_list":["post-3085","post","type-post","status-publish","format-standard","has-post-thumbnail","hentry","category-international","category-football-latest-news"],"yoast_head":"<!-- This site is optimized with the Yoast SEO Premium plugin v26.6 (Yoast SEO v27.5) - https:\/\/yoast.com\/product\/yoast-seo-premium-wordpress\/ -->\n<title>Harry Kane says learning German is very hard at Bayern - Bladna News<\/title>\n<meta name=\"robots\" content=\"index, follow, max-snippet:-1, max-image-preview:large, max-video-preview:-1\" \/>\n<link rel=\"canonical\" href=\"https:\/\/bladnanews.com\/fr\/harry-kane-dit-que-apprendre-lallemand-est-tres-difficile-a-bayern\/\" \/>\n<meta property=\"og:locale\" content=\"fr_FR\" \/>\n<meta property=\"og:type\" content=\"article\" \/>\n<meta property=\"og:title\" content=\"Harry Kane says learning German is very hard at Bayern\" \/>\n<meta property=\"og:description\" content=\"Harry Kane has admitted he is finding life off the pitch just as challenging as his work in front of [&hellip;]\" \/>\n<meta property=\"og:url\" content=\"https:\/\/bladnanews.com\/fr\/harry-kane-dit-que-apprendre-lallemand-est-tres-difficile-a-bayern\/\" \/>\n<meta property=\"og:site_name\" content=\"Bladna News\" \/>\n<meta property=\"article:published_time\" content=\"2026-01-04T17:58:09+00:00\" \/>\n<meta property=\"og:image\" content=\"https:\/\/bladnanews.com\/wp-content\/uploads\/2025\/12\/freepik__bladna-newscom-moroccan-soccer-homepage-banner-mor__41838.png\" \/>\n\t<meta property=\"og:image:width\" content=\"1312\" \/>\n\t<meta property=\"og:image:height\" content=\"736\" \/>\n\t<meta property=\"og:image:type\" content=\"image\/png\" \/>\n<meta name=\"author\" content=\"Bladna News Staff\" \/>\n<meta name=\"twitter:card\" content=\"summary_large_image\" \/>\n<meta name=\"twitter:label1\" content=\"\u00c9crit par\" \/>\n\t<meta name=\"twitter:data1\" content=\"Bladna News Staff\" \/>\n\t<meta name=\"twitter:label2\" content=\"Dur\u00e9e de lecture estim\u00e9e\" \/>\n\t<meta name=\"twitter:data2\" content=\"1 minute\" \/>\n<script type=\"application\/ld+json\" class=\"yoast-schema-graph\">{\"@context\":\"https:\\\/\\\/schema.org\",\"@graph\":[{\"@type\":\"Article\",\"@id\":\"https:\\\/\\\/bladnanews.com\\\/harry-kane-says-learning-german-is-very-hard-at-bayern\\\/#article\",\"isPartOf\":{\"@id\":\"https:\\\/\\\/bladnanews.com\\\/harry-kane-says-learning-german-is-very-hard-at-bayern\\\/\"},\"author\":{\"name\":\"Bladna News Staff\",\"@id\":\"https:\\\/\\\/mediumseagreen-eel-531711.hostingersite.com\\\/#\\\/schema\\\/person\\\/268e18a453ab080ebf76df6ef7845083\"},\"headline\":\"Harry Kane says learning German is very hard at Bayern\",\"datePublished\":\"2026-01-04T17:58:09+00:00\",\"mainEntityOfPage\":{\"@id\":\"https:\\\/\\\/bladnanews.com\\\/harry-kane-says-learning-german-is-very-hard-at-bayern\\\/\"},\"wordCount\":211,\"publisher\":{\"@id\":\"https:\\\/\\\/mediumseagreen-eel-531711.hostingersite.com\\\/#organization\"},\"image\":{\"@id\":\"https:\\\/\\\/bladnanews.com\\\/harry-kane-says-learning-german-is-very-hard-at-bayern\\\/#primaryimage\"},\"thumbnailUrl\":\"https:\\\/\\\/bladnanews.com\\\/wp-content\\\/uploads\\\/2026\\\/01\\\/BladnaNews-Harry-Kane-says-learning-German-is-very-hard-at-Bayern-2026-01-04T215046.014Z.jpg\",\"articleSection\":[\"International\",\"Latest News\"],\"inLanguage\":\"fr-FR\",\"copyrightYear\":\"2026\",\"copyrightHolder\":{\"@id\":\"https:\\\/\\\/bladnanews.com\\\/fr\\\/#organization\"}},{\"@type\":\"WebPage\",\"@id\":\"https:\\\/\\\/bladnanews.com\\\/harry-kane-says-learning-german-is-very-hard-at-bayern\\\/\",\"url\":\"https:\\\/\\\/bladnanews.com\\\/harry-kane-says-learning-german-is-very-hard-at-bayern\\\/\",\"name\":\"Harry Kane says learning German is very hard at Bayern - Bladna News\",\"isPartOf\":{\"@id\":\"https:\\\/\\\/mediumseagreen-eel-531711.hostingersite.com\\\/#website\"},\"primaryImageOfPage\":{\"@id\":\"https:\\\/\\\/bladnanews.com\\\/harry-kane-says-learning-german-is-very-hard-at-bayern\\\/#primaryimage\"},\"image\":{\"@id\":\"https:\\\/\\\/bladnanews.com\\\/harry-kane-says-learning-german-is-very-hard-at-bayern\\\/#primaryimage\"},\"thumbnailUrl\":\"https:\\\/\\\/bladnanews.com\\\/wp-content\\\/uploads\\\/2026\\\/01\\\/BladnaNews-Harry-Kane-says-learning-German-is-very-hard-at-Bayern-2026-01-04T215046.014Z.jpg\",\"datePublished\":\"2026-01-04T17:58:09+00:00\",\"breadcrumb\":{\"@id\":\"https:\\\/\\\/bladnanews.com\\\/harry-kane-says-learning-german-is-very-hard-at-bayern\\\/#breadcrumb\"},\"inLanguage\":\"fr-FR\",\"potentialAction\":[{\"@type\":\"ReadAction\",\"target\":[\"https:\\\/\\\/bladnanews.com\\\/harry-kane-says-learning-german-is-very-hard-at-bayern\\\/\"]}]},{\"@type\":\"ImageObject\",\"inLanguage\":\"fr-FR\",\"@id\":\"https:\\\/\\\/bladnanews.com\\\/harry-kane-says-learning-german-is-very-hard-at-bayern\\\/#primaryimage\",\"url\":\"https:\\\/\\\/bladnanews.com\\\/wp-content\\\/uploads\\\/2026\\\/01\\\/BladnaNews-Harry-Kane-says-learning-German-is-very-hard-at-Bayern-2026-01-04T215046.014Z.jpg\",\"contentUrl\":\"https:\\\/\\\/bladnanews.com\\\/wp-content\\\/uploads\\\/2026\\\/01\\\/BladnaNews-Harry-Kane-says-learning-German-is-very-hard-at-Bayern-2026-01-04T215046.014Z.jpg\",\"width\":2560,\"height\":1440,\"caption\":\"Bayern Munich's Harry Kane looks frustrated after a match, wearing a white kit with red accents, amidst players from the opposing team.\"},{\"@type\":\"BreadcrumbList\",\"@id\":\"https:\\\/\\\/bladnanews.com\\\/harry-kane-says-learning-german-is-very-hard-at-bayern\\\/#breadcrumb\",\"itemListElement\":[{\"@type\":\"ListItem\",\"position\":1,\"name\":\"Home\",\"item\":\"https:\\\/\\\/bladnanews.com\\\/\"},{\"@type\":\"ListItem\",\"position\":2,\"name\":\"Harry Kane says learning German is very hard at Bayern\"}]},{\"@type\":\"WebSite\",\"@id\":\"https:\\\/\\\/mediumseagreen-eel-531711.hostingersite.com\\\/#website\",\"url\":\"https:\\\/\\\/mediumseagreen-eel-531711.hostingersite.com\\\/\",\"name\":\"Bladna News - Morocco\",\"description\":\"Where Moroccan Football Meets the World\",\"publisher\":{\"@id\":\"https:\\\/\\\/mediumseagreen-eel-531711.hostingersite.com\\\/#organization\"},\"potentialAction\":[{\"@type\":\"SearchAction\",\"target\":{\"@type\":\"EntryPoint\",\"urlTemplate\":\"https:\\\/\\\/mediumseagreen-eel-531711.hostingersite.com\\\/?s={search_term_string}\"},\"query-input\":{\"@type\":\"PropertyValueSpecification\",\"valueRequired\":true,\"valueName\":\"search_term_string\"}}],\"inLanguage\":\"fr-FR\"},{\"@type\":\"Organization\",\"@id\":\"https:\\\/\\\/mediumseagreen-eel-531711.hostingersite.com\\\/#organization\",\"name\":\"Bladna News.com\",\"url\":\"https:\\\/\\\/mediumseagreen-eel-531711.hostingersite.com\\\/\",\"logo\":{\"@type\":\"ImageObject\",\"inLanguage\":\"fr-FR\",\"@id\":\"https:\\\/\\\/mediumseagreen-eel-531711.hostingersite.com\\\/#\\\/schema\\\/logo\\\/image\\\/\",\"url\":\"https:\\\/\\\/bladnanews.com\\\/wp-content\\\/uploads\\\/2025\\\/12\\\/logo-bladnanews-V2-web-black-red.png\",\"contentUrl\":\"https:\\\/\\\/bladnanews.com\\\/wp-content\\\/uploads\\\/2025\\\/12\\\/logo-bladnanews-V2-web-black-red.png\",\"width\":703,\"height\":287,\"caption\":\"Bladna News.com\"},\"image\":{\"@id\":\"https:\\\/\\\/mediumseagreen-eel-531711.hostingersite.com\\\/#\\\/schema\\\/logo\\\/image\\\/\"},\"email\":\"info@bladnanews.com\",\"legalName\":\"Bladna News\"},{\"@type\":\"Person\",\"@id\":\"https:\\\/\\\/mediumseagreen-eel-531711.hostingersite.com\\\/#\\\/schema\\\/person\\\/268e18a453ab080ebf76df6ef7845083\",\"name\":\"Bladna News Staff\",\"url\":\"https:\\\/\\\/bladnanews.com\\\/fr\\\/author\\\/bladna-news-staff\\\/\"}]}<\/script>\n<!-- \/ Yoast SEO Premium plugin. -->","yoast_head_json":{"title":"Harry Kane dit que apprendre l'allemand est tr\u00e8s difficile \u00e0 Bayern - Bladna News","robots":{"index":"index","follow":"follow","max-snippet":"max-snippet:-1","max-image-preview":"max-image-preview:large","max-video-preview":"max-video-preview:-1"},"canonical":"https:\/\/bladnanews.com\/fr\/harry-kane-dit-que-apprendre-lallemand-est-tres-difficile-a-bayern\/","og_locale":"fr_FR","og_type":"article","og_title":"Harry Kane says learning German is very hard at Bayern","og_description":"Harry Kane has admitted he is finding life off the pitch just as challenging as his work in front of [&hellip;]","og_url":"https:\/\/bladnanews.com\/fr\/harry-kane-dit-que-apprendre-lallemand-est-tres-difficile-a-bayern\/","og_site_name":"Bladna News","article_published_time":"2026-01-04T17:58:09+00:00","og_image":[{"width":1312,"height":736,"url":"https:\/\/bladnanews.com\/wp-content\/uploads\/2025\/12\/freepik__bladna-newscom-moroccan-soccer-homepage-banner-mor__41838.png","type":"image\/png"}],"author":"Bladna News Staff","twitter_card":"summary_large_image","twitter_misc":{"\u00c9crit par":"Bladna News Staff","Dur\u00e9e de lecture estim\u00e9e":"1 minute"},"schema":{"@context":"https:\/\/schema.org","@graph":[{"@type":"Article","@id":"https:\/\/bladnanews.com\/harry-kane-says-learning-german-is-very-hard-at-bayern\/#article","isPartOf":{"@id":"https:\/\/bladnanews.com\/harry-kane-says-learning-german-is-very-hard-at-bayern\/"},"author":{"name":"Bladna News Staff","@id":"https:\/\/mediumseagreen-eel-531711.hostingersite.com\/#\/schema\/person\/268e18a453ab080ebf76df6ef7845083"},"headline":"Harry Kane says learning German is very hard at Bayern","datePublished":"2026-01-04T17:58:09+00:00","mainEntityOfPage":{"@id":"https:\/\/bladnanews.com\/harry-kane-says-learning-german-is-very-hard-at-bayern\/"},"wordCount":211,"publisher":{"@id":"https:\/\/mediumseagreen-eel-531711.hostingersite.com\/#organization"},"image":{"@id":"https:\/\/bladnanews.com\/harry-kane-says-learning-german-is-very-hard-at-bayern\/#primaryimage"},"thumbnailUrl":"https:\/\/bladnanews.com\/wp-content\/uploads\/2026\/01\/BladnaNews-Harry-Kane-says-learning-German-is-very-hard-at-Bayern-2026-01-04T215046.014Z.jpg","articleSection":["International","Latest News"],"inLanguage":"fr-FR","copyrightYear":"2026","copyrightHolder":{"@id":"https:\/\/bladnanews.com\/fr\/#organization"}},{"@type":"WebPage","@id":"https:\/\/bladnanews.com\/harry-kane-says-learning-german-is-very-hard-at-bayern\/","url":"https:\/\/bladnanews.com\/harry-kane-says-learning-german-is-very-hard-at-bayern\/","name":"Harry Kane dit que apprendre l'allemand est tr\u00e8s difficile \u00e0 Bayern - Bladna News","isPartOf":{"@id":"https:\/\/mediumseagreen-eel-531711.hostingersite.com\/#website"},"primaryImageOfPage":{"@id":"https:\/\/bladnanews.com\/harry-kane-says-learning-german-is-very-hard-at-bayern\/#primaryimage"},"image":{"@id":"https:\/\/bladnanews.com\/harry-kane-says-learning-german-is-very-hard-at-bayern\/#primaryimage"},"thumbnailUrl":"https:\/\/bladnanews.com\/wp-content\/uploads\/2026\/01\/BladnaNews-Harry-Kane-says-learning-German-is-very-hard-at-Bayern-2026-01-04T215046.014Z.jpg","datePublished":"2026-01-04T17:58:09+00:00","breadcrumb":{"@id":"https:\/\/bladnanews.com\/harry-kane-says-learning-german-is-very-hard-at-bayern\/#breadcrumb"},"inLanguage":"fr-FR","potentialAction":[{"@type":"ReadAction","target":["https:\/\/bladnanews.com\/harry-kane-says-learning-german-is-very-hard-at-bayern\/"]}]},{"@type":"ImageObject","inLanguage":"fr-FR","@id":"https:\/\/bladnanews.com\/harry-kane-says-learning-german-is-very-hard-at-bayern\/#primaryimage","url":"https:\/\/bladnanews.com\/wp-content\/uploads\/2026\/01\/BladnaNews-Harry-Kane-says-learning-German-is-very-hard-at-Bayern-2026-01-04T215046.014Z.jpg","contentUrl":"https:\/\/bladnanews.com\/wp-content\/uploads\/2026\/01\/BladnaNews-Harry-Kane-says-learning-German-is-very-hard-at-Bayern-2026-01-04T215046.014Z.jpg","width":2560,"height":1440,"caption":"Bayern Munich's Harry Kane looks frustrated after a match, wearing a white kit with red accents, amidst players from the opposing team."},{"@type":"BreadcrumbList","@id":"https:\/\/bladnanews.com\/harry-kane-says-learning-german-is-very-hard-at-bayern\/#breadcrumb","itemListElement":[{"@type":"ListItem","position":1,"name":"Home","item":"https:\/\/bladnanews.com\/"},{"@type":"ListItem","position":2,"name":"Harry Kane says learning German is very hard at Bayern"}]},{"@type":"WebSite","@id":"https:\/\/mediumseagreen-eel-531711.hostingersite.com\/#website","url":"https:\/\/mediumseagreen-eel-531711.hostingersite.com\/","name":"Bladna News - Maroc","description":"Quand le football marocain rencontre le monde","publisher":{"@id":"https:\/\/mediumseagreen-eel-531711.hostingersite.com\/#organization"},"potentialAction":[{"@type":"SearchAction","target":{"@type":"EntryPoint","urlTemplate":"https:\/\/mediumseagreen-eel-531711.hostingersite.com\/?s={search_term_string}"},"query-input":{"@type":"PropertyValueSpecification","valueRequired":true,"valueName":"search_term_string"}}],"inLanguage":"fr-FR"},{"@type":"Organization","@id":"https:\/\/mediumseagreen-eel-531711.hostingersite.com\/#organization","name":"Bladna News.com","url":"https:\/\/mediumseagreen-eel-531711.hostingersite.com\/","logo":{"@type":"ImageObject","inLanguage":"fr-FR","@id":"https:\/\/mediumseagreen-eel-531711.hostingersite.com\/#\/schema\/logo\/image\/","url":"https:\/\/bladnanews.com\/wp-content\/uploads\/2025\/12\/logo-bladnanews-V2-web-black-red.png","contentUrl":"https:\/\/bladnanews.com\/wp-content\/uploads\/2025\/12\/logo-bladnanews-V2-web-black-red.png","width":703,"height":287,"caption":"Bladna News.com"},"image":{"@id":"https:\/\/mediumseagreen-eel-531711.hostingersite.com\/#\/schema\/logo\/image\/"},"email":"info@bladnanews.com","legalName":"Bladna News"},{"@type":"Person","@id":"https:\/\/mediumseagreen-eel-531711.hostingersite.com\/#\/schema\/person\/268e18a453ab080ebf76df6ef7845083","name":"\u00c9quipe r\u00e9dactionnelle de Bladna News","url":"https:\/\/bladnanews.com\/fr\/author\/bladna-news-staff\/"}]}},"_links":{"self":[{"href":"https:\/\/bladnanews.com\/fr\/wp-json\/wp\/v2\/posts\/3085","targetHints":{"allow":["GET"]}}],"collection":[{"href":"https:\/\/bladnanews.com\/fr\/wp-json\/wp\/v2\/posts"}],"about":[{"href":"https:\/\/bladnanews.com\/fr\/wp-json\/wp\/v2\/types\/post"}],"author":[{"embeddable":true,"href":"https:\/\/bladnanews.com\/fr\/wp-json\/wp\/v2\/users\/3"}],"replies":[{"embeddable":true,"href":"https:\/\/bladnanews.com\/fr\/wp-json\/wp\/v2\/comments?post=3085"}],"version-history":[{"count":0,"href":"https:\/\/bladnanews.com\/fr\/wp-json\/wp\/v2\/posts\/3085\/revisions"}],"wp:featuredmedia":[{"embeddable":true,"href":"https:\/\/bladnanews.com\/fr\/wp-json\/wp\/v2\/media\/3083"}],"wp:attachment":[{"href":"https:\/\/bladnanews.com\/fr\/wp-json\/wp\/v2\/media?parent=3085"}],"wp:term":[{"taxonomy":"category","embeddable":true,"href":"https:\/\/bladnanews.com\/fr\/wp-json\/wp\/v2\/categories?post=3085"},{"taxonomy":"post_tag","embeddable":true,"href":"https:\/\/bladnanews.com\/fr\/wp-json\/wp\/v2\/tags?post=3085"}],"curies":[{"name":"wp","href":"https:\/\/api.w.org\/{rel}","templated":true}]}}