{"id":3089,"date":"2026-01-04T18:00:42","date_gmt":"2026-01-04T18:00:42","guid":{"rendered":"https:\/\/bladnanews.com\/matko-miljevic-confirms-transfer-interest-from-inter-miami\/"},"modified":"2026-01-04T18:00:42","modified_gmt":"2026-01-04T18:00:42","slug":"matko-miljevic-confirme-linteret-de-linter-miami-pour-un-transfert","status":"publish","type":"post","link":"https:\/\/bladnanews.com\/fr\/matko-miljevic-confirme-linteret-de-linter-miami-pour-un-transfert\/","title":{"rendered":"Matko Miljevic confirme l'int\u00e9r\u00eat de transfert d'Inter Miami"},"content":{"rendered":"<p>Matko Miljevic a confirm\u00e9 qu'Inter Miami est int\u00e9ress\u00e9 par son recrutement, le milieu de terrain \u00e9ligible pour l'\u00e9quipe nationale am\u00e9ricaine d\u00e9clarant qu'il attend maintenant de voir si cet int\u00e9r\u00eat se concr\u00e9tisera.<\/p>\n<p>Miljevic a r\u00e9v\u00e9l\u00e9 qu'un contact a d\u00e9j\u00e0 \u00e9t\u00e9 \u00e9tabli concernant un \u00e9ventuel transfert au Chase Stadium, o\u00f9 Lionel Messi est la vedette de l'effectif de Javier Mascherano. Il a d\u00e9clar\u00e9 s'attendre \u00e0 une offre formelle alors que les discussions se poursuivent.<\/p>\n<p>Le joueur de 23 ans, qui a forg\u00e9 sa r\u00e9putation gr\u00e2ce \u00e0 de bonnes performances en club, a admis que l'opportunit\u00e9 de rejoindre un projet incluant Messi est difficile \u00e0 ignorer, mais a soulign\u00e9 qu'aucune d\u00e9cision n'a encore \u00e9t\u00e9 prise.<\/p>\n<p>La situation de Miljevic attire l'attention alors qu'Inter Miami cherche \u00e0 renforcer son effectif, et il a clairement indiqu\u00e9 qu'il garde toutes ses options ouvertes en attendant la prochaine \u00e9tape de la franchise de MLS.<\/p>\n<p>Pour l'instant, Miljevic reste concentr\u00e9 sur ses responsabilit\u00e9s actuelles, mais ses commentaires ont effectivement confirm\u00e9 que l'int\u00e9r\u00eat d'Inter Miami est r\u00e9el et qu'un transfert potentiel est envisageable si une proposition formelle est pr\u00e9sent\u00e9e.<\/p>","protected":false},"excerpt":{"rendered":"<p>Matko Miljevic has confirmed that Inter Miami are interested in signing him, with the USMNT-eligible midfielder saying he is now [&hellip;]<\/p>\n","protected":false},"author":3,"featured_media":3088,"comment_status":"","ping_status":"open","sticky":false,"template":"","format":"standard","meta":{"googlesitekit_rrm_CAow_uzEDA:productID":"","site-sidebar-layout":"default","site-content-layout":"","ast-site-content-layout":"default","site-content-style":"default","site-sidebar-style":"default","ast-global-header-display":"","ast-banner-title-visibility":"","ast-main-header-display":"","ast-hfb-above-header-display":"","ast-hfb-below-header-display":"","ast-hfb-mobile-header-display":"","site-post-title":"","ast-breadcrumbs-content":"","ast-featured-img":"","footer-sml-layout":"","ast-disable-related-posts":"","theme-transparent-header-meta":"","adv-header-id-meta":"","stick-header-meta":"","header-above-stick-meta":"","header-main-stick-meta":"","header-below-stick-meta":"","astra-migrate-meta-layouts":"default","ast-page-background-enabled":"default","ast-page-background-meta":{"desktop":{"background-color":"var(--ast-global-color-5)","background-image":"","background-repeat":"repeat","background-position":"center center","background-size":"auto","background-attachment":"scroll","background-type":"","background-media":"","overlay-type":"","overlay-color":"","overlay-opacity":"","overlay-gradient":""},"tablet":{"background-color":"","background-image":"","background-repeat":"repeat","background-position":"center center","background-size":"auto","background-attachment":"scroll","background-type":"","background-media":"","overlay-type":"","overlay-color":"","overlay-opacity":"","overlay-gradient":""},"mobile":{"background-color":"","background-image":"","background-repeat":"repeat","background-position":"center center","background-size":"auto","background-attachment":"scroll","background-type":"","background-media":"","overlay-type":"","overlay-color":"","overlay-opacity":"","overlay-gradient":""}},"ast-content-background-meta":{"desktop":{"background-color":"var(--ast-global-color-4)","background-image":"","background-repeat":"repeat","background-position":"center center","background-size":"auto","background-attachment":"scroll","background-type":"","background-media":"","overlay-type":"","overlay-color":"","overlay-opacity":"","overlay-gradient":""},"tablet":{"background-color":"var(--ast-global-color-4)","background-image":"","background-repeat":"repeat","background-position":"center center","background-size":"auto","background-attachment":"scroll","background-type":"","background-media":"","overlay-type":"","overlay-color":"","overlay-opacity":"","overlay-gradient":""},"mobile":{"background-color":"var(--ast-global-color-4)","background-image":"","background-repeat":"repeat","background-position":"center center","background-size":"auto","background-attachment":"scroll","background-type":"","background-media":"","overlay-type":"","overlay-color":"","overlay-opacity":"","overlay-gradient":""}},"footnotes":""},"categories":[20,1],"tags":[],"class_list":["post-3089","post","type-post","status-publish","format-standard","has-post-thumbnail","hentry","category-international","category-football-latest-news"],"yoast_head":"<!-- This site is optimized with the Yoast SEO Premium plugin v26.6 (Yoast SEO v27.5) - https:\/\/yoast.com\/product\/yoast-seo-premium-wordpress\/ -->\n<title>Matko Miljevic confirms transfer interest from Inter Miami - Bladna News<\/title>\n<meta name=\"robots\" content=\"index, follow, max-snippet:-1, max-image-preview:large, max-video-preview:-1\" \/>\n<link rel=\"canonical\" href=\"https:\/\/bladnanews.com\/fr\/matko-miljevic-confirme-linteret-de-linter-miami-pour-un-transfert\/\" \/>\n<meta property=\"og:locale\" content=\"fr_FR\" \/>\n<meta property=\"og:type\" content=\"article\" \/>\n<meta property=\"og:title\" content=\"Matko Miljevic confirms transfer interest from Inter Miami\" \/>\n<meta property=\"og:description\" content=\"Matko Miljevic has confirmed that Inter Miami are interested in signing him, with the USMNT-eligible midfielder saying he is now [&hellip;]\" \/>\n<meta property=\"og:url\" content=\"https:\/\/bladnanews.com\/fr\/matko-miljevic-confirme-linteret-de-linter-miami-pour-un-transfert\/\" \/>\n<meta property=\"og:site_name\" content=\"Bladna News\" \/>\n<meta property=\"article:published_time\" content=\"2026-01-04T18:00:42+00:00\" \/>\n<meta property=\"og:image\" content=\"https:\/\/bladnanews.com\/wp-content\/uploads\/2025\/12\/freepik__bladna-newscom-moroccan-soccer-homepage-banner-mor__41838.png\" \/>\n\t<meta property=\"og:image:width\" content=\"1312\" \/>\n\t<meta property=\"og:image:height\" content=\"736\" \/>\n\t<meta property=\"og:image:type\" content=\"image\/png\" \/>\n<meta name=\"author\" content=\"Bladna News Staff\" \/>\n<meta name=\"twitter:card\" content=\"summary_large_image\" \/>\n<meta name=\"twitter:label1\" content=\"\u00c9crit par\" \/>\n\t<meta name=\"twitter:data1\" content=\"Bladna News Staff\" \/>\n\t<meta name=\"twitter:label2\" content=\"Dur\u00e9e de lecture estim\u00e9e\" \/>\n\t<meta name=\"twitter:data2\" content=\"1 minute\" \/>\n<script type=\"application\/ld+json\" class=\"yoast-schema-graph\">{\"@context\":\"https:\\\/\\\/schema.org\",\"@graph\":[{\"@type\":\"Article\",\"@id\":\"https:\\\/\\\/bladnanews.com\\\/matko-miljevic-confirms-transfer-interest-from-inter-miami\\\/#article\",\"isPartOf\":{\"@id\":\"https:\\\/\\\/bladnanews.com\\\/matko-miljevic-confirms-transfer-interest-from-inter-miami\\\/\"},\"author\":{\"name\":\"Bladna News Staff\",\"@id\":\"https:\\\/\\\/mediumseagreen-eel-531711.hostingersite.com\\\/#\\\/schema\\\/person\\\/268e18a453ab080ebf76df6ef7845083\"},\"headline\":\"Matko Miljevic confirms transfer interest from Inter Miami\",\"datePublished\":\"2026-01-04T18:00:42+00:00\",\"mainEntityOfPage\":{\"@id\":\"https:\\\/\\\/bladnanews.com\\\/matko-miljevic-confirms-transfer-interest-from-inter-miami\\\/\"},\"wordCount\":183,\"publisher\":{\"@id\":\"https:\\\/\\\/mediumseagreen-eel-531711.hostingersite.com\\\/#organization\"},\"image\":{\"@id\":\"https:\\\/\\\/bladnanews.com\\\/matko-miljevic-confirms-transfer-interest-from-inter-miami\\\/#primaryimage\"},\"thumbnailUrl\":\"https:\\\/\\\/bladnanews.com\\\/wp-content\\\/uploads\\\/2026\\\/01\\\/BladnaNews-Matko-Miljevic-confirms-transfer-interest-from-Inter-Miami-2026-01-04T215103.971Z.jpg\",\"articleSection\":[\"International\",\"Latest News\"],\"inLanguage\":\"fr-FR\",\"copyrightYear\":\"2026\",\"copyrightHolder\":{\"@id\":\"https:\\\/\\\/bladnanews.com\\\/fr\\\/#organization\"}},{\"@type\":\"WebPage\",\"@id\":\"https:\\\/\\\/bladnanews.com\\\/matko-miljevic-confirms-transfer-interest-from-inter-miami\\\/\",\"url\":\"https:\\\/\\\/bladnanews.com\\\/matko-miljevic-confirms-transfer-interest-from-inter-miami\\\/\",\"name\":\"Matko Miljevic confirms transfer interest from Inter Miami - Bladna News\",\"isPartOf\":{\"@id\":\"https:\\\/\\\/mediumseagreen-eel-531711.hostingersite.com\\\/#website\"},\"primaryImageOfPage\":{\"@id\":\"https:\\\/\\\/bladnanews.com\\\/matko-miljevic-confirms-transfer-interest-from-inter-miami\\\/#primaryimage\"},\"image\":{\"@id\":\"https:\\\/\\\/bladnanews.com\\\/matko-miljevic-confirms-transfer-interest-from-inter-miami\\\/#primaryimage\"},\"thumbnailUrl\":\"https:\\\/\\\/bladnanews.com\\\/wp-content\\\/uploads\\\/2026\\\/01\\\/BladnaNews-Matko-Miljevic-confirms-transfer-interest-from-Inter-Miami-2026-01-04T215103.971Z.jpg\",\"datePublished\":\"2026-01-04T18:00:42+00:00\",\"breadcrumb\":{\"@id\":\"https:\\\/\\\/bladnanews.com\\\/matko-miljevic-confirms-transfer-interest-from-inter-miami\\\/#breadcrumb\"},\"inLanguage\":\"fr-FR\",\"potentialAction\":[{\"@type\":\"ReadAction\",\"target\":[\"https:\\\/\\\/bladnanews.com\\\/matko-miljevic-confirms-transfer-interest-from-inter-miami\\\/\"]}]},{\"@type\":\"ImageObject\",\"inLanguage\":\"fr-FR\",\"@id\":\"https:\\\/\\\/bladnanews.com\\\/matko-miljevic-confirms-transfer-interest-from-inter-miami\\\/#primaryimage\",\"url\":\"https:\\\/\\\/bladnanews.com\\\/wp-content\\\/uploads\\\/2026\\\/01\\\/BladnaNews-Matko-Miljevic-confirms-transfer-interest-from-Inter-Miami-2026-01-04T215103.971Z.jpg\",\"contentUrl\":\"https:\\\/\\\/bladnanews.com\\\/wp-content\\\/uploads\\\/2026\\\/01\\\/BladnaNews-Matko-Miljevic-confirms-transfer-interest-from-Inter-Miami-2026-01-04T215103.971Z.jpg\",\"width\":1920,\"height\":1080,\"caption\":\"Matko Miljevic in a white and red football kit, focused on the match, representing Moroccan club football.\"},{\"@type\":\"BreadcrumbList\",\"@id\":\"https:\\\/\\\/bladnanews.com\\\/matko-miljevic-confirms-transfer-interest-from-inter-miami\\\/#breadcrumb\",\"itemListElement\":[{\"@type\":\"ListItem\",\"position\":1,\"name\":\"Home\",\"item\":\"https:\\\/\\\/bladnanews.com\\\/\"},{\"@type\":\"ListItem\",\"position\":2,\"name\":\"Matko Miljevic confirms transfer interest from Inter Miami\"}]},{\"@type\":\"WebSite\",\"@id\":\"https:\\\/\\\/mediumseagreen-eel-531711.hostingersite.com\\\/#website\",\"url\":\"https:\\\/\\\/mediumseagreen-eel-531711.hostingersite.com\\\/\",\"name\":\"Bladna News - Morocco\",\"description\":\"Where Moroccan Football Meets the World\",\"publisher\":{\"@id\":\"https:\\\/\\\/mediumseagreen-eel-531711.hostingersite.com\\\/#organization\"},\"potentialAction\":[{\"@type\":\"SearchAction\",\"target\":{\"@type\":\"EntryPoint\",\"urlTemplate\":\"https:\\\/\\\/mediumseagreen-eel-531711.hostingersite.com\\\/?s={search_term_string}\"},\"query-input\":{\"@type\":\"PropertyValueSpecification\",\"valueRequired\":true,\"valueName\":\"search_term_string\"}}],\"inLanguage\":\"fr-FR\"},{\"@type\":\"Organization\",\"@id\":\"https:\\\/\\\/mediumseagreen-eel-531711.hostingersite.com\\\/#organization\",\"name\":\"Bladna News.com\",\"url\":\"https:\\\/\\\/mediumseagreen-eel-531711.hostingersite.com\\\/\",\"logo\":{\"@type\":\"ImageObject\",\"inLanguage\":\"fr-FR\",\"@id\":\"https:\\\/\\\/mediumseagreen-eel-531711.hostingersite.com\\\/#\\\/schema\\\/logo\\\/image\\\/\",\"url\":\"https:\\\/\\\/bladnanews.com\\\/wp-content\\\/uploads\\\/2025\\\/12\\\/logo-bladnanews-V2-web-black-red.png\",\"contentUrl\":\"https:\\\/\\\/bladnanews.com\\\/wp-content\\\/uploads\\\/2025\\\/12\\\/logo-bladnanews-V2-web-black-red.png\",\"width\":703,\"height\":287,\"caption\":\"Bladna News.com\"},\"image\":{\"@id\":\"https:\\\/\\\/mediumseagreen-eel-531711.hostingersite.com\\\/#\\\/schema\\\/logo\\\/image\\\/\"},\"email\":\"info@bladnanews.com\",\"legalName\":\"Bladna News\"},{\"@type\":\"Person\",\"@id\":\"https:\\\/\\\/mediumseagreen-eel-531711.hostingersite.com\\\/#\\\/schema\\\/person\\\/268e18a453ab080ebf76df6ef7845083\",\"name\":\"Bladna News Staff\",\"url\":\"https:\\\/\\\/bladnanews.com\\\/fr\\\/author\\\/bladna-news-staff\\\/\"}]}<\/script>\n<!-- \/ Yoast SEO Premium plugin. -->","yoast_head_json":{"title":"Matko Miljevic confirme l'int\u00e9r\u00eat de l'Inter Miami pour son transfert - Bladna News","robots":{"index":"index","follow":"follow","max-snippet":"max-snippet:-1","max-image-preview":"max-image-preview:large","max-video-preview":"max-video-preview:-1"},"canonical":"https:\/\/bladnanews.com\/fr\/matko-miljevic-confirme-linteret-de-linter-miami-pour-un-transfert\/","og_locale":"fr_FR","og_type":"article","og_title":"Matko Miljevic confirms transfer interest from Inter Miami","og_description":"Matko Miljevic has confirmed that Inter Miami are interested in signing him, with the USMNT-eligible midfielder saying he is now [&hellip;]","og_url":"https:\/\/bladnanews.com\/fr\/matko-miljevic-confirme-linteret-de-linter-miami-pour-un-transfert\/","og_site_name":"Bladna News","article_published_time":"2026-01-04T18:00:42+00:00","og_image":[{"width":1312,"height":736,"url":"https:\/\/bladnanews.com\/wp-content\/uploads\/2025\/12\/freepik__bladna-newscom-moroccan-soccer-homepage-banner-mor__41838.png","type":"image\/png"}],"author":"Bladna News Staff","twitter_card":"summary_large_image","twitter_misc":{"\u00c9crit par":"Bladna News Staff","Dur\u00e9e de lecture estim\u00e9e":"1 minute"},"schema":{"@context":"https:\/\/schema.org","@graph":[{"@type":"Article","@id":"https:\/\/bladnanews.com\/matko-miljevic-confirms-transfer-interest-from-inter-miami\/#article","isPartOf":{"@id":"https:\/\/bladnanews.com\/matko-miljevic-confirms-transfer-interest-from-inter-miami\/"},"author":{"name":"Bladna News Staff","@id":"https:\/\/mediumseagreen-eel-531711.hostingersite.com\/#\/schema\/person\/268e18a453ab080ebf76df6ef7845083"},"headline":"Matko Miljevic confirms transfer interest from Inter Miami","datePublished":"2026-01-04T18:00:42+00:00","mainEntityOfPage":{"@id":"https:\/\/bladnanews.com\/matko-miljevic-confirms-transfer-interest-from-inter-miami\/"},"wordCount":183,"publisher":{"@id":"https:\/\/mediumseagreen-eel-531711.hostingersite.com\/#organization"},"image":{"@id":"https:\/\/bladnanews.com\/matko-miljevic-confirms-transfer-interest-from-inter-miami\/#primaryimage"},"thumbnailUrl":"https:\/\/bladnanews.com\/wp-content\/uploads\/2026\/01\/BladnaNews-Matko-Miljevic-confirms-transfer-interest-from-Inter-Miami-2026-01-04T215103.971Z.jpg","articleSection":["International","Latest News"],"inLanguage":"fr-FR","copyrightYear":"2026","copyrightHolder":{"@id":"https:\/\/bladnanews.com\/fr\/#organization"}},{"@type":"WebPage","@id":"https:\/\/bladnanews.com\/matko-miljevic-confirms-transfer-interest-from-inter-miami\/","url":"https:\/\/bladnanews.com\/matko-miljevic-confirms-transfer-interest-from-inter-miami\/","name":"Matko Miljevic confirme l'int\u00e9r\u00eat de l'Inter Miami pour son transfert - Bladna News","isPartOf":{"@id":"https:\/\/mediumseagreen-eel-531711.hostingersite.com\/#website"},"primaryImageOfPage":{"@id":"https:\/\/bladnanews.com\/matko-miljevic-confirms-transfer-interest-from-inter-miami\/#primaryimage"},"image":{"@id":"https:\/\/bladnanews.com\/matko-miljevic-confirms-transfer-interest-from-inter-miami\/#primaryimage"},"thumbnailUrl":"https:\/\/bladnanews.com\/wp-content\/uploads\/2026\/01\/BladnaNews-Matko-Miljevic-confirms-transfer-interest-from-Inter-Miami-2026-01-04T215103.971Z.jpg","datePublished":"2026-01-04T18:00:42+00:00","breadcrumb":{"@id":"https:\/\/bladnanews.com\/matko-miljevic-confirms-transfer-interest-from-inter-miami\/#breadcrumb"},"inLanguage":"fr-FR","potentialAction":[{"@type":"ReadAction","target":["https:\/\/bladnanews.com\/matko-miljevic-confirms-transfer-interest-from-inter-miami\/"]}]},{"@type":"ImageObject","inLanguage":"fr-FR","@id":"https:\/\/bladnanews.com\/matko-miljevic-confirms-transfer-interest-from-inter-miami\/#primaryimage","url":"https:\/\/bladnanews.com\/wp-content\/uploads\/2026\/01\/BladnaNews-Matko-Miljevic-confirms-transfer-interest-from-Inter-Miami-2026-01-04T215103.971Z.jpg","contentUrl":"https:\/\/bladnanews.com\/wp-content\/uploads\/2026\/01\/BladnaNews-Matko-Miljevic-confirms-transfer-interest-from-Inter-Miami-2026-01-04T215103.971Z.jpg","width":1920,"height":1080,"caption":"Matko Miljevic in a white and red football kit, focused on the match, representing Moroccan club football."},{"@type":"BreadcrumbList","@id":"https:\/\/bladnanews.com\/matko-miljevic-confirms-transfer-interest-from-inter-miami\/#breadcrumb","itemListElement":[{"@type":"ListItem","position":1,"name":"Home","item":"https:\/\/bladnanews.com\/"},{"@type":"ListItem","position":2,"name":"Matko Miljevic confirms transfer interest from Inter Miami"}]},{"@type":"WebSite","@id":"https:\/\/mediumseagreen-eel-531711.hostingersite.com\/#website","url":"https:\/\/mediumseagreen-eel-531711.hostingersite.com\/","name":"Bladna News - Maroc","description":"Quand le football marocain rencontre le monde","publisher":{"@id":"https:\/\/mediumseagreen-eel-531711.hostingersite.com\/#organization"},"potentialAction":[{"@type":"SearchAction","target":{"@type":"EntryPoint","urlTemplate":"https:\/\/mediumseagreen-eel-531711.hostingersite.com\/?s={search_term_string}"},"query-input":{"@type":"PropertyValueSpecification","valueRequired":true,"valueName":"search_term_string"}}],"inLanguage":"fr-FR"},{"@type":"Organization","@id":"https:\/\/mediumseagreen-eel-531711.hostingersite.com\/#organization","name":"Bladna News.com","url":"https:\/\/mediumseagreen-eel-531711.hostingersite.com\/","logo":{"@type":"ImageObject","inLanguage":"fr-FR","@id":"https:\/\/mediumseagreen-eel-531711.hostingersite.com\/#\/schema\/logo\/image\/","url":"https:\/\/bladnanews.com\/wp-content\/uploads\/2025\/12\/logo-bladnanews-V2-web-black-red.png","contentUrl":"https:\/\/bladnanews.com\/wp-content\/uploads\/2025\/12\/logo-bladnanews-V2-web-black-red.png","width":703,"height":287,"caption":"Bladna News.com"},"image":{"@id":"https:\/\/mediumseagreen-eel-531711.hostingersite.com\/#\/schema\/logo\/image\/"},"email":"info@bladnanews.com","legalName":"Bladna News"},{"@type":"Person","@id":"https:\/\/mediumseagreen-eel-531711.hostingersite.com\/#\/schema\/person\/268e18a453ab080ebf76df6ef7845083","name":"\u00c9quipe r\u00e9dactionnelle de Bladna News","url":"https:\/\/bladnanews.com\/fr\/author\/bladna-news-staff\/"}]}},"_links":{"self":[{"href":"https:\/\/bladnanews.com\/fr\/wp-json\/wp\/v2\/posts\/3089","targetHints":{"allow":["GET"]}}],"collection":[{"href":"https:\/\/bladnanews.com\/fr\/wp-json\/wp\/v2\/posts"}],"about":[{"href":"https:\/\/bladnanews.com\/fr\/wp-json\/wp\/v2\/types\/post"}],"author":[{"embeddable":true,"href":"https:\/\/bladnanews.com\/fr\/wp-json\/wp\/v2\/users\/3"}],"replies":[{"embeddable":true,"href":"https:\/\/bladnanews.com\/fr\/wp-json\/wp\/v2\/comments?post=3089"}],"version-history":[{"count":0,"href":"https:\/\/bladnanews.com\/fr\/wp-json\/wp\/v2\/posts\/3089\/revisions"}],"wp:featuredmedia":[{"embeddable":true,"href":"https:\/\/bladnanews.com\/fr\/wp-json\/wp\/v2\/media\/3088"}],"wp:attachment":[{"href":"https:\/\/bladnanews.com\/fr\/wp-json\/wp\/v2\/media?parent=3089"}],"wp:term":[{"taxonomy":"category","embeddable":true,"href":"https:\/\/bladnanews.com\/fr\/wp-json\/wp\/v2\/categories?post=3089"},{"taxonomy":"post_tag","embeddable":true,"href":"https:\/\/bladnanews.com\/fr\/wp-json\/wp\/v2\/tags?post=3089"}],"curies":[{"name":"wp","href":"https:\/\/api.w.org\/{rel}","templated":true}]}}