{"id":3297,"date":"2026-01-04T19:23:33","date_gmt":"2026-01-04T19:23:33","guid":{"rendered":"https:\/\/bladnanews.com\/bayern-wonderkid-lennart-karl-says-real-madrid-is-dream-club\/"},"modified":"2026-01-04T19:23:33","modified_gmt":"2026-01-04T19:23:33","slug":"la-jeune-pepite-du-bayern-lennart-karl-declare-que-le-real-madrid-est-le-club-de-ses-reves","status":"publish","type":"post","link":"https:\/\/bladnanews.com\/fr\/la-jeune-pepite-du-bayern-lennart-karl-declare-que-le-real-madrid-est-le-club-de-ses-reves\/","title":{"rendered":"Le jeune prodige du Bayern Lennart Karl dit que le Real Madrid est le club de ses r\u00eaves"},"content":{"rendered":"<p>Le jeune de Bayern Munich, Lennart Karl, a fait une d\u00e9claration frappante sur son avenir, disant que le Real Madrid est son \u201c club de r\u00eave \u201d et insistant : \u201c Je veux d\u00e9finitivement y aller. \u201d<\/p>\n<p>S'exprimant ouvertement sur ses ambitions, le talent allemand tr\u00e8s appr\u00e9ci\u00e9 a r\u00e9v\u00e9l\u00e9 qu'il aimerait jouer un jour pour les g\u00e9ants espagnols, d\u00e9crivant Madrid comme la destination qu'il a toujours en t\u00eate.<\/p>\n<p>Les commentaires de Karl sont une rare d\u00e9claration publique d'un joueur du Bayern de son \u00e2ge, et ils soulignent \u00e0 quel point il consid\u00e8re un transfert au Santiago Bernabeu comme important. L'adolescent n'a pas cach\u00e9 ses sentiments lorsqu'on lui a demand\u00e9 quel club il r\u00eave de repr\u00e9senter, pr\u00e9cisant que le Real Madrid est en t\u00eate de sa liste.<\/p>\n<p>Pour le Bayern, Karl reste l'un des espoirs les plus brillants du syst\u00e8me, et son d\u00e9veloppement continue d'\u00eatre suivi de pr\u00e8s en Allemagne. Mais sa d\u00e9claration ne passera pas inaper\u00e7ue, le jeune homme \u00e9tant d\u00e9sormais enregistr\u00e9 en train de d\u00e9crire le Real Madrid comme son objectif \u00e0 long terme.<\/p>\n<p>Avec le joueur encore au d\u00e9but de sa carri\u00e8re, aucune d\u00e9cision officielle n'a \u00e9t\u00e9 annonc\u00e9e concernant un transfert imm\u00e9diat. Cependant, ce qui a \u00e9t\u00e9 r\u00e9v\u00e9l\u00e9 est la propre position de Karl : il a fix\u00e9 son objectif sur le Real Madrid, et il \u201c veut d\u00e9finitivement \u201d y aller \u00e0 l'avenir.<\/p>","protected":false},"excerpt":{"rendered":"<p>Bayern Munich youngster Lennart Karl has made a striking admission about his future, saying Real Madrid are his \u201cdream club\u201d [&hellip;]<\/p>\n","protected":false},"author":3,"featured_media":3296,"comment_status":"","ping_status":"open","sticky":false,"template":"","format":"standard","meta":{"googlesitekit_rrm_CAow_uzEDA:productID":"","site-sidebar-layout":"default","site-content-layout":"","ast-site-content-layout":"default","site-content-style":"default","site-sidebar-style":"default","ast-global-header-display":"","ast-banner-title-visibility":"","ast-main-header-display":"","ast-hfb-above-header-display":"","ast-hfb-below-header-display":"","ast-hfb-mobile-header-display":"","site-post-title":"","ast-breadcrumbs-content":"","ast-featured-img":"","footer-sml-layout":"","ast-disable-related-posts":"","theme-transparent-header-meta":"","adv-header-id-meta":"","stick-header-meta":"","header-above-stick-meta":"","header-main-stick-meta":"","header-below-stick-meta":"","astra-migrate-meta-layouts":"default","ast-page-background-enabled":"default","ast-page-background-meta":{"desktop":{"background-color":"var(--ast-global-color-5)","background-image":"","background-repeat":"repeat","background-position":"center center","background-size":"auto","background-attachment":"scroll","background-type":"","background-media":"","overlay-type":"","overlay-color":"","overlay-opacity":"","overlay-gradient":""},"tablet":{"background-color":"","background-image":"","background-repeat":"repeat","background-position":"center center","background-size":"auto","background-attachment":"scroll","background-type":"","background-media":"","overlay-type":"","overlay-color":"","overlay-opacity":"","overlay-gradient":""},"mobile":{"background-color":"","background-image":"","background-repeat":"repeat","background-position":"center center","background-size":"auto","background-attachment":"scroll","background-type":"","background-media":"","overlay-type":"","overlay-color":"","overlay-opacity":"","overlay-gradient":""}},"ast-content-background-meta":{"desktop":{"background-color":"var(--ast-global-color-4)","background-image":"","background-repeat":"repeat","background-position":"center center","background-size":"auto","background-attachment":"scroll","background-type":"","background-media":"","overlay-type":"","overlay-color":"","overlay-opacity":"","overlay-gradient":""},"tablet":{"background-color":"var(--ast-global-color-4)","background-image":"","background-repeat":"repeat","background-position":"center center","background-size":"auto","background-attachment":"scroll","background-type":"","background-media":"","overlay-type":"","overlay-color":"","overlay-opacity":"","overlay-gradient":""},"mobile":{"background-color":"var(--ast-global-color-4)","background-image":"","background-repeat":"repeat","background-position":"center center","background-size":"auto","background-attachment":"scroll","background-type":"","background-media":"","overlay-type":"","overlay-color":"","overlay-opacity":"","overlay-gradient":""}},"footnotes":""},"categories":[20,1],"tags":[],"class_list":["post-3297","post","type-post","status-publish","format-standard","has-post-thumbnail","hentry","category-international","category-football-latest-news"],"yoast_head":"<!-- This site is optimized with the Yoast SEO Premium plugin v26.6 (Yoast SEO v27.5) - https:\/\/yoast.com\/product\/yoast-seo-premium-wordpress\/ -->\n<title>Bayern wonderkid Lennart Karl says Real Madrid is dream club - Bladna News<\/title>\n<meta name=\"robots\" content=\"index, follow, max-snippet:-1, max-image-preview:large, max-video-preview:-1\" \/>\n<link rel=\"canonical\" href=\"https:\/\/bladnanews.com\/fr\/la-jeune-pepite-du-bayern-lennart-karl-declare-que-le-real-madrid-est-le-club-de-ses-reves\/\" \/>\n<meta property=\"og:locale\" content=\"fr_FR\" \/>\n<meta property=\"og:type\" content=\"article\" \/>\n<meta property=\"og:title\" content=\"Bayern wonderkid Lennart Karl says Real Madrid is dream club\" \/>\n<meta property=\"og:description\" content=\"Bayern Munich youngster Lennart Karl has made a striking admission about his future, saying Real Madrid are his \u201cdream club\u201d [&hellip;]\" \/>\n<meta property=\"og:url\" content=\"https:\/\/bladnanews.com\/fr\/la-jeune-pepite-du-bayern-lennart-karl-declare-que-le-real-madrid-est-le-club-de-ses-reves\/\" \/>\n<meta property=\"og:site_name\" content=\"Bladna News\" \/>\n<meta property=\"article:published_time\" content=\"2026-01-04T19:23:33+00:00\" \/>\n<meta property=\"og:image\" content=\"https:\/\/bladnanews.com\/wp-content\/uploads\/2025\/12\/freepik__bladna-newscom-moroccan-soccer-homepage-banner-mor__41838.png\" \/>\n\t<meta property=\"og:image:width\" content=\"1312\" \/>\n\t<meta property=\"og:image:height\" content=\"736\" \/>\n\t<meta property=\"og:image:type\" content=\"image\/png\" \/>\n<meta name=\"author\" content=\"Bladna News Staff\" \/>\n<meta name=\"twitter:card\" content=\"summary_large_image\" \/>\n<meta name=\"twitter:label1\" content=\"\u00c9crit par\" \/>\n\t<meta name=\"twitter:data1\" content=\"Bladna News Staff\" \/>\n\t<meta name=\"twitter:label2\" content=\"Dur\u00e9e de lecture estim\u00e9e\" \/>\n\t<meta name=\"twitter:data2\" content=\"1 minute\" \/>\n<script type=\"application\/ld+json\" class=\"yoast-schema-graph\">{\"@context\":\"https:\\\/\\\/schema.org\",\"@graph\":[{\"@type\":\"Article\",\"@id\":\"https:\\\/\\\/bladnanews.com\\\/bayern-wonderkid-lennart-karl-says-real-madrid-is-dream-club\\\/#article\",\"isPartOf\":{\"@id\":\"https:\\\/\\\/bladnanews.com\\\/bayern-wonderkid-lennart-karl-says-real-madrid-is-dream-club\\\/\"},\"author\":{\"name\":\"Bladna News Staff\",\"@id\":\"https:\\\/\\\/mediumseagreen-eel-531711.hostingersite.com\\\/#\\\/schema\\\/person\\\/268e18a453ab080ebf76df6ef7845083\"},\"headline\":\"Bayern wonderkid Lennart Karl says Real Madrid is dream club\",\"datePublished\":\"2026-01-04T19:23:33+00:00\",\"mainEntityOfPage\":{\"@id\":\"https:\\\/\\\/bladnanews.com\\\/bayern-wonderkid-lennart-karl-says-real-madrid-is-dream-club\\\/\"},\"wordCount\":217,\"publisher\":{\"@id\":\"https:\\\/\\\/mediumseagreen-eel-531711.hostingersite.com\\\/#organization\"},\"image\":{\"@id\":\"https:\\\/\\\/bladnanews.com\\\/bayern-wonderkid-lennart-karl-says-real-madrid-is-dream-club\\\/#primaryimage\"},\"thumbnailUrl\":\"https:\\\/\\\/bladnanews.com\\\/wp-content\\\/uploads\\\/2026\\\/01\\\/BladnaNews-Bayern-wonderkid-Lennart-Karl-says-Real-Madrid-is-dream-club-2026-01-04T235049.139Z.jpg\",\"articleSection\":[\"International\",\"Latest News\"],\"inLanguage\":\"fr-FR\",\"copyrightYear\":\"2026\",\"copyrightHolder\":{\"@id\":\"https:\\\/\\\/bladnanews.com\\\/fr\\\/#organization\"}},{\"@type\":\"WebPage\",\"@id\":\"https:\\\/\\\/bladnanews.com\\\/bayern-wonderkid-lennart-karl-says-real-madrid-is-dream-club\\\/\",\"url\":\"https:\\\/\\\/bladnanews.com\\\/bayern-wonderkid-lennart-karl-says-real-madrid-is-dream-club\\\/\",\"name\":\"Bayern wonderkid Lennart Karl says Real Madrid is dream club - Bladna News\",\"isPartOf\":{\"@id\":\"https:\\\/\\\/mediumseagreen-eel-531711.hostingersite.com\\\/#website\"},\"primaryImageOfPage\":{\"@id\":\"https:\\\/\\\/bladnanews.com\\\/bayern-wonderkid-lennart-karl-says-real-madrid-is-dream-club\\\/#primaryimage\"},\"image\":{\"@id\":\"https:\\\/\\\/bladnanews.com\\\/bayern-wonderkid-lennart-karl-says-real-madrid-is-dream-club\\\/#primaryimage\"},\"thumbnailUrl\":\"https:\\\/\\\/bladnanews.com\\\/wp-content\\\/uploads\\\/2026\\\/01\\\/BladnaNews-Bayern-wonderkid-Lennart-Karl-says-Real-Madrid-is-dream-club-2026-01-04T235049.139Z.jpg\",\"datePublished\":\"2026-01-04T19:23:33+00:00\",\"breadcrumb\":{\"@id\":\"https:\\\/\\\/bladnanews.com\\\/bayern-wonderkid-lennart-karl-says-real-madrid-is-dream-club\\\/#breadcrumb\"},\"inLanguage\":\"fr-FR\",\"potentialAction\":[{\"@type\":\"ReadAction\",\"target\":[\"https:\\\/\\\/bladnanews.com\\\/bayern-wonderkid-lennart-karl-says-real-madrid-is-dream-club\\\/\"]}]},{\"@type\":\"ImageObject\",\"inLanguage\":\"fr-FR\",\"@id\":\"https:\\\/\\\/bladnanews.com\\\/bayern-wonderkid-lennart-karl-says-real-madrid-is-dream-club\\\/#primaryimage\",\"url\":\"https:\\\/\\\/bladnanews.com\\\/wp-content\\\/uploads\\\/2026\\\/01\\\/BladnaNews-Bayern-wonderkid-Lennart-Karl-says-Real-Madrid-is-dream-club-2026-01-04T235049.139Z.jpg\",\"contentUrl\":\"https:\\\/\\\/bladnanews.com\\\/wp-content\\\/uploads\\\/2026\\\/01\\\/BladnaNews-Bayern-wonderkid-Lennart-Karl-says-Real-Madrid-is-dream-club-2026-01-04T235049.139Z.jpg\",\"width\":1920,\"height\":1080,\"caption\":\"Lennart Karl in Bayern Munich's red kit, deep in thought during a match, with a focused expression and hand on his mouth.\"},{\"@type\":\"BreadcrumbList\",\"@id\":\"https:\\\/\\\/bladnanews.com\\\/bayern-wonderkid-lennart-karl-says-real-madrid-is-dream-club\\\/#breadcrumb\",\"itemListElement\":[{\"@type\":\"ListItem\",\"position\":1,\"name\":\"Home\",\"item\":\"https:\\\/\\\/bladnanews.com\\\/\"},{\"@type\":\"ListItem\",\"position\":2,\"name\":\"Bayern wonderkid Lennart Karl says Real Madrid is dream club\"}]},{\"@type\":\"WebSite\",\"@id\":\"https:\\\/\\\/mediumseagreen-eel-531711.hostingersite.com\\\/#website\",\"url\":\"https:\\\/\\\/mediumseagreen-eel-531711.hostingersite.com\\\/\",\"name\":\"Bladna News - Morocco\",\"description\":\"Where Moroccan Football Meets the World\",\"publisher\":{\"@id\":\"https:\\\/\\\/mediumseagreen-eel-531711.hostingersite.com\\\/#organization\"},\"potentialAction\":[{\"@type\":\"SearchAction\",\"target\":{\"@type\":\"EntryPoint\",\"urlTemplate\":\"https:\\\/\\\/mediumseagreen-eel-531711.hostingersite.com\\\/?s={search_term_string}\"},\"query-input\":{\"@type\":\"PropertyValueSpecification\",\"valueRequired\":true,\"valueName\":\"search_term_string\"}}],\"inLanguage\":\"fr-FR\"},{\"@type\":\"Organization\",\"@id\":\"https:\\\/\\\/mediumseagreen-eel-531711.hostingersite.com\\\/#organization\",\"name\":\"Bladna News.com\",\"url\":\"https:\\\/\\\/mediumseagreen-eel-531711.hostingersite.com\\\/\",\"logo\":{\"@type\":\"ImageObject\",\"inLanguage\":\"fr-FR\",\"@id\":\"https:\\\/\\\/mediumseagreen-eel-531711.hostingersite.com\\\/#\\\/schema\\\/logo\\\/image\\\/\",\"url\":\"https:\\\/\\\/bladnanews.com\\\/wp-content\\\/uploads\\\/2025\\\/12\\\/logo-bladnanews-V2-web-black-red.png\",\"contentUrl\":\"https:\\\/\\\/bladnanews.com\\\/wp-content\\\/uploads\\\/2025\\\/12\\\/logo-bladnanews-V2-web-black-red.png\",\"width\":703,\"height\":287,\"caption\":\"Bladna News.com\"},\"image\":{\"@id\":\"https:\\\/\\\/mediumseagreen-eel-531711.hostingersite.com\\\/#\\\/schema\\\/logo\\\/image\\\/\"},\"email\":\"info@bladnanews.com\",\"legalName\":\"Bladna News\"},{\"@type\":\"Person\",\"@id\":\"https:\\\/\\\/mediumseagreen-eel-531711.hostingersite.com\\\/#\\\/schema\\\/person\\\/268e18a453ab080ebf76df6ef7845083\",\"name\":\"Bladna News Staff\",\"url\":\"https:\\\/\\\/bladnanews.com\\\/fr\\\/author\\\/bladna-news-staff\\\/\"}]}<\/script>\n<!-- \/ Yoast SEO Premium plugin. -->","yoast_head_json":{"title":"Le prodige du Bayern, Lennart Karl, d\u00e9clare que le Real Madrid est un club de r\u00eave - Bladna News","robots":{"index":"index","follow":"follow","max-snippet":"max-snippet:-1","max-image-preview":"max-image-preview:large","max-video-preview":"max-video-preview:-1"},"canonical":"https:\/\/bladnanews.com\/fr\/la-jeune-pepite-du-bayern-lennart-karl-declare-que-le-real-madrid-est-le-club-de-ses-reves\/","og_locale":"fr_FR","og_type":"article","og_title":"Bayern wonderkid Lennart Karl says Real Madrid is dream club","og_description":"Bayern Munich youngster Lennart Karl has made a striking admission about his future, saying Real Madrid are his \u201cdream club\u201d [&hellip;]","og_url":"https:\/\/bladnanews.com\/fr\/la-jeune-pepite-du-bayern-lennart-karl-declare-que-le-real-madrid-est-le-club-de-ses-reves\/","og_site_name":"Bladna News","article_published_time":"2026-01-04T19:23:33+00:00","og_image":[{"width":1312,"height":736,"url":"https:\/\/bladnanews.com\/wp-content\/uploads\/2025\/12\/freepik__bladna-newscom-moroccan-soccer-homepage-banner-mor__41838.png","type":"image\/png"}],"author":"Bladna News Staff","twitter_card":"summary_large_image","twitter_misc":{"\u00c9crit par":"Bladna News Staff","Dur\u00e9e de lecture estim\u00e9e":"1 minute"},"schema":{"@context":"https:\/\/schema.org","@graph":[{"@type":"Article","@id":"https:\/\/bladnanews.com\/bayern-wonderkid-lennart-karl-says-real-madrid-is-dream-club\/#article","isPartOf":{"@id":"https:\/\/bladnanews.com\/bayern-wonderkid-lennart-karl-says-real-madrid-is-dream-club\/"},"author":{"name":"Bladna News Staff","@id":"https:\/\/mediumseagreen-eel-531711.hostingersite.com\/#\/schema\/person\/268e18a453ab080ebf76df6ef7845083"},"headline":"Bayern wonderkid Lennart Karl says Real Madrid is dream club","datePublished":"2026-01-04T19:23:33+00:00","mainEntityOfPage":{"@id":"https:\/\/bladnanews.com\/bayern-wonderkid-lennart-karl-says-real-madrid-is-dream-club\/"},"wordCount":217,"publisher":{"@id":"https:\/\/mediumseagreen-eel-531711.hostingersite.com\/#organization"},"image":{"@id":"https:\/\/bladnanews.com\/bayern-wonderkid-lennart-karl-says-real-madrid-is-dream-club\/#primaryimage"},"thumbnailUrl":"https:\/\/bladnanews.com\/wp-content\/uploads\/2026\/01\/BladnaNews-Bayern-wonderkid-Lennart-Karl-says-Real-Madrid-is-dream-club-2026-01-04T235049.139Z.jpg","articleSection":["International","Latest News"],"inLanguage":"fr-FR","copyrightYear":"2026","copyrightHolder":{"@id":"https:\/\/bladnanews.com\/fr\/#organization"}},{"@type":"WebPage","@id":"https:\/\/bladnanews.com\/bayern-wonderkid-lennart-karl-says-real-madrid-is-dream-club\/","url":"https:\/\/bladnanews.com\/bayern-wonderkid-lennart-karl-says-real-madrid-is-dream-club\/","name":"Le prodige du Bayern, Lennart Karl, d\u00e9clare que le Real Madrid est un club de r\u00eave - Bladna News","isPartOf":{"@id":"https:\/\/mediumseagreen-eel-531711.hostingersite.com\/#website"},"primaryImageOfPage":{"@id":"https:\/\/bladnanews.com\/bayern-wonderkid-lennart-karl-says-real-madrid-is-dream-club\/#primaryimage"},"image":{"@id":"https:\/\/bladnanews.com\/bayern-wonderkid-lennart-karl-says-real-madrid-is-dream-club\/#primaryimage"},"thumbnailUrl":"https:\/\/bladnanews.com\/wp-content\/uploads\/2026\/01\/BladnaNews-Bayern-wonderkid-Lennart-Karl-says-Real-Madrid-is-dream-club-2026-01-04T235049.139Z.jpg","datePublished":"2026-01-04T19:23:33+00:00","breadcrumb":{"@id":"https:\/\/bladnanews.com\/bayern-wonderkid-lennart-karl-says-real-madrid-is-dream-club\/#breadcrumb"},"inLanguage":"fr-FR","potentialAction":[{"@type":"ReadAction","target":["https:\/\/bladnanews.com\/bayern-wonderkid-lennart-karl-says-real-madrid-is-dream-club\/"]}]},{"@type":"ImageObject","inLanguage":"fr-FR","@id":"https:\/\/bladnanews.com\/bayern-wonderkid-lennart-karl-says-real-madrid-is-dream-club\/#primaryimage","url":"https:\/\/bladnanews.com\/wp-content\/uploads\/2026\/01\/BladnaNews-Bayern-wonderkid-Lennart-Karl-says-Real-Madrid-is-dream-club-2026-01-04T235049.139Z.jpg","contentUrl":"https:\/\/bladnanews.com\/wp-content\/uploads\/2026\/01\/BladnaNews-Bayern-wonderkid-Lennart-Karl-says-Real-Madrid-is-dream-club-2026-01-04T235049.139Z.jpg","width":1920,"height":1080,"caption":"Lennart Karl in Bayern Munich's red kit, deep in thought during a match, with a focused expression and hand on his mouth."},{"@type":"BreadcrumbList","@id":"https:\/\/bladnanews.com\/bayern-wonderkid-lennart-karl-says-real-madrid-is-dream-club\/#breadcrumb","itemListElement":[{"@type":"ListItem","position":1,"name":"Home","item":"https:\/\/bladnanews.com\/"},{"@type":"ListItem","position":2,"name":"Bayern wonderkid Lennart Karl says Real Madrid is dream club"}]},{"@type":"WebSite","@id":"https:\/\/mediumseagreen-eel-531711.hostingersite.com\/#website","url":"https:\/\/mediumseagreen-eel-531711.hostingersite.com\/","name":"Bladna News - Maroc","description":"Quand le football marocain rencontre le monde","publisher":{"@id":"https:\/\/mediumseagreen-eel-531711.hostingersite.com\/#organization"},"potentialAction":[{"@type":"SearchAction","target":{"@type":"EntryPoint","urlTemplate":"https:\/\/mediumseagreen-eel-531711.hostingersite.com\/?s={search_term_string}"},"query-input":{"@type":"PropertyValueSpecification","valueRequired":true,"valueName":"search_term_string"}}],"inLanguage":"fr-FR"},{"@type":"Organization","@id":"https:\/\/mediumseagreen-eel-531711.hostingersite.com\/#organization","name":"Bladna News.com","url":"https:\/\/mediumseagreen-eel-531711.hostingersite.com\/","logo":{"@type":"ImageObject","inLanguage":"fr-FR","@id":"https:\/\/mediumseagreen-eel-531711.hostingersite.com\/#\/schema\/logo\/image\/","url":"https:\/\/bladnanews.com\/wp-content\/uploads\/2025\/12\/logo-bladnanews-V2-web-black-red.png","contentUrl":"https:\/\/bladnanews.com\/wp-content\/uploads\/2025\/12\/logo-bladnanews-V2-web-black-red.png","width":703,"height":287,"caption":"Bladna News.com"},"image":{"@id":"https:\/\/mediumseagreen-eel-531711.hostingersite.com\/#\/schema\/logo\/image\/"},"email":"info@bladnanews.com","legalName":"Bladna News"},{"@type":"Person","@id":"https:\/\/mediumseagreen-eel-531711.hostingersite.com\/#\/schema\/person\/268e18a453ab080ebf76df6ef7845083","name":"\u00c9quipe r\u00e9dactionnelle de Bladna News","url":"https:\/\/bladnanews.com\/fr\/author\/bladna-news-staff\/"}]}},"_links":{"self":[{"href":"https:\/\/bladnanews.com\/fr\/wp-json\/wp\/v2\/posts\/3297","targetHints":{"allow":["GET"]}}],"collection":[{"href":"https:\/\/bladnanews.com\/fr\/wp-json\/wp\/v2\/posts"}],"about":[{"href":"https:\/\/bladnanews.com\/fr\/wp-json\/wp\/v2\/types\/post"}],"author":[{"embeddable":true,"href":"https:\/\/bladnanews.com\/fr\/wp-json\/wp\/v2\/users\/3"}],"replies":[{"embeddable":true,"href":"https:\/\/bladnanews.com\/fr\/wp-json\/wp\/v2\/comments?post=3297"}],"version-history":[{"count":0,"href":"https:\/\/bladnanews.com\/fr\/wp-json\/wp\/v2\/posts\/3297\/revisions"}],"wp:featuredmedia":[{"embeddable":true,"href":"https:\/\/bladnanews.com\/fr\/wp-json\/wp\/v2\/media\/3296"}],"wp:attachment":[{"href":"https:\/\/bladnanews.com\/fr\/wp-json\/wp\/v2\/media?parent=3297"}],"wp:term":[{"taxonomy":"category","embeddable":true,"href":"https:\/\/bladnanews.com\/fr\/wp-json\/wp\/v2\/categories?post=3297"},{"taxonomy":"post_tag","embeddable":true,"href":"https:\/\/bladnanews.com\/fr\/wp-json\/wp\/v2\/tags?post=3297"}],"curies":[{"name":"wp","href":"https:\/\/api.w.org\/{rel}","templated":true}]}}