{"id":3367,"date":"2026-01-04T20:10:55","date_gmt":"2026-01-04T20:10:55","guid":{"rendered":"https:\/\/bladnanews.com\/leeds-confirm-supporter-died-after-medical-emergency-at-elland-road\/"},"modified":"2026-01-04T20:10:55","modified_gmt":"2026-01-04T20:10:55","slug":"leeds-confirme-le-deces-dun-supporter-apres-une-urgence-medicale-a-elland-road","status":"publish","type":"post","link":"https:\/\/bladnanews.com\/fr\/leeds-confirme-le-deces-dun-supporter-apres-une-urgence-medicale-a-elland-road\/","title":{"rendered":"Leeds confirme le d\u00e9c\u00e8s d'un supporter apr\u00e8s une urgence m\u00e9dicale \u00e0 Elland Road"},"content":{"rendered":"<p>Leeds United a confirm\u00e9 le d\u00e9c\u00e8s d'un supporter suite \u00e0 un malaise survenu \u00e0 Elland Road avant leur match de Premier League contre Manchester United dimanche.<\/p>\n<p>Le club a indiqu\u00e9 que l'incident s'\u00e9tait produit dans la <em>Tribune Ouest<\/em> avant le coup d'envoi, le personnel m\u00e9dical et les services d'urgence \u00e9tant intervenus imm\u00e9diatement. La rencontre s'est d\u00e9roul\u00e9e comme pr\u00e9vu.<\/p>\n<p>Dans un communiqu\u00e9 publi\u00e9 apr\u00e8s le match, Leeds a d\u00e9clar\u00e9 \u00eatre \u201c<strong>d\u00e9vast\u00e9<\/strong>\u201d par cette nouvelle et a pr\u00e9sent\u00e9 ses condol\u00e9ances \u00e0 la famille et aux amis du supporter. Le club a \u00e9galement remerci\u00e9 ceux qui ont port\u00e9 assistance ce jour-l\u00e0, notamment les stewards, les \u00e9quipes m\u00e9dicales et les services d'urgence.<\/p>\n<p>Leeds a confirm\u00e9 le d\u00e9c\u00e8s ult\u00e9rieur du supporter et a pr\u00e9cis\u00e9 que le club \u00e9tait en contact avec la famille pour lui apporter son soutien en cette p\u00e9riode qualifi\u00e9e de tr\u00e8s difficile.<\/p>\n<p>Le match de dimanche s'est termin\u00e9 sur un score de 2-2. Manchester United avait men\u00e9 gr\u00e2ce \u00e0 un but de Marcus Rashford \u00e0 la 80e minute, avant que Jadon Sancho ne porte le score \u00e0 2-0 \u00e0 la 82e. Leeds a r\u00e9agi en fin de match, Rodrigo r\u00e9duisant l'\u00e9cart \u00e0 la 88e minute et Luis Sinisterra \u00e9galisant dans la cinqui\u00e8me minute du temps additionnel.<\/p>\n<p>Leeds a d\u00e9clar\u00e9 qu'il continuerait \u00e0 apporter son soutien \u00e0 toutes les personnes affect\u00e9es par cette trag\u00e9die.<\/p>","protected":false},"excerpt":{"rendered":"<p>Leeds United have confirmed a supporter died following a medical emergency at Elland Road ahead of their Premier League match [&hellip;]<\/p>\n","protected":false},"author":3,"featured_media":3366,"comment_status":"","ping_status":"open","sticky":false,"template":"","format":"standard","meta":{"googlesitekit_rrm_CAow_uzEDA:productID":"","site-sidebar-layout":"default","site-content-layout":"","ast-site-content-layout":"default","site-content-style":"default","site-sidebar-style":"default","ast-global-header-display":"","ast-banner-title-visibility":"","ast-main-header-display":"","ast-hfb-above-header-display":"","ast-hfb-below-header-display":"","ast-hfb-mobile-header-display":"","site-post-title":"","ast-breadcrumbs-content":"","ast-featured-img":"","footer-sml-layout":"","ast-disable-related-posts":"","theme-transparent-header-meta":"","adv-header-id-meta":"","stick-header-meta":"","header-above-stick-meta":"","header-main-stick-meta":"","header-below-stick-meta":"","astra-migrate-meta-layouts":"default","ast-page-background-enabled":"default","ast-page-background-meta":{"desktop":{"background-color":"var(--ast-global-color-5)","background-image":"","background-repeat":"repeat","background-position":"center center","background-size":"auto","background-attachment":"scroll","background-type":"","background-media":"","overlay-type":"","overlay-color":"","overlay-opacity":"","overlay-gradient":""},"tablet":{"background-color":"","background-image":"","background-repeat":"repeat","background-position":"center center","background-size":"auto","background-attachment":"scroll","background-type":"","background-media":"","overlay-type":"","overlay-color":"","overlay-opacity":"","overlay-gradient":""},"mobile":{"background-color":"","background-image":"","background-repeat":"repeat","background-position":"center center","background-size":"auto","background-attachment":"scroll","background-type":"","background-media":"","overlay-type":"","overlay-color":"","overlay-opacity":"","overlay-gradient":""}},"ast-content-background-meta":{"desktop":{"background-color":"var(--ast-global-color-4)","background-image":"","background-repeat":"repeat","background-position":"center center","background-size":"auto","background-attachment":"scroll","background-type":"","background-media":"","overlay-type":"","overlay-color":"","overlay-opacity":"","overlay-gradient":""},"tablet":{"background-color":"var(--ast-global-color-4)","background-image":"","background-repeat":"repeat","background-position":"center center","background-size":"auto","background-attachment":"scroll","background-type":"","background-media":"","overlay-type":"","overlay-color":"","overlay-opacity":"","overlay-gradient":""},"mobile":{"background-color":"var(--ast-global-color-4)","background-image":"","background-repeat":"repeat","background-position":"center center","background-size":"auto","background-attachment":"scroll","background-type":"","background-media":"","overlay-type":"","overlay-color":"","overlay-opacity":"","overlay-gradient":""}},"footnotes":""},"categories":[20,1],"tags":[],"class_list":["post-3367","post","type-post","status-publish","format-standard","has-post-thumbnail","hentry","category-international","category-football-latest-news"],"yoast_head":"<!-- This site is optimized with the Yoast SEO Premium plugin v26.6 (Yoast SEO v27.5) - https:\/\/yoast.com\/product\/yoast-seo-premium-wordpress\/ -->\n<title>Leeds confirm supporter died after medical emergency at Elland Road - Bladna News<\/title>\n<meta name=\"robots\" content=\"index, follow, max-snippet:-1, max-image-preview:large, max-video-preview:-1\" \/>\n<link rel=\"canonical\" href=\"https:\/\/bladnanews.com\/fr\/leeds-confirme-le-deces-dun-supporter-apres-une-urgence-medicale-a-elland-road\/\" \/>\n<meta property=\"og:locale\" content=\"fr_FR\" \/>\n<meta property=\"og:type\" content=\"article\" \/>\n<meta property=\"og:title\" content=\"Leeds confirm supporter died after medical emergency at Elland Road\" \/>\n<meta property=\"og:description\" content=\"Leeds United have confirmed a supporter died following a medical emergency at Elland Road ahead of their Premier League match [&hellip;]\" \/>\n<meta property=\"og:url\" content=\"https:\/\/bladnanews.com\/fr\/leeds-confirme-le-deces-dun-supporter-apres-une-urgence-medicale-a-elland-road\/\" \/>\n<meta property=\"og:site_name\" content=\"Bladna News\" \/>\n<meta property=\"article:published_time\" content=\"2026-01-04T20:10:55+00:00\" \/>\n<meta property=\"og:image\" content=\"https:\/\/bladnanews.com\/wp-content\/uploads\/2025\/12\/freepik__bladna-newscom-moroccan-soccer-homepage-banner-mor__41838.png\" \/>\n\t<meta property=\"og:image:width\" content=\"1312\" \/>\n\t<meta property=\"og:image:height\" content=\"736\" \/>\n\t<meta property=\"og:image:type\" content=\"image\/png\" \/>\n<meta name=\"author\" content=\"Bladna News Staff\" \/>\n<meta name=\"twitter:card\" content=\"summary_large_image\" \/>\n<meta name=\"twitter:label1\" content=\"\u00c9crit par\" \/>\n\t<meta name=\"twitter:data1\" content=\"Bladna News Staff\" \/>\n\t<meta name=\"twitter:label2\" content=\"Dur\u00e9e de lecture estim\u00e9e\" \/>\n\t<meta name=\"twitter:data2\" content=\"1 minute\" \/>\n<script type=\"application\/ld+json\" class=\"yoast-schema-graph\">{\"@context\":\"https:\\\/\\\/schema.org\",\"@graph\":[{\"@type\":\"Article\",\"@id\":\"https:\\\/\\\/bladnanews.com\\\/leeds-confirm-supporter-died-after-medical-emergency-at-elland-road\\\/#article\",\"isPartOf\":{\"@id\":\"https:\\\/\\\/bladnanews.com\\\/leeds-confirm-supporter-died-after-medical-emergency-at-elland-road\\\/\"},\"author\":{\"name\":\"Bladna News Staff\",\"@id\":\"https:\\\/\\\/mediumseagreen-eel-531711.hostingersite.com\\\/#\\\/schema\\\/person\\\/268e18a453ab080ebf76df6ef7845083\"},\"headline\":\"Leeds confirm supporter died after medical emergency at Elland Road\",\"datePublished\":\"2026-01-04T20:10:55+00:00\",\"mainEntityOfPage\":{\"@id\":\"https:\\\/\\\/bladnanews.com\\\/leeds-confirm-supporter-died-after-medical-emergency-at-elland-road\\\/\"},\"wordCount\":197,\"publisher\":{\"@id\":\"https:\\\/\\\/mediumseagreen-eel-531711.hostingersite.com\\\/#organization\"},\"image\":{\"@id\":\"https:\\\/\\\/bladnanews.com\\\/leeds-confirm-supporter-died-after-medical-emergency-at-elland-road\\\/#primaryimage\"},\"thumbnailUrl\":\"https:\\\/\\\/bladnanews.com\\\/wp-content\\\/uploads\\\/2026\\\/01\\\/BladnaNews-Leeds-confirm-supporter-died-after-medical-emergency-at-Elland-Road-2026-01-05T015038.069Z.jpg\",\"articleSection\":[\"International\",\"Latest News\"],\"inLanguage\":\"fr-FR\",\"copyrightYear\":\"2026\",\"copyrightHolder\":{\"@id\":\"https:\\\/\\\/bladnanews.com\\\/fr\\\/#organization\"}},{\"@type\":\"WebPage\",\"@id\":\"https:\\\/\\\/bladnanews.com\\\/leeds-confirm-supporter-died-after-medical-emergency-at-elland-road\\\/\",\"url\":\"https:\\\/\\\/bladnanews.com\\\/leeds-confirm-supporter-died-after-medical-emergency-at-elland-road\\\/\",\"name\":\"Leeds confirm supporter died after medical emergency at Elland Road - Bladna News\",\"isPartOf\":{\"@id\":\"https:\\\/\\\/mediumseagreen-eel-531711.hostingersite.com\\\/#website\"},\"primaryImageOfPage\":{\"@id\":\"https:\\\/\\\/bladnanews.com\\\/leeds-confirm-supporter-died-after-medical-emergency-at-elland-road\\\/#primaryimage\"},\"image\":{\"@id\":\"https:\\\/\\\/bladnanews.com\\\/leeds-confirm-supporter-died-after-medical-emergency-at-elland-road\\\/#primaryimage\"},\"thumbnailUrl\":\"https:\\\/\\\/bladnanews.com\\\/wp-content\\\/uploads\\\/2026\\\/01\\\/BladnaNews-Leeds-confirm-supporter-died-after-medical-emergency-at-Elland-Road-2026-01-05T015038.069Z.jpg\",\"datePublished\":\"2026-01-04T20:10:55+00:00\",\"breadcrumb\":{\"@id\":\"https:\\\/\\\/bladnanews.com\\\/leeds-confirm-supporter-died-after-medical-emergency-at-elland-road\\\/#breadcrumb\"},\"inLanguage\":\"fr-FR\",\"potentialAction\":[{\"@type\":\"ReadAction\",\"target\":[\"https:\\\/\\\/bladnanews.com\\\/leeds-confirm-supporter-died-after-medical-emergency-at-elland-road\\\/\"]}]},{\"@type\":\"ImageObject\",\"inLanguage\":\"fr-FR\",\"@id\":\"https:\\\/\\\/bladnanews.com\\\/leeds-confirm-supporter-died-after-medical-emergency-at-elland-road\\\/#primaryimage\",\"url\":\"https:\\\/\\\/bladnanews.com\\\/wp-content\\\/uploads\\\/2026\\\/01\\\/BladnaNews-Leeds-confirm-supporter-died-after-medical-emergency-at-Elland-Road-2026-01-05T015038.069Z.jpg\",\"contentUrl\":\"https:\\\/\\\/bladnanews.com\\\/wp-content\\\/uploads\\\/2026\\\/01\\\/BladnaNews-Leeds-confirm-supporter-died-after-medical-emergency-at-Elland-Road-2026-01-05T015038.069Z.jpg\",\"width\":1920,\"height\":1080,\"caption\":\"Leeds United club crest prominently displayed in blue and yellow, featuring a stylised design with intricate details.\"},{\"@type\":\"BreadcrumbList\",\"@id\":\"https:\\\/\\\/bladnanews.com\\\/leeds-confirm-supporter-died-after-medical-emergency-at-elland-road\\\/#breadcrumb\",\"itemListElement\":[{\"@type\":\"ListItem\",\"position\":1,\"name\":\"Home\",\"item\":\"https:\\\/\\\/bladnanews.com\\\/\"},{\"@type\":\"ListItem\",\"position\":2,\"name\":\"Leeds confirm supporter died after medical emergency at Elland Road\"}]},{\"@type\":\"WebSite\",\"@id\":\"https:\\\/\\\/mediumseagreen-eel-531711.hostingersite.com\\\/#website\",\"url\":\"https:\\\/\\\/mediumseagreen-eel-531711.hostingersite.com\\\/\",\"name\":\"Bladna News - Morocco\",\"description\":\"Where Moroccan Football Meets the World\",\"publisher\":{\"@id\":\"https:\\\/\\\/mediumseagreen-eel-531711.hostingersite.com\\\/#organization\"},\"potentialAction\":[{\"@type\":\"SearchAction\",\"target\":{\"@type\":\"EntryPoint\",\"urlTemplate\":\"https:\\\/\\\/mediumseagreen-eel-531711.hostingersite.com\\\/?s={search_term_string}\"},\"query-input\":{\"@type\":\"PropertyValueSpecification\",\"valueRequired\":true,\"valueName\":\"search_term_string\"}}],\"inLanguage\":\"fr-FR\"},{\"@type\":\"Organization\",\"@id\":\"https:\\\/\\\/mediumseagreen-eel-531711.hostingersite.com\\\/#organization\",\"name\":\"Bladna News.com\",\"url\":\"https:\\\/\\\/mediumseagreen-eel-531711.hostingersite.com\\\/\",\"logo\":{\"@type\":\"ImageObject\",\"inLanguage\":\"fr-FR\",\"@id\":\"https:\\\/\\\/mediumseagreen-eel-531711.hostingersite.com\\\/#\\\/schema\\\/logo\\\/image\\\/\",\"url\":\"https:\\\/\\\/bladnanews.com\\\/wp-content\\\/uploads\\\/2025\\\/12\\\/logo-bladnanews-V2-web-black-red.png\",\"contentUrl\":\"https:\\\/\\\/bladnanews.com\\\/wp-content\\\/uploads\\\/2025\\\/12\\\/logo-bladnanews-V2-web-black-red.png\",\"width\":703,\"height\":287,\"caption\":\"Bladna News.com\"},\"image\":{\"@id\":\"https:\\\/\\\/mediumseagreen-eel-531711.hostingersite.com\\\/#\\\/schema\\\/logo\\\/image\\\/\"},\"email\":\"info@bladnanews.com\",\"legalName\":\"Bladna News\"},{\"@type\":\"Person\",\"@id\":\"https:\\\/\\\/mediumseagreen-eel-531711.hostingersite.com\\\/#\\\/schema\\\/person\\\/268e18a453ab080ebf76df6ef7845083\",\"name\":\"Bladna News Staff\",\"url\":\"https:\\\/\\\/bladnanews.com\\\/fr\\\/author\\\/bladna-news-staff\\\/\"}]}<\/script>\n<!-- \/ Yoast SEO Premium plugin. -->","yoast_head_json":{"title":"Leeds confirme le d\u00e9c\u00e8s d'un supporter apr\u00e8s une urgence m\u00e9dicale \u00e0 Elland Road - Bladna News","robots":{"index":"index","follow":"follow","max-snippet":"max-snippet:-1","max-image-preview":"max-image-preview:large","max-video-preview":"max-video-preview:-1"},"canonical":"https:\/\/bladnanews.com\/fr\/leeds-confirme-le-deces-dun-supporter-apres-une-urgence-medicale-a-elland-road\/","og_locale":"fr_FR","og_type":"article","og_title":"Leeds confirm supporter died after medical emergency at Elland Road","og_description":"Leeds United have confirmed a supporter died following a medical emergency at Elland Road ahead of their Premier League match [&hellip;]","og_url":"https:\/\/bladnanews.com\/fr\/leeds-confirme-le-deces-dun-supporter-apres-une-urgence-medicale-a-elland-road\/","og_site_name":"Bladna News","article_published_time":"2026-01-04T20:10:55+00:00","og_image":[{"width":1312,"height":736,"url":"https:\/\/bladnanews.com\/wp-content\/uploads\/2025\/12\/freepik__bladna-newscom-moroccan-soccer-homepage-banner-mor__41838.png","type":"image\/png"}],"author":"Bladna News Staff","twitter_card":"summary_large_image","twitter_misc":{"\u00c9crit par":"Bladna News Staff","Dur\u00e9e de lecture estim\u00e9e":"1 minute"},"schema":{"@context":"https:\/\/schema.org","@graph":[{"@type":"Article","@id":"https:\/\/bladnanews.com\/leeds-confirm-supporter-died-after-medical-emergency-at-elland-road\/#article","isPartOf":{"@id":"https:\/\/bladnanews.com\/leeds-confirm-supporter-died-after-medical-emergency-at-elland-road\/"},"author":{"name":"Bladna News Staff","@id":"https:\/\/mediumseagreen-eel-531711.hostingersite.com\/#\/schema\/person\/268e18a453ab080ebf76df6ef7845083"},"headline":"Leeds confirm supporter died after medical emergency at Elland Road","datePublished":"2026-01-04T20:10:55+00:00","mainEntityOfPage":{"@id":"https:\/\/bladnanews.com\/leeds-confirm-supporter-died-after-medical-emergency-at-elland-road\/"},"wordCount":197,"publisher":{"@id":"https:\/\/mediumseagreen-eel-531711.hostingersite.com\/#organization"},"image":{"@id":"https:\/\/bladnanews.com\/leeds-confirm-supporter-died-after-medical-emergency-at-elland-road\/#primaryimage"},"thumbnailUrl":"https:\/\/bladnanews.com\/wp-content\/uploads\/2026\/01\/BladnaNews-Leeds-confirm-supporter-died-after-medical-emergency-at-Elland-Road-2026-01-05T015038.069Z.jpg","articleSection":["International","Latest News"],"inLanguage":"fr-FR","copyrightYear":"2026","copyrightHolder":{"@id":"https:\/\/bladnanews.com\/fr\/#organization"}},{"@type":"WebPage","@id":"https:\/\/bladnanews.com\/leeds-confirm-supporter-died-after-medical-emergency-at-elland-road\/","url":"https:\/\/bladnanews.com\/leeds-confirm-supporter-died-after-medical-emergency-at-elland-road\/","name":"Leeds confirme le d\u00e9c\u00e8s d'un supporter apr\u00e8s une urgence m\u00e9dicale \u00e0 Elland Road - Bladna News","isPartOf":{"@id":"https:\/\/mediumseagreen-eel-531711.hostingersite.com\/#website"},"primaryImageOfPage":{"@id":"https:\/\/bladnanews.com\/leeds-confirm-supporter-died-after-medical-emergency-at-elland-road\/#primaryimage"},"image":{"@id":"https:\/\/bladnanews.com\/leeds-confirm-supporter-died-after-medical-emergency-at-elland-road\/#primaryimage"},"thumbnailUrl":"https:\/\/bladnanews.com\/wp-content\/uploads\/2026\/01\/BladnaNews-Leeds-confirm-supporter-died-after-medical-emergency-at-Elland-Road-2026-01-05T015038.069Z.jpg","datePublished":"2026-01-04T20:10:55+00:00","breadcrumb":{"@id":"https:\/\/bladnanews.com\/leeds-confirm-supporter-died-after-medical-emergency-at-elland-road\/#breadcrumb"},"inLanguage":"fr-FR","potentialAction":[{"@type":"ReadAction","target":["https:\/\/bladnanews.com\/leeds-confirm-supporter-died-after-medical-emergency-at-elland-road\/"]}]},{"@type":"ImageObject","inLanguage":"fr-FR","@id":"https:\/\/bladnanews.com\/leeds-confirm-supporter-died-after-medical-emergency-at-elland-road\/#primaryimage","url":"https:\/\/bladnanews.com\/wp-content\/uploads\/2026\/01\/BladnaNews-Leeds-confirm-supporter-died-after-medical-emergency-at-Elland-Road-2026-01-05T015038.069Z.jpg","contentUrl":"https:\/\/bladnanews.com\/wp-content\/uploads\/2026\/01\/BladnaNews-Leeds-confirm-supporter-died-after-medical-emergency-at-Elland-Road-2026-01-05T015038.069Z.jpg","width":1920,"height":1080,"caption":"Leeds United club crest prominently displayed in blue and yellow, featuring a stylised design with intricate details."},{"@type":"BreadcrumbList","@id":"https:\/\/bladnanews.com\/leeds-confirm-supporter-died-after-medical-emergency-at-elland-road\/#breadcrumb","itemListElement":[{"@type":"ListItem","position":1,"name":"Home","item":"https:\/\/bladnanews.com\/"},{"@type":"ListItem","position":2,"name":"Leeds confirm supporter died after medical emergency at Elland Road"}]},{"@type":"WebSite","@id":"https:\/\/mediumseagreen-eel-531711.hostingersite.com\/#website","url":"https:\/\/mediumseagreen-eel-531711.hostingersite.com\/","name":"Bladna News - Maroc","description":"Quand le football marocain rencontre le monde","publisher":{"@id":"https:\/\/mediumseagreen-eel-531711.hostingersite.com\/#organization"},"potentialAction":[{"@type":"SearchAction","target":{"@type":"EntryPoint","urlTemplate":"https:\/\/mediumseagreen-eel-531711.hostingersite.com\/?s={search_term_string}"},"query-input":{"@type":"PropertyValueSpecification","valueRequired":true,"valueName":"search_term_string"}}],"inLanguage":"fr-FR"},{"@type":"Organization","@id":"https:\/\/mediumseagreen-eel-531711.hostingersite.com\/#organization","name":"Bladna News.com","url":"https:\/\/mediumseagreen-eel-531711.hostingersite.com\/","logo":{"@type":"ImageObject","inLanguage":"fr-FR","@id":"https:\/\/mediumseagreen-eel-531711.hostingersite.com\/#\/schema\/logo\/image\/","url":"https:\/\/bladnanews.com\/wp-content\/uploads\/2025\/12\/logo-bladnanews-V2-web-black-red.png","contentUrl":"https:\/\/bladnanews.com\/wp-content\/uploads\/2025\/12\/logo-bladnanews-V2-web-black-red.png","width":703,"height":287,"caption":"Bladna News.com"},"image":{"@id":"https:\/\/mediumseagreen-eel-531711.hostingersite.com\/#\/schema\/logo\/image\/"},"email":"info@bladnanews.com","legalName":"Bladna News"},{"@type":"Person","@id":"https:\/\/mediumseagreen-eel-531711.hostingersite.com\/#\/schema\/person\/268e18a453ab080ebf76df6ef7845083","name":"\u00c9quipe r\u00e9dactionnelle de Bladna News","url":"https:\/\/bladnanews.com\/fr\/author\/bladna-news-staff\/"}]}},"_links":{"self":[{"href":"https:\/\/bladnanews.com\/fr\/wp-json\/wp\/v2\/posts\/3367","targetHints":{"allow":["GET"]}}],"collection":[{"href":"https:\/\/bladnanews.com\/fr\/wp-json\/wp\/v2\/posts"}],"about":[{"href":"https:\/\/bladnanews.com\/fr\/wp-json\/wp\/v2\/types\/post"}],"author":[{"embeddable":true,"href":"https:\/\/bladnanews.com\/fr\/wp-json\/wp\/v2\/users\/3"}],"replies":[{"embeddable":true,"href":"https:\/\/bladnanews.com\/fr\/wp-json\/wp\/v2\/comments?post=3367"}],"version-history":[{"count":0,"href":"https:\/\/bladnanews.com\/fr\/wp-json\/wp\/v2\/posts\/3367\/revisions"}],"wp:featuredmedia":[{"embeddable":true,"href":"https:\/\/bladnanews.com\/fr\/wp-json\/wp\/v2\/media\/3366"}],"wp:attachment":[{"href":"https:\/\/bladnanews.com\/fr\/wp-json\/wp\/v2\/media?parent=3367"}],"wp:term":[{"taxonomy":"category","embeddable":true,"href":"https:\/\/bladnanews.com\/fr\/wp-json\/wp\/v2\/categories?post=3367"},{"taxonomy":"post_tag","embeddable":true,"href":"https:\/\/bladnanews.com\/fr\/wp-json\/wp\/v2\/tags?post=3367"}],"curies":[{"name":"wp","href":"https:\/\/api.w.org\/{rel}","templated":true}]}}