{"id":3490,"date":"2026-01-05T07:41:12","date_gmt":"2026-01-05T07:41:12","guid":{"rendered":"https:\/\/bladnanews.com\/pedro-neto-told-he-will-never-be-eden-hazard-after-city-draw\/"},"modified":"2026-01-05T07:41:12","modified_gmt":"2026-01-05T07:41:12","slug":"pedro-neto-a-dit-quil-ne-sera-jamais-eden-hazard-apres-le-match-nul-contre-city","status":"publish","type":"post","link":"https:\/\/bladnanews.com\/fr\/pedro-neto-a-dit-quil-ne-sera-jamais-eden-hazard-apres-le-match-nul-contre-city\/","title":{"rendered":"Pedro Neto a \u00e9t\u00e9 inform\u00e9 qu'il ne sera jamais Eden Hazard apr\u00e8s le match nul contre City."},"content":{"rendered":"<p>Pedro Neto a \u00e9t\u00e9 inform\u00e9 qu'il ne sera \u201cjamais Eden Hazard\u201d apr\u00e8s ce qui a \u00e9t\u00e9 d\u00e9crit comme une performance \u201cterriblement frustrante\u201d lors du match nul de Chelsea contre Manchester City.<\/p>\n<p>L'ailier n'a pas pu avoir l'impact d\u00e9cisif que beaucoup esp\u00e9raient alors que Chelsea se mesurait aux champions, mais le match s'est termin\u00e9 sans vainqueur. La performance de Neto est devenue un sujet de discussion par la suite, avec des critiques visant son produit final et son influence globale dans le dernier tiers.<\/p>\n<p>L'ancien attaquant de Chelsea, Tony Cascarino, n'a pas m\u00e2ch\u00e9 ses mots en parlant de l'ailier portugais, insistant sur le fait que les comparaisons avec l'ic\u00f4ne du club Hazard sont mal plac\u00e9es. \u201cIl ne sera jamais Eden Hazard,\u201d a d\u00e9clar\u00e9 Cascarino, qualifiant la prestation de Neto de \u201cterriblement frustrante\u201d et sugg\u00e9rant que Chelsea manque toujours du genre de joueur d\u00e9cisif qu'Hazard \u00e9tait si souvent.<\/p>\n<p>Neto, qui a \u00e9t\u00e9 invit\u00e9 \u00e0 apporter plus d'\u00e9tincelle et de tranchant en attaque, a eu des moments o\u00f9 il semblait capable de poser des probl\u00e8mes \u00e0 City, mais il n'a pas pu transformer de mani\u00e8re coh\u00e9rente des positions prometteuses en occasions claires ou en buts. Cette incoh\u00e9rence, a soutenu Cascarino, est ce qui le s\u00e9pare des meilleurs.<\/p>\n<p>Le match nul laisse Chelsea avec des points positifs \u00e0 tirer d'une performance solide contre une opposition d'\u00e9lite, mais le d\u00e9bat autour de leur qualit\u00e9 offensive se poursuit, Neto \u00e9tant d\u00e9sormais sous les projecteurs apr\u00e8s une nuit qui s'est termin\u00e9e \u00e0 \u00e9galit\u00e9.<\/p>","protected":false},"excerpt":{"rendered":"<p>Pedro Neto has been told he will \u201cnever be Eden Hazard\u201d after what was described as a \u201cbloody frustrating\u201d display [&hellip;]<\/p>\n","protected":false},"author":3,"featured_media":3489,"comment_status":"","ping_status":"open","sticky":false,"template":"","format":"standard","meta":{"googlesitekit_rrm_CAow_uzEDA:productID":"","site-sidebar-layout":"default","site-content-layout":"","ast-site-content-layout":"default","site-content-style":"default","site-sidebar-style":"default","ast-global-header-display":"","ast-banner-title-visibility":"","ast-main-header-display":"","ast-hfb-above-header-display":"","ast-hfb-below-header-display":"","ast-hfb-mobile-header-display":"","site-post-title":"","ast-breadcrumbs-content":"","ast-featured-img":"","footer-sml-layout":"","ast-disable-related-posts":"","theme-transparent-header-meta":"","adv-header-id-meta":"","stick-header-meta":"","header-above-stick-meta":"","header-main-stick-meta":"","header-below-stick-meta":"","astra-migrate-meta-layouts":"default","ast-page-background-enabled":"default","ast-page-background-meta":{"desktop":{"background-color":"var(--ast-global-color-5)","background-image":"","background-repeat":"repeat","background-position":"center center","background-size":"auto","background-attachment":"scroll","background-type":"","background-media":"","overlay-type":"","overlay-color":"","overlay-opacity":"","overlay-gradient":""},"tablet":{"background-color":"","background-image":"","background-repeat":"repeat","background-position":"center center","background-size":"auto","background-attachment":"scroll","background-type":"","background-media":"","overlay-type":"","overlay-color":"","overlay-opacity":"","overlay-gradient":""},"mobile":{"background-color":"","background-image":"","background-repeat":"repeat","background-position":"center center","background-size":"auto","background-attachment":"scroll","background-type":"","background-media":"","overlay-type":"","overlay-color":"","overlay-opacity":"","overlay-gradient":""}},"ast-content-background-meta":{"desktop":{"background-color":"var(--ast-global-color-4)","background-image":"","background-repeat":"repeat","background-position":"center center","background-size":"auto","background-attachment":"scroll","background-type":"","background-media":"","overlay-type":"","overlay-color":"","overlay-opacity":"","overlay-gradient":""},"tablet":{"background-color":"var(--ast-global-color-4)","background-image":"","background-repeat":"repeat","background-position":"center center","background-size":"auto","background-attachment":"scroll","background-type":"","background-media":"","overlay-type":"","overlay-color":"","overlay-opacity":"","overlay-gradient":""},"mobile":{"background-color":"var(--ast-global-color-4)","background-image":"","background-repeat":"repeat","background-position":"center center","background-size":"auto","background-attachment":"scroll","background-type":"","background-media":"","overlay-type":"","overlay-color":"","overlay-opacity":"","overlay-gradient":""}},"footnotes":""},"categories":[20,1],"tags":[],"class_list":["post-3490","post","type-post","status-publish","format-standard","has-post-thumbnail","hentry","category-international","category-football-latest-news"],"yoast_head":"<!-- This site is optimized with the Yoast SEO Premium plugin v26.6 (Yoast SEO v27.5) - https:\/\/yoast.com\/product\/yoast-seo-premium-wordpress\/ -->\n<title>Pedro Neto told he will never be Eden Hazard after City draw - Bladna News<\/title>\n<meta name=\"robots\" content=\"index, follow, max-snippet:-1, max-image-preview:large, max-video-preview:-1\" \/>\n<link rel=\"canonical\" href=\"https:\/\/bladnanews.com\/fr\/pedro-neto-a-dit-quil-ne-sera-jamais-eden-hazard-apres-le-match-nul-contre-city\/\" \/>\n<meta property=\"og:locale\" content=\"fr_FR\" \/>\n<meta property=\"og:type\" content=\"article\" \/>\n<meta property=\"og:title\" content=\"Pedro Neto told he will never be Eden Hazard after City draw\" \/>\n<meta property=\"og:description\" content=\"Pedro Neto has been told he will \u201cnever be Eden Hazard\u201d after what was described as a \u201cbloody frustrating\u201d display [&hellip;]\" \/>\n<meta property=\"og:url\" content=\"https:\/\/bladnanews.com\/fr\/pedro-neto-a-dit-quil-ne-sera-jamais-eden-hazard-apres-le-match-nul-contre-city\/\" \/>\n<meta property=\"og:site_name\" content=\"Bladna News\" \/>\n<meta property=\"article:published_time\" content=\"2026-01-05T07:41:12+00:00\" \/>\n<meta property=\"og:image\" content=\"https:\/\/bladnanews.com\/wp-content\/uploads\/2025\/12\/freepik__bladna-newscom-moroccan-soccer-homepage-banner-mor__41838.png\" \/>\n\t<meta property=\"og:image:width\" content=\"1312\" \/>\n\t<meta property=\"og:image:height\" content=\"736\" \/>\n\t<meta property=\"og:image:type\" content=\"image\/png\" \/>\n<meta name=\"author\" content=\"Bladna News Staff\" \/>\n<meta name=\"twitter:card\" content=\"summary_large_image\" \/>\n<meta name=\"twitter:label1\" content=\"\u00c9crit par\" \/>\n\t<meta name=\"twitter:data1\" content=\"Bladna News Staff\" \/>\n\t<meta name=\"twitter:label2\" content=\"Dur\u00e9e de lecture estim\u00e9e\" \/>\n\t<meta name=\"twitter:data2\" content=\"1 minute\" \/>\n<script type=\"application\/ld+json\" class=\"yoast-schema-graph\">{\"@context\":\"https:\\\/\\\/schema.org\",\"@graph\":[{\"@type\":\"Article\",\"@id\":\"https:\\\/\\\/bladnanews.com\\\/pedro-neto-told-he-will-never-be-eden-hazard-after-city-draw\\\/#article\",\"isPartOf\":{\"@id\":\"https:\\\/\\\/bladnanews.com\\\/pedro-neto-told-he-will-never-be-eden-hazard-after-city-draw\\\/\"},\"author\":{\"name\":\"Bladna News Staff\",\"@id\":\"https:\\\/\\\/mediumseagreen-eel-531711.hostingersite.com\\\/#\\\/schema\\\/person\\\/268e18a453ab080ebf76df6ef7845083\"},\"headline\":\"Pedro Neto told he will never be Eden Hazard after City draw\",\"datePublished\":\"2026-01-05T07:41:12+00:00\",\"mainEntityOfPage\":{\"@id\":\"https:\\\/\\\/bladnanews.com\\\/pedro-neto-told-he-will-never-be-eden-hazard-after-city-draw\\\/\"},\"wordCount\":223,\"publisher\":{\"@id\":\"https:\\\/\\\/mediumseagreen-eel-531711.hostingersite.com\\\/#organization\"},\"image\":{\"@id\":\"https:\\\/\\\/bladnanews.com\\\/pedro-neto-told-he-will-never-be-eden-hazard-after-city-draw\\\/#primaryimage\"},\"thumbnailUrl\":\"https:\\\/\\\/bladnanews.com\\\/wp-content\\\/uploads\\\/2026\\\/01\\\/BladnaNews-Pedro-Neto-told-he-will-never-be-Eden-Hazard-after-City-draw-2026-01-05T075040.806Z.jpg\",\"articleSection\":[\"International\",\"Latest News\"],\"inLanguage\":\"fr-FR\",\"copyrightYear\":\"2026\",\"copyrightHolder\":{\"@id\":\"https:\\\/\\\/bladnanews.com\\\/fr\\\/#organization\"}},{\"@type\":\"WebPage\",\"@id\":\"https:\\\/\\\/bladnanews.com\\\/pedro-neto-told-he-will-never-be-eden-hazard-after-city-draw\\\/\",\"url\":\"https:\\\/\\\/bladnanews.com\\\/pedro-neto-told-he-will-never-be-eden-hazard-after-city-draw\\\/\",\"name\":\"Pedro Neto told he will never be Eden Hazard after City draw - Bladna News\",\"isPartOf\":{\"@id\":\"https:\\\/\\\/mediumseagreen-eel-531711.hostingersite.com\\\/#website\"},\"primaryImageOfPage\":{\"@id\":\"https:\\\/\\\/bladnanews.com\\\/pedro-neto-told-he-will-never-be-eden-hazard-after-city-draw\\\/#primaryimage\"},\"image\":{\"@id\":\"https:\\\/\\\/bladnanews.com\\\/pedro-neto-told-he-will-never-be-eden-hazard-after-city-draw\\\/#primaryimage\"},\"thumbnailUrl\":\"https:\\\/\\\/bladnanews.com\\\/wp-content\\\/uploads\\\/2026\\\/01\\\/BladnaNews-Pedro-Neto-told-he-will-never-be-Eden-Hazard-after-City-draw-2026-01-05T075040.806Z.jpg\",\"datePublished\":\"2026-01-05T07:41:12+00:00\",\"breadcrumb\":{\"@id\":\"https:\\\/\\\/bladnanews.com\\\/pedro-neto-told-he-will-never-be-eden-hazard-after-city-draw\\\/#breadcrumb\"},\"inLanguage\":\"fr-FR\",\"potentialAction\":[{\"@type\":\"ReadAction\",\"target\":[\"https:\\\/\\\/bladnanews.com\\\/pedro-neto-told-he-will-never-be-eden-hazard-after-city-draw\\\/\"]}]},{\"@type\":\"ImageObject\",\"inLanguage\":\"fr-FR\",\"@id\":\"https:\\\/\\\/bladnanews.com\\\/pedro-neto-told-he-will-never-be-eden-hazard-after-city-draw\\\/#primaryimage\",\"url\":\"https:\\\/\\\/bladnanews.com\\\/wp-content\\\/uploads\\\/2026\\\/01\\\/BladnaNews-Pedro-Neto-told-he-will-never-be-Eden-Hazard-after-City-draw-2026-01-05T075040.806Z.jpg\",\"contentUrl\":\"https:\\\/\\\/bladnanews.com\\\/wp-content\\\/uploads\\\/2026\\\/01\\\/BladnaNews-Pedro-Neto-told-he-will-never-be-Eden-Hazard-after-City-draw-2026-01-05T075040.806Z.jpg\",\"width\":1920,\"height\":1080,\"caption\":\"Eden Hazard and Pedro Neto in Chelsea kits, expressing emotion on the pitch during a match, highlighting Moroccan football relevance.\"},{\"@type\":\"BreadcrumbList\",\"@id\":\"https:\\\/\\\/bladnanews.com\\\/pedro-neto-told-he-will-never-be-eden-hazard-after-city-draw\\\/#breadcrumb\",\"itemListElement\":[{\"@type\":\"ListItem\",\"position\":1,\"name\":\"Home\",\"item\":\"https:\\\/\\\/bladnanews.com\\\/\"},{\"@type\":\"ListItem\",\"position\":2,\"name\":\"Pedro Neto told he will never be Eden Hazard after City draw\"}]},{\"@type\":\"WebSite\",\"@id\":\"https:\\\/\\\/mediumseagreen-eel-531711.hostingersite.com\\\/#website\",\"url\":\"https:\\\/\\\/mediumseagreen-eel-531711.hostingersite.com\\\/\",\"name\":\"Bladna News - Morocco\",\"description\":\"Where Moroccan Football Meets the World\",\"publisher\":{\"@id\":\"https:\\\/\\\/mediumseagreen-eel-531711.hostingersite.com\\\/#organization\"},\"potentialAction\":[{\"@type\":\"SearchAction\",\"target\":{\"@type\":\"EntryPoint\",\"urlTemplate\":\"https:\\\/\\\/mediumseagreen-eel-531711.hostingersite.com\\\/?s={search_term_string}\"},\"query-input\":{\"@type\":\"PropertyValueSpecification\",\"valueRequired\":true,\"valueName\":\"search_term_string\"}}],\"inLanguage\":\"fr-FR\"},{\"@type\":\"Organization\",\"@id\":\"https:\\\/\\\/mediumseagreen-eel-531711.hostingersite.com\\\/#organization\",\"name\":\"Bladna News.com\",\"url\":\"https:\\\/\\\/mediumseagreen-eel-531711.hostingersite.com\\\/\",\"logo\":{\"@type\":\"ImageObject\",\"inLanguage\":\"fr-FR\",\"@id\":\"https:\\\/\\\/mediumseagreen-eel-531711.hostingersite.com\\\/#\\\/schema\\\/logo\\\/image\\\/\",\"url\":\"https:\\\/\\\/bladnanews.com\\\/wp-content\\\/uploads\\\/2025\\\/12\\\/logo-bladnanews-V2-web-black-red.png\",\"contentUrl\":\"https:\\\/\\\/bladnanews.com\\\/wp-content\\\/uploads\\\/2025\\\/12\\\/logo-bladnanews-V2-web-black-red.png\",\"width\":703,\"height\":287,\"caption\":\"Bladna News.com\"},\"image\":{\"@id\":\"https:\\\/\\\/mediumseagreen-eel-531711.hostingersite.com\\\/#\\\/schema\\\/logo\\\/image\\\/\"},\"email\":\"info@bladnanews.com\",\"legalName\":\"Bladna News\"},{\"@type\":\"Person\",\"@id\":\"https:\\\/\\\/mediumseagreen-eel-531711.hostingersite.com\\\/#\\\/schema\\\/person\\\/268e18a453ab080ebf76df6ef7845083\",\"name\":\"Bladna News Staff\",\"url\":\"https:\\\/\\\/bladnanews.com\\\/fr\\\/author\\\/bladna-news-staff\\\/\"}]}<\/script>\n<!-- \/ Yoast SEO Premium plugin. -->","yoast_head_json":{"title":"Pedro Neto a d\u00e9clar\u00e9 qu'il ne sera jamais Eden Hazard apr\u00e8s le match nul de City - Bladna News","robots":{"index":"index","follow":"follow","max-snippet":"max-snippet:-1","max-image-preview":"max-image-preview:large","max-video-preview":"max-video-preview:-1"},"canonical":"https:\/\/bladnanews.com\/fr\/pedro-neto-a-dit-quil-ne-sera-jamais-eden-hazard-apres-le-match-nul-contre-city\/","og_locale":"fr_FR","og_type":"article","og_title":"Pedro Neto told he will never be Eden Hazard after City draw","og_description":"Pedro Neto has been told he will \u201cnever be Eden Hazard\u201d after what was described as a \u201cbloody frustrating\u201d display [&hellip;]","og_url":"https:\/\/bladnanews.com\/fr\/pedro-neto-a-dit-quil-ne-sera-jamais-eden-hazard-apres-le-match-nul-contre-city\/","og_site_name":"Bladna News","article_published_time":"2026-01-05T07:41:12+00:00","og_image":[{"width":1312,"height":736,"url":"https:\/\/bladnanews.com\/wp-content\/uploads\/2025\/12\/freepik__bladna-newscom-moroccan-soccer-homepage-banner-mor__41838.png","type":"image\/png"}],"author":"Bladna News Staff","twitter_card":"summary_large_image","twitter_misc":{"\u00c9crit par":"Bladna News Staff","Dur\u00e9e de lecture estim\u00e9e":"1 minute"},"schema":{"@context":"https:\/\/schema.org","@graph":[{"@type":"Article","@id":"https:\/\/bladnanews.com\/pedro-neto-told-he-will-never-be-eden-hazard-after-city-draw\/#article","isPartOf":{"@id":"https:\/\/bladnanews.com\/pedro-neto-told-he-will-never-be-eden-hazard-after-city-draw\/"},"author":{"name":"Bladna News Staff","@id":"https:\/\/mediumseagreen-eel-531711.hostingersite.com\/#\/schema\/person\/268e18a453ab080ebf76df6ef7845083"},"headline":"Pedro Neto told he will never be Eden Hazard after City draw","datePublished":"2026-01-05T07:41:12+00:00","mainEntityOfPage":{"@id":"https:\/\/bladnanews.com\/pedro-neto-told-he-will-never-be-eden-hazard-after-city-draw\/"},"wordCount":223,"publisher":{"@id":"https:\/\/mediumseagreen-eel-531711.hostingersite.com\/#organization"},"image":{"@id":"https:\/\/bladnanews.com\/pedro-neto-told-he-will-never-be-eden-hazard-after-city-draw\/#primaryimage"},"thumbnailUrl":"https:\/\/bladnanews.com\/wp-content\/uploads\/2026\/01\/BladnaNews-Pedro-Neto-told-he-will-never-be-Eden-Hazard-after-City-draw-2026-01-05T075040.806Z.jpg","articleSection":["International","Latest News"],"inLanguage":"fr-FR","copyrightYear":"2026","copyrightHolder":{"@id":"https:\/\/bladnanews.com\/fr\/#organization"}},{"@type":"WebPage","@id":"https:\/\/bladnanews.com\/pedro-neto-told-he-will-never-be-eden-hazard-after-city-draw\/","url":"https:\/\/bladnanews.com\/pedro-neto-told-he-will-never-be-eden-hazard-after-city-draw\/","name":"Pedro Neto a d\u00e9clar\u00e9 qu'il ne sera jamais Eden Hazard apr\u00e8s le match nul de City - Bladna News","isPartOf":{"@id":"https:\/\/mediumseagreen-eel-531711.hostingersite.com\/#website"},"primaryImageOfPage":{"@id":"https:\/\/bladnanews.com\/pedro-neto-told-he-will-never-be-eden-hazard-after-city-draw\/#primaryimage"},"image":{"@id":"https:\/\/bladnanews.com\/pedro-neto-told-he-will-never-be-eden-hazard-after-city-draw\/#primaryimage"},"thumbnailUrl":"https:\/\/bladnanews.com\/wp-content\/uploads\/2026\/01\/BladnaNews-Pedro-Neto-told-he-will-never-be-Eden-Hazard-after-City-draw-2026-01-05T075040.806Z.jpg","datePublished":"2026-01-05T07:41:12+00:00","breadcrumb":{"@id":"https:\/\/bladnanews.com\/pedro-neto-told-he-will-never-be-eden-hazard-after-city-draw\/#breadcrumb"},"inLanguage":"fr-FR","potentialAction":[{"@type":"ReadAction","target":["https:\/\/bladnanews.com\/pedro-neto-told-he-will-never-be-eden-hazard-after-city-draw\/"]}]},{"@type":"ImageObject","inLanguage":"fr-FR","@id":"https:\/\/bladnanews.com\/pedro-neto-told-he-will-never-be-eden-hazard-after-city-draw\/#primaryimage","url":"https:\/\/bladnanews.com\/wp-content\/uploads\/2026\/01\/BladnaNews-Pedro-Neto-told-he-will-never-be-Eden-Hazard-after-City-draw-2026-01-05T075040.806Z.jpg","contentUrl":"https:\/\/bladnanews.com\/wp-content\/uploads\/2026\/01\/BladnaNews-Pedro-Neto-told-he-will-never-be-Eden-Hazard-after-City-draw-2026-01-05T075040.806Z.jpg","width":1920,"height":1080,"caption":"Eden Hazard and Pedro Neto in Chelsea kits, expressing emotion on the pitch during a match, highlighting Moroccan football relevance."},{"@type":"BreadcrumbList","@id":"https:\/\/bladnanews.com\/pedro-neto-told-he-will-never-be-eden-hazard-after-city-draw\/#breadcrumb","itemListElement":[{"@type":"ListItem","position":1,"name":"Home","item":"https:\/\/bladnanews.com\/"},{"@type":"ListItem","position":2,"name":"Pedro Neto told he will never be Eden Hazard after City draw"}]},{"@type":"WebSite","@id":"https:\/\/mediumseagreen-eel-531711.hostingersite.com\/#website","url":"https:\/\/mediumseagreen-eel-531711.hostingersite.com\/","name":"Bladna News - Maroc","description":"Quand le football marocain rencontre le monde","publisher":{"@id":"https:\/\/mediumseagreen-eel-531711.hostingersite.com\/#organization"},"potentialAction":[{"@type":"SearchAction","target":{"@type":"EntryPoint","urlTemplate":"https:\/\/mediumseagreen-eel-531711.hostingersite.com\/?s={search_term_string}"},"query-input":{"@type":"PropertyValueSpecification","valueRequired":true,"valueName":"search_term_string"}}],"inLanguage":"fr-FR"},{"@type":"Organization","@id":"https:\/\/mediumseagreen-eel-531711.hostingersite.com\/#organization","name":"Bladna News.com","url":"https:\/\/mediumseagreen-eel-531711.hostingersite.com\/","logo":{"@type":"ImageObject","inLanguage":"fr-FR","@id":"https:\/\/mediumseagreen-eel-531711.hostingersite.com\/#\/schema\/logo\/image\/","url":"https:\/\/bladnanews.com\/wp-content\/uploads\/2025\/12\/logo-bladnanews-V2-web-black-red.png","contentUrl":"https:\/\/bladnanews.com\/wp-content\/uploads\/2025\/12\/logo-bladnanews-V2-web-black-red.png","width":703,"height":287,"caption":"Bladna News.com"},"image":{"@id":"https:\/\/mediumseagreen-eel-531711.hostingersite.com\/#\/schema\/logo\/image\/"},"email":"info@bladnanews.com","legalName":"Bladna News"},{"@type":"Person","@id":"https:\/\/mediumseagreen-eel-531711.hostingersite.com\/#\/schema\/person\/268e18a453ab080ebf76df6ef7845083","name":"\u00c9quipe r\u00e9dactionnelle de Bladna News","url":"https:\/\/bladnanews.com\/fr\/author\/bladna-news-staff\/"}]}},"_links":{"self":[{"href":"https:\/\/bladnanews.com\/fr\/wp-json\/wp\/v2\/posts\/3490","targetHints":{"allow":["GET"]}}],"collection":[{"href":"https:\/\/bladnanews.com\/fr\/wp-json\/wp\/v2\/posts"}],"about":[{"href":"https:\/\/bladnanews.com\/fr\/wp-json\/wp\/v2\/types\/post"}],"author":[{"embeddable":true,"href":"https:\/\/bladnanews.com\/fr\/wp-json\/wp\/v2\/users\/3"}],"replies":[{"embeddable":true,"href":"https:\/\/bladnanews.com\/fr\/wp-json\/wp\/v2\/comments?post=3490"}],"version-history":[{"count":0,"href":"https:\/\/bladnanews.com\/fr\/wp-json\/wp\/v2\/posts\/3490\/revisions"}],"wp:featuredmedia":[{"embeddable":true,"href":"https:\/\/bladnanews.com\/fr\/wp-json\/wp\/v2\/media\/3489"}],"wp:attachment":[{"href":"https:\/\/bladnanews.com\/fr\/wp-json\/wp\/v2\/media?parent=3490"}],"wp:term":[{"taxonomy":"category","embeddable":true,"href":"https:\/\/bladnanews.com\/fr\/wp-json\/wp\/v2\/categories?post=3490"},{"taxonomy":"post_tag","embeddable":true,"href":"https:\/\/bladnanews.com\/fr\/wp-json\/wp\/v2\/tags?post=3490"}],"curies":[{"name":"wp","href":"https:\/\/api.w.org\/{rel}","templated":true}]}}