{"id":3492,"date":"2026-01-05T07:41:55","date_gmt":"2026-01-05T07:41:55","guid":{"rendered":"https:\/\/bladnanews.com\/ruben-amorim-future-at-man-utd-in-jeopardy-after-outburst\/"},"modified":"2026-01-05T07:41:55","modified_gmt":"2026-01-05T07:41:55","slug":"lavenir-de-ruben-amorim-a-man-utd-en-peril-apres-une-explosion","status":"publish","type":"post","link":"https:\/\/bladnanews.com\/fr\/lavenir-de-ruben-amorim-a-man-utd-en-peril-apres-une-explosion\/","title":{"rendered":"L'avenir de Ruben Amorim \u00e0 Man Utd est en p\u00e9ril apr\u00e8s une sortie."},"content":{"rendered":"<p>L'avenir de Ruben Amorim \u00e0 Manchester United a \u00e9t\u00e9 s\u00e9rieusement remis en question apr\u00e8s une sortie franche qui a accru le sentiment de tension croissante en coulisses \u00e0 Old Trafford.<\/p>\n<p>L'entra\u00eeneur de United a affich\u00e9 une figure frustr\u00e9e ces derni\u00e8res semaines, et ses derniers commentaires n'ont gu\u00e8re apais\u00e9 les inqui\u00e9tudes concernant sa relation avec le conseil d'administration du club. Ceux qui sont proches de la situation estiment que l'atmosph\u00e8re est devenue de plus en plus tendue alors qu'Amorim pousse pour obtenir des clarifications et un soutien sur des d\u00e9cisions cl\u00e9s.<\/p>\n<p>Il y a \u00e9galement un sentiment au sein du club qu'Amorim essaie de suivre un chemin similaire au plan d'Enzo Maresca, avec une demande claire de contr\u00f4le sur le style de jeu et la construction de l'\u00e9quipe, plut\u00f4t que de faire des compromis sur des solutions \u00e0 court terme. Cette approche, cependant, a mis sa position sous les projecteurs alors que les r\u00e9sultats et les attentes internes entrent en collision.<\/p>\n<p>Les remarques d'Amorim ont \u00e9t\u00e9 per\u00e7ues comme un message clair \u00e0 ceux qui sont au-dessus de lui, et elles sont arriv\u00e9es \u00e0 un moment o\u00f9 la discussion autour de la direction du club est d\u00e9j\u00e0 intense. La situation a laiss\u00e9 United face \u00e0 de nouvelles questions sur la capacit\u00e9 du club \u00e0 aligner son plan \u00e0 long terme avec ce que son entra\u00eeneur souhaite.<\/p>\n<p>Pour Amorim, les semaines \u00e0 venir semblent d\u00e9cisives. Bien qu'il reste en charge, l'ambiance autour du club sugg\u00e8re que sa position n'est plus s\u00e9curis\u00e9e, la derni\u00e8re sortie n'ayant fait qu'ajouter aux inqui\u00e9tudes que son projet \u00e0 Manchester United pourrait se diriger vers un point de rupture pr\u00e9coce.<\/p>","protected":false},"excerpt":{"rendered":"<p>Ruben Amorim\u2019s future at Manchester United has come under serious scrutiny after a pointed outburst that has increased the sense [&hellip;]<\/p>\n","protected":false},"author":3,"featured_media":3491,"comment_status":"","ping_status":"open","sticky":false,"template":"","format":"standard","meta":{"googlesitekit_rrm_CAow_uzEDA:productID":"","site-sidebar-layout":"default","site-content-layout":"","ast-site-content-layout":"default","site-content-style":"default","site-sidebar-style":"default","ast-global-header-display":"","ast-banner-title-visibility":"","ast-main-header-display":"","ast-hfb-above-header-display":"","ast-hfb-below-header-display":"","ast-hfb-mobile-header-display":"","site-post-title":"","ast-breadcrumbs-content":"","ast-featured-img":"","footer-sml-layout":"","ast-disable-related-posts":"","theme-transparent-header-meta":"","adv-header-id-meta":"","stick-header-meta":"","header-above-stick-meta":"","header-main-stick-meta":"","header-below-stick-meta":"","astra-migrate-meta-layouts":"default","ast-page-background-enabled":"default","ast-page-background-meta":{"desktop":{"background-color":"var(--ast-global-color-5)","background-image":"","background-repeat":"repeat","background-position":"center center","background-size":"auto","background-attachment":"scroll","background-type":"","background-media":"","overlay-type":"","overlay-color":"","overlay-opacity":"","overlay-gradient":""},"tablet":{"background-color":"","background-image":"","background-repeat":"repeat","background-position":"center center","background-size":"auto","background-attachment":"scroll","background-type":"","background-media":"","overlay-type":"","overlay-color":"","overlay-opacity":"","overlay-gradient":""},"mobile":{"background-color":"","background-image":"","background-repeat":"repeat","background-position":"center center","background-size":"auto","background-attachment":"scroll","background-type":"","background-media":"","overlay-type":"","overlay-color":"","overlay-opacity":"","overlay-gradient":""}},"ast-content-background-meta":{"desktop":{"background-color":"var(--ast-global-color-4)","background-image":"","background-repeat":"repeat","background-position":"center center","background-size":"auto","background-attachment":"scroll","background-type":"","background-media":"","overlay-type":"","overlay-color":"","overlay-opacity":"","overlay-gradient":""},"tablet":{"background-color":"var(--ast-global-color-4)","background-image":"","background-repeat":"repeat","background-position":"center center","background-size":"auto","background-attachment":"scroll","background-type":"","background-media":"","overlay-type":"","overlay-color":"","overlay-opacity":"","overlay-gradient":""},"mobile":{"background-color":"var(--ast-global-color-4)","background-image":"","background-repeat":"repeat","background-position":"center center","background-size":"auto","background-attachment":"scroll","background-type":"","background-media":"","overlay-type":"","overlay-color":"","overlay-opacity":"","overlay-gradient":""}},"footnotes":""},"categories":[20,1],"tags":[],"class_list":["post-3492","post","type-post","status-publish","format-standard","has-post-thumbnail","hentry","category-international","category-football-latest-news"],"yoast_head":"<!-- This site is optimized with the Yoast SEO Premium plugin v26.6 (Yoast SEO v27.5) - https:\/\/yoast.com\/product\/yoast-seo-premium-wordpress\/ -->\n<title>Ruben Amorim future at Man Utd in jeopardy after outburst - Bladna News<\/title>\n<meta name=\"robots\" content=\"index, follow, max-snippet:-1, max-image-preview:large, max-video-preview:-1\" \/>\n<link rel=\"canonical\" href=\"https:\/\/bladnanews.com\/fr\/lavenir-de-ruben-amorim-a-man-utd-en-peril-apres-une-explosion\/\" \/>\n<meta property=\"og:locale\" content=\"fr_FR\" \/>\n<meta property=\"og:type\" content=\"article\" \/>\n<meta property=\"og:title\" content=\"Ruben Amorim future at Man Utd in jeopardy after outburst\" \/>\n<meta property=\"og:description\" content=\"Ruben Amorim\u2019s future at Manchester United has come under serious scrutiny after a pointed outburst that has increased the sense [&hellip;]\" \/>\n<meta property=\"og:url\" content=\"https:\/\/bladnanews.com\/fr\/lavenir-de-ruben-amorim-a-man-utd-en-peril-apres-une-explosion\/\" \/>\n<meta property=\"og:site_name\" content=\"Bladna News\" \/>\n<meta property=\"article:published_time\" content=\"2026-01-05T07:41:55+00:00\" \/>\n<meta property=\"og:image\" content=\"https:\/\/bladnanews.com\/wp-content\/uploads\/2025\/12\/freepik__bladna-newscom-moroccan-soccer-homepage-banner-mor__41838.png\" \/>\n\t<meta property=\"og:image:width\" content=\"1312\" \/>\n\t<meta property=\"og:image:height\" content=\"736\" \/>\n\t<meta property=\"og:image:type\" content=\"image\/png\" \/>\n<meta name=\"author\" content=\"Bladna News Staff\" \/>\n<meta name=\"twitter:card\" content=\"summary_large_image\" \/>\n<meta name=\"twitter:label1\" content=\"\u00c9crit par\" \/>\n\t<meta name=\"twitter:data1\" content=\"Bladna News Staff\" \/>\n\t<meta name=\"twitter:label2\" content=\"Dur\u00e9e de lecture estim\u00e9e\" \/>\n\t<meta name=\"twitter:data2\" content=\"1 minute\" \/>\n<script type=\"application\/ld+json\" class=\"yoast-schema-graph\">{\"@context\":\"https:\\\/\\\/schema.org\",\"@graph\":[{\"@type\":\"Article\",\"@id\":\"https:\\\/\\\/bladnanews.com\\\/ruben-amorim-future-at-man-utd-in-jeopardy-after-outburst\\\/#article\",\"isPartOf\":{\"@id\":\"https:\\\/\\\/bladnanews.com\\\/ruben-amorim-future-at-man-utd-in-jeopardy-after-outburst\\\/\"},\"author\":{\"name\":\"Bladna News Staff\",\"@id\":\"https:\\\/\\\/mediumseagreen-eel-531711.hostingersite.com\\\/#\\\/schema\\\/person\\\/268e18a453ab080ebf76df6ef7845083\"},\"headline\":\"Ruben Amorim future at Man Utd in jeopardy after outburst\",\"datePublished\":\"2026-01-05T07:41:55+00:00\",\"mainEntityOfPage\":{\"@id\":\"https:\\\/\\\/bladnanews.com\\\/ruben-amorim-future-at-man-utd-in-jeopardy-after-outburst\\\/\"},\"wordCount\":248,\"publisher\":{\"@id\":\"https:\\\/\\\/mediumseagreen-eel-531711.hostingersite.com\\\/#organization\"},\"image\":{\"@id\":\"https:\\\/\\\/bladnanews.com\\\/ruben-amorim-future-at-man-utd-in-jeopardy-after-outburst\\\/#primaryimage\"},\"thumbnailUrl\":\"https:\\\/\\\/bladnanews.com\\\/wp-content\\\/uploads\\\/2026\\\/01\\\/BladnaNews-Ruben-Amorim-future-at-Man-Utd-in-jeopardy-after-outburst-2026-01-05T075057.405Z.jpg\",\"articleSection\":[\"International\",\"Latest News\"],\"inLanguage\":\"fr-FR\",\"copyrightYear\":\"2026\",\"copyrightHolder\":{\"@id\":\"https:\\\/\\\/bladnanews.com\\\/fr\\\/#organization\"}},{\"@type\":\"WebPage\",\"@id\":\"https:\\\/\\\/bladnanews.com\\\/ruben-amorim-future-at-man-utd-in-jeopardy-after-outburst\\\/\",\"url\":\"https:\\\/\\\/bladnanews.com\\\/ruben-amorim-future-at-man-utd-in-jeopardy-after-outburst\\\/\",\"name\":\"Ruben Amorim future at Man Utd in jeopardy after outburst - Bladna News\",\"isPartOf\":{\"@id\":\"https:\\\/\\\/mediumseagreen-eel-531711.hostingersite.com\\\/#website\"},\"primaryImageOfPage\":{\"@id\":\"https:\\\/\\\/bladnanews.com\\\/ruben-amorim-future-at-man-utd-in-jeopardy-after-outburst\\\/#primaryimage\"},\"image\":{\"@id\":\"https:\\\/\\\/bladnanews.com\\\/ruben-amorim-future-at-man-utd-in-jeopardy-after-outburst\\\/#primaryimage\"},\"thumbnailUrl\":\"https:\\\/\\\/bladnanews.com\\\/wp-content\\\/uploads\\\/2026\\\/01\\\/BladnaNews-Ruben-Amorim-future-at-Man-Utd-in-jeopardy-after-outburst-2026-01-05T075057.405Z.jpg\",\"datePublished\":\"2026-01-05T07:41:55+00:00\",\"breadcrumb\":{\"@id\":\"https:\\\/\\\/bladnanews.com\\\/ruben-amorim-future-at-man-utd-in-jeopardy-after-outburst\\\/#breadcrumb\"},\"inLanguage\":\"fr-FR\",\"potentialAction\":[{\"@type\":\"ReadAction\",\"target\":[\"https:\\\/\\\/bladnanews.com\\\/ruben-amorim-future-at-man-utd-in-jeopardy-after-outburst\\\/\"]}]},{\"@type\":\"ImageObject\",\"inLanguage\":\"fr-FR\",\"@id\":\"https:\\\/\\\/bladnanews.com\\\/ruben-amorim-future-at-man-utd-in-jeopardy-after-outburst\\\/#primaryimage\",\"url\":\"https:\\\/\\\/bladnanews.com\\\/wp-content\\\/uploads\\\/2026\\\/01\\\/BladnaNews-Ruben-Amorim-future-at-Man-Utd-in-jeopardy-after-outburst-2026-01-05T075057.405Z.jpg\",\"contentUrl\":\"https:\\\/\\\/bladnanews.com\\\/wp-content\\\/uploads\\\/2026\\\/01\\\/BladnaNews-Ruben-Amorim-future-at-Man-Utd-in-jeopardy-after-outburst-2026-01-05T075057.405Z.jpg\",\"width\":2560,\"height\":1440,\"caption\":\"Ruben Amorim, dressed in a black puffer jacket with a hood, looks downcast during a tense moment, highlighting his troubled position at Man Utd.\"},{\"@type\":\"BreadcrumbList\",\"@id\":\"https:\\\/\\\/bladnanews.com\\\/ruben-amorim-future-at-man-utd-in-jeopardy-after-outburst\\\/#breadcrumb\",\"itemListElement\":[{\"@type\":\"ListItem\",\"position\":1,\"name\":\"Home\",\"item\":\"https:\\\/\\\/bladnanews.com\\\/\"},{\"@type\":\"ListItem\",\"position\":2,\"name\":\"Ruben Amorim future at Man Utd in jeopardy after outburst\"}]},{\"@type\":\"WebSite\",\"@id\":\"https:\\\/\\\/mediumseagreen-eel-531711.hostingersite.com\\\/#website\",\"url\":\"https:\\\/\\\/mediumseagreen-eel-531711.hostingersite.com\\\/\",\"name\":\"Bladna News - Morocco\",\"description\":\"Where Moroccan Football Meets the World\",\"publisher\":{\"@id\":\"https:\\\/\\\/mediumseagreen-eel-531711.hostingersite.com\\\/#organization\"},\"potentialAction\":[{\"@type\":\"SearchAction\",\"target\":{\"@type\":\"EntryPoint\",\"urlTemplate\":\"https:\\\/\\\/mediumseagreen-eel-531711.hostingersite.com\\\/?s={search_term_string}\"},\"query-input\":{\"@type\":\"PropertyValueSpecification\",\"valueRequired\":true,\"valueName\":\"search_term_string\"}}],\"inLanguage\":\"fr-FR\"},{\"@type\":\"Organization\",\"@id\":\"https:\\\/\\\/mediumseagreen-eel-531711.hostingersite.com\\\/#organization\",\"name\":\"Bladna News.com\",\"url\":\"https:\\\/\\\/mediumseagreen-eel-531711.hostingersite.com\\\/\",\"logo\":{\"@type\":\"ImageObject\",\"inLanguage\":\"fr-FR\",\"@id\":\"https:\\\/\\\/mediumseagreen-eel-531711.hostingersite.com\\\/#\\\/schema\\\/logo\\\/image\\\/\",\"url\":\"https:\\\/\\\/bladnanews.com\\\/wp-content\\\/uploads\\\/2025\\\/12\\\/logo-bladnanews-V2-web-black-red.png\",\"contentUrl\":\"https:\\\/\\\/bladnanews.com\\\/wp-content\\\/uploads\\\/2025\\\/12\\\/logo-bladnanews-V2-web-black-red.png\",\"width\":703,\"height\":287,\"caption\":\"Bladna News.com\"},\"image\":{\"@id\":\"https:\\\/\\\/mediumseagreen-eel-531711.hostingersite.com\\\/#\\\/schema\\\/logo\\\/image\\\/\"},\"email\":\"info@bladnanews.com\",\"legalName\":\"Bladna News\"},{\"@type\":\"Person\",\"@id\":\"https:\\\/\\\/mediumseagreen-eel-531711.hostingersite.com\\\/#\\\/schema\\\/person\\\/268e18a453ab080ebf76df6ef7845083\",\"name\":\"Bladna News Staff\",\"url\":\"https:\\\/\\\/bladnanews.com\\\/fr\\\/author\\\/bladna-news-staff\\\/\"}]}<\/script>\n<!-- \/ Yoast SEO Premium plugin. -->","yoast_head_json":{"title":"L'avenir de Ruben Amorim \u00e0 Man Utd en danger apr\u00e8s une sortie - Bladna News","robots":{"index":"index","follow":"follow","max-snippet":"max-snippet:-1","max-image-preview":"max-image-preview:large","max-video-preview":"max-video-preview:-1"},"canonical":"https:\/\/bladnanews.com\/fr\/lavenir-de-ruben-amorim-a-man-utd-en-peril-apres-une-explosion\/","og_locale":"fr_FR","og_type":"article","og_title":"Ruben Amorim future at Man Utd in jeopardy after outburst","og_description":"Ruben Amorim\u2019s future at Manchester United has come under serious scrutiny after a pointed outburst that has increased the sense [&hellip;]","og_url":"https:\/\/bladnanews.com\/fr\/lavenir-de-ruben-amorim-a-man-utd-en-peril-apres-une-explosion\/","og_site_name":"Bladna News","article_published_time":"2026-01-05T07:41:55+00:00","og_image":[{"width":1312,"height":736,"url":"https:\/\/bladnanews.com\/wp-content\/uploads\/2025\/12\/freepik__bladna-newscom-moroccan-soccer-homepage-banner-mor__41838.png","type":"image\/png"}],"author":"Bladna News Staff","twitter_card":"summary_large_image","twitter_misc":{"\u00c9crit par":"Bladna News Staff","Dur\u00e9e de lecture estim\u00e9e":"1 minute"},"schema":{"@context":"https:\/\/schema.org","@graph":[{"@type":"Article","@id":"https:\/\/bladnanews.com\/ruben-amorim-future-at-man-utd-in-jeopardy-after-outburst\/#article","isPartOf":{"@id":"https:\/\/bladnanews.com\/ruben-amorim-future-at-man-utd-in-jeopardy-after-outburst\/"},"author":{"name":"Bladna News Staff","@id":"https:\/\/mediumseagreen-eel-531711.hostingersite.com\/#\/schema\/person\/268e18a453ab080ebf76df6ef7845083"},"headline":"Ruben Amorim future at Man Utd in jeopardy after outburst","datePublished":"2026-01-05T07:41:55+00:00","mainEntityOfPage":{"@id":"https:\/\/bladnanews.com\/ruben-amorim-future-at-man-utd-in-jeopardy-after-outburst\/"},"wordCount":248,"publisher":{"@id":"https:\/\/mediumseagreen-eel-531711.hostingersite.com\/#organization"},"image":{"@id":"https:\/\/bladnanews.com\/ruben-amorim-future-at-man-utd-in-jeopardy-after-outburst\/#primaryimage"},"thumbnailUrl":"https:\/\/bladnanews.com\/wp-content\/uploads\/2026\/01\/BladnaNews-Ruben-Amorim-future-at-Man-Utd-in-jeopardy-after-outburst-2026-01-05T075057.405Z.jpg","articleSection":["International","Latest News"],"inLanguage":"fr-FR","copyrightYear":"2026","copyrightHolder":{"@id":"https:\/\/bladnanews.com\/fr\/#organization"}},{"@type":"WebPage","@id":"https:\/\/bladnanews.com\/ruben-amorim-future-at-man-utd-in-jeopardy-after-outburst\/","url":"https:\/\/bladnanews.com\/ruben-amorim-future-at-man-utd-in-jeopardy-after-outburst\/","name":"L'avenir de Ruben Amorim \u00e0 Man Utd en danger apr\u00e8s une sortie - Bladna News","isPartOf":{"@id":"https:\/\/mediumseagreen-eel-531711.hostingersite.com\/#website"},"primaryImageOfPage":{"@id":"https:\/\/bladnanews.com\/ruben-amorim-future-at-man-utd-in-jeopardy-after-outburst\/#primaryimage"},"image":{"@id":"https:\/\/bladnanews.com\/ruben-amorim-future-at-man-utd-in-jeopardy-after-outburst\/#primaryimage"},"thumbnailUrl":"https:\/\/bladnanews.com\/wp-content\/uploads\/2026\/01\/BladnaNews-Ruben-Amorim-future-at-Man-Utd-in-jeopardy-after-outburst-2026-01-05T075057.405Z.jpg","datePublished":"2026-01-05T07:41:55+00:00","breadcrumb":{"@id":"https:\/\/bladnanews.com\/ruben-amorim-future-at-man-utd-in-jeopardy-after-outburst\/#breadcrumb"},"inLanguage":"fr-FR","potentialAction":[{"@type":"ReadAction","target":["https:\/\/bladnanews.com\/ruben-amorim-future-at-man-utd-in-jeopardy-after-outburst\/"]}]},{"@type":"ImageObject","inLanguage":"fr-FR","@id":"https:\/\/bladnanews.com\/ruben-amorim-future-at-man-utd-in-jeopardy-after-outburst\/#primaryimage","url":"https:\/\/bladnanews.com\/wp-content\/uploads\/2026\/01\/BladnaNews-Ruben-Amorim-future-at-Man-Utd-in-jeopardy-after-outburst-2026-01-05T075057.405Z.jpg","contentUrl":"https:\/\/bladnanews.com\/wp-content\/uploads\/2026\/01\/BladnaNews-Ruben-Amorim-future-at-Man-Utd-in-jeopardy-after-outburst-2026-01-05T075057.405Z.jpg","width":2560,"height":1440,"caption":"Ruben Amorim, dressed in a black puffer jacket with a hood, looks downcast during a tense moment, highlighting his troubled position at Man Utd."},{"@type":"BreadcrumbList","@id":"https:\/\/bladnanews.com\/ruben-amorim-future-at-man-utd-in-jeopardy-after-outburst\/#breadcrumb","itemListElement":[{"@type":"ListItem","position":1,"name":"Home","item":"https:\/\/bladnanews.com\/"},{"@type":"ListItem","position":2,"name":"Ruben Amorim future at Man Utd in jeopardy after outburst"}]},{"@type":"WebSite","@id":"https:\/\/mediumseagreen-eel-531711.hostingersite.com\/#website","url":"https:\/\/mediumseagreen-eel-531711.hostingersite.com\/","name":"Bladna News - Maroc","description":"Quand le football marocain rencontre le monde","publisher":{"@id":"https:\/\/mediumseagreen-eel-531711.hostingersite.com\/#organization"},"potentialAction":[{"@type":"SearchAction","target":{"@type":"EntryPoint","urlTemplate":"https:\/\/mediumseagreen-eel-531711.hostingersite.com\/?s={search_term_string}"},"query-input":{"@type":"PropertyValueSpecification","valueRequired":true,"valueName":"search_term_string"}}],"inLanguage":"fr-FR"},{"@type":"Organization","@id":"https:\/\/mediumseagreen-eel-531711.hostingersite.com\/#organization","name":"Bladna News.com","url":"https:\/\/mediumseagreen-eel-531711.hostingersite.com\/","logo":{"@type":"ImageObject","inLanguage":"fr-FR","@id":"https:\/\/mediumseagreen-eel-531711.hostingersite.com\/#\/schema\/logo\/image\/","url":"https:\/\/bladnanews.com\/wp-content\/uploads\/2025\/12\/logo-bladnanews-V2-web-black-red.png","contentUrl":"https:\/\/bladnanews.com\/wp-content\/uploads\/2025\/12\/logo-bladnanews-V2-web-black-red.png","width":703,"height":287,"caption":"Bladna News.com"},"image":{"@id":"https:\/\/mediumseagreen-eel-531711.hostingersite.com\/#\/schema\/logo\/image\/"},"email":"info@bladnanews.com","legalName":"Bladna News"},{"@type":"Person","@id":"https:\/\/mediumseagreen-eel-531711.hostingersite.com\/#\/schema\/person\/268e18a453ab080ebf76df6ef7845083","name":"\u00c9quipe r\u00e9dactionnelle de Bladna News","url":"https:\/\/bladnanews.com\/fr\/author\/bladna-news-staff\/"}]}},"_links":{"self":[{"href":"https:\/\/bladnanews.com\/fr\/wp-json\/wp\/v2\/posts\/3492","targetHints":{"allow":["GET"]}}],"collection":[{"href":"https:\/\/bladnanews.com\/fr\/wp-json\/wp\/v2\/posts"}],"about":[{"href":"https:\/\/bladnanews.com\/fr\/wp-json\/wp\/v2\/types\/post"}],"author":[{"embeddable":true,"href":"https:\/\/bladnanews.com\/fr\/wp-json\/wp\/v2\/users\/3"}],"replies":[{"embeddable":true,"href":"https:\/\/bladnanews.com\/fr\/wp-json\/wp\/v2\/comments?post=3492"}],"version-history":[{"count":0,"href":"https:\/\/bladnanews.com\/fr\/wp-json\/wp\/v2\/posts\/3492\/revisions"}],"wp:featuredmedia":[{"embeddable":true,"href":"https:\/\/bladnanews.com\/fr\/wp-json\/wp\/v2\/media\/3491"}],"wp:attachment":[{"href":"https:\/\/bladnanews.com\/fr\/wp-json\/wp\/v2\/media?parent=3492"}],"wp:term":[{"taxonomy":"category","embeddable":true,"href":"https:\/\/bladnanews.com\/fr\/wp-json\/wp\/v2\/categories?post=3492"},{"taxonomy":"post_tag","embeddable":true,"href":"https:\/\/bladnanews.com\/fr\/wp-json\/wp\/v2\/tags?post=3492"}],"curies":[{"name":"wp","href":"https:\/\/api.w.org\/{rel}","templated":true}]}}